{"id":12149,"date":"2019-12-19T17:39:53","date_gmt":"2019-12-19T19:39:53","guid":{"rendered":"http:\/\/projetocineb.com.br\/?p=12149"},"modified":"2019-12-19T17:39:53","modified_gmt":"2019-12-19T19:39:53","slug":"ator-de-irma-dulce-participa-de-debate-no-santuario-ns-da-paz","status":"publish","type":"post","link":"https:\/\/projetocineb.com.br\/?p=12149","title":{"rendered":"Ator de &#8220;Irm\u00e3 Dulce&#8221; participa de debate"},"content":{"rendered":"<p><em>Amaurih Oliveira, ator do longa-metragem \u201cIrm\u00e3 Dulce\u201d, participou de um gostoso bate-papo na \u00faltima ter\u00e7a-feira, 17\/12, no Santu\u00e1rio Nossa Senhora da Paz, localizado em Itaquera, zona leste de S\u00e3o Paulo. A sess\u00e3o foi a \u00faltima do ano.<\/em><\/p>\n<figure id=\"attachment_12154\" aria-describedby=\"caption-attachment-12154\" style=\"width: 831px\" class=\"wp-caption alignleft\"><a href=\"http:\/\/projetocineb.com.br\/wp-content\/uploads\/2019\/12\/DSC_0111.jpg\"><img fetchpriority=\"high\" decoding=\"async\" class=\"wp-image-12154 size-full\" src=\"http:\/\/projetocineb.com.br\/wp-content\/uploads\/2019\/12\/DSC_0111.jpg\" alt=\"\" width=\"831\" height=\"552\" \/><\/a><figcaption id=\"caption-attachment-12154\" class=\"wp-caption-text\"><em>Muitas fam\u00edlias foram acompanhar o filme sobre a vida de &#8220;Irm\u00e3 Dulce&#8221;<\/em><\/figcaption><\/figure>\n<p>A \u00faltima sess\u00e3o em 2019 do projeto CineB Solar, que aconteceu na \u00faltima ter\u00e7a-feira, 17\/12, seria ao ar livre. Mas por conta da constante chuva que caiu no final do dia, os frequentadores do Santu\u00e1rio Nossa Senhora da Paz, localizado em Itaquera, na Zona Leste de S\u00e3o Paulo, tiveram que acompanhar a exibi\u00e7\u00e3o no sal\u00e3o paroquial.<\/p>\n<figure id=\"attachment_12171\" aria-describedby=\"caption-attachment-12171\" style=\"width: 3369px\" class=\"wp-caption alignleft\"><a href=\"http:\/\/projetocineb.com.br\/wp-content\/uploads\/2019\/12\/IMG_5524.jpg\"><img decoding=\"async\" class=\"size-full wp-image-12171\" src=\"http:\/\/projetocineb.com.br\/wp-content\/uploads\/2019\/12\/IMG_5524.jpg\" alt=\"\" width=\"3369\" height=\"2246\" \/><\/a><figcaption id=\"caption-attachment-12171\" class=\"wp-caption-text\"><em>Vicente Amorim, diretor do longa-metragem deixou um recado para o p\u00fablico, que assistiu ao filme projetado na parede do sal\u00e3o<\/em><\/figcaption><\/figure>\n<p>O espa\u00e7o j\u00e1 foi palco de muitas exibi\u00e7\u00f5es do projeto, e dessa vez, acomodou o p\u00fablico que, mesmo numa ter\u00e7a-feira chuvosa, marcou presen\u00e7a para acompanhar a hist\u00f3ria de irm\u00e3 Dulce. O longa-metragem dirigido por Vicente Amorim estreou no CineB em 2016 e apresenta a trajet\u00f3ria de vida de irm\u00e3 Dulce da d\u00e9cada de 1940 aos anos 1980. Mostra como a religiosa cat\u00f3lica enfrentou uma doen\u00e7a respirat\u00f3ria incur\u00e1vel, o machismo, a indiferen\u00e7a de pol\u00edticos e at\u00e9 mesmo os dogmas da Igreja para dedicar sua vida a cuidar dos miser\u00e1veis, deixando um legado que perdura at\u00e9 hoje, e a fez se tornar a primeira santa brasileira, num ato de canoniza\u00e7\u00e3o realizado pelo Papa Francisco, no Vaticano, no \u00faltimo dia 13 de outubro.<\/p>\n<figure id=\"attachment_12156\" aria-describedby=\"caption-attachment-12156\" style=\"width: 812px\" class=\"wp-caption alignleft\"><a href=\"http:\/\/projetocineb.com.br\/wp-content\/uploads\/2019\/12\/DSC_0255.jpg\"><img decoding=\"async\" class=\"wp-image-12156 size-full\" src=\"http:\/\/projetocineb.com.br\/wp-content\/uploads\/2019\/12\/DSC_0255.jpg\" alt=\"\" width=\"812\" height=\"552\" \/><\/a><figcaption id=\"caption-attachment-12156\" class=\"wp-caption-text\"><em>Padre Dimas, o ator Amaurih Oliveira e o coordenador do CineB Solar Cid\u00e1lio Vieira, homenageado na sess\u00e3o<\/em><\/figcaption><\/figure>\n<p>O filme emocionou tanto os moradores quanto o ator Amaurih Oliveira, que interpretou o filho adotivo de irm\u00e3 Dulce no filme, acompanhou a sess\u00e3o desde o in\u00edcio, e participou do debate ao final da exibi\u00e7\u00e3o. \u201cFiquei extremamente emocionado de ver essas pessoas interessadas, dispostas a ver um filme como esse, n\u00e3o s\u00f3 pela hist\u00f3ria da irm\u00e3 Dulce, mas por tudo que ela representa para o Brasil. \u00c9 um filme brasileiro, \u00e9 uma hist\u00f3ria que a gente precisa mostrar. Acho que o Brasil est\u00e1 carente desse lugar de afeto, de amor, e o filme representa tudo isso\u201d diz.<\/p>\n<p>Oliveira, ator baiano que atualmente mora no Rio de Janeiro, participou da sess\u00e3o porque estava em S\u00e3o Paulo para realizar uma grava\u00e7\u00e3o para um comercial e aproveitou para conhecer o projeto. No debate, o ator lembrou o quanto o papel no filme, que foi gravado em 2014 e lan\u00e7ado em 2015, foi importante na sua carreira. Questionado pelo p\u00fablico, Oliveira lembrou o quanto estamos em um momento delicado para o cinema brasileiro e as artes em geral. \u201cN\u00e3o tem mais volta, acho que, com toda dificuldade que a arte sempre teve, a gente vai enfrentar e fazer, com pouco dinheiro, sem dinheiro. O artista sempre sobreviveu, a arte, de um modo geral, passou por v\u00e1rios momentos de derrocadas, de quererem acabar e n\u00e3o vai ser agora que vai acabar\u201d, acrescentou.<\/p>\n<figure id=\"attachment_12157\" aria-describedby=\"caption-attachment-12157\" style=\"width: 831px\" class=\"wp-caption alignleft\"><a href=\"http:\/\/projetocineb.com.br\/wp-content\/uploads\/2019\/12\/DSC_0204-1.jpg\"><img loading=\"lazy\" decoding=\"async\" class=\"size-full wp-image-12157\" src=\"http:\/\/projetocineb.com.br\/wp-content\/uploads\/2019\/12\/DSC_0204-1.jpg\" alt=\"\" width=\"831\" height=\"552\" \/><\/a><figcaption id=\"caption-attachment-12157\" class=\"wp-caption-text\"><em>Amaurih Oliveira, que tamb\u00e9m participou do 8\u00ba Pr\u00eamio CineB Solar, respondeu muitas perguntas do p\u00fablico sobre sua rela\u00e7\u00e3o com a f\u00e9, e sua carreira<\/em><\/figcaption><\/figure>\n<p>O padre Dimas Martins de Carvalho, que recebe as sess\u00f5es do CineB em sua par\u00f3quia desde 2011, tem como prioridade fortalecer a f\u00e9, a arte e a cultura. \u201cN\u00e3o estamos t\u00e3o longe dos shoppings, onde t\u00eam salas de cinema, mas o povo, que frequenta a comunidade, n\u00e3o tem condi\u00e7\u00f5es de ir uma sess\u00e3o com tr\u00eas, quatro filhos\u201d, reflete. Al\u00e9m das exibi\u00e7\u00f5es do CineB Solar, padre Dimas organiza sess\u00f5es de cinema com debates, al\u00e9m de dan\u00e7a, m\u00fasica e teatro mas, para ele, o cinema \u00e9 o que o povo mais gosta.<\/p>\n<p>As atividades de arte e cultura realizadas pela par\u00f3quia apresentam resultado, segundo os pr\u00f3prios moradores. Muitos deles, por exemplo, demonstram interesse em seguir carreira no mercado de audiovisual. \u00c9 o caso do estudante Vinicius Pacheco, que sonha tornar-se diretor cinematogr\u00e1fico. O cinema, para ele, tem a capacidade de englobar todas as artes, conseguindo expressar, de maneira clara, os sentimentos que quer passar. Pacheco aprovou a sess\u00e3o do CineB Solar: \u201c\u00c9 incr\u00edvel, totalmente essencial voc\u00ea levar o cinema para pessoas que n\u00e3o t\u00eam acesso. \u00c9 algo que todo mundo deveria ter direito, direito a arte, a conhecer a hist\u00f3ria da irm\u00e3 Dulce, e tantas outras hist\u00f3rias que o cinema proporciona,\u201d empolga-se.<\/p>\n<figure id=\"attachment_12158\" aria-describedby=\"caption-attachment-12158\" style=\"width: 831px\" class=\"wp-caption alignleft\"><a href=\"http:\/\/projetocineb.com.br\/wp-content\/uploads\/2019\/12\/DSC_0244.jpg\"><img loading=\"lazy\" decoding=\"async\" class=\"wp-image-12158 size-full\" src=\"http:\/\/projetocineb.com.br\/wp-content\/uploads\/2019\/12\/DSC_0244.jpg\" alt=\"\" width=\"831\" height=\"531\" \/><\/a><figcaption id=\"caption-attachment-12158\" class=\"wp-caption-text\"><em>Foi a \u00faltima sess\u00e3o do CineB Solar em 2019. Boas festas e at\u00e9 2020!<\/em><\/figcaption><\/figure>\n<p>Outro exemplo de moradora que quer seguir carreira nesta mesma \u00e1rea \u00e9 a Maria Luiza Campos Miranda. Ela conta que j\u00e1 tinha participado de outras sess\u00f5es do CineB Solar no Santu\u00e1rio, mas \u201cIrm\u00e3 Dulce\u201d foi seu filme preferido at\u00e9 agora. Maria Luiza participou da prova no Enem com a pretens\u00e3o de ingressar no curso de R\u00e1dio TV. Conta que lembrou do projeto ao se deparar com o tema da reda\u00e7\u00e3o, que neste ano abordou a quest\u00e3o da democratiza\u00e7\u00e3o do acesso ao cinema. \u201cEnquanto eu fazia a prova, pensava no que iria escrever na reda\u00e7\u00e3o do Enem. Quando comecei a escrever, lembrei do CineB, das sess\u00f5es que aconteceram aqui na igreja, ent\u00e3o pensei ser uma oportunidade muito boa para citar esse projeto, porque poucas pessoas conhecem. Aqui na igreja todo mundo conhece, mas por a\u00ed pouca gente sabe de sua exist\u00eancia, ent\u00e3o eu citei que \u00e9 uma das possibilidades que a nossa sociedade tem para fortalecer a cultura no Brasil, principalmente o cinema\u201d, destaca.<\/p>\n<p><strong>SOBRE O CINEB SOLAR<\/strong><br \/>\nO CineB Solar \u00e9 um circuito itinerante de cinema realizado pelo Sindicato dos Banc\u00e1rios de S\u00e3o Paulo, Osasco e Regi\u00e3o e pela Brazucah Produ\u00e7\u00f5es. Desde 2007, o j\u00e1 atingiu um p\u00fablico superior a 70 mil espectadores em mais de 550 sess\u00f5es gratuitas realizadas em comunidades e universidades de S\u00e3o Paulo. A iniciativa busca democratizar o acesso ao cinema nacional e divulgar os filmes produzidos no Brasil. J\u00e1 foram exibidos na tela do CINEB mais de 130 longas-metragens e 80 curtas-metragens, al\u00e9m da realiza\u00e7\u00e3o de pr\u00e9-estreias exclusivas.<\/p>\n<p><em>Texto: Mirella Magnani (com supervis\u00e3o de Carlos Rizzo). Fotos: Mirella Magnani e Murilo Dur\u00e3es<\/em><\/p>\n\t\t\t\n\t\t\t<!-- Blueimp gallery -->\n\t\t\t<div id=\"blueimp-gallery\" class=\"blueimp-gallery blueimp-gallery-controls\">\n\t\t\t\t<div class=\"slides\"><\/div>\n\t\t\t\t<h3 class=\"title\"><\/h3>\n\t\t\t\t<a class=\"prev\">\u2039<\/a>\n\t\t\t\t<a class=\"next\">\u203a<\/a>\n\t\t\t\t<a class=\"close\">\u00d7<\/a>\n\t\t\t\t<a class=\"play-pause\"><\/a>\n\t\t\t\t<ol class=\"indicator\"><\/ol>\n\t\t\t\t<div class=\"modal fade\">\n\t\t\t\t\t<div class=\"modal-dialog\">\n\t\t\t\t\t\t<div class=\"modal-content\">\n\t\t\t\t\t\t\t<div class=\"modal-header\">\n\t\t\t\t\t\t\t\t<button type=\"button\" class=\"close\" aria-hidden=\"true\">&times;<\/button>\n\t\t\t\t\t\t\t\t<h4 class=\"modal-title\"><\/h4>\n\t\t\t\t\t\t\t<\/div>\n\t\t\t\t\t\t\t<div class=\"modal-body next\"><\/div>\n\t\t\t\t\t\t\t<div class=\"modal-footer\">\n\t\t\t\t\t\t\t\t<button type=\"button\" class=\"btn btn-default pull-left prev\">\n\t\t\t\t\t\t\t\t\t<i class=\"glyphicon glyphicon-chevron-left\"><\/i>\n\t\t\t\t\t\t\t\t\tPrevious\t\t\t\t\t\t\t\t<\/button>\n\t\t\t\t\t\t\t\t<button type=\"button\" class=\"btn btn-primary next\">\n\t\t\t\t\t\t\t\t\tNext\t\t\t\t\t\t\t\t\t<i class=\"glyphicon glyphicon-chevron-right\"><\/i>\n\t\t\t\t\t\t\t\t<\/button>\n\t\t\t\t\t\t\t<\/div>\n\t\t\t\t\t\t<\/div>\n\t\t\t\t\t<\/div>\n\t\t\t\t<\/div>\n\t\t\t<\/div>\n\t\t\t<script type=\"text\/javascript\">\n\t\t\tjQuery(function() {\n\t\t\t\t\/\/ Set blueimp gallery options\n\t\t\t\tjQuery.extend(blueimp.Gallery.prototype.options, {\n\t\t\t\t\tuseBootstrapModal: false,\n\t\t\t\t\thidePageScrollbars: false\n\t\t\t\t});\n\t\t\t});\n\t\t\t<\/script>\n\t\t\t\n","protected":false},"excerpt":{"rendered":"<p>Amaurih Oliveira, ator do longa-metragem \u201cIrm\u00e3 Dulce\u201d, participou de um gostoso bate-papo na \u00faltima ter\u00e7a-feira, 17\/12, no Santu\u00e1rio Nossa Senhora[&#8230;]<\/p>\n","protected":false},"author":3,"featured_media":12165,"comment_status":"open","ping_status":"open","sticky":false,"template":"","format":"standard","meta":[],"categories":[2,6],"tags":[65,154,234,252,255,260,380,646,1091,1132,1210],"_links":{"self":[{"href":"https:\/\/projetocineb.com.br\/index.php?rest_route=\/wp\/v2\/posts\/12149"}],"collection":[{"href":"https:\/\/projetocineb.com.br\/index.php?rest_route=\/wp\/v2\/posts"}],"about":[{"href":"https:\/\/projetocineb.com.br\/index.php?rest_route=\/wp\/v2\/types\/post"}],"author":[{"embeddable":true,"href":"https:\/\/projetocineb.com.br\/index.php?rest_route=\/wp\/v2\/users\/3"}],"replies":[{"embeddable":true,"href":"https:\/\/projetocineb.com.br\/index.php?rest_route=%2Fwp%2Fv2%2Fcomments&post=12149"}],"version-history":[{"count":0,"href":"https:\/\/projetocineb.com.br\/index.php?rest_route=\/wp\/v2\/posts\/12149\/revisions"}],"wp:featuredmedia":[{"embeddable":true,"href":"https:\/\/projetocineb.com.br\/index.php?rest_route=\/wp\/v2\/media\/12165"}],"wp:attachment":[{"href":"https:\/\/projetocineb.com.br\/index.php?rest_route=%2Fwp%2Fv2%2Fmedia&parent=12149"}],"wp:term":[{"taxonomy":"category","embeddable":true,"href":"https:\/\/projetocineb.com.br\/index.php?rest_route=%2Fwp%2Fv2%2Fcategories&post=12149"},{"taxonomy":"post_tag","embeddable":true,"href":"https:\/\/projetocineb.com.br\/index.php?rest_route=%2Fwp%2Fv2%2Ftags&post=12149"}],"curies":[{"name":"wp","href":"https:\/\/api.w.org\/{rel}","templated":true}]}}