{"id":12178,"date":"2020-01-14T16:46:07","date_gmt":"2020-01-14T18:46:07","guid":{"rendered":"http:\/\/projetocineb.com.br\/?p=12178"},"modified":"2020-01-14T16:46:07","modified_gmt":"2020-01-14T18:46:07","slug":"2020-vem-com-tudo-no-cineb-solar","status":"publish","type":"post","link":"https:\/\/projetocineb.com.br\/?p=12178","title":{"rendered":"2020 vem com tudo no CineB Solar"},"content":{"rendered":"<p><em>Tr\u00eas filmes estreiam na temporada 2020 do CineB Solar, ano em que o projeto comemora 13 anos: a live-action \u201cTurma da M\u00f4nica, La\u00e7os\u201d, o longa-metragem \u201cSelvagem\u201d, que retrata as press\u00f5es que os estudantes viveram durante as ocupa\u00e7\u00f5es nas escolas; e o document\u00e1rio \u201cTorre das Donzelas\u201d, sobre as mem\u00f3rias das presas pol\u00edticas, entre elas a ex-presidenta Dilma. Todos com entrada franca.<\/em><\/p>\n<figure id=\"attachment_12182\" aria-describedby=\"caption-attachment-12182\" style=\"width: 735px\" class=\"wp-caption alignnone\"><img fetchpriority=\"high\" decoding=\"async\" class=\"size-full wp-image-12182\" src=\"http:\/\/projetocineb.com.br\/wp-content\/uploads\/2020\/01\/WhatsApp-Image-2020-01-10-at-16.12.57-2.jpeg\" alt=\"\" width=\"735\" height=\"490\" \/><figcaption id=\"caption-attachment-12182\" class=\"wp-caption-text\"><em>O filme &#8220;Turma da M\u00f4nica, La\u00e7os&#8221; vai ser o primeiro filme a ser exibido em 2020<\/em><\/figcaption><\/figure>\n<p>O ano de 2020 come\u00e7a com tudo e com muita novidade boa no CineB Solar, em comemora\u00e7\u00e3o aos 13 anos de projeto. J\u00e1 no m\u00eas de janeiro, teremos o gostinho de inf\u00e2ncia dos cl\u00e1ssicos do Maur\u00edcio de Souza e sua turminha do limoeiro com a live-action \u201cTurma da M\u00f4nica, La\u00e7os\u201d. O filme ser\u00e1 exibido no dia 31 de janeiro no Projeto Cultural Educacional Novo Pantanal (Procedu), na Uni\u00e3o de Vila Nova, Zona Leste de S\u00e3o Paulo. Aproveitando as f\u00e9rias escolares, a sess\u00e3o contar\u00e1 com debates com as crian\u00e7as ao fim do filme, sorteio de \u00e1lbuns de figurinhas da turma da M\u00f4nica e, claro, a oportunidade de se deliciar com Cebolinha e sua turma em mais uma aventura. No longa-metragem, o cachorro de Cebolinha desapareceu, ele desenvolve um de seus planos infal\u00edveis e conta com a ajuda de seus fi\u00e9is amigos, M\u00f4nica, Magali e Casc\u00e3o para encontr\u00e1-lo. Juntos ir\u00e3o enfrentar desafios e viver uma grande aventura. Kelvin Vechiatto, Giulia Benite, Laura Rauseo e Gabriel Moreira formaram elenco com a dire\u00e7\u00e3o de Daniel Rezende. O filme estreou no circuito comercial no segundo semestre de 2019 e, al\u00e9m do Procedu, tamb\u00e9m ser\u00e1 exibido no dia 14 de fevereiro, no Centro de Forma\u00e7\u00f5es e Recrea\u00e7\u00e3o S\u00e3o Jos\u00e9, e 7 de mar\u00e7o, no Centro para a Crian\u00e7a e Adolescente (CCA) Nossa Senhora de F\u00e1tima, Jardim Herculano, ambos na Zona Sul da capital.<\/p>\n<p><strong>SESS\u00c3O ESPECIAL DE &#8220;SELVAGEM&#8221;<\/strong><\/p>\n<p>As novidades n\u00e3o param por a\u00ed. No dia 29 de fevereiro, teremos uma sess\u00e3o especial\u00a0 nas telas do CineB Solar o longa-metragem \u201cSelvagem\u201d, que aborda as ocupa\u00e7\u00f5es nas escolas com a hist\u00f3ria dos protagonistas Sofia e Ciro, que s\u00e3o estudantes em uma escola p\u00fablica que sofre com a falta de merendas, problemas de infraestrutura e amea\u00e7as de fechamento. Quando os estudantes decidem iniciar as ocupa\u00e7\u00f5es, Sofia e Ciro n\u00e3o participam no primeiro instante, no entanto, percebem a import\u00e2ncia das reivindica\u00e7\u00f5es. \u00c0 medida que se integram ao movimento, a press\u00e3o policial aumenta para que haja a sa\u00edda dos alunos a qualquer custo. Com dire\u00e7\u00e3o de Diego da Costa e com Fran Santos, Kelson Succi e Luc\u00e9lia Santos no elenco.<\/p>\n<p>A sess\u00e3o, ao ar livre, acontecer\u00e1 no bairro Barragem, extremo sul de S\u00e3o Paulo, no terreno do \u00f4nibus-biblioteca administrado pela IBEAC (Instituto Brasileiro de Estudos e Apoio Comunit\u00e1rio) que organiza a atividade em conjunto com o coletivo Perifeminas, e contar\u00e1 com um debates entre os jovens e o produtor do filme Well Darwin.<\/p>\n<figure id=\"attachment_12184\" aria-describedby=\"caption-attachment-12184\" style=\"width: 850px\" class=\"wp-caption alignnone\"><a href=\"http:\/\/projetocineb.com.br\/wp-content\/uploads\/2020\/01\/images.jpg\"><img decoding=\"async\" class=\"size-full wp-image-12184\" src=\"http:\/\/projetocineb.com.br\/wp-content\/uploads\/2020\/01\/images.jpg\" alt=\"\" width=\"850\" height=\"361\" \/><\/a><figcaption id=\"caption-attachment-12184\" class=\"wp-caption-text\"><em>Cena do filme &#8220;Selvagem&#8221; exibido tamb\u00e9m no 26\u00ba festival de cinema Latino-Americano<\/em><\/figcaption><\/figure>\n<p><strong>&#8220;TORRE DAS DONZELAS&#8221;<\/strong><\/p>\n<p>Em mar\u00e7o, o CineB Solar apresenta o document\u00e1rio \u201cTorre das Donzelas\u201d, da cineasta Susanna Lira, que estreou no circuito comercial no final de 2019. No filme, um grupo de mulheres revisita suas hist\u00f3rias como presas na penitenci\u00e1ria feminina chamada de torre das donzelas, 40 anos ap\u00f3s a ditadura militar. Entre as entrevistadas, a ex-presidenta da Rep\u00fablica Dilma Rouseff. A sess\u00e3o acontecer\u00e1 no Audit\u00f3rio Amarelo do Sindicato dos Banc\u00e1rios de S\u00e3o Paulo em parceria com a Comiss\u00e3o de Mulheres do Sindicato, com participa\u00e7\u00e3o da diretora do filme Susanna Lira. Mais informa\u00e7\u00f5es pelo e-mail <em>producaocineb@brazucah.com.br<\/em>.<\/p>\n<figure id=\"attachment_12187\" aria-describedby=\"caption-attachment-12187\" style=\"width: 400px\" class=\"wp-caption alignleft\"><a href=\"http:\/\/projetocineb.com.br\/wp-content\/uploads\/2020\/01\/WhatsApp-Image-2020-01-10-at-16.12.57.jpeg\"><img decoding=\"async\" class=\"size-full wp-image-12187\" src=\"http:\/\/projetocineb.com.br\/wp-content\/uploads\/2020\/01\/WhatsApp-Image-2020-01-10-at-16.12.57.jpeg\" alt=\"\" width=\"400\" height=\"273\" \/><\/a><figcaption id=\"caption-attachment-12187\" class=\"wp-caption-text\"><em>&#8220;Torre das Donzelas&#8221;\u00a0 \u00e9 o retorno ao local onde as presas pol\u00edticas conviveram durante a ditadura militar.<\/em><\/figcaption><\/figure>\n<p><strong>SOBRE O CINEB SOLAR<\/strong><\/p>\n<p>O CineB Solar \u00e9 um circuito itinerante de cinema realizado pelo Sindicato dos Banc\u00e1rios de S\u00e3o Paulo, Osasco e Regi\u00e3o e pela Brazucah Produ\u00e7\u00f5es. Desde 2007, o j\u00e1 atingiu um p\u00fablico superior a 70 mil espectadores em mais de 550 sess\u00f5es gratuitas realizadas em comunidades e universidades de S\u00e3o Paulo. A iniciativa busca democratizar o acesso ao cinema nacional e divulgar os filmes produzidos no Brasil. J\u00e1 foram exibidos na tela do CINEB mais de 130 longas-metragens e 80 curtas-metragens, al\u00e9m da realiza\u00e7\u00e3o de pr\u00e9-estreias exclusivas.<\/p>\n<p><em>Texto: Mirella Magnani (com supervis\u00e3o de Carlos Rizzo).<\/em><\/p>\n<p>&nbsp;<\/p>\n<p><strong>SERVI\u00c7O<\/strong><\/p>\n<p><strong>CINEMA BRASILEIRO NA UNI\u00c3O DE VILA NOVA<\/strong><br \/>\n<strong> FILME: Turma da M\u00f4nica, La\u00e7os<\/strong><br \/>\n<strong> DIA:<\/strong> 31 de janeiro | sexta-feira | 19h<br \/>\n<strong>LOCAL:<\/strong> Projeto Cultural Educacional Novo Pantanal (Procedu)<br \/>\n<strong>ENDERE\u00c7O:<\/strong> Rua Rio Boa Esperan\u00e7a, 713 \u2013 Uni\u00e3o de Vila Nova, S\u00e3o Paulo<br \/>\n<strong>CONVITES:<\/strong> na recep\u00e7\u00e3o do Procedu<\/p>\n<p><strong>CINEMA BRASILEIRO NO JARDIM RIVIERA<\/strong><br \/>\n<strong> FILME: Turma da M\u00f4nica, La\u00e7os<\/strong><br \/>\n<strong> DIA<\/strong>: 14 de fevereiro | sexta-feira | 19h<br \/>\n<strong>LOCAL:<\/strong> Centro de Forma\u00e7\u00f5es e Recrea\u00e7\u00e3o S\u00e3o Jos\u00e9<br \/>\n<strong>ENDERE\u00c7O:<\/strong> Estrada da Riviera, 4624<br \/>\n<strong>CONVITES:<\/strong> Ingrid ou Karen \u2013 5517-6040<\/p>\n<p><strong>CINEMA BRASILEIRO NO JD HERCULANO<\/strong><br \/>\n<strong>FILME: Turma da M\u00f4nica, La\u00e7os.<\/strong><br \/>\n<strong>DIA:<\/strong> 07 de mar\u00e7o | s\u00e1bado | 19h<br \/>\n<strong>LOCAL:<\/strong> C.C.A Nossa Senhora de F\u00e1tima<br \/>\n<strong>ENDERE\u00c7O<\/strong>: Rua Luiz Fl\u00e1vio de Almeida, 156 &#8211; Jardim Herculano, S\u00e3o Paulo &#8211; SP, 04920-030<br \/>\n<strong>RETIRADA DE CONVITES:<\/strong> No CCA<br \/>\n<strong>INFORMA\u00c7\u00d5ES:<\/strong> e-mail: produ\u00e7\u00e3ocineb@brazucah.com.br<\/p>\n<p><strong>CINEMA BRASILEIRO NA BARRAGEM \u2013 ao ar livre \u2013 sess\u00e3o especial<\/strong><br \/>\n<strong> FILME: Selvagem<\/strong><br \/>\n<strong> DIA:<\/strong> 29 de fevereiro | s\u00e1bado | 19h<br \/>\n<strong>LOCAL:<\/strong> Em frente a \u00f4nibus biblioteca (Escritureiros)<br \/>\n<strong>ENDERE\u00c7O:<\/strong> Rua Dois \u2013 Bairro Barragem<br \/>\n<strong>CONVITES:<\/strong> No \u00f4nibus-biblioteca, com Silvani<\/p>\n<p><strong>CINEMA BRASILEIRO NO SINDICATO DOS BANC\u00c1RIOS DE SP<\/strong><br \/>\n<strong> Filme: Torre das Donzelas<\/strong><br \/>\n<strong> DIA:<\/strong> A CONFIRMAR<br \/>\n<strong>LOCAL:<\/strong> Audit\u00f3rio Amarelo do Sindicato dos Banc\u00e1rios de S\u00e3o Paulo<br \/>\n<strong>ENDERE\u00c7O:<\/strong> Rua S\u00e3o Bento, 413 \u2013 Centro, S\u00e3o Paulo<br \/>\n<strong>INFORMA\u00c7\u00d5ES:<\/strong>\u00a0produ\u00e7\u00e3ocineb@brazucah.com.br<\/p>\n","protected":false},"excerpt":{"rendered":"<p>Tr\u00eas filmes estreiam na temporada 2020 do CineB Solar, ano em que o projeto comemora 13 anos: a live-action \u201cTurma[&#8230;]<\/p>\n","protected":false},"author":3,"featured_media":12795,"comment_status":"open","ping_status":"open","sticky":false,"template":"","format":"standard","meta":[],"categories":[2,6],"tags":[154,234,252,255,260,366,380,395,1108,1129,1150,1168,1176],"_links":{"self":[{"href":"https:\/\/projetocineb.com.br\/index.php?rest_route=\/wp\/v2\/posts\/12178"}],"collection":[{"href":"https:\/\/projetocineb.com.br\/index.php?rest_route=\/wp\/v2\/posts"}],"about":[{"href":"https:\/\/projetocineb.com.br\/index.php?rest_route=\/wp\/v2\/types\/post"}],"author":[{"embeddable":true,"href":"https:\/\/projetocineb.com.br\/index.php?rest_route=\/wp\/v2\/users\/3"}],"replies":[{"embeddable":true,"href":"https:\/\/projetocineb.com.br\/index.php?rest_route=%2Fwp%2Fv2%2Fcomments&post=12178"}],"version-history":[{"count":0,"href":"https:\/\/projetocineb.com.br\/index.php?rest_route=\/wp\/v2\/posts\/12178\/revisions"}],"wp:featuredmedia":[{"embeddable":true,"href":"https:\/\/projetocineb.com.br\/index.php?rest_route=\/wp\/v2\/media\/12795"}],"wp:attachment":[{"href":"https:\/\/projetocineb.com.br\/index.php?rest_route=%2Fwp%2Fv2%2Fmedia&parent=12178"}],"wp:term":[{"taxonomy":"category","embeddable":true,"href":"https:\/\/projetocineb.com.br\/index.php?rest_route=%2Fwp%2Fv2%2Fcategories&post=12178"},{"taxonomy":"post_tag","embeddable":true,"href":"https:\/\/projetocineb.com.br\/index.php?rest_route=%2Fwp%2Fv2%2Ftags&post=12178"}],"curies":[{"name":"wp","href":"https:\/\/api.w.org\/{rel}","templated":true}]}}