{"id":12205,"date":"2020-01-20T17:39:55","date_gmt":"2020-01-20T19:39:55","guid":{"rendered":"http:\/\/projetocineb.com.br\/?p=12205"},"modified":"2020-01-20T17:39:55","modified_gmt":"2020-01-20T19:39:55","slug":"filme-indicado-ao-oscar-ja-esteve-nas-telas-do-cineb-solar","status":"publish","type":"post","link":"https:\/\/projetocineb.com.br\/?p=12205","title":{"rendered":"Filme indicado ao Oscar j\u00e1 esteve nas telas do CineB"},"content":{"rendered":"<p><em>\u201cDemocracia em Vertigem\u201d, filme da cineasta Petra Costa, concorre ao Oscar na categoria document\u00e1rio. Este pode ser o primeiro document\u00e1rio totalmente brasileiro a receber a premia\u00e7\u00e3o.<\/em><\/p>\n<figure id=\"attachment_12209\" aria-describedby=\"caption-attachment-12209\" style=\"width: 800px\" class=\"wp-caption alignleft\"><a href=\"http:\/\/projetocineb.com.br\/wp-content\/uploads\/2020\/01\/democraciaemvertigem.jpg\"><img fetchpriority=\"high\" decoding=\"async\" class=\"wp-image-12209 size-full\" src=\"http:\/\/projetocineb.com.br\/wp-content\/uploads\/2020\/01\/democraciaemvertigem.jpg\" alt=\"\" width=\"800\" height=\"445\" \/><\/a><figcaption id=\"caption-attachment-12209\" class=\"wp-caption-text\"><em>&#8220;Democracia e Vertigem&#8221; \u00e9 o primeiro document\u00e1rio totalmente brasileiro indicado ao Oscar<\/em><\/figcaption><\/figure>\n<p>No dia 22 de outubro de 2019 o Audit\u00f3rio da Regional Osasco do Sindicato dos Banc\u00e1rios de S\u00e3o Paulo exibiu o document\u00e1rio \u201cDemocracia em Vertigem\u201d da cineasta Petra Costa, com banc\u00e1rios, representantes de entidades e movimentos sociais de Osasco que participaram de um debate ao final da sess\u00e3o. Em dezembro, o document\u00e1rio foi premiado no 8\u00ba Pr\u00eamio do CineB Solar do Cinema Brasileiro (<a href=\"http:\/\/projetocineb.com.br\/?p=12059\">veja a mat\u00e9ria aqui<\/a>).<\/p>\n<p>Al\u00e9m de aclamado pela cr\u00edtica, &#8220;Democracia em Vertigem&#8221; recebeu a indica\u00e7\u00e3o, dia 13 de janeiro, para concorrer ao Oscar 2020. O filme, tem recebido muitas cr\u00edticas e elogios desta a indica\u00e7\u00e3o (veja alguns coment\u00e1rios ao final do texto), por retratar os intensos movimentos pol\u00edticos nos \u00faltimos anos e a ascens\u00e3o da extrema-direita ao poder e, numa narrativa \u00edntima da documentarista, trazer a hist\u00f3ria de sua fam\u00edlia, perseguida durante a ditadura militar.<\/p>\n<p>O filme mostra o processo de impeachment da ex-presidenta da Rep\u00fablica Dilma Rousseff e como o pa\u00eds dividiu-se em dois polos pol\u00edticos. Com imagens exclusivas dos bastidores dentro do Planalto, Petra Costa conseguiu capturar todos os momentos de tens\u00e3o deste marco hist\u00f3rico para a democracia do pa\u00eds, que tenta equilibrar-se em uma corda bamba. \u201cDemocracia em Vertigem\u201d tamb\u00e9m foi exibido em festivais como o de Sundance, nos Estados Unidos (EUA), focado em produ\u00e7\u00f5es independentes, e obteve tr\u00eas indica\u00e7\u00f5es ao IDA Documentary Awards, prestigiada premia\u00e7\u00e3o para document\u00e1rios, al\u00e9m de ser eleito pelo New York Times um dos oito filmes mais importantes do ano. O resultado da premia\u00e7\u00e3o sair\u00e1 em fevereiro deste ano. A documentarista poder\u00e1 levar a estatueta para casa e ser s\u00edmbolo de orgulho nacional sendo a primeira cineasta, mulher e brasileira, a levar o t\u00edtulo na categoria.<\/p>\n<p>Veja o que j\u00e1 falaram sobre a indica\u00e7\u00e3o ao Oscar do document\u00e1rio de Petra Costa:<\/p>\n<p><em>New York Times, um dos mais influentes jornais do mundo:<\/em><br \/>\n&#8220;The Edge of Democracy&#8221; \u00e9 uma declara\u00e7\u00e3o de f\u00e9 no princ\u00edpio da realidade, na ideia de que \u00e9 importante e poss\u00edvel entender o que aconteceu. Mesmo se &#8211; ou precisamente porque &#8211; nenhum de n\u00f3s sabemos o que acontece a seguir.<\/p>\n<p><em>Luis In\u00e1cio Lula da Silva, ex-presidente do Brasil:<\/em><br \/>\n\u201cParab\u00e9ns, @petracostal, pela seriedade com que narrou esse importante per\u00edodo de nossa hist\u00f3ria. Viva o cinema nacional! A verdade vencer\u00e1.\u201d Lula escreveu pelo twitter.<\/p>\n<p><em>Petra Costa, diretora do document\u00e1rio:<\/em><br \/>\n\u201cEstamos extasiados pela @TheAcademy ter reconhecido a urg\u00eancia de #DemocraciaEmVertigem. Numa \u00e9poca em que a extrema direita est\u00e1 se espalhando como uma epidemia, esperamos que esse filme possa ajudar a entender como \u00e9 crucial proteger nossas democracias. Viva o cinema Brasileiro!\u201d, escreveu Petra Costa em seu Twitter.<\/p>\n<p><em>Jair Bolsonaro, presidente do Brasil:<\/em><br \/>\n\u201cPara quem gosta do que o urubu come, \u00e9 um bom filme\u201d, afirmou.<\/p>\n<p><em>Dilma Rousseff, ex-presidenta do Brasil:<\/em><br \/>\n&#8220;A hist\u00f3ria do Golpe de 2016, que me tirou da Presid\u00eancia da Rep\u00fablica por meio de um impeachment fraudulento, ganha o mundo pelas lentes de Petra Costa no document\u00e1rio &#8216;Democracia em Vertigem&#8217;. E, para a surpresa de alguns, ganhou hoje indica\u00e7\u00e3o ao Oscar. O filme \u00e9 corajoso por mostrar o jogo sujo que resultou no meu afastamento do poder e como a m\u00eddia venal, a elite pol\u00edtica e econ\u00f4mica brasileira atentaram contra a democracia no pa\u00eds, resultado na ascens\u00e3o de um candidato de extrema-direita em 2018.<br \/>\nParab\u00e9ns \u00e0 Petra e a equipe do filme pela indica\u00e7\u00e3o ao Oscar. A verdade n\u00e3o est\u00e1 enterrada. A hist\u00f3ria segue implac\u00e1vel contra os golpistas&#8221;, pronunciou pelo Instagram.<\/p>\n<p><strong>SOBRE O CINEB SOLAR<\/strong><br \/>\nO CineB Solar \u00e9 um circuito itinerante de cinema realizado pelo Sindicato dos Banc\u00e1rios de S\u00e3o Paulo, Osasco e Regi\u00e3o e pela Brazucah Produ\u00e7\u00f5es. Desde 2007, o j\u00e1 atingiu um p\u00fablico superior a 70 mil espectadores em mais de 550 sess\u00f5es gratuitas realizadas em comunidades e universidades de S\u00e3o Paulo. A iniciativa busca democratizar o acesso ao cinema nacional e divulgar os filmes produzidos no Brasil. J\u00e1 foram exibidos na tela do CineB mais de 130 longas-metragens e 80 curtas-metragens, al\u00e9m da realiza\u00e7\u00e3o de pr\u00e9-estreias exclusivas.<\/p>\n<p><em>Texto: Mirella Magnani (com supervis\u00e3o de Carlos Rizzo).<\/em><\/p>\n<p>&nbsp;<\/p>\n","protected":false},"excerpt":{"rendered":"<p>\u201cDemocracia em Vertigem\u201d, filme da cineasta Petra Costa, concorre ao Oscar na categoria document\u00e1rio. Este pode ser o primeiro document\u00e1rio[&#8230;]<\/p>\n","protected":false},"author":3,"featured_media":12214,"comment_status":"open","ping_status":"open","sticky":false,"template":"","format":"standard","meta":[],"categories":[2,6],"tags":[154,252,255,379,380,403,898,901,965],"_links":{"self":[{"href":"https:\/\/projetocineb.com.br\/index.php?rest_route=\/wp\/v2\/posts\/12205"}],"collection":[{"href":"https:\/\/projetocineb.com.br\/index.php?rest_route=\/wp\/v2\/posts"}],"about":[{"href":"https:\/\/projetocineb.com.br\/index.php?rest_route=\/wp\/v2\/types\/post"}],"author":[{"embeddable":true,"href":"https:\/\/projetocineb.com.br\/index.php?rest_route=\/wp\/v2\/users\/3"}],"replies":[{"embeddable":true,"href":"https:\/\/projetocineb.com.br\/index.php?rest_route=%2Fwp%2Fv2%2Fcomments&post=12205"}],"version-history":[{"count":0,"href":"https:\/\/projetocineb.com.br\/index.php?rest_route=\/wp\/v2\/posts\/12205\/revisions"}],"wp:featuredmedia":[{"embeddable":true,"href":"https:\/\/projetocineb.com.br\/index.php?rest_route=\/wp\/v2\/media\/12214"}],"wp:attachment":[{"href":"https:\/\/projetocineb.com.br\/index.php?rest_route=%2Fwp%2Fv2%2Fmedia&parent=12205"}],"wp:term":[{"taxonomy":"category","embeddable":true,"href":"https:\/\/projetocineb.com.br\/index.php?rest_route=%2Fwp%2Fv2%2Fcategories&post=12205"},{"taxonomy":"post_tag","embeddable":true,"href":"https:\/\/projetocineb.com.br\/index.php?rest_route=%2Fwp%2Fv2%2Ftags&post=12205"}],"curies":[{"name":"wp","href":"https:\/\/api.w.org\/{rel}","templated":true}]}}