{"id":12255,"date":"2020-02-19T10:08:26","date_gmt":"2020-02-19T13:08:26","guid":{"rendered":"http:\/\/projetocineb.com.br\/?p=12255"},"modified":"2020-02-19T10:08:26","modified_gmt":"2020-02-19T13:08:26","slug":"pela-primeira-vez-no-jardim-riviera","status":"publish","type":"post","link":"https:\/\/projetocineb.com.br\/?p=12255","title":{"rendered":"Pela primeira vez no Jardim Riviera"},"content":{"rendered":"<figure id=\"attachment_12260\" aria-describedby=\"caption-attachment-12260\" style=\"width: 1920px\" class=\"wp-caption alignnone\"><a href=\"http:\/\/projetocineb.com.br\/wp-content\/uploads\/2020\/02\/20200214210826__MG_1953-01.jpg\"><img fetchpriority=\"high\" decoding=\"async\" class=\"size-full wp-image-12260\" src=\"http:\/\/projetocineb.com.br\/wp-content\/uploads\/2020\/02\/20200214210826__MG_1953-01.jpg\" alt=\"\" width=\"1920\" height=\"1280\" \/><\/a><figcaption id=\"caption-attachment-12260\" class=\"wp-caption-text\">P\u00fablico ocupou todas as cadeiras dispon\u00edveis<\/figcaption><\/figure>\n<p>Mesmo depois de quase 13 anos de projeto, \u00e9 uma alegria quando o CineB Solar chega pela primeira vez em um local e v\u00ea a comunidade animada e envolvida com a organiza\u00e7\u00e3o da sess\u00e3o. Foi assim na \u00faltima sexta, 14\/02, no Centro de Forma\u00e7\u00e3o e Recrea\u00e7\u00e3o Jardim S\u00e3o Jos\u00e9, na regi\u00e3o do Guarapiranga, zona Sul de S\u00e3o Paulo, para a exibi\u00e7\u00e3o do longa-metragem \u201cTurma da M\u00f4nica \u2013 La\u00e7os\u201d, de Daniel Rezende.<\/p>\n<p>No filme, Cebolinha precisa encontrar seu cachorro, Floquinho, que desapareceu misteriosamente. Para isso ir\u00e1 contar com a ajuda de seus fi\u00e9is amigos, M\u00f4nica, Casc\u00e3o e Magali. Estrelado pelos atores mirins Kevin Vechiatto, Giulia Benite, Gabriel Moreira e Laura Rauseo, a Turma da M\u00f4nica ir\u00e1 viver mais uma de suas cl\u00e1ssicas aventuras.<\/p>\n<figure id=\"attachment_12261\" aria-describedby=\"caption-attachment-12261\" style=\"width: 1920px\" class=\"wp-caption alignnone\"><a href=\"http:\/\/projetocineb.com.br\/wp-content\/uploads\/2020\/02\/20200214210144__MG_1943-01.jpg\"><img decoding=\"async\" class=\"size-full wp-image-12261\" src=\"http:\/\/projetocineb.com.br\/wp-content\/uploads\/2020\/02\/20200214210144__MG_1943-01.jpg\" alt=\"\" width=\"1920\" height=\"1280\" \/><\/a><figcaption id=\"caption-attachment-12261\" class=\"wp-caption-text\">Crian\u00e7as que frequentam o Centro fizeram uma apresenta\u00e7\u00e3o antes do filme<\/figcaption><\/figure>\n<p>A sess\u00e3o envolveu todos os integrantes da entidade, que atua desde 1996 e atende cerca de 400 pessoas por dia entre crian\u00e7as, adolescente, jovens e adultos em atividades de contraturno escolar e oficinas de panifica\u00e7\u00e3o, confeitaria, inform\u00e1tica, alfabetiza\u00e7\u00e3o de adultos dentre outras a\u00e7\u00f5es, inclusive para idosos. O contato para que a sess\u00e3o acontecesse foi de Doni Ara\u00fajo, coordenador do espa\u00e7o e integrante da Par\u00f3quia Santos M\u00e1rtires, no Jardim \u00c2ngela.<\/p>\n<p>Para Osni Santos Gomes, gestor do Centro S\u00e3o Jos\u00e9 h\u00e1 cerca de 20 anos, a presen\u00e7a do CineB Solar \u00e9 uma forma de valorizar o cinema brasileiro \u201cn\u00f3s sempre exibimos filmes aqui, mas o projeto qualifica, inova com o carro que capta energia solar. Tudo feito de forma magn\u00edfica\u201d elogia.<\/p>\n<figure id=\"attachment_12262\" aria-describedby=\"caption-attachment-12262\" style=\"width: 831px\" class=\"wp-caption alignnone\"><a href=\"http:\/\/projetocineb.com.br\/wp-content\/uploads\/2020\/02\/DSC_0082.jpg\"><img decoding=\"async\" class=\"size-full wp-image-12262\" src=\"http:\/\/projetocineb.com.br\/wp-content\/uploads\/2020\/02\/DSC_0082.jpg\" alt=\"\" width=\"831\" height=\"552\" \/><\/a><figcaption id=\"caption-attachment-12262\" class=\"wp-caption-text\">Osni Gomes (Centro S\u00e3o Jos\u00e9), Cid\u00e1lio Vieira (CineB Solar) e Doni Ara\u00fajo (educador) na abertura da sess\u00e3o<\/figcaption><\/figure>\n<p>A sess\u00e3o foi um sucesso. Com o tel\u00e3o na quadra coberta, cerca de 240 pessoas prestigiaram a trama de Cebolinha e sua turma. O casal Edinho e Maria Fabiana, pais do Yuri, disseram ter gostado muito da sess\u00e3o. \u201cO Yuri na verdade queria vir, ele soube do filme da M\u00f4nica e queria muito vir\u201d, contam os pais, quem moram bem perto do Centro.<\/p>\n<p>Antes do filme, cerca de 15 crian\u00e7as com idades entre 6 e 11 anos que frequentam o espa\u00e7o, comandados pelo educador J\u00falio C\u00e9sar Sabin do Amaral, fizeram uma apresenta\u00e7\u00e3o de <em>street<\/em> <em>dance<\/em>. \u201cA ideia foi abordar a tem\u00e1tica do filme. Ent\u00e3o pegamos uma m\u00fasica, criamos coletivamente alguns passos e tiramos uma coreografia sobre amizade\u201d, destacou.<\/p>\n<p><strong>DEBATE<\/strong><\/p>\n<figure id=\"attachment_12259\" aria-describedby=\"caption-attachment-12259\" style=\"width: 886px\" class=\"wp-caption alignnone\"><a href=\"http:\/\/projetocineb.com.br\/wp-content\/uploads\/2020\/02\/Montagem_fotos.jpg\"><img loading=\"lazy\" decoding=\"async\" class=\"size-full wp-image-12259\" src=\"http:\/\/projetocineb.com.br\/wp-content\/uploads\/2020\/02\/Montagem_fotos.jpg\" alt=\"\" width=\"886\" height=\"591\" \/><\/a><figcaption id=\"caption-attachment-12259\" class=\"wp-caption-text\">Debate reuniu crian\u00e7as que analisaram o filme da Turma da M\u00f4nica<\/figcaption><\/figure>\n<p>Ao final da sess\u00e3o, o coordenador do projeto, Cid\u00e1lio Vieira Santos organizou uma mesa de debate com as crian\u00e7as presentes na sess\u00e3o. Participaram Mirella de 9 anos, Paulo, 7 anos, Tain\u00e1, 10 anos, Maria Eduardo, 9 anos e Joana, 7 anos, todas frequentadoras do espa\u00e7o. Mirella destacou que se divertiu muito vendo as estripulias da turminha do Limoeiro. \u201cGostei de ver todo mundo assistindo junto\u201d, destacou. Joana contou que foi pela primeira vez numa sess\u00e3o de cinema, j\u00e1 Paulo, que assistiu o filme pela segunda vez contou que se emocionou \u201ccom a parte que a M\u00f4nica chorou\u201d e Tain\u00e1 lembrou que o filme \u00e9 \u201cum por todos e todos por um\u201d, comemorou. Ao final, o grupo colaborou no sorteio de brindes do projeto.<\/p>\n<figure id=\"attachment_12263\" aria-describedby=\"caption-attachment-12263\" style=\"width: 1920px\" class=\"wp-caption alignnone\"><a href=\"http:\/\/projetocineb.com.br\/wp-content\/uploads\/2020\/02\/20200214230304__MG_1990-01.jpg\"><img loading=\"lazy\" decoding=\"async\" class=\"size-full wp-image-12263\" src=\"http:\/\/projetocineb.com.br\/wp-content\/uploads\/2020\/02\/20200214230304__MG_1990-01.jpg\" alt=\"\" width=\"1920\" height=\"1280\" \/><\/a><figcaption id=\"caption-attachment-12263\" class=\"wp-caption-text\">Muitas fotos em fam\u00edlia ao lado dos personagens do filme<\/figcaption><\/figure>\n<p><strong>SOBRE O CINEB SOLAR<\/strong><br \/>\nO CineB Solar \u00e9 um circuito itinerante de cinema realizado pelo Sindicato dos Banc\u00e1rios de S\u00e3o Paulo, Osasco e Regi\u00e3o e pela Brazucah Produ\u00e7\u00f5es. Desde 2007, o j\u00e1 atingiu um p\u00fablico superior a 70 mil espectadores em mais de 550 sess\u00f5es gratuitas realizadas em comunidades e universidades de S\u00e3o Paulo. A iniciativa busca democratizar o acesso ao cinema nacional e divulgar os filmes produzidos no Brasil. J\u00e1 foram exibidos na tela do CineB mais de 130 longas-metragens e 80 curtas-metragens, al\u00e9m da realiza\u00e7\u00e3o de pr\u00e9-estreias exclusivas.<\/p>\n\t\t\t\n\t\t\t<!-- Blueimp gallery -->\n\t\t\t<div id=\"blueimp-gallery\" class=\"blueimp-gallery blueimp-gallery-controls\">\n\t\t\t\t<div class=\"slides\"><\/div>\n\t\t\t\t<h3 class=\"title\"><\/h3>\n\t\t\t\t<a class=\"prev\">\u2039<\/a>\n\t\t\t\t<a class=\"next\">\u203a<\/a>\n\t\t\t\t<a class=\"close\">\u00d7<\/a>\n\t\t\t\t<a class=\"play-pause\"><\/a>\n\t\t\t\t<ol class=\"indicator\"><\/ol>\n\t\t\t\t<div class=\"modal fade\">\n\t\t\t\t\t<div class=\"modal-dialog\">\n\t\t\t\t\t\t<div class=\"modal-content\">\n\t\t\t\t\t\t\t<div class=\"modal-header\">\n\t\t\t\t\t\t\t\t<button type=\"button\" class=\"close\" aria-hidden=\"true\">&times;<\/button>\n\t\t\t\t\t\t\t\t<h4 class=\"modal-title\"><\/h4>\n\t\t\t\t\t\t\t<\/div>\n\t\t\t\t\t\t\t<div class=\"modal-body next\"><\/div>\n\t\t\t\t\t\t\t<div class=\"modal-footer\">\n\t\t\t\t\t\t\t\t<button type=\"button\" class=\"btn btn-default pull-left prev\">\n\t\t\t\t\t\t\t\t\t<i class=\"glyphicon glyphicon-chevron-left\"><\/i>\n\t\t\t\t\t\t\t\t\tPrevious\t\t\t\t\t\t\t\t<\/button>\n\t\t\t\t\t\t\t\t<button type=\"button\" class=\"btn btn-primary next\">\n\t\t\t\t\t\t\t\t\tNext\t\t\t\t\t\t\t\t\t<i class=\"glyphicon glyphicon-chevron-right\"><\/i>\n\t\t\t\t\t\t\t\t<\/button>\n\t\t\t\t\t\t\t<\/div>\n\t\t\t\t\t\t<\/div>\n\t\t\t\t\t<\/div>\n\t\t\t\t<\/div>\n\t\t\t<\/div>\n\t\t\t<script type=\"text\/javascript\">\n\t\t\tjQuery(function() {\n\t\t\t\t\/\/ Set blueimp gallery options\n\t\t\t\tjQuery.extend(blueimp.Gallery.prototype.options, {\n\t\t\t\t\tuseBootstrapModal: false,\n\t\t\t\t\thidePageScrollbars: false\n\t\t\t\t});\n\t\t\t});\n\t\t\t<\/script>\n\t\t\t\n","protected":false},"excerpt":{"rendered":"<p>Mesmo depois de quase 13 anos de projeto, \u00e9 uma alegria quando o CineB Solar chega pela primeira vez em[&#8230;]<\/p>\n","protected":false},"author":3,"featured_media":12265,"comment_status":"open","ping_status":"open","sticky":false,"template":"","format":"standard","meta":[],"categories":[2,3],"tags":[154,207,237,255,499,693],"_links":{"self":[{"href":"https:\/\/projetocineb.com.br\/index.php?rest_route=\/wp\/v2\/posts\/12255"}],"collection":[{"href":"https:\/\/projetocineb.com.br\/index.php?rest_route=\/wp\/v2\/posts"}],"about":[{"href":"https:\/\/projetocineb.com.br\/index.php?rest_route=\/wp\/v2\/types\/post"}],"author":[{"embeddable":true,"href":"https:\/\/projetocineb.com.br\/index.php?rest_route=\/wp\/v2\/users\/3"}],"replies":[{"embeddable":true,"href":"https:\/\/projetocineb.com.br\/index.php?rest_route=%2Fwp%2Fv2%2Fcomments&post=12255"}],"version-history":[{"count":0,"href":"https:\/\/projetocineb.com.br\/index.php?rest_route=\/wp\/v2\/posts\/12255\/revisions"}],"wp:featuredmedia":[{"embeddable":true,"href":"https:\/\/projetocineb.com.br\/index.php?rest_route=\/wp\/v2\/media\/12265"}],"wp:attachment":[{"href":"https:\/\/projetocineb.com.br\/index.php?rest_route=%2Fwp%2Fv2%2Fmedia&parent=12255"}],"wp:term":[{"taxonomy":"category","embeddable":true,"href":"https:\/\/projetocineb.com.br\/index.php?rest_route=%2Fwp%2Fv2%2Fcategories&post=12255"},{"taxonomy":"post_tag","embeddable":true,"href":"https:\/\/projetocineb.com.br\/index.php?rest_route=%2Fwp%2Fv2%2Ftags&post=12255"}],"curies":[{"name":"wp","href":"https:\/\/api.w.org\/{rel}","templated":true}]}}