{"id":12278,"date":"2020-03-03T16:41:07","date_gmt":"2020-03-03T19:41:07","guid":{"rendered":"http:\/\/projetocineb.com.br\/?p=12278"},"modified":"2020-03-03T16:41:07","modified_gmt":"2020-03-03T19:41:07","slug":"turma-da-monica-foi-sucesso-no-cca-juntos-i","status":"publish","type":"post","link":"https:\/\/projetocineb.com.br\/?p=12278","title":{"rendered":"Turma da M\u00f4nica foi sucesso no CCA Juntos I"},"content":{"rendered":"<p><em>O CineB Solar esteve mais uma vez no CCA Juntos 1, no Jardim Eliana, zona leste da capital, na \u00faltima quinta-feira, 27\/02, para exibir o longa-metragem \u201cTurma da M\u00f4nica \u2013 La\u00e7os\u201d.<\/em><\/p>\n<figure id=\"attachment_12279\" aria-describedby=\"caption-attachment-12279\" style=\"width: 831px\" class=\"wp-caption alignnone\"><a href=\"http:\/\/projetocineb.com.br\/wp-content\/uploads\/2020\/03\/DSC_0013.jpg\"><img fetchpriority=\"high\" decoding=\"async\" class=\"size-full wp-image-12279\" src=\"http:\/\/projetocineb.com.br\/wp-content\/uploads\/2020\/03\/DSC_0013.jpg\" alt=\"\" width=\"831\" height=\"552\" \/><\/a><figcaption id=\"caption-attachment-12279\" class=\"wp-caption-text\"><em>CCA Juntos 1 recebeu CineB Solar pela segunda vez<\/em><\/figcaption><\/figure>\n<p>A turminha do Limoeiro tem feito um enorme sucesso nas sess\u00f5es do CineB Solar desde que entrou em cartaz, no in\u00edcio de fevereiro. O longa-metragem \u201cA Turma da M\u00f4nica \u2013 La\u00e7os\u201d, de Daniel Rezende, foi exibido no CCA Juntos 1, no Jardim Eliana, zona Leste da Capital e, mesmo com o tempo chuvoso que assola o ver\u00e3o paulistano, atraiu um p\u00fablico bem acima do esperado.<\/p>\n<p>No filme, Cebolinha precisa encontrar seu cachorro, Floquinho, que desapareceu misteriosamente. Para isso, ir\u00e1 contar com a ajuda de seus fi\u00e9is amigos M\u00f4nica, Casc\u00e3o e Magali. Estrelado pelos atores mirins Kevin Vechiatto, Giulia Benite, Gabriel Moreira e Laura Rauseo, a Turma da M\u00f4nica ir\u00e1 viver mais uma de suas cl\u00e1ssicas aventuras.<\/p>\n<figure id=\"attachment_12281\" aria-describedby=\"caption-attachment-12281\" style=\"width: 831px\" class=\"wp-caption alignnone\"><a href=\"http:\/\/projetocineb.com.br\/wp-content\/uploads\/2020\/03\/DSC_0057.jpg\"><img decoding=\"async\" class=\"size-full wp-image-12281\" src=\"http:\/\/projetocineb.com.br\/wp-content\/uploads\/2020\/03\/DSC_0057.jpg\" alt=\"\" width=\"831\" height=\"552\" \/><\/a><figcaption id=\"caption-attachment-12281\" class=\"wp-caption-text\"><em>Humberto Canavesi, diretor da ONG Juntos, Telma Aguiar, gerente do CCA Juntos 1, e Cid\u00e1lio Vieira, coordenador do CineB Solar<\/em><\/figcaption><\/figure>\n<p>A sess\u00e3o aconteceu no \u00fanico espa\u00e7o dispon\u00edvel e protegido do tempo, um pequeno galp\u00e3o anexo ao pr\u00e9dio da escola, que \u00e9 usado para as atividades coletivas. E foi gente que chegou. Em poucos minutos o galp\u00e3o estava lotado e foi necess\u00e1rio juntar bem as cadeiras e bancos para que todos pudessem se acomodar. E foi uma divers\u00e3o s\u00f3.<\/p>\n<p>Para Telma Cristina Aguiar, gerente de servi\u00e7os do CCA Juntos 1, \u00e9 uma grande alegria iniciar as atividades de 2020 com \u201cessa oportunidade cultural. \u00c9 super importante para esta comunidade t\u00e3o vulner\u00e1vel, que n\u00e3o t\u00eam possibilidades. Estou muito feliz de receber as fam\u00edlias, com seus filhos, para ver mais uma sess\u00e3o do CineB Solar\u201d, destacou.<\/p>\n<p>A primeira vez que o i projeto esteve na comunidade, foi em setembro de 2019, quando o p\u00fablico lotou o p\u00e1tio da escola para ver os curtas do Festival de Cinema Infantil de Florian\u00f3polis. E dessa vez a sess\u00e3o cotou com muitas pessoas que n\u00e3o puderam ver a sess\u00e3o do final do ano passado, como \u00e9 o caso de Daniel do Amaral Constante, montador de m\u00f3veis. \u201cVim com minha filha Aysha, 8 anos, e minha sobrinha Giovana. O filme foi muito bom, foi legal ver a crian\u00e7ada se divertindo\u201d, comentou. J\u00e1 Aysha comentou que gostou dos personagens M\u00f4nica e Magali.<\/p>\n<figure id=\"attachment_12282\" aria-describedby=\"caption-attachment-12282\" style=\"width: 757px\" class=\"wp-caption alignnone\"><a href=\"http:\/\/projetocineb.com.br\/wp-content\/uploads\/2020\/03\/DSC_0098.jpg\"><img decoding=\"async\" class=\"size-full wp-image-12282\" src=\"http:\/\/projetocineb.com.br\/wp-content\/uploads\/2020\/03\/DSC_0098.jpg\" alt=\"\" width=\"757\" height=\"552\" \/><\/a><figcaption id=\"caption-attachment-12282\" class=\"wp-caption-text\"><em>Crian\u00e7as falaram o que acham do filme ap\u00f3s a exibi\u00e7\u00e3o<\/em><\/figcaption><\/figure>\n<p><strong>Debate<\/strong><br \/>\nAo final da sess\u00e3o, o coordenador do projeto Cid\u00e1lio Vieira Santos ouviu as crian\u00e7as presentes sobre o que acharam da sess\u00e3o. Brenda, de 9 anos, que frequenta o CCA Juntos 1 gostou quando M\u00f4nica, Cebolinha, Magali e Casc\u00e3o\u201d se juntam para resgatar o Floquinho\u201d. J\u00e1 Jonathan, 13 anos, tamb\u00e9m frequentador do espa\u00e7o destacou o quando \u00e9 importante se viver junto. Ao final da sess\u00e3o foram distribu\u00eddos brindes como camisetas e o \u00e1lbum da Turma da M\u00f4nica.<\/p>\n<p><strong>Sobre o CineB Solar<\/strong><br \/>\nO Cineb Solar \u00e9 um circuito itinerante de cinema realizado pelo Sindicato dos Banc\u00e1rios de S\u00e3o Paulo, Osasco e Regi\u00e3o e pela Brazucah Produ\u00e7\u00f5es. Desde 2007, j\u00e1 atingiu um p\u00fablico superior a 70 mil espectadores em mais de 550 sess\u00f5es gratuitas, realizadas em comunidades e universidades da cidade de S\u00e3o Paulo. A iniciativa busca democratizar o acesso ao cinema nacional e divulgar os filmes produzidos no Brasil. J\u00e1 foram exibidos na tela do CineB Solar mais de 130 longas-metragens e 80 curtas-metragens, al\u00e9m da realiza\u00e7\u00e3o de pr\u00e9-estreias exclusivas.<\/p>\n\t\t\t\n\t\t\t<!-- Blueimp gallery -->\n\t\t\t<div id=\"blueimp-gallery\" class=\"blueimp-gallery blueimp-gallery-controls\">\n\t\t\t\t<div class=\"slides\"><\/div>\n\t\t\t\t<h3 class=\"title\"><\/h3>\n\t\t\t\t<a class=\"prev\">\u2039<\/a>\n\t\t\t\t<a class=\"next\">\u203a<\/a>\n\t\t\t\t<a class=\"close\">\u00d7<\/a>\n\t\t\t\t<a class=\"play-pause\"><\/a>\n\t\t\t\t<ol class=\"indicator\"><\/ol>\n\t\t\t\t<div class=\"modal fade\">\n\t\t\t\t\t<div class=\"modal-dialog\">\n\t\t\t\t\t\t<div class=\"modal-content\">\n\t\t\t\t\t\t\t<div class=\"modal-header\">\n\t\t\t\t\t\t\t\t<button type=\"button\" class=\"close\" aria-hidden=\"true\">&times;<\/button>\n\t\t\t\t\t\t\t\t<h4 class=\"modal-title\"><\/h4>\n\t\t\t\t\t\t\t<\/div>\n\t\t\t\t\t\t\t<div class=\"modal-body next\"><\/div>\n\t\t\t\t\t\t\t<div class=\"modal-footer\">\n\t\t\t\t\t\t\t\t<button type=\"button\" class=\"btn btn-default pull-left prev\">\n\t\t\t\t\t\t\t\t\t<i class=\"glyphicon glyphicon-chevron-left\"><\/i>\n\t\t\t\t\t\t\t\t\tPrevious\t\t\t\t\t\t\t\t<\/button>\n\t\t\t\t\t\t\t\t<button type=\"button\" class=\"btn btn-primary next\">\n\t\t\t\t\t\t\t\t\tNext\t\t\t\t\t\t\t\t\t<i class=\"glyphicon glyphicon-chevron-right\"><\/i>\n\t\t\t\t\t\t\t\t<\/button>\n\t\t\t\t\t\t\t<\/div>\n\t\t\t\t\t\t<\/div>\n\t\t\t\t\t<\/div>\n\t\t\t\t<\/div>\n\t\t\t<\/div>\n\t\t\t<script type=\"text\/javascript\">\n\t\t\tjQuery(function() {\n\t\t\t\t\/\/ Set blueimp gallery options\n\t\t\t\tjQuery.extend(blueimp.Gallery.prototype.options, {\n\t\t\t\t\tuseBootstrapModal: false,\n\t\t\t\t\thidePageScrollbars: false\n\t\t\t\t});\n\t\t\t});\n\t\t\t<\/script>\n\t\t\t\n","protected":false},"excerpt":{"rendered":"<p>O CineB Solar esteve mais uma vez no CCA Juntos 1, no Jardim Eliana, zona leste da capital, na \u00faltima[&#8230;]<\/p>\n","protected":false},"author":3,"featured_media":12280,"comment_status":"open","ping_status":"open","sticky":false,"template":"","format":"standard","meta":[],"categories":[2,3],"tags":[154,192,237,255,366,1133,1157,1176],"_links":{"self":[{"href":"https:\/\/projetocineb.com.br\/index.php?rest_route=\/wp\/v2\/posts\/12278"}],"collection":[{"href":"https:\/\/projetocineb.com.br\/index.php?rest_route=\/wp\/v2\/posts"}],"about":[{"href":"https:\/\/projetocineb.com.br\/index.php?rest_route=\/wp\/v2\/types\/post"}],"author":[{"embeddable":true,"href":"https:\/\/projetocineb.com.br\/index.php?rest_route=\/wp\/v2\/users\/3"}],"replies":[{"embeddable":true,"href":"https:\/\/projetocineb.com.br\/index.php?rest_route=%2Fwp%2Fv2%2Fcomments&post=12278"}],"version-history":[{"count":0,"href":"https:\/\/projetocineb.com.br\/index.php?rest_route=\/wp\/v2\/posts\/12278\/revisions"}],"wp:featuredmedia":[{"embeddable":true,"href":"https:\/\/projetocineb.com.br\/index.php?rest_route=\/wp\/v2\/media\/12280"}],"wp:attachment":[{"href":"https:\/\/projetocineb.com.br\/index.php?rest_route=%2Fwp%2Fv2%2Fmedia&parent=12278"}],"wp:term":[{"taxonomy":"category","embeddable":true,"href":"https:\/\/projetocineb.com.br\/index.php?rest_route=%2Fwp%2Fv2%2Fcategories&post=12278"},{"taxonomy":"post_tag","embeddable":true,"href":"https:\/\/projetocineb.com.br\/index.php?rest_route=%2Fwp%2Fv2%2Ftags&post=12278"}],"curies":[{"name":"wp","href":"https:\/\/api.w.org\/{rel}","templated":true}]}}