{"id":12287,"date":"2020-03-03T20:09:18","date_gmt":"2020-03-03T23:09:18","guid":{"rendered":"http:\/\/projetocineb.com.br\/?p=12287"},"modified":"2020-03-03T20:09:18","modified_gmt":"2020-03-03T23:09:18","slug":"teve-turma-da-monica-no-jardim-coimbra","status":"publish","type":"post","link":"https:\/\/projetocineb.com.br\/?p=12287","title":{"rendered":"CineB Solar no Jardim Coimbra"},"content":{"rendered":"<p>O m\u00eas de fevereiro no CineB Solar foi uma festa para as crian\u00e7as. O filme de Daniel Rezende,\u201dTurma da M\u00f4nica \u2013 La\u00e7os\u201d, circulou os bairros da capital paulista e chegou \u00e0 Escola Municipal de Ensino Fundamental (Emef) Dona Jenny Gomes, localizada no bairro Jardim Coimbra, zona leste de S\u00e3o Paulo, no \u00faltimo dia 28\/02. A sess\u00e3o teve direito a brincadeiras, e um debate ao final da sess\u00e3o.<\/p>\n<figure id=\"attachment_12288\" aria-describedby=\"caption-attachment-12288\" style=\"width: 1280px\" class=\"wp-caption alignnone\"><a href=\"http:\/\/projetocineb.com.br\/wp-content\/uploads\/2020\/03\/JdCoimbra_28FEV2020_@Cel-5.jpg\"><img fetchpriority=\"high\" decoding=\"async\" class=\"size-full wp-image-12288\" src=\"http:\/\/projetocineb.com.br\/wp-content\/uploads\/2020\/03\/JdCoimbra_28FEV2020_@Cel-5.jpg\" alt=\"\" width=\"1280\" height=\"960\" \/><\/a><figcaption id=\"caption-attachment-12288\" class=\"wp-caption-text\"><em>Nem mesmo o tempo chuvoso impediu as fam\u00edlias de acompanharem uma sess\u00e3o de cinema<\/em><\/figcaption><\/figure>\n<p>O longa-metragem do diretor Daniel Rezende, com o elenco infantil de Kevin Vechiatto, Giulia Benite, Gabriel Moreira e Laura Rauseo, conta a hist\u00f3ria do desaparecimento do cachorro de Cebolinha, Floquinho, e a aventura que ele e sua turma enfrentam pela floresta para encontr\u00e1-lo.<br \/>\nA escola municipal Dona Jenny Gomes atende um p\u00fablico amplo, de cerca de 1.200 alunos, incluindo crian\u00e7as do primeiro ao nono ano e ensino para jovens e adultos no per\u00edodo da noite.<\/p>\n<p>Sandra Cristina da Silva Prado, coordenadora pedag\u00f3gica da escola, foi quem entrou em contato com o CineB Solar e organizou a sess\u00e3o. Para Sandra, \u00e9 de extrema import\u00e2ncia que projetos de cultura circulem pelas escolas das periferias \u201cOs alunos estavam muito emocionados, iam vir na escola assistir um filme de gra\u00e7a, estavam radiantes, ent\u00e3o \u00e9 importante ter esse tipo de evento, porque muitas das nossas crian\u00e7as nunca foram ao cinema\u201d, conta.<\/p>\n<figure id=\"attachment_12289\" aria-describedby=\"caption-attachment-12289\" style=\"width: 831px\" class=\"wp-caption alignnone\"><a href=\"http:\/\/projetocineb.com.br\/wp-content\/uploads\/2020\/03\/JdCoimbra_28FEV20_bx-7.jpg\"><img decoding=\"async\" class=\"size-full wp-image-12289\" src=\"http:\/\/projetocineb.com.br\/wp-content\/uploads\/2020\/03\/JdCoimbra_28FEV20_bx-7.jpg\" alt=\"\" width=\"831\" height=\"531\" \/><\/a><figcaption id=\"caption-attachment-12289\" class=\"wp-caption-text\"><em>Na sess\u00e3o rolou muitas brincadeiras e sorteios<\/em><\/figcaption><\/figure>\n<p>A sess\u00e3o contou com a colabora\u00e7\u00e3o dos alunos do per\u00edodo da tarde que montaram uma caixa para que o p\u00fablico depositasse os convites na entrada. Tamb\u00e9m contou com a participa\u00e7\u00e3o de integrantes da comunidade Pacarana, al\u00e9m de alunos do EJA, entre eles, bolivianos.<\/p>\n<p>T\u00e1rsio Luiz Carlos da Silveira, professor, veio com seu filho Eric de 9 anos que estuda no quarto ano da Emef. Morador do bairro, diz ter achado o filme o m\u00e1ximo \u201cachei muito legal, passou uma mensagem muito bacana que \u00e9 a amizade, gostei muito\u201d, comenta.<\/p>\n<figure id=\"attachment_12290\" aria-describedby=\"caption-attachment-12290\" style=\"width: 831px\" class=\"wp-caption alignnone\"><a href=\"http:\/\/projetocineb.com.br\/wp-content\/uploads\/2020\/03\/JdCoimbra_28FEV20_bx-26.jpg\"><img decoding=\"async\" class=\"size-full wp-image-12290\" src=\"http:\/\/projetocineb.com.br\/wp-content\/uploads\/2020\/03\/JdCoimbra_28FEV20_bx-26.jpg\" alt=\"\" width=\"831\" height=\"552\" \/><\/a><figcaption id=\"caption-attachment-12290\" class=\"wp-caption-text\"><em>O coordenador do CineB Cid\u00e1lio Vieira e a coordenadora pedag\u00f3gica Sandra Cristina Prado, na abertura da sess\u00e3o<\/em><\/figcaption><\/figure>\n<p><strong>DEBATE<\/strong><br \/>\nAo final do filme, o coordenador do projeto, Cid\u00e1lio Vieira Santos, organizou um debate entre algumas crian\u00e7as presentes. Os participantes foram Vitor, Gabriela, Ana Beatriz, William e Emile que falaram sobre o que gostaram no filme e na sess\u00e3o. Ana Beatriz, explicou que nunca tinha \u201cvisto um cinema ir \u00e0 escola\u201d, como ocorreu na sexta-feira, e pediu para que o CineB Solar v\u00e1 mais vezes na escola. J\u00e1 Emile contou ter gostado da cena em que M\u00f4nica chorou, quando Cebolinha fala que ela \u00e9 \u201cgorda\u201d. \u201cMe emocionou e eu chorei junto\u201d, lembra.<\/p>\n<p>M\u00e3e de Emile, Maria Eduarda Concei\u00e7\u00e3o Santos, conta que gostou bastante da iniciativa: \u201cespero que voc\u00eas mantenham esse projeto, \u00e9 muito legal, para a escola, para a gente, para quem n\u00e3o frequenta muito cinema\u201d, destaca.<\/p>\n<figure id=\"attachment_12291\" aria-describedby=\"caption-attachment-12291\" style=\"width: 808px\" class=\"wp-caption alignnone\"><a href=\"http:\/\/projetocineb.com.br\/wp-content\/uploads\/2020\/03\/JdCoimbra_28FEV20_bx-35.jpg\"><img loading=\"lazy\" decoding=\"async\" class=\"size-full wp-image-12291\" src=\"http:\/\/projetocineb.com.br\/wp-content\/uploads\/2020\/03\/JdCoimbra_28FEV20_bx-35.jpg\" alt=\"\" width=\"808\" height=\"552\" \/><\/a><figcaption id=\"caption-attachment-12291\" class=\"wp-caption-text\"><em>Debate com as crian\u00e7as que assistiram ao filme da Turma da M\u00f4nica &#8211; La\u00e7os<\/em><\/figcaption><\/figure>\n<p>Ao final da sess\u00e3o o p\u00fablico participou de sorteios e pode levar brindes do CineB Solar como camisetas e \u00e1lbuns de figurinhas da Turma da M\u00f4nica, al\u00e9m de produtos da M\u00e3o Terra Produtos Naturais.<\/p>\n<p><strong>SOBRE O CINEB SOLAR<\/strong><br \/>\nO CineB Solar \u00e9 um circuito itinerante de cinema realizado pelo Sindicato dos Banc\u00e1rios de S\u00e3o Paulo, Osasco e Regi\u00e3o e pela Brazucah Produ\u00e7\u00f5es. Desde 2007, j\u00e1 atingiu um p\u00fablico superior a 70 mil espectadores em mais de 550 sess\u00f5es gratuitas, realizadas em comunidades e universidades da cidade de S\u00e3o Paulo. A iniciativa busca democratizar o acesso ao cinema nacional e divulgar os filmes produzidos no Brasil. J\u00e1 foram exibidos na tela do CineB Solar mais de 130 longas-metragens e 80 curtas-metragens, al\u00e9m da realiza\u00e7\u00e3o de pr\u00e9-estreias exclusivas.<\/p>\n<p><em>Texto: Mirella Magnani, com supervis\u00e3o de Carlos Rizzo. Fotos: Mirella Magnani<\/em><\/p>\n\t\t\t\n\t\t\t<!-- Blueimp gallery -->\n\t\t\t<div id=\"blueimp-gallery\" class=\"blueimp-gallery blueimp-gallery-controls\">\n\t\t\t\t<div class=\"slides\"><\/div>\n\t\t\t\t<h3 class=\"title\"><\/h3>\n\t\t\t\t<a class=\"prev\">\u2039<\/a>\n\t\t\t\t<a class=\"next\">\u203a<\/a>\n\t\t\t\t<a class=\"close\">\u00d7<\/a>\n\t\t\t\t<a class=\"play-pause\"><\/a>\n\t\t\t\t<ol class=\"indicator\"><\/ol>\n\t\t\t\t<div class=\"modal fade\">\n\t\t\t\t\t<div class=\"modal-dialog\">\n\t\t\t\t\t\t<div class=\"modal-content\">\n\t\t\t\t\t\t\t<div class=\"modal-header\">\n\t\t\t\t\t\t\t\t<button type=\"button\" class=\"close\" aria-hidden=\"true\">&times;<\/button>\n\t\t\t\t\t\t\t\t<h4 class=\"modal-title\"><\/h4>\n\t\t\t\t\t\t\t<\/div>\n\t\t\t\t\t\t\t<div class=\"modal-body next\"><\/div>\n\t\t\t\t\t\t\t<div class=\"modal-footer\">\n\t\t\t\t\t\t\t\t<button type=\"button\" class=\"btn btn-default pull-left prev\">\n\t\t\t\t\t\t\t\t\t<i class=\"glyphicon glyphicon-chevron-left\"><\/i>\n\t\t\t\t\t\t\t\t\tPrevious\t\t\t\t\t\t\t\t<\/button>\n\t\t\t\t\t\t\t\t<button type=\"button\" class=\"btn btn-primary next\">\n\t\t\t\t\t\t\t\t\tNext\t\t\t\t\t\t\t\t\t<i class=\"glyphicon glyphicon-chevron-right\"><\/i>\n\t\t\t\t\t\t\t\t<\/button>\n\t\t\t\t\t\t\t<\/div>\n\t\t\t\t\t\t<\/div>\n\t\t\t\t\t<\/div>\n\t\t\t\t<\/div>\n\t\t\t<\/div>\n\t\t\t<script type=\"text\/javascript\">\n\t\t\tjQuery(function() {\n\t\t\t\t\/\/ Set blueimp gallery options\n\t\t\t\tjQuery.extend(blueimp.Gallery.prototype.options, {\n\t\t\t\t\tuseBootstrapModal: false,\n\t\t\t\t\thidePageScrollbars: false\n\t\t\t\t});\n\t\t\t});\n\t\t\t<\/script>\n\t\t\t\n","protected":false},"excerpt":{"rendered":"<p>O m\u00eas de fevereiro no CineB Solar foi uma festa para as crian\u00e7as. O filme de Daniel Rezende,\u201dTurma da M\u00f4nica[&#8230;]<\/p>\n","protected":false},"author":3,"featured_media":12292,"comment_status":"open","ping_status":"open","sticky":false,"template":"","format":"standard","meta":[],"categories":[2,3],"tags":[154,255,366,457,675,1084,1132,1176],"_links":{"self":[{"href":"https:\/\/projetocineb.com.br\/index.php?rest_route=\/wp\/v2\/posts\/12287"}],"collection":[{"href":"https:\/\/projetocineb.com.br\/index.php?rest_route=\/wp\/v2\/posts"}],"about":[{"href":"https:\/\/projetocineb.com.br\/index.php?rest_route=\/wp\/v2\/types\/post"}],"author":[{"embeddable":true,"href":"https:\/\/projetocineb.com.br\/index.php?rest_route=\/wp\/v2\/users\/3"}],"replies":[{"embeddable":true,"href":"https:\/\/projetocineb.com.br\/index.php?rest_route=%2Fwp%2Fv2%2Fcomments&post=12287"}],"version-history":[{"count":0,"href":"https:\/\/projetocineb.com.br\/index.php?rest_route=\/wp\/v2\/posts\/12287\/revisions"}],"wp:featuredmedia":[{"embeddable":true,"href":"https:\/\/projetocineb.com.br\/index.php?rest_route=\/wp\/v2\/media\/12292"}],"wp:attachment":[{"href":"https:\/\/projetocineb.com.br\/index.php?rest_route=%2Fwp%2Fv2%2Fmedia&parent=12287"}],"wp:term":[{"taxonomy":"category","embeddable":true,"href":"https:\/\/projetocineb.com.br\/index.php?rest_route=%2Fwp%2Fv2%2Fcategories&post=12287"},{"taxonomy":"post_tag","embeddable":true,"href":"https:\/\/projetocineb.com.br\/index.php?rest_route=%2Fwp%2Fv2%2Ftags&post=12287"}],"curies":[{"name":"wp","href":"https:\/\/api.w.org\/{rel}","templated":true}]}}