{"id":12343,"date":"2020-03-18T17:08:55","date_gmt":"2020-03-18T20:08:55","guid":{"rendered":"http:\/\/projetocineb.com.br\/?p=12343"},"modified":"2020-03-18T17:08:55","modified_gmt":"2020-03-18T20:08:55","slug":"cinema-de-rua-no-jardim-herculano","status":"publish","type":"post","link":"https:\/\/projetocineb.com.br\/?p=12343","title":{"rendered":"Cinema de rua no Jardim Herculano"},"content":{"rendered":"<p><em>CineB Solar foi at\u00e9 a regi\u00e3o do Jardim \u00c2ngela, Zona Sul da capital, dia 14\/03, e organizou um cinema de rua para exibir o longa-metragem &#8220;Turma da M\u00f4nica &#8211; La\u00e7os&#8221;.<\/em><\/p>\n<figure id=\"attachment_12345\" aria-describedby=\"caption-attachment-12345\" style=\"width: 1920px\" class=\"wp-caption alignnone\"><a href=\"http:\/\/projetocineb.com.br\/wp-content\/uploads\/2020\/03\/20200314210824__MG_2890-01.jpg\"><img fetchpriority=\"high\" decoding=\"async\" class=\"size-full wp-image-12345\" src=\"http:\/\/projetocineb.com.br\/wp-content\/uploads\/2020\/03\/20200314210824__MG_2890-01.jpg\" alt=\"\" width=\"1920\" height=\"1280\" \/><\/a><figcaption id=\"caption-attachment-12345\" class=\"wp-caption-text\"><em>A fam\u00edlia toda se ligou no filme da M\u00f4nica<\/em><\/figcaption><\/figure>\n<p>Imagine um lugar onde as pessoas vivem horas de felicidade? E se esse lugar for um canto de rua, sem sa\u00edda, com uma grande tela de cinema, cadeiras, pipoca e um cineminha de gra\u00e7a? Pois \u00e9, o Jardim Herculano, ali na regi\u00e3o do Jardim \u00c2ngela, na Zona Sul de S\u00e3o Paulo teve, no \u00faltimo s\u00e1bado, 14\/03, seu dia de festa e alegria com o Projeto CineB Solar, que foi l\u00e1 para exibir o longa-metragem \u201cTurma da M\u00f4nica \u2013 La\u00e7os\u201d, de Daniel Rezende.<\/p>\n<p>As crian\u00e7as provaram que n\u00e3o h\u00e1 tempo ruim quando o assunto \u00e9 ver um bom filme. Na falta de cadeiras, se acomodaram deitadas em tapumes, banquetas e at\u00e9 na cal\u00e7ada enquanto liam suas revistinhas da Turma da M\u00f4nica, distribu\u00eddas para todas as crian\u00e7as antes da exibi\u00e7\u00e3o come\u00e7ar. Ali\u00e1s,\u00a0 Maur\u00edcio de Sousa, gravou uma mensagem\u00a0 especial para o p\u00fablico presente, enviada pelo filho Marcelo Pereira de Sousa ao coordenador do CineB Solar, Cid\u00e1lio Vieira Santos.<\/p>\n<figure id=\"attachment_12346\" aria-describedby=\"caption-attachment-12346\" style=\"width: 1920px\" class=\"wp-caption alignleft\"><a href=\"http:\/\/projetocineb.com.br\/wp-content\/uploads\/2020\/03\/20200314210541__MG_2884-01.jpg\"><img decoding=\"async\" class=\"size-full wp-image-12346\" src=\"http:\/\/projetocineb.com.br\/wp-content\/uploads\/2020\/03\/20200314210541__MG_2884-01.jpg\" alt=\"\" width=\"1920\" height=\"1280\" \/><\/a><figcaption id=\"caption-attachment-12346\" class=\"wp-caption-text\"><em>Cid\u00e1lio, coordenador do CineB Solar, padre Jaime e Cleide, coordenadora do CCA na abertura da sess\u00e3o<\/em><\/figcaption><\/figure>\n<p>Cleide Ferreira, gerente do Centro da Crian\u00e7a e do Adolescente (CCA) Nossa Senhora de F\u00e1tima, servi\u00e7o conveniado a prefeitura que atende diariamente 120 crian\u00e7as e adolescentes de 6 a 15, foi quem contatou o CineB Solar para ir at\u00e9 a comunidade do Jardim Herculano. O CCA \u00e9 ligado \u00e0 Par\u00f3quia Santos M\u00e1rtires, onde o CineB j\u00e1 realizou diversas sess\u00f5es, e fica a cerca de 8 km da igreja. \u201cAtendemos crian\u00e7as que nunca foram ao cinema e essa foi uma oportunidade que eu vi de trazer o cinema para eles\u201d, destaca.<\/p>\n<p>O padre Jaime Crowe, p\u00e1roco da Santos M\u00e1rtires, e grande lideran\u00e7a comunit\u00e1ria, \u00e9 um entusiasta do Projeto CineB Solar, mas, desta vez n\u00e3o pode acompanhar o filme por conta de outros compromissos. Mesmo assim, deixou sua mensagem \u00e0s mais de 150 pessoas que compareceram \u00e0 sess\u00e3o. \u201c\u00c9 com muita alegria que acolhemos o CineB Solar, para, mais uma vez, trazer cultura para nosso povo t\u00e3o marginalizado\u201d, disse. Crowe destacou ainda, o quanto a periferia est\u00e1 sofrendo nos \u00faltimos anos com a falta de democracia e acrescentou, com ar otimista: \u201cCoragem! Vamos em frente! O futuro \u00e9 nosso\u201d, finalizou, antes de sair.<\/p>\n<figure id=\"attachment_12347\" aria-describedby=\"caption-attachment-12347\" style=\"width: 783px\" class=\"wp-caption alignnone\"><a href=\"http:\/\/projetocineb.com.br\/wp-content\/uploads\/2020\/03\/JdHerculano14MAR2020-22.jpg\"><img decoding=\"async\" class=\"size-full wp-image-12347\" src=\"http:\/\/projetocineb.com.br\/wp-content\/uploads\/2020\/03\/JdHerculano14MAR2020-22.jpg\" alt=\"\" width=\"783\" height=\"552\" \/><\/a><figcaption id=\"caption-attachment-12347\" class=\"wp-caption-text\"><em>Maur\u00edcio de Souza gravou um v\u00eddeo especialmente para o p\u00fablico presente na sess\u00e3o e ficou feliz pelo projeto<\/em><\/figcaption><\/figure>\n<p>Mesmo com a tem\u00e1tica infantil, o filme divertiu Ana S\u00e1 Teles, analista de sistema, que mora pr\u00f3ximo ao CCA, no Jardim Ana Camouro. \u201cAl\u00e9m de trazer cultura, voc\u00eas usam a energia sustent\u00e1vel. Eu achei muito lindo, nunca imaginei que iria me divertir tanto e conhecer um projeto destes aqui no meu bairro\u201d, dispara. Ana S\u00e1 foi \u00e0 sess\u00e3o com sua prima, Vitoria S\u00e1 Teles, de 9 anos, que frequenta o CCA e participou do debate com outras crian\u00e7as ao final da sess\u00e3o.<\/p>\n<p><strong>DEBATE<\/strong><br \/>\nA sess\u00e3o contou com a participa\u00e7\u00e3o de 10 crian\u00e7as nos debates organizados pelo coordenador do CineB Solar. Foram duas turmas de debatedores. A primeira contou com a participa\u00e7\u00e3o de Raquel, Natanael e Guilherme, de 10 anos e Vit\u00f3ria e Arthur de 9 anos. Natanael lembrou que acompanhou a sess\u00e3o com \u201cIrm\u00e3 Dulce\u201d na Par\u00f3quia Santos M\u00e1rtires em novembro e disparou \u201cGostei muito quando o Cebolinha fez vodu no boneco\u201d, comentou. J\u00e1 Arthur lembrou que o melhor momento do filme foi quando Cebolinha soltou os cachorros. Guilherme comentou que acompanhou a sess\u00e3o ao lado da av\u00f3, Maria da Concei\u00e7\u00e3o \u201cA gente nunca tinha visto uma sess\u00e3o assim, com as pessoas reunidas na rua para ver um filme\u201d, comemora.<\/p>\n<figure id=\"attachment_12348\" aria-describedby=\"caption-attachment-12348\" style=\"width: 831px\" class=\"wp-caption alignleft\"><a href=\"http:\/\/projetocineb.com.br\/wp-content\/uploads\/2020\/03\/JdHerculano14MAR2020-32.jpg\"><img loading=\"lazy\" decoding=\"async\" class=\"size-full wp-image-12348\" src=\"http:\/\/projetocineb.com.br\/wp-content\/uploads\/2020\/03\/JdHerculano14MAR2020-32.jpg\" alt=\"\" width=\"831\" height=\"488\" \/><\/a><figcaption id=\"caption-attachment-12348\" class=\"wp-caption-text\"><em>E o debate correu solto depois da exibi\u00e7\u00e3o<\/em><\/figcaption><\/figure>\n<p>Vit\u00f3ria tamb\u00e9m gostou, mesmo tendo assistido o filme nos cinemas. \u201cPrefiro mesmo assistir aqui do que no cinema. Eu prefiro mil vezes ficar na rua, reunida com as pessoas\u201d, termina. Uma segunda turma de debatedores contou ainda com a presen\u00e7a de Isaque, Isabele e Gustavo. No final, foram sorteados brindes como camisetas e livros.<\/p>\n<p><strong>SOBRE O CINEB SOLAR<\/strong><br \/>\nO CineB Solar \u00e9 um circuito itinerante de cinema realizado pelo Sindicato dos Banc\u00e1rios de S\u00e3o Paulo, Osasco e Regi\u00e3o e pela Brazucah Produ\u00e7\u00f5es. Desde 2007, j\u00e1 atingiu um p\u00fablico superior a 70 mil espectadores em mais de 550 sess\u00f5es gratuitas, realizadas em comunidades e universidades da cidade de S\u00e3o Paulo. A iniciativa busca democratizar o acesso ao cinema nacional e divulgar os filmes produzidos no Brasil. J\u00e1 foram exibidos na tela do CineB Solar mais de 130 longas-metragens e 80 curtas-metragens, al\u00e9m da realiza\u00e7\u00e3o de pr\u00e9-estreias exclusivas.<\/p>\n<p><strong>CURTAM NOSSAS REDES SOCIAIS<\/strong><br \/>\nAcompanhe nossa programa\u00e7\u00e3o e todas as novidades do CineB Solar nas redes sociais. Curta o Facebook e o Instagram e ajude a divulgar nosso projeto.<\/p>\n<p><em>Texto: Mirella Magnani com supervis\u00e3o de Carlos Rizzo. Fotos: Mirella Magnani e F\u00e1bio Eufr\u00e1sio<\/em><\/p>\n\t\t\t\n\t\t\t<!-- Blueimp gallery -->\n\t\t\t<div id=\"blueimp-gallery\" class=\"blueimp-gallery blueimp-gallery-controls\">\n\t\t\t\t<div class=\"slides\"><\/div>\n\t\t\t\t<h3 class=\"title\"><\/h3>\n\t\t\t\t<a class=\"prev\">\u2039<\/a>\n\t\t\t\t<a class=\"next\">\u203a<\/a>\n\t\t\t\t<a class=\"close\">\u00d7<\/a>\n\t\t\t\t<a class=\"play-pause\"><\/a>\n\t\t\t\t<ol class=\"indicator\"><\/ol>\n\t\t\t\t<div class=\"modal fade\">\n\t\t\t\t\t<div class=\"modal-dialog\">\n\t\t\t\t\t\t<div class=\"modal-content\">\n\t\t\t\t\t\t\t<div class=\"modal-header\">\n\t\t\t\t\t\t\t\t<button type=\"button\" class=\"close\" aria-hidden=\"true\">&times;<\/button>\n\t\t\t\t\t\t\t\t<h4 class=\"modal-title\"><\/h4>\n\t\t\t\t\t\t\t<\/div>\n\t\t\t\t\t\t\t<div class=\"modal-body next\"><\/div>\n\t\t\t\t\t\t\t<div class=\"modal-footer\">\n\t\t\t\t\t\t\t\t<button type=\"button\" class=\"btn btn-default pull-left prev\">\n\t\t\t\t\t\t\t\t\t<i class=\"glyphicon glyphicon-chevron-left\"><\/i>\n\t\t\t\t\t\t\t\t\tPrevious\t\t\t\t\t\t\t\t<\/button>\n\t\t\t\t\t\t\t\t<button type=\"button\" class=\"btn btn-primary next\">\n\t\t\t\t\t\t\t\t\tNext\t\t\t\t\t\t\t\t\t<i class=\"glyphicon glyphicon-chevron-right\"><\/i>\n\t\t\t\t\t\t\t\t<\/button>\n\t\t\t\t\t\t\t<\/div>\n\t\t\t\t\t\t<\/div>\n\t\t\t\t\t<\/div>\n\t\t\t\t<\/div>\n\t\t\t<\/div>\n\t\t\t<script type=\"text\/javascript\">\n\t\t\tjQuery(function() {\n\t\t\t\t\/\/ Set blueimp gallery options\n\t\t\t\tjQuery.extend(blueimp.Gallery.prototype.options, {\n\t\t\t\t\tuseBootstrapModal: false,\n\t\t\t\t\thidePageScrollbars: false\n\t\t\t\t});\n\t\t\t});\n\t\t\t<\/script>\n\t\t\t\n","protected":false},"excerpt":{"rendered":"<p>CineB Solar foi at\u00e9 a regi\u00e3o do Jardim \u00c2ngela, Zona Sul da capital, dia 14\/03, e organizou um cinema de[&#8230;]<\/p>\n","protected":false},"author":3,"featured_media":12349,"comment_status":"open","ping_status":"open","sticky":false,"template":"","format":"standard","meta":[],"categories":[2,6],"tags":[154,193,237,255,366,806,908,1132,1176],"_links":{"self":[{"href":"https:\/\/projetocineb.com.br\/index.php?rest_route=\/wp\/v2\/posts\/12343"}],"collection":[{"href":"https:\/\/projetocineb.com.br\/index.php?rest_route=\/wp\/v2\/posts"}],"about":[{"href":"https:\/\/projetocineb.com.br\/index.php?rest_route=\/wp\/v2\/types\/post"}],"author":[{"embeddable":true,"href":"https:\/\/projetocineb.com.br\/index.php?rest_route=\/wp\/v2\/users\/3"}],"replies":[{"embeddable":true,"href":"https:\/\/projetocineb.com.br\/index.php?rest_route=%2Fwp%2Fv2%2Fcomments&post=12343"}],"version-history":[{"count":0,"href":"https:\/\/projetocineb.com.br\/index.php?rest_route=\/wp\/v2\/posts\/12343\/revisions"}],"wp:featuredmedia":[{"embeddable":true,"href":"https:\/\/projetocineb.com.br\/index.php?rest_route=\/wp\/v2\/media\/12349"}],"wp:attachment":[{"href":"https:\/\/projetocineb.com.br\/index.php?rest_route=%2Fwp%2Fv2%2Fmedia&parent=12343"}],"wp:term":[{"taxonomy":"category","embeddable":true,"href":"https:\/\/projetocineb.com.br\/index.php?rest_route=%2Fwp%2Fv2%2Fcategories&post=12343"},{"taxonomy":"post_tag","embeddable":true,"href":"https:\/\/projetocineb.com.br\/index.php?rest_route=%2Fwp%2Fv2%2Ftags&post=12343"}],"curies":[{"name":"wp","href":"https:\/\/api.w.org\/{rel}","templated":true}]}}