{"id":12355,"date":"2020-04-08T19:15:21","date_gmt":"2020-04-08T22:15:21","guid":{"rendered":"http:\/\/projetocineb.com.br\/?p=12355"},"modified":"2020-04-08T19:15:21","modified_gmt":"2020-04-08T22:15:21","slug":"entidades-se-mobilizam-para-ajudar-comunidades-a-enfrentar-o-coronavirus","status":"publish","type":"post","link":"https:\/\/projetocineb.com.br\/?p=12355","title":{"rendered":"Comunidades se mobilizam para enfrentar o coronav\u00edrus"},"content":{"rendered":"<p><em>V\u00e1rias entidades que participam do projeto CineB Solar est\u00e3o mobilizadas para levar ajuda \u00e0s comunidades em que atuam, no combate \u00e0 pandemia do novo coronav\u00edrus, que j\u00e1 atinge de forma agressiva a cidade de S\u00e3o Paulo.<\/em><\/p>\n<p><a href=\"http:\/\/projetocineb.com.br\/wp-content\/uploads\/2020\/04\/doacao-alimentos.jpg\"><img fetchpriority=\"high\" decoding=\"async\" class=\" wp-image-12359 alignnone\" src=\"http:\/\/projetocineb.com.br\/wp-content\/uploads\/2020\/04\/doacao-alimentos.jpg\" alt=\"\" width=\"565\" height=\"339\" \/><\/a><\/p>\n<p>O blog do CineB Solar traz a seu p\u00fablico uma not\u00edcia diferente do que est\u00e1 acostumado a produzir. Em vez de filmes e sess\u00f5es, vamos falar de solidariedade, das a\u00e7\u00f5es que as entidades e comunidades parceiras do projeto est\u00e3o desenvolvendo para amenizar os problemas e sofrimento das pessoas, nesse per\u00edodo de quarentena no combate ao novo coronav\u00edrus nas v\u00e1rias regi\u00f5es da capital paulista.<br \/>\nComo as a\u00e7\u00f5es sociais dos governos s\u00e3o t\u00edmidas, quase nulas para boa parte da popula\u00e7\u00e3o que mais precisa, entidades da cidade de S\u00e3o Paulo tomaram a frente e est\u00e3o mobilizadas para conseguir alimentos e materiais de higiene e limpeza para as fam\u00edlias.<\/p>\n<p>\u00c9 o caso da comunidade de Heli\u00f3polis, onde a Unas \u2013 Uni\u00e3o de N\u00facleos e Associa\u00e7\u00f5es de Moradores de Heli\u00f3polis e Regi\u00e3o, entidade que recebeu o projeto no ano passado para exibir curta-metragens infantis (<a href=\"http:\/\/projetocineb.com.br\/?p=11619\">veja a sess\u00e3o aqui<\/a>) est\u00e1 realizando uma ampla campanha de arrecada\u00e7\u00e3o de alimentos. \u00c2ngela Ferreira, coordenadora de projeto social da Unas e gestora da Biblioteca Comunit\u00e1ria explica que \u201csempre que acontece alguma situa\u00e7\u00e3o emergencial a ONG faz arrecada\u00e7\u00f5es que s\u00e3o direcionadas \u00e0s fam\u00edlias que frequentam os espa\u00e7os da institui\u00e7\u00e3o e vivem uma situa\u00e7\u00e3o de vulnerabilidade\u201d, destaca.<\/p>\n<figure id=\"attachment_12364\" aria-describedby=\"caption-attachment-12364\" style=\"width: 590px\" class=\"wp-caption alignnone\"><a href=\"http:\/\/projetocineb.com.br\/wp-content\/uploads\/2020\/04\/DSC_0085.jpg\"><img decoding=\"async\" class=\" wp-image-12364\" src=\"http:\/\/projetocineb.com.br\/wp-content\/uploads\/2020\/04\/DSC_0085.jpg\" alt=\"\" width=\"590\" height=\"392\" \/><\/a><figcaption id=\"caption-attachment-12364\" class=\"wp-caption-text\"><em>Centro S\u00e3o Jos\u00e9 (foto), no Jardim Riviera, Zona Sul, \u00e9 um dos locais de arrecada\u00e7\u00e3o de alimentos<\/em><\/figcaption><\/figure>\n<p>A campanha est\u00e1 priorizando doa\u00e7\u00f5es de cestas b\u00e1sicas como alimentos n\u00e3o perec\u00edveis (arroz, feij\u00e3o, macarr\u00e3o, fub\u00e1, entre outros), alimentos que aumentam a imunidade (como leite em p\u00f3, atum, sardinha), kits de higiene e brinquedos. As doa\u00e7\u00f5es, podem ser encaminhadas \u00e0 sede da entidade (Rua da Mina Central, 38, Heli\u00f3polis, S\u00e3o Paulo), ou na Biblioteca Comunit\u00e1ria de Heli\u00f3polis\/Unas.<\/p>\n<p><a href=\"http:\/\/projetocineb.com.br\/wp-content\/uploads\/2020\/04\/Paroquia-Santos-Martires.jpeg\"><img decoding=\"async\" class=\"alignleft wp-image-12360\" src=\"http:\/\/projetocineb.com.br\/wp-content\/uploads\/2020\/04\/Paroquia-Santos-Martires.jpeg\" alt=\"\" width=\"474\" height=\"338\" \/><\/a><\/p>\n<p>Outros espa\u00e7os tamb\u00e9m est\u00e3o mobilizados, como as 18 entidades ligadas \u00e0 par\u00f3quia Santos M\u00e1rtires, localizada no Jardim \u00c2ngela, Zona Sul de S\u00e3o Paulo. Segundo Doni Ara\u00fajo, coordenador do Centro de Forma\u00e7\u00e3o e Recrea\u00e7\u00e3o Jardim S\u00e3o Jos\u00e9, localizado na regi\u00e3o do Guarapiranga, onde o CineB Solar esteve em fevereiro exibindo o filme da Turma da M\u00f4nica (<a href=\"http:\/\/projetocineb.com.br\/?p=12255\">veja aqui sess\u00e3o<\/a>), \u201ca fam\u00edlia Santos M\u00e1rtires, est\u00e1 precisando de todo apoio para arrecadar cestas b\u00e1sicas, materiais de higiene e limpeza para ajudar as 2.500 fam\u00edlias das comunidades neste momento t\u00e3o dif\u00edcil\u201d, declara. Ara\u00fajo lembra que as pessoas tamb\u00e9m podem fazer contribui\u00e7\u00f5es financeiras, para n\u00e3o precisar sair de casa. Os valores ser\u00e3o gerenciados pela entidade religiosa.<\/p>\n<p>A ONG Juntos (Jardins Unidos Num Trabalho de Obras Social) localizada no Jardim Bras\u00edlia, Zona Leste de S\u00e3o Paulo, parceira do CineB Solar h\u00e1 quase dez anos, atua em quatro projetos sociais em comunidades da regi\u00e3o (<a href=\"http:\/\/projetocineb.com.br\/?p=12278\">veja a \u00faltima sess\u00e3o do CineB no CCA Juntos I<\/a>). Segundo o diretor administrativo da ONG, Humberto Canavesi, \u201ca entidade est\u00e1 recebendo doa\u00e7\u00e3o de alimentos e produtos de limpeza, sobretudo para atender \u00e0s necessidades b\u00e1sicas das fam\u00edlias das crian\u00e7as e adolescentes que frequentam os espa\u00e7os\u201d, avisa.<\/p>\n<p><a href=\"http:\/\/projetocineb.com.br\/wp-content\/uploads\/2020\/04\/ONGJuntos.jpeg\"><img loading=\"lazy\" decoding=\"async\" class=\"alignleft wp-image-12368\" src=\"http:\/\/projetocineb.com.br\/wp-content\/uploads\/2020\/04\/ONGJuntos.jpeg\" alt=\"\" width=\"490\" height=\"490\" \/><\/a><\/p>\n<p>Tamb\u00e9m na Zona Oeste, na regi\u00e3o do Butant\u00e3, o Centro Social Santo Dias (<a href=\"http:\/\/projetocineb.com.br\/?p=12122\">veja a \u00faltima sess\u00e3o em parceria com a entidade<\/a>), que atende cerca de 400 fam\u00edlias de idosos, adolescentes em medidas socioeducativas em meio aberto e alco\u00f3latras e drogados est\u00e1 montando kits com alimentos e itens e higiene para atender aquelas fam\u00edlias em situa\u00e7\u00e3o de alta vulnerabilidade social e conta, tamb\u00e9m, com postos de arrecada\u00e7\u00e3o.<\/p>\n<p>Para o coordenador do CineB Solar, Cid\u00e1lio Vieira Santos, precisamos estar atento \u00e0s necessidades das pessoas mais vulner\u00e1veis numa hora dessas. \u201cTodos estamos apreensivos com a sa\u00fade e a economia, mas a solidariedade precisa estar acima das nossas ansiedades\u201d, destaca. E promete: \u201cQuando tudo passar, vamos come\u00e7ar a temporada indo primeiro nesses lugares, para levar cultura e comemorar com eles a nossa vit\u00f3ria no enfrentamento dessa crise\u201d, finaliza.<\/p>\n<p><a href=\"http:\/\/projetocineb.com.br\/wp-content\/uploads\/2020\/04\/Unas.jpeg\"><img loading=\"lazy\" decoding=\"async\" class=\"alignleft wp-image-12361\" src=\"http:\/\/projetocineb.com.br\/wp-content\/uploads\/2020\/04\/Unas.jpeg\" alt=\"\" width=\"489\" height=\"489\" \/><\/a><\/p>\n<p><strong>SOBRE O CINEB SOLAR<\/strong><br \/>\nO CineB Solar \u00e9 um circuito itinerante de cinema realizado pelo Sindicato dos Banc\u00e1rios de S\u00e3o Paulo, Osasco e Regi\u00e3o e pela Brazucah Produ\u00e7\u00f5es. Desde 2007, j\u00e1 atingiu um p\u00fablico superior a 70 mil espectadores em mais de 550 sess\u00f5es gratuitas, realizadas em comunidades e universidades da cidade de S\u00e3o Paulo. A iniciativa busca democratizar o acesso ao cinema nacional e divulgar os filmes produzidos no Brasil. J\u00e1 foram exibidos na tela do CineB Solar mais de 130 longas-metragens e 80 curtas-metragens, al\u00e9m da realiza\u00e7\u00e3o de pr\u00e9-estreias exclusivas.<\/p>\n<p><strong>CURTAM NOSSAS REDES SOCIAIS<\/strong><br \/>\nAcompanhe nossa programa\u00e7\u00e3o e todas as novidades do CineB Solar nas redes sociais. Curta o Facebook e o Instagram e ajude a divulgar nosso projeto.<\/p>\n<p><strong>SERVI\u00c7O<\/strong><br \/>\n<strong>Unas<\/strong><br \/>\nRecebimento das doa\u00e7\u00f5es: Rua da Mina Central, 38 | Heli\u00f3polis | das 10 \u00e0s 16h<\/p>\n<p><strong>ONG Juntos<\/strong><br \/>\nRecebimento das doa\u00e7\u00f5es: Rua C\u00e2nfora, 90 | Jardim Bras\u00edlia |\u00a0 Whatsapp (11) 958653572<\/p>\n<p><strong>Par\u00f3quia Santos M\u00e1rtires<\/strong><br \/>\nRecebimento das doa\u00e7\u00f5es: rua Luis Baldinato, 09 | Jardim \u00c2ngela | Tel. 11 5831-3053<\/p>\n<p><strong>Centro Social Santo Dias<\/strong><br \/>\nEMAIL: beteschulz@gmail.com | Whatsapp (11) 99306-0317 | Site: https:\/\/santodias-sp.org.br<\/p>\n","protected":false},"excerpt":{"rendered":"<p>V\u00e1rias entidades que participam do projeto CineB Solar est\u00e3o mobilizadas para levar ajuda \u00e0s comunidades em que atuam, no combate[&#8230;]<\/p>\n","protected":false},"author":3,"featured_media":12357,"comment_status":"open","ping_status":"open","sticky":false,"template":"","format":"standard","meta":[],"categories":[2,3],"tags":[211,255,336,887,936,1190],"_links":{"self":[{"href":"https:\/\/projetocineb.com.br\/index.php?rest_route=\/wp\/v2\/posts\/12355"}],"collection":[{"href":"https:\/\/projetocineb.com.br\/index.php?rest_route=\/wp\/v2\/posts"}],"about":[{"href":"https:\/\/projetocineb.com.br\/index.php?rest_route=\/wp\/v2\/types\/post"}],"author":[{"embeddable":true,"href":"https:\/\/projetocineb.com.br\/index.php?rest_route=\/wp\/v2\/users\/3"}],"replies":[{"embeddable":true,"href":"https:\/\/projetocineb.com.br\/index.php?rest_route=%2Fwp%2Fv2%2Fcomments&post=12355"}],"version-history":[{"count":0,"href":"https:\/\/projetocineb.com.br\/index.php?rest_route=\/wp\/v2\/posts\/12355\/revisions"}],"wp:featuredmedia":[{"embeddable":true,"href":"https:\/\/projetocineb.com.br\/index.php?rest_route=\/wp\/v2\/media\/12357"}],"wp:attachment":[{"href":"https:\/\/projetocineb.com.br\/index.php?rest_route=%2Fwp%2Fv2%2Fmedia&parent=12355"}],"wp:term":[{"taxonomy":"category","embeddable":true,"href":"https:\/\/projetocineb.com.br\/index.php?rest_route=%2Fwp%2Fv2%2Fcategories&post=12355"},{"taxonomy":"post_tag","embeddable":true,"href":"https:\/\/projetocineb.com.br\/index.php?rest_route=%2Fwp%2Fv2%2Ftags&post=12355"}],"curies":[{"name":"wp","href":"https:\/\/api.w.org\/{rel}","templated":true}]}}