{"id":1237,"date":"2010-08-15T21:49:51","date_gmt":"2010-08-16T00:49:51","guid":{"rendered":"http:\/\/projetocineb.com.br\/?p=1237"},"modified":"2010-08-15T21:49:51","modified_gmt":"2010-08-16T00:49:51","slug":"jardim-panamericano","status":"publish","type":"post","link":"https:\/\/projetocineb.com.br\/?p=1237","title":{"rendered":"JARDIM PANAMERICANO"},"content":{"rendered":"<p><em>Fotos de Vivian Szelpal<\/em><\/p>\n<p><span style=\"color: #ff6600;\">O Cine B transformou a \u00faltima escola de latinha que existe em S\u00e3o Paulo, na comunidade Santo Expedito, num cinema<\/span>. Os que pensam que todas estas escolas feitas estupidamente de lata (frio no inverno, quente no ver\u00e3o) foram completamente extintas, se engana. \u00a0<span style=\"color: #ff6600;\">\u201cN\u00f3s constru\u00edmos a nova aqui em frente, que \u00e9 a EMEF Rog\u00ea Ferreira, e n\u00e3o deixamos o Kassab derrubar essa escola de latinha, que hoje oferece cursos extra-escolares para a nossa comunidade\u201d, disse Vera Eunice Rodrigues da Silva, conhecida como Verinha, moradora da CDHU<\/span> da comunidade Santo Expedito e coordenadora geral da Associa\u00e7\u00e3o dos Trabalhadores Sem Terra das zonas Oeste e Noroeste.<\/p>\n<figure id=\"attachment_1247\" aria-describedby=\"caption-attachment-1247\" style=\"width: 384px\" class=\"wp-caption aligncenter\"><a href=\"http:\/\/projetocineb.com.br\/wp-content\/uploads\/2010\/08\/0abPanamericano09.jpg\"><img fetchpriority=\"high\" decoding=\"async\" class=\"size-full wp-image-1247  \" title=\"Cine B lotado na comunidade de Santo Expedito\" src=\"http:\/\/projetocineb.com.br\/wp-content\/uploads\/2010\/08\/0abPanamericano09.jpg\" alt=\"Cine B lotado na comunidade de Santo Expedito\" width=\"384\" height=\"255\" \/><\/a><figcaption id=\"caption-attachment-1247\" class=\"wp-caption-text\">Cine B lotado na comunidade de Santo Expedito<\/figcaption><\/figure>\n<p>A comunidade fica <span style=\"color: #ff6600;\">no Jardim Panamericano, zona noroeste de S\u00e3o Paulo<\/span>. Ao lado da escola de latinha, um conjunto habitacional constru\u00eddo atrav\u00e9s de mutir\u00f5es entre os pr\u00f3prios moradores, que h\u00e1 15 anos se inscreveram no MST para conquistarem um lar. <span style=\"color: #ff6600;\">\u201cCome\u00e7amos a construir em 1996 e dois anos depois j\u00e1 conclu\u00edmos. Aqui moram 256 fam\u00edlias, 8 fam\u00edlias por pr\u00e9dio e dois apartamentos por andares. Al\u00e9m de tudo isso, conseguimos a constru\u00e7\u00e3o de um parque aqui na frente, que \u00e9 o Pinheiro D\u2019\u00e0gua. Somos chiques!\u201d, disse Verinha<\/span>.<\/p>\n<p>A luta pelo parque veio da car\u00eancia por espa\u00e7o dos moradores dos apartamentos. O parque tem mirante, brinquedos para as crian\u00e7as, ciclovias e muito verde. Tudo decidido entre os moradores e a prefeitura (\u00e9poca da gest\u00e3o da prefeita Marta Suplicy).<\/p>\n<figure id=\"attachment_1249\" aria-describedby=\"caption-attachment-1249\" style=\"width: 319px\" class=\"wp-caption aligncenter\"><a href=\"http:\/\/projetocineb.com.br\/wp-content\/uploads\/2010\/08\/0abPanamericano11.jpg\"><img decoding=\"async\" class=\"size-full wp-image-1249 \" title=\"Verinha na abertura do Cine B\" src=\"http:\/\/projetocineb.com.br\/wp-content\/uploads\/2010\/08\/0abPanamericano11.jpg\" alt=\"Verinha na abertura do Cine B\" width=\"319\" height=\"480\" \/><\/a><figcaption id=\"caption-attachment-1249\" class=\"wp-caption-text\">Verinha, Vera Eunice Rodrigues da Silva, coordenadora geral da Associa\u00e7\u00e3o dos Trabalhadores Sem Terra das zonas Oeste e Noroeste, na abertura do Cine B<\/figcaption><\/figure>\n<p><span style=\"color: #ff6600;\">Pela<\/span> <span style=\"color: #ff6600;\">primeira vez o Cine B visita esta comunidade. Mas o projeto j\u00e1 esteve em outros bairros da regi\u00e3o como Perus, Residencial Colina D\u2019Oeste, Vila Nova Cachoeirinha e na sede da Associa\u00e7\u00e3o dos Trabaradores Sem Terra das zonas Oeste e Noroeste, que fica na regi\u00e3o da Barra Funda<\/span>.<\/p>\n<p>\u201cO acesso a eventos culturais \u00e9 dif\u00edcil para os que vivem por aqui. O cinema mais pr\u00f3ximos fica nos shoppings da Lapa, por isso para mim, O Cine B \u00e9 um projeto de extrema import\u00e2ncia\u201d, disse Verinha.<\/p>\n<p>Levando em conta que era um s\u00e1bado, peguei o \u00f4nibus em frente ao Parque \u00c1gua Branca, na Francisco Matarazzo e levei uma hora e uns quebradinhos para descer na frente do Rog\u00ea Ferreira. O \u00d4nibus veio super lotado, ainda por cima. <span style=\"color: #ff6600;\">Em dia de semana, eu levaria muito mais tempo para percorrer os, aproximadamente, 20 quil\u00f4metros. Fica dif\u00edcil ir ao cinema desse jeito, concordam?<\/span><\/p>\n<figure id=\"attachment_1253\" aria-describedby=\"caption-attachment-1253\" style=\"width: 384px\" class=\"wp-caption aligncenter\"><a href=\"http:\/\/projetocineb.com.br\/wp-content\/uploads\/2010\/08\/0abPanamericano15.jpg\"><img decoding=\"async\" class=\"size-full wp-image-1253  \" title=\"&quot;Levar cultura e lazer para toda a popula\u00e7\u00e3o ajuda a deixar nossa sociedade melhor e mais justa&quot;, diz Juvandia Moreira na vinheta do Cine B\" src=\"http:\/\/projetocineb.com.br\/wp-content\/uploads\/2010\/08\/0abPanamericano15.jpg\" alt=\"&quot;Levar cultura e lazer para toda a popula\u00e7\u00e3o ajuda a deixar nossa sociedade melhor e mais justa&quot;, diz Juvandia Moreira na vinheta do Cine B\" width=\"384\" height=\"255\" \/><\/a><figcaption id=\"caption-attachment-1253\" class=\"wp-caption-text\">&quot;Levar cultura e lazer para toda a popula\u00e7\u00e3o ajuda a deixar nossa sociedade melhor e mais justa&quot;, diz Juvandia Moreira na vinheta do Cine B<\/figcaption><\/figure>\n<h2><span style=\"color: #008000;\">OLHAR DESATENTO<\/span><\/h2>\n<p>Karina Gomes Tavares de Jesus \u00e9 moradora da comunidade Xica Luiza, na zona noroeste. <span style=\"color: #ff6600;\">\u201cOnde moro \u00e9 aqueles bairros que o governo s\u00f3 se lembra em \u00e9poca de elei\u00e7\u00e3o. Somo carentes de tudo\u201d, disse Karina<\/span>.<\/p>\n<p>H\u00e1 pouco tempo a Prefeitura de S\u00e3o Paulo tentou remover a popula\u00e7\u00e3o que vive no local desde o in\u00edcio dos anos 90. \u201cCheguei l\u00e1 em 91, vi os primeiros barracos serem constru\u00eddos. Hoje n\u00e3o temos mais barracos, a popula\u00e7\u00e3o se organizou e demos nomes a todas as ruas. O governo chegou a nos intimar oficialmente, queriam dar 5 mil reais para cada fam\u00edlia pra se mudar do lugar. O que far\u00edamos com esse dinheiro? Com ajuda do Luiz Cl\u00e1udio Marcolino e do Sindicato dos Banc\u00e1rios de S\u00e3o Paulo, Osasco e Regi\u00e3o conseguimos o direito de ficar\u201d, disse Karina, que foi acompanhada do marido David Almeida de Jesus na exibi\u00e7\u00e3o porque quer o Cine B na sua comunidade. <span style=\"color: #ff6600;\">\u201cUm projeto como o Cine B \u00e9 fundamental para comunidade, mas tamb\u00e9m precisamos de estrutura para viver bem\u201d, disse Karina<\/span>.<\/p>\n<p>Segundo ela a Prefeitura queria desalojar a comunidade porque o esgoto produzido na regi\u00e3o est\u00e1 poluindo o c\u00f3rrego Ribeir\u00e3o Vermelho, que des\u00e1gua no Pico do Jaragu\u00e1. \u201cMas n\u00e3o somos os \u00fanicos culpados dessa situa\u00e7\u00e3o, o c\u00f3rrego tamb\u00e9m recebe \u00e1gua das comunidade Alex Jaf\u00e9, Mauro de Ara\u00fajo e Jerimanduba\u201d, disse David.<\/p>\n<figure id=\"attachment_1238\" aria-describedby=\"caption-attachment-1238\" style=\"width: 319px\" class=\"wp-caption aligncenter\"><a href=\"http:\/\/projetocineb.com.br\/wp-content\/uploads\/2010\/08\/0abPanamericano20.jpg\"><img loading=\"lazy\" decoding=\"async\" class=\"size-full wp-image-1238 \" title=\"Karina Gomes Tavares de Jesus com seu marido David Almeida de Jesus\" src=\"http:\/\/projetocineb.com.br\/wp-content\/uploads\/2010\/08\/0abPanamericano20.jpg\" alt=\"Karina Gomes Tavares de Jesus com seu marido David Almeida de Jesus\" width=\"319\" height=\"480\" \/><\/a><figcaption id=\"caption-attachment-1238\" class=\"wp-caption-text\">Karina Gomes Tavares de Jesus com seu marido David Almeida de Jesus, moradores da comunidade da comunidade Xica Luiza<\/figcaption><\/figure>\n<h2><span style=\"color: #008000;\">CLICKS<\/span><\/h2>\n<figure id=\"attachment_1254\" aria-describedby=\"caption-attachment-1254\" style=\"width: 384px\" class=\"wp-caption aligncenter\"><a href=\"http:\/\/projetocineb.com.br\/wp-content\/uploads\/2010\/08\/0abPanamericano16.jpg\"><img loading=\"lazy\" decoding=\"async\" class=\"size-full wp-image-1254  \" title=\"Cine B no Jardim Panamericano\" src=\"http:\/\/projetocineb.com.br\/wp-content\/uploads\/2010\/08\/0abPanamericano16.jpg\" alt=\"Cine B no Jardim Panamericano\" width=\"384\" height=\"255\" \/><\/a><figcaption id=\"caption-attachment-1254\" class=\"wp-caption-text\">Cine B no Jardim Panamericano<\/figcaption><\/figure>\n<figure id=\"attachment_1252\" aria-describedby=\"caption-attachment-1252\" style=\"width: 384px\" class=\"wp-caption aligncenter\"><a href=\"http:\/\/projetocineb.com.br\/wp-content\/uploads\/2010\/08\/0abPanamericano14.jpg\"><img loading=\"lazy\" decoding=\"async\" class=\"size-full wp-image-1252  \" title=\"&quot;Para n\u00f3s da Brazucah \u00e9 fundamental a forma\u00e7\u00e3o de p\u00fablico para o audiovisual no Brasil, levar o cinema aonda ele n\u00e3o costuma chegar&quot;, diz Cynthia Alario na vinheta do Cine B\" src=\"http:\/\/projetocineb.com.br\/wp-content\/uploads\/2010\/08\/0abPanamericano14.jpg\" alt=\"&quot;Para n\u00f3s da Brazucah \u00e9 fundamental a forma\u00e7\u00e3o de p\u00fablico para o audiovisual no Brasil, levar o cinema aonda ele n\u00e3o costuma chegar&quot;, diz Cynthia Alario na vinheta do Cine B\" width=\"384\" height=\"255\" \/><\/a><figcaption id=\"caption-attachment-1252\" class=\"wp-caption-text\">&quot;Para n\u00f3s da Brazucah \u00e9 fundamental a forma\u00e7\u00e3o de p\u00fablico para o audiovisual no Brasil, levar o cinema aonda ele n\u00e3o costuma chegar&quot;, diz Cynthia Alario na vinheta do Cine B<\/figcaption><\/figure>\n<figure id=\"attachment_1246\" aria-describedby=\"caption-attachment-1246\" style=\"width: 384px\" class=\"wp-caption aligncenter\"><a href=\"http:\/\/projetocineb.com.br\/wp-content\/uploads\/2010\/08\/0abPanamericano08.jpg\"><img loading=\"lazy\" decoding=\"async\" class=\"size-full wp-image-1246  \" title=\"\u201cGosto muito de viver aqui\u201d, disse Jos\u00e9 Gon\u00e7alves Santana, um dos primeiros moradores da comunidade Santo Expedito, que trouxe no Cine B seu filho, Francisco Duarte Santana, de 11 anos e o sobrinho Rhian de Sousa Valadares, de 8\" src=\"http:\/\/projetocineb.com.br\/wp-content\/uploads\/2010\/08\/0abPanamericano08.jpg\" alt=\"\u201cGosto muito de viver aqui\u201d, disse Jos\u00e9 Gon\u00e7alves Santana, um dos primeiros moradores da comunidade Santo Expedito, que trouxe no Cine B seu filho, Francisco Duarte Santana, de 11 anos e o sobrinho Rhian de Sousa Valadares, de 8\" width=\"384\" height=\"255\" \/><\/a><figcaption id=\"caption-attachment-1246\" class=\"wp-caption-text\">\u201cGosto muito de viver aqui\u201d, disse Jos\u00e9 Gon\u00e7alves Santana, um dos primeiros moradores da comunidade Santo Expedito, que trouxe no Cine B seu filho, Francisco Duarte Santana, de 11 anos e o sobrinho Rhian de Sousa Valadares, de 8<\/figcaption><\/figure>\n<figure id=\"attachment_1240\" aria-describedby=\"caption-attachment-1240\" style=\"width: 384px\" class=\"wp-caption aligncenter\"><a href=\"http:\/\/projetocineb.com.br\/wp-content\/uploads\/2010\/08\/0abPanamericano02.jpg\"><img loading=\"lazy\" decoding=\"async\" class=\"size-full wp-image-1240  \" title=\"\u201cHoje n\u00f3s tinhamos nos programado para ir ao cinema, mas resolvemos vir pra c\u00e1. Sa\u00edmos ganhandio, at\u00e9 a pipoca veio de gra\u00e7a\u201d, disse Fabio Aparecido de Jesus e Fernanda Louren\u00e7o, moradores do Residencial Colinas D\u2019Oeste\" src=\"http:\/\/projetocineb.com.br\/wp-content\/uploads\/2010\/08\/0abPanamericano02.jpg\" alt=\"\u201cHoje n\u00f3s tinhamos nos programado para ir ao cinema, mas resolvemos vir pra c\u00e1. Sa\u00edmos ganhandio, at\u00e9 a pipoca veio de gra\u00e7a\u201d, disse Fabio Aparecido de Jesus e Fernanda Louren\u00e7o, moradores do Residencial Colinas D\u2019Oeste\" width=\"384\" height=\"255\" \/><\/a><figcaption id=\"caption-attachment-1240\" class=\"wp-caption-text\">\u201cHoje n\u00f3s tinhamos nos programado para ir ao cinema, mas resolvemos vir pra c\u00e1. Sa\u00edmos ganhandio, at\u00e9 a pipoca veio de gra\u00e7a\u201d, disse Fabio Aparecido de Jesus e Fernanda Louren\u00e7o, moradores do Residencial Colinas D\u2019Oeste<\/figcaption><\/figure>\n<figure id=\"attachment_1250\" aria-describedby=\"caption-attachment-1250\" style=\"width: 384px\" class=\"wp-caption aligncenter\"><a href=\"http:\/\/projetocineb.com.br\/wp-content\/uploads\/2010\/08\/0abPanamericano12.jpg\"><img loading=\"lazy\" decoding=\"async\" class=\"size-full wp-image-1250  \" title=\"Cine B transformou a escola de latinha num cinema!\" src=\"http:\/\/projetocineb.com.br\/wp-content\/uploads\/2010\/08\/0abPanamericano12.jpg\" alt=\"Cine B transformou a escola de latinha num cinema!\" width=\"384\" height=\"255\" \/><\/a><figcaption id=\"caption-attachment-1250\" class=\"wp-caption-text\">Cine B transformou a escola de latinha num cinema!<\/figcaption><\/figure>\n<figure id=\"attachment_1242\" aria-describedby=\"caption-attachment-1242\" style=\"width: 384px\" class=\"wp-caption aligncenter\"><a href=\"http:\/\/projetocineb.com.br\/wp-content\/uploads\/2010\/08\/0abPanamericano04.jpg\"><img loading=\"lazy\" decoding=\"async\" class=\"size-full wp-image-1242  \" title=\"Moradoras do Colinas Isabel Moreria Alves, Ana Maria de Oliveira, Sirlene Keila\" src=\"http:\/\/projetocineb.com.br\/wp-content\/uploads\/2010\/08\/0abPanamericano04.jpg\" alt=\"Moradoras do Colinas Isabel Moreria Alves, Ana Maria de Oliveira, Sirlene Keila\" width=\"384\" height=\"255\" \/><\/a><figcaption id=\"caption-attachment-1242\" class=\"wp-caption-text\">Moradoras do Colinas Isabel Moreria Alves, Ana Maria de Oliveira, Sirlene Keila<\/figcaption><\/figure>\n<figure id=\"attachment_1251\" aria-describedby=\"caption-attachment-1251\" style=\"width: 384px\" class=\"wp-caption aligncenter\"><a href=\"http:\/\/projetocineb.com.br\/wp-content\/uploads\/2010\/08\/0abPanamericano13.jpg\"><img loading=\"lazy\" decoding=\"async\" class=\"size-full wp-image-1251  \" title=\"Verinha e Cid\u00e1lio Vieira Santos, da Brazucah Produ\u00e7\u00f5es, fazem a abertura do Cine B no Jardim Panamericano, zona noroeste de S\u00e3o Paulo\" src=\"http:\/\/projetocineb.com.br\/wp-content\/uploads\/2010\/08\/0abPanamericano13.jpg\" alt=\"Verinha e Cid\u00e1lio Vieira Santos, da Brazucah Produ\u00e7\u00f5es, fazem a abertura do Cine B no Jardim Panamericano, zona noroeste de S\u00e3o Paulo\" width=\"384\" height=\"255\" \/><\/a><figcaption id=\"caption-attachment-1251\" class=\"wp-caption-text\">Verinha e Cid\u00e1lio Vieira Santos, da Brazucah Produ\u00e7\u00f5es, fazem a abertura do Cine B no Jardim Panamericano, zona noroeste de S\u00e3o Paulo<\/figcaption><\/figure>\n<figure id=\"attachment_1241\" aria-describedby=\"caption-attachment-1241\" style=\"width: 384px\" class=\"wp-caption aligncenter\"><a href=\"http:\/\/projetocineb.com.br\/wp-content\/uploads\/2010\/08\/0abPanamericano03.jpg\"><img loading=\"lazy\" decoding=\"async\" class=\"size-full wp-image-1241  \" title=\"F\u00e1tima Vieira Barros, Maria Ant\u00f4nia Gon\u00e7alves Soares e Maria Lemos Sampaio, Adonias Batista e Carmem Batista\" src=\"http:\/\/projetocineb.com.br\/wp-content\/uploads\/2010\/08\/0abPanamericano03.jpg\" alt=\"F\u00e1tima Vieira Barros, Maria Ant\u00f4nia Gon\u00e7alves Soares e Maria Lemos Sampaio, Adonias Batista e Carmem Batista\" width=\"384\" height=\"255\" \/><\/a><figcaption id=\"caption-attachment-1241\" class=\"wp-caption-text\">F\u00e1tima Vieira Barros, Maria Ant\u00f4nia Gon\u00e7alves Soares e Maria Lemos Sampaio, Adonias Batista e Carmem Batista<\/figcaption><\/figure>\n<figure id=\"attachment_1257\" aria-describedby=\"caption-attachment-1257\" style=\"width: 319px\" class=\"wp-caption aligncenter\"><a href=\"http:\/\/projetocineb.com.br\/wp-content\/uploads\/2010\/08\/0abPanamericano19.jpg\"><img loading=\"lazy\" decoding=\"async\" class=\"size-full wp-image-1257 \" title=\"Outra moradora da CDHU, a corintiana Priscila Leandro da Silva, que tirou foto comigo, j\u00e1 que as amigas t\u00edmidas fugiram rapidinho rss\" src=\"http:\/\/projetocineb.com.br\/wp-content\/uploads\/2010\/08\/0abPanamericano19.jpg\" alt=\"Outra moradora da CDHU, a corintiana Priscila Leandro da Silva, que tirou foto comigo, j\u00e1 que as amigas t\u00edmidas fugiram rapidinho rss\" width=\"319\" height=\"480\" \/><\/a><figcaption id=\"caption-attachment-1257\" class=\"wp-caption-text\">Outra moradora da CDHU, a corintiana Priscila Leandro da Silva, que tirou foto comigo, j\u00e1 que as amigas t\u00edmidas fugiram rapidinho rss<\/figcaption><\/figure>\n<figure id=\"attachment_1239\" aria-describedby=\"caption-attachment-1239\" style=\"width: 384px\" class=\"wp-caption aligncenter\"><a href=\"http:\/\/projetocineb.com.br\/wp-content\/uploads\/2010\/08\/0abPanamericano01.jpg\"><img loading=\"lazy\" decoding=\"async\" class=\"size-full wp-image-1239  \" title=\"Foto do CDHU da comunidade Santo Expedito\" src=\"http:\/\/projetocineb.com.br\/wp-content\/uploads\/2010\/08\/0abPanamericano01.jpg\" alt=\"Foto do CDHU da comunidade Santo Expedito\" width=\"384\" height=\"255\" \/><\/a><figcaption id=\"caption-attachment-1239\" class=\"wp-caption-text\">Foto do CDHU da comunidade Santo Expedito<\/figcaption><\/figure>\n<figure id=\"attachment_1255\" aria-describedby=\"caption-attachment-1255\" style=\"width: 384px\" class=\"wp-caption aligncenter\"><a href=\"http:\/\/projetocineb.com.br\/wp-content\/uploads\/2010\/08\/0abPanamericano17.jpg\"><img loading=\"lazy\" decoding=\"async\" class=\"size-full wp-image-1255  \" title=\"Cena do criativo curta-metragem O astista contra o caba do mal, de Halder Gomes\" src=\"http:\/\/projetocineb.com.br\/wp-content\/uploads\/2010\/08\/0abPanamericano17.jpg\" alt=\"Cena do criativo curta-metragem O astista contra o caba do mal, de Halder Gomes\" width=\"384\" height=\"255\" \/><\/a><figcaption id=\"caption-attachment-1255\" class=\"wp-caption-text\">Cena do criativo curta-metragem O astista contra o caba do mal, de Halder Gomes<\/figcaption><\/figure>\n<figure id=\"attachment_1256\" aria-describedby=\"caption-attachment-1256\" style=\"width: 384px\" class=\"wp-caption aligncenter\"><a href=\"http:\/\/projetocineb.com.br\/wp-content\/uploads\/2010\/08\/0abPanamericano18.jpg\"><img loading=\"lazy\" decoding=\"async\" class=\"size-full wp-image-1256  \" title=\"Os sortudos desta noite de exibi\u00e7\u00e3o que levaram para casa diversos brindes!\" src=\"http:\/\/projetocineb.com.br\/wp-content\/uploads\/2010\/08\/0abPanamericano18.jpg\" alt=\"Os sortudos desta noite de exibi\u00e7\u00e3o que levaram para casa diversos brindes!\" width=\"384\" height=\"255\" \/><\/a><figcaption id=\"caption-attachment-1256\" class=\"wp-caption-text\">Os sortudos desta noite de exibi\u00e7\u00e3o que levaram para casa diversos brindes!<\/figcaption><\/figure>\n","protected":false},"excerpt":{"rendered":"<p>Fotos de Vivian Szelpal O Cine B transformou a \u00faltima escola de latinha que existe em S\u00e3o Paulo, na comunidade[&#8230;]<\/p>\n","protected":false},"author":2,"featured_media":0,"comment_status":"open","ping_status":"open","sticky":false,"template":"","format":"standard","meta":[],"categories":[2],"tags":[154,197,242,266,476,592,760,828,856,859,1095,1132,1248],"_links":{"self":[{"href":"https:\/\/projetocineb.com.br\/index.php?rest_route=\/wp\/v2\/posts\/1237"}],"collection":[{"href":"https:\/\/projetocineb.com.br\/index.php?rest_route=\/wp\/v2\/posts"}],"about":[{"href":"https:\/\/projetocineb.com.br\/index.php?rest_route=\/wp\/v2\/types\/post"}],"author":[{"embeddable":true,"href":"https:\/\/projetocineb.com.br\/index.php?rest_route=\/wp\/v2\/users\/2"}],"replies":[{"embeddable":true,"href":"https:\/\/projetocineb.com.br\/index.php?rest_route=%2Fwp%2Fv2%2Fcomments&post=1237"}],"version-history":[{"count":0,"href":"https:\/\/projetocineb.com.br\/index.php?rest_route=\/wp\/v2\/posts\/1237\/revisions"}],"wp:attachment":[{"href":"https:\/\/projetocineb.com.br\/index.php?rest_route=%2Fwp%2Fv2%2Fmedia&parent=1237"}],"wp:term":[{"taxonomy":"category","embeddable":true,"href":"https:\/\/projetocineb.com.br\/index.php?rest_route=%2Fwp%2Fv2%2Fcategories&post=1237"},{"taxonomy":"post_tag","embeddable":true,"href":"https:\/\/projetocineb.com.br\/index.php?rest_route=%2Fwp%2Fv2%2Ftags&post=1237"}],"curies":[{"name":"wp","href":"https:\/\/api.w.org\/{rel}","templated":true}]}}