{"id":12387,"date":"2020-06-09T13:42:42","date_gmt":"2020-06-09T16:42:42","guid":{"rendered":"http:\/\/projetocineb.com.br\/?p=12387"},"modified":"2020-06-09T13:42:42","modified_gmt":"2020-06-09T16:42:42","slug":"movimento-apoia-inscricao-de-jovens-negros-no-enem","status":"publish","type":"post","link":"https:\/\/projetocineb.com.br\/?p=12387","title":{"rendered":"Movimento apoia inscri\u00e7\u00e3o de jovens negros no Enem"},"content":{"rendered":"<p><a href=\"http:\/\/projetocineb.com.br\/wp-content\/uploads\/2020\/06\/Preto-no-Enem.jpg\"><img fetchpriority=\"high\" decoding=\"async\" class=\"size-full wp-image-12388 aligncenter\" src=\"http:\/\/projetocineb.com.br\/wp-content\/uploads\/2020\/06\/Preto-no-Enem.jpg\" alt=\"\" width=\"660\" height=\"371\" \/><\/a><\/p>\n<p>O movimento <strong>&#8220;Pretos no Enem&#8221;<\/strong>, iniciativa que visa auxiliar pessoas pretas no primeiro passo para o acesso ao ensino superior est\u00e1 cadastrando estudantes negros que precisam de financiamento para pagar o boleto de inscri\u00e7\u00e3o no Enem deste ano.<\/p>\n<p>O pagamento do boleto de inscri\u00e7\u00e3o do Enem se encerra no dia 10 de junho. Portanto, se voc\u00ea \u00e9 negro ou conhece um(a) jovem negro(a) que precise de ajuda para inscri\u00e7\u00e3o no Enem, \u00e9 preciso ser r\u00e1pido. Contatar o site <a href=\"https:\/\/pretosnoenem.com\/?fbclid=IwAR3Zl1dRvGMHnTyKl0sp5yvKges2pujSv9cTzME5L1myYOdz8tfasRwhmA8\">(clica aqui)<\/a> ou envie mensagem para o Instagram @pretosnoenem.<\/p>\n<p><strong>\u201cPretos no Enem\u201d<\/strong>\u00a0re\u00fane uma rede de volunt\u00e1rios dispostos a pagar as taxas de inscri\u00e7\u00e3o do\u00a0<a href=\"https:\/\/fdr.com.br\/carreiras\/enem\/\" target=\"_blank\" rel=\"noopener noreferrer\">Exame Nacional do Ensino M\u00e9dio (Enem)<\/a>\u00a0de estudantes negros. O movimento surgiu nas redes sociais e \u00e9 voltado a candidatos que querem participar do exame, n\u00e3o conseguiram isen\u00e7\u00e3o da taxa e n\u00e3o t\u00eam condi\u00e7\u00f5es de quitar os\u00a0<strong>R$ 85,00<\/strong>.<\/p>\n<p>O \u201cPretos no Enem\u201d nasceu junto \u00e0s manifesta\u00e7\u00f5es antirracistas que ganharam for\u00e7a em todo o mundo nos \u00faltimos dias ap\u00f3s o assassinato de um homem negro por um policial branco nos Estados Unidos.<\/p>\n","protected":false},"excerpt":{"rendered":"<p>O movimento &#8220;Pretos no Enem&#8221;, iniciativa que visa auxiliar pessoas pretas no primeiro passo para o acesso ao ensino superior[&#8230;]<\/p>\n","protected":false},"author":3,"featured_media":12388,"comment_status":"open","ping_status":"open","sticky":false,"template":"","format":"standard","meta":[],"categories":[2,3],"tags":[464,991],"_links":{"self":[{"href":"https:\/\/projetocineb.com.br\/index.php?rest_route=\/wp\/v2\/posts\/12387"}],"collection":[{"href":"https:\/\/projetocineb.com.br\/index.php?rest_route=\/wp\/v2\/posts"}],"about":[{"href":"https:\/\/projetocineb.com.br\/index.php?rest_route=\/wp\/v2\/types\/post"}],"author":[{"embeddable":true,"href":"https:\/\/projetocineb.com.br\/index.php?rest_route=\/wp\/v2\/users\/3"}],"replies":[{"embeddable":true,"href":"https:\/\/projetocineb.com.br\/index.php?rest_route=%2Fwp%2Fv2%2Fcomments&post=12387"}],"version-history":[{"count":0,"href":"https:\/\/projetocineb.com.br\/index.php?rest_route=\/wp\/v2\/posts\/12387\/revisions"}],"wp:featuredmedia":[{"embeddable":true,"href":"https:\/\/projetocineb.com.br\/index.php?rest_route=\/wp\/v2\/media\/12388"}],"wp:attachment":[{"href":"https:\/\/projetocineb.com.br\/index.php?rest_route=%2Fwp%2Fv2%2Fmedia&parent=12387"}],"wp:term":[{"taxonomy":"category","embeddable":true,"href":"https:\/\/projetocineb.com.br\/index.php?rest_route=%2Fwp%2Fv2%2Fcategories&post=12387"},{"taxonomy":"post_tag","embeddable":true,"href":"https:\/\/projetocineb.com.br\/index.php?rest_route=%2Fwp%2Fv2%2Ftags&post=12387"}],"curies":[{"name":"wp","href":"https:\/\/api.w.org\/{rel}","templated":true}]}}