{"id":12392,"date":"2020-07-14T17:35:12","date_gmt":"2020-07-14T20:35:12","guid":{"rendered":"http:\/\/projetocineb.com.br\/?p=12392"},"modified":"2020-07-14T17:35:12","modified_gmt":"2020-07-14T20:35:12","slug":"cineb-retoma-sessoes-no-formato-on-line","status":"publish","type":"post","link":"https:\/\/projetocineb.com.br\/?p=12392","title":{"rendered":"CineB retoma sess\u00f5es no formato on-line"},"content":{"rendered":"<p><em>Depois de um intervalo de quase 120 dias, por conta do novo coronav\u00edrus, o projeto CineB retoma suas atividades com sess\u00f5es em novo formato, por meio de transmiss\u00f5es pela internet (CineB On-Line) e de um debate com o diretor do filme &#8220;Nega que \u00e9 Nega n\u00e3o Nega ser Nega n\u00e3o!&#8221;, F\u00e1bio Nunez, dia 16\/07, 19h.<\/em><\/p>\n<p><a href=\"http:\/\/projetocineb.com.br\/wp-content\/uploads\/2020\/07\/cineb16JUL.jpg\"><img fetchpriority=\"high\" decoding=\"async\" class=\"alignleft  wp-image-12398\" src=\"http:\/\/projetocineb.com.br\/wp-content\/uploads\/2020\/07\/cineb16JUL.jpg\" alt=\"\" width=\"568\" height=\"689\" \/><\/a><\/p>\n<p>Desde 14 de mar\u00e7o que o projeto CineB Solar n\u00e3o circula pela cidade de S\u00e3o Paulo para exibir filmes brasileiros. Estamos morrendo de saudades do carinho e receptividade do nosso p\u00fablico, mas essa pausa respeitou as medidas de preven\u00e7\u00e3o e enfrentamento ao novo coronav\u00edrus que, infelizmente, atingiu todo o planeta e chegou no Brasil com for\u00e7a devido \u00e0 incapacidade do governo federal de enfrentar seriamente essa doen\u00e7a.<\/p>\n<p>Nesse tempo o projeto n\u00e3o parou! Ajudamos entidades com campanhas de ajuda de alimentos e produtos de limpeza, doa\u00e7\u00e3o de cestas b\u00e1sicas, e estudamos formas de retomar as sess\u00f5es respeitando as regras de isolamento e afastamento social, levando o melhor do cinema brasileiro \u00e0s comunidades de S\u00e3o Paulo. Para isso, enquanto n\u00e3o h\u00e1 a possibilidade do encontro f\u00edsico, t\u00edpico dos eventos do CineB Solar, criamos outros formatos para exibir os filmes utilizando tecnologia e uma boa dose de criatividade: o CineB On-Line, onde\u00a0disponibilizaremos filmes atrav\u00e9s de um link e na sequ\u00eancia, faremos um bate-papo, ao vivo, com diretores ou produtores de cada filme.<\/p>\n<p>&nbsp;<\/p>\n<p><strong>CINEB ON-LINE EM CASA<\/strong><br \/>\nA primeira sess\u00e3o nesse novo formato acontecer\u00e1 em 16 de julho, quinta-feira, 19h. O filme \u201cNega que \u00e9 Nega n\u00e3o Nega ser Nega n\u00e3o\u201d, j\u00e1 est\u00e1 dispon\u00edvel para o p\u00fablico assistir no Youtube (<a href=\"https:\/\/www.youtube.com\/watch?v=M3140xRNSaA&amp;t=3850s\">link do filme aqui<\/a>). O filme foi exibido no CineB Solar em 2017 e possibilitou debates sobre o racismo estrutural que impacta a popula\u00e7\u00e3o negra no Brasil. No dia 16\/07, \u00e0s 19h, o diretor F\u00e1bio Nunez far\u00e1 uma live ao lado de Cid\u00e1lio Vieira Santos, coordenador do projeto, Cynthia Alario, diretora executiva da Brazucah, e de J\u00falio C\u00e9sar, diretor do Sindicato dos Banc\u00e1rios de S\u00e3o Paulo, Osasco e Regi\u00e3o para um bate-papo sobre racismo. Alunos e professores da Escola estadual Herbert Baldus tamb\u00e9m v\u00e3o participar do bate-papo.<\/p>\n<p><strong>13 ANOS<\/strong><br \/>\nRetomar as sess\u00f5es em julho, em um novo formato, \u00e9 uma forma de comemorar os 13 anos do CineB Solar. No dia 6 junho de 2007 aconteceu o lan\u00e7amento do projeto no audit\u00f3rio da Regional Osasco do Sindicato dos Banc\u00e1rios, com o longa-metragem \u201cTapete Vermelho\u201d. A estreia, no Caf\u00e9 dos Banc\u00e1rios, ocorreu no dia 21 de junho de 2007, e foi prestigiado por muitos banc\u00e1rios e convidados que aprovaram a iniciativa. E a primeira exibi\u00e7\u00e3o em uma comunidade aconteceu no dia 06 de julho de 2007, no Sal\u00e3o da Par\u00f3quia Nossa Senhora de Lourdes, na Vila Leopoldina, com a presen\u00e7a de mais de 300 pessoas.<\/p>\n<p>Para Cid\u00e1lio Vieira Santos, coordenador do projeto, \u201cO CineB deixou uma marca na vida de milhares de pessoas. Muitos tiveram a oportunidade de ir pela primeira vez numa sess\u00e3o de cinema por meio do CineB. E queremos continuar nossa luta, levando o cinema brasileira e a cultura para quem precisa\u201d, destaca.<\/p>\n<p>Desde 2018 o projeto chama-se CINEB SOLAR, j\u00e1 atingiu um p\u00fablico superior a 70 mil espectadores em mais de 550 sess\u00f5es gratuitas realizadas em comunidades e universidades de S\u00e3o Paulo. A iniciativa busca democratizar o acesso ao cinema nacional e divulgar os filmes produzidos no Brasil. J\u00e1 foram exibidos na tela do CINEB mais de 130 longas-metragens e 80 curtas-metragens, al\u00e9m da realiza\u00e7\u00e3o de pr\u00e9-estreias exclusivas.<\/p>\n<p><strong>SOBRE O DOCUMENT\u00c1RIO<\/strong><br \/>\n<strong>Nega Que \u00c9 Nega N\u00e3o Nega Ser Nega N\u00e3o!<\/strong><br \/>\nO filme-document\u00e1rio \u201cNega que \u00e9 nega n\u00e3o nega ser nega n\u00e3o!\u201d traz a voz e o pensamento da mulher negra atrav\u00e9s das entrevistadas. Durante 90 minutos o document\u00e1rio revela mulheres fortes e fragilizadas diante do preconceito. Ativistas, negras perif\u00e9ricas, trabalhadoras, empres\u00e1rias, profissionais liberais e negras que ocupam os mais altos n\u00edveis da diplomacia, cases de sucesso e de fracasso, abordando os mais variados temas como o casamento, a separa\u00e7\u00e3o, a emancipa\u00e7\u00e3o, a beleza, o puritanismo, o conhecimento, a pureza , as artes, a ci\u00eancia, o esporte, a nobreza e a marginalidade. Uma composi\u00e7\u00e3o de opini\u00f5es e de diversidades unidas por uma \u00fanica condi\u00e7\u00e3o: a de ser mulher negra.<\/p>\n<p><strong>SOBRE O DIRETOR<\/strong><br \/>\nFabio Nunez \u00e9 cantor, compositor, acad\u00eamico de teologia e bacharel em m\u00fasica. Ao gravar o clipe da m\u00fasica \u201cNega que \u00e9 nega n\u00e3o nega ser nega n\u00e3o!\u201d foi despertado a produzir o filme com seus pr\u00f3prios recursos e promover a sua dissemina\u00e7\u00e3o.<br \/>\nFilho ca\u00e7ula de uma fam\u00edlia de sete filhos, o diretor tem como refer\u00eancia de mulher negra a sua pr\u00f3pria m\u00e3e, a qual ele admira pela garra de criar tr\u00eas pessoas com defici\u00eancia. Ap\u00f3s anos de experi\u00eancia em apresenta\u00e7\u00f5es por meio da m\u00fasica, Nunez acredita que a arte em todas as suas flex\u00f5es pode ser agregadora e exceder o parnasiano. Instagram de Fabio Nunez: @fabionunez_oficial.<\/p>\n<p><strong>PROGRAMA\u00c7\u00c3O\u00a0<\/strong><strong>CINEB ON-LINE<\/strong><br \/>\n<strong>DATA:<\/strong> 16\/07, das 19h \u00e0s 20h<br \/>\n<strong>FILME: Nega Que \u00c9 Nega N\u00e3o Nega Ser Nega N\u00e3o!<\/strong><br \/>\n<strong>LINK DO FILME:<\/strong> <a href=\"https:\/\/www.youtube.com\/watch?v=M3140xRNSaA&amp;t=3850s\">https:\/\/www.youtube.com\/watch?v=M3140xRNSaA&amp;t=3850s<\/a><br \/>\nA proposta \u00e9 assistir filme antes e no dia da Live debater o filme e o tema.<br \/>\n<strong>PLATAFORMA PARA O DEBATE:<\/strong> Google meet<br \/>\n<strong>INDICA\u00c7\u00c3O DO FILME:<\/strong> Livre<\/p>\n","protected":false},"excerpt":{"rendered":"<p>Depois de um intervalo de quase 120 dias, por conta do novo coronav\u00edrus, o projeto CineB retoma suas atividades com[&#8230;]<\/p>\n","protected":false},"author":3,"featured_media":12397,"comment_status":"open","ping_status":"open","sticky":false,"template":"","format":"standard","meta":[],"categories":[2,3],"tags":[12,24,154,237,252,362,431,503,715,844],"_links":{"self":[{"href":"https:\/\/projetocineb.com.br\/index.php?rest_route=\/wp\/v2\/posts\/12392"}],"collection":[{"href":"https:\/\/projetocineb.com.br\/index.php?rest_route=\/wp\/v2\/posts"}],"about":[{"href":"https:\/\/projetocineb.com.br\/index.php?rest_route=\/wp\/v2\/types\/post"}],"author":[{"embeddable":true,"href":"https:\/\/projetocineb.com.br\/index.php?rest_route=\/wp\/v2\/users\/3"}],"replies":[{"embeddable":true,"href":"https:\/\/projetocineb.com.br\/index.php?rest_route=%2Fwp%2Fv2%2Fcomments&post=12392"}],"version-history":[{"count":0,"href":"https:\/\/projetocineb.com.br\/index.php?rest_route=\/wp\/v2\/posts\/12392\/revisions"}],"wp:featuredmedia":[{"embeddable":true,"href":"https:\/\/projetocineb.com.br\/index.php?rest_route=\/wp\/v2\/media\/12397"}],"wp:attachment":[{"href":"https:\/\/projetocineb.com.br\/index.php?rest_route=%2Fwp%2Fv2%2Fmedia&parent=12392"}],"wp:term":[{"taxonomy":"category","embeddable":true,"href":"https:\/\/projetocineb.com.br\/index.php?rest_route=%2Fwp%2Fv2%2Fcategories&post=12392"},{"taxonomy":"post_tag","embeddable":true,"href":"https:\/\/projetocineb.com.br\/index.php?rest_route=%2Fwp%2Fv2%2Ftags&post=12392"}],"curies":[{"name":"wp","href":"https:\/\/api.w.org\/{rel}","templated":true}]}}