{"id":12401,"date":"2020-08-13T17:13:09","date_gmt":"2020-08-13T20:13:09","guid":{"rendered":"http:\/\/projetocineb.com.br\/?p=12401"},"modified":"2020-08-13T17:13:09","modified_gmt":"2020-08-13T20:13:09","slug":"cineb-solar-retoma-as-atividades-presenciais-com-exibicoes-nas-janelas","status":"publish","type":"post","link":"https:\/\/projetocineb.com.br\/?p=12401","title":{"rendered":"Agosto \u00e9 m\u00eas de CineB Solar na Janela"},"content":{"rendered":"<p><em>Projeto lan\u00e7a o CineB Solar na Janela, que respeita os protocolos de distanciamento e oferece lazer e cultura para moradores dos conjuntos habitacionais. Em agosto acontecem sess\u00f5es na Zona Sul e na cidade de Tabo\u00e3o da Serra. O filme selecionado para essa atividade ser\u00e1 o document\u00e1rio \u201cPandemia do Sistema: O retrato da desigualdade na capital mais rica do Brasil\u201d de Nan\u00e1 Prud\u00eancio.<\/em><\/p>\n<figure id=\"attachment_12405\" aria-describedby=\"caption-attachment-12405\" style=\"width: 1024px\" class=\"wp-caption alignleft\"><a href=\"http:\/\/projetocineb.com.br\/wp-content\/uploads\/2020\/08\/CineBSolarJanela1.jpeg\"><img fetchpriority=\"high\" decoding=\"async\" class=\"size-full wp-image-12405\" src=\"http:\/\/projetocineb.com.br\/wp-content\/uploads\/2020\/08\/CineBSolarJanela1.jpeg\" alt=\"\" width=\"1024\" height=\"768\" \/><\/a><figcaption id=\"caption-attachment-12405\" class=\"wp-caption-text\"><em>O CineB Solar na Janela vai at\u00e9 os conjuntos habitacionais de S\u00e3o Paulo exibir filmes brasileiros<\/em><\/figcaption><\/figure>\n<p>Enquanto a ci\u00eancia corre para encontrar uma vacina que proteja a popula\u00e7\u00e3o do novo coronav\u00edrus, que infelizmente j\u00e1 \u00e9, neste ano, a principal causa de morte por doen\u00e7a no pa\u00eds, o mais importante projeto de democratiza\u00e7\u00e3o do cinema brasileiro da capital paulista se reinventou e lan\u00e7a, neste m\u00eas de agosto, o <strong>CineB Solar na Janela<\/strong>.<\/p>\n<p>Em vez das cadeiras, as janelas, no lugar dos alto-falantes, som transmitido pelas ondas de r\u00e1dio FM, captadas pelo celular. Eis que surge uma nova modalidade de sala de cinema, ao ar livre, para que as pessoas possam acompanhar uma sess\u00e3o do CineB Solar das janelas de suas casas.<\/p>\n<p>Abertamente inspirado no bel\u00edssimo longa-metragem italiano \u201cCinema Paradiso\u201d(1988), filme-homenagem ao per\u00edodo \u00e1ureo do cinema de rua e nas experi\u00eancias de artistas que usam as janelas dos apartamentos para se apresentarem, segundo o coordenador do projeto, Cid\u00e1lio Vieira Santos, \u201co <strong>CineB Solar na Janela<\/strong> vai levar toda a infraestrutura de uma sess\u00e3o convencional para os conjuntos habitacionais de moradia popular como Cohabs, CDHUs ou projetos do Minha Casa Minha Vida para que as pessoas possam ter seu momento de lazer\u201d destaca.<\/p>\n<p>O <strong>CineB Solar na Janela<\/strong> vai exibir, na retomada do projeto, o document\u00e1rio \u201cPandemia do Sistema: O retrato da desigualdade na capital mais rica do Brasil\u201d, de Nan\u00e1 Prud\u00eancio. O m\u00e9dia-metragem denuncia como os moradores de regi\u00f5es perif\u00e9ricas enfrentam a crise econ\u00f4mica e de sa\u00fade durante a pandemia do novo coronav\u00edrus.<\/p>\n<figure id=\"attachment_12406\" aria-describedby=\"caption-attachment-12406\" style=\"width: 1024px\" class=\"wp-caption alignleft\"><a href=\"http:\/\/projetocineb.com.br\/wp-content\/uploads\/2020\/08\/CineBSolarJanela2.jpeg\"><img decoding=\"async\" class=\"size-full wp-image-12406\" src=\"http:\/\/projetocineb.com.br\/wp-content\/uploads\/2020\/08\/CineBSolarJanela2.jpeg\" alt=\"\" width=\"1024\" height=\"768\" \/><\/a><figcaption id=\"caption-attachment-12406\" class=\"wp-caption-text\"><em>Sess\u00f5es acontecer\u00e3o em 29 de agosto (cidade de Tabo\u00e3o da Serra) e 12 de setembro (Jardim Belcito, Zona Sul de S\u00e3o Paulo).<\/em><\/figcaption><\/figure>\n<p>Em agosto, as sess\u00f5es do <strong>CineB Solar na Janela<\/strong> acontecem no dia 29, \u00e0s 19 horas, em frente ao Condom\u00ednio Jo\u00e3o C\u00e2ndido, na cidade de Tabo\u00e3o da Serra e no dia 12 de setembro, \u00e0s 19 horas, em frente ao Condom\u00ednio Residencial Quito, Jardim Belcito, Zona Sul de S\u00e3o Paulo, em um dos maiores conjuntos habitacionais da cidade, constru\u00eddo durante o governo do ex-prefeito Fernando Haddad (PT). A sess\u00e3o do dia 29 contar\u00e1 com a participa\u00e7\u00e3o da diretora do document\u00e1rio, Nan\u00e1 Prud\u00eancio, que tamb\u00e9m idealizou e dirigiu o document\u00e1rio \u201cQuem te Penteia\u201d, premiado em mais de 25 festivais e que foi exibido no festival de Berlim e em canais de TV no Brasil.<\/p>\n<p><strong>Pipoca em casa<\/strong><br \/>\nPor conta dos protocolos sanit\u00e1rios de combate \u00e0 pandemia, o projeto distribuir\u00e1 para cada fam\u00edlia, um saquinho com milho e caixinhas de pipoca padronizada para que cada fam\u00edlia estoure a pipoca de suas casas e coma assistindo o filme na sua janela.<\/p>\n<p><strong>CineB On-Line<\/strong><br \/>\nPara o m\u00eas de setembro est\u00e3o sendo organizadas outras sess\u00f5es do CineB Solar na Janela al\u00e9m de sess\u00f5es on-line, com debates em salas de videoconfer\u00eancia como a o que aconteceu em julho.<\/p>\n<p><strong>Sobre o document\u00e1rio<\/strong><br \/>\nEpicentro da crise sanit\u00e1ria no Brasil, o distanciamento social foi decretado na cidade de S\u00e3o Paulo em mar\u00e7o de 2020. \u201cPandemia do Sistema &#8211; O retrato da desigualdade na cidade mais rica do Brasil\u201d documentou a mobiliza\u00e7\u00e3o de moradores e moradoras para ajudar vizinhos e vizinhas durante o per\u00edodo de quarentena em regi\u00f5es como Sapopemba, Heli\u00f3polis, Brasil\u00e2ndia, Cap\u00e3o Redondo, Cidade Ademar, Pedreira e o munic\u00edpio de Tabo\u00e3o da Serra. Na capital mais rica do pa\u00eds, os \u00edndices de mortes por Covid-19 se mostraram at\u00e9 10 vezes maiores nas periferias e nos bairros com maioria negra. O filme constata que o v\u00edrus n\u00e3o foi a \u00fanica causa das mortes e que a desigualdade \u00e9 a epidemia mais antiga, grave e cr\u00f4nica na hist\u00f3ria brasileira. Em primeira pessoa, Pandemia do Sistema denuncia as aus\u00eancias do estado e confirma que nos lugares mais pretos e pobres \u2018N\u00f3is s\u00f3 tem n\u00f3is\u2019.<\/p>\n<p><strong>Ficha T\u00e9cnica do Document\u00e1rio<\/strong><br \/>\n<strong>Dire\u00e7\u00e3o geral:<\/strong> Nan\u00e1 Prud\u00eancio<br \/>\n<strong>Produ\u00e7\u00e3o Executiva:<\/strong> Carol Moreno<br \/>\n<strong>Pesquisa e roteiro:<\/strong> Nan\u00e1 Prudencio e Semayat Oliveira<br \/>\n<strong>Fotografia:<\/strong> Nan\u00e1 Prudencio, Rog\u00e9rio Pixote, Pedro Borges, Igor Oliveira e Gustavo Moraes<br \/>\n<strong>Montagem e finaliza\u00e7\u00e3o:<\/strong> Nan\u00e1 Prudencio<br \/>\n<strong>Som direto:<\/strong> Daniel Henrique<br \/>\n<strong>Sonoplastia:<\/strong> Diocesar Pereira<br \/>\n<strong>Trilha sonora:<\/strong> Negredo Oficial<br \/>\n<strong>Identidade visual:<\/strong> Silvana Martins<\/p>\n<p><strong>Sobre o CineB Solar<\/strong><br \/>\nCriado em 2007, o CineB passou a se chamar CineB Solar em 2018, quando passou a circular com uma van que gera, atrav\u00e9s de placas solares, a pr\u00f3pria energia consumida no evento. J\u00e1 atingiu um p\u00fablico superior a 70 mil espectadores em mais de 550 sess\u00f5es gratuitas realizadas em comunidades e universidades de S\u00e3o Paulo. A iniciativa busca democratizar o acesso ao cinema nacional e divulgar os filmes produzidos no Brasil. J\u00e1 foram exibidos na tela do CineB mais de 130 longas-metragens e 80 curtas-metragens, al\u00e9m da realiza\u00e7\u00e3o de pr\u00e9-estreias exclusivas.<\/p>\n","protected":false},"excerpt":{"rendered":"<p>Projeto lan\u00e7a o CineB Solar na Janela, que respeita os protocolos de distanciamento e oferece lazer e cultura para moradores[&#8230;]<\/p>\n","protected":false},"author":3,"featured_media":12404,"comment_status":"open","ping_status":"open","sticky":false,"template":"","format":"standard","meta":[],"categories":[2,6],"tags":[154,237,255,256,263,836,919,1132],"_links":{"self":[{"href":"https:\/\/projetocineb.com.br\/index.php?rest_route=\/wp\/v2\/posts\/12401"}],"collection":[{"href":"https:\/\/projetocineb.com.br\/index.php?rest_route=\/wp\/v2\/posts"}],"about":[{"href":"https:\/\/projetocineb.com.br\/index.php?rest_route=\/wp\/v2\/types\/post"}],"author":[{"embeddable":true,"href":"https:\/\/projetocineb.com.br\/index.php?rest_route=\/wp\/v2\/users\/3"}],"replies":[{"embeddable":true,"href":"https:\/\/projetocineb.com.br\/index.php?rest_route=%2Fwp%2Fv2%2Fcomments&post=12401"}],"version-history":[{"count":0,"href":"https:\/\/projetocineb.com.br\/index.php?rest_route=\/wp\/v2\/posts\/12401\/revisions"}],"wp:featuredmedia":[{"embeddable":true,"href":"https:\/\/projetocineb.com.br\/index.php?rest_route=\/wp\/v2\/media\/12404"}],"wp:attachment":[{"href":"https:\/\/projetocineb.com.br\/index.php?rest_route=%2Fwp%2Fv2%2Fmedia&parent=12401"}],"wp:term":[{"taxonomy":"category","embeddable":true,"href":"https:\/\/projetocineb.com.br\/index.php?rest_route=%2Fwp%2Fv2%2Fcategories&post=12401"},{"taxonomy":"post_tag","embeddable":true,"href":"https:\/\/projetocineb.com.br\/index.php?rest_route=%2Fwp%2Fv2%2Ftags&post=12401"}],"curies":[{"name":"wp","href":"https:\/\/api.w.org\/{rel}","templated":true}]}}