{"id":12419,"date":"2020-09-04T17:40:04","date_gmt":"2020-09-04T20:40:04","guid":{"rendered":"http:\/\/projetocineb.com.br\/?p=12419"},"modified":"2020-09-04T17:40:04","modified_gmt":"2020-09-04T20:40:04","slug":"projeto-retoma-sessoes-com-cineb-solar-na-janela","status":"publish","type":"post","link":"https:\/\/projetocineb.com.br\/?p=12419","title":{"rendered":"Projeto retoma sess\u00f5es com CineB Solar na Janela"},"content":{"rendered":"<p><em>CineB Solar retomou as atividades do projeto depois de uma pausa de mais de 5 meses e reuniu fam\u00edlias nas janelas do Condom\u00ednio Jo\u00e3o C\u00e2ndido, na cidade de Tabo\u00e3o da Serra, em uma sess\u00e3o \u00e0 dist\u00e2ncia. Ao final da sess\u00e3o, a diretora do longa-metragem \u201cPandemia do Sistema\u201d, Nan\u00e1 Prud\u00eancio conversou com o p\u00fablico.<\/em><\/p>\n<figure id=\"attachment_12421\" aria-describedby=\"caption-attachment-12421\" style=\"width: 1024px\" class=\"wp-caption alignleft\"><a href=\"http:\/\/projetocineb.com.br\/wp-content\/uploads\/2020\/09\/CineB_Taboao12.jpeg\"><img fetchpriority=\"high\" decoding=\"async\" class=\"size-full wp-image-12421\" src=\"http:\/\/projetocineb.com.br\/wp-content\/uploads\/2020\/09\/CineB_Taboao12.jpeg\" alt=\"\" width=\"1024\" height=\"768\" \/><\/a><figcaption id=\"caption-attachment-12421\" class=\"wp-caption-text\"><em>O Condom\u00ednio Jo\u00e3o C\u00e2ndido, do MTST, foi onde aconteceu a primeira sess\u00e3o do CineB Solar na Janela<\/em><\/figcaption><\/figure>\n<p>Moradores do condom\u00ednio Jo\u00e3o C\u00e2ndido, na cidade de Tabo\u00e3o da Serra, Grande S\u00e3o Paulo, estavam ansiosos com a novidade, assim como toda a produ\u00e7\u00e3o do CineB Solar, que estreava, depois de 13 anos de projeto, uma nova modalidade de exibi\u00e7\u00e3o de cinema: para que as pessoas assistam o filme da janela de seus apartamentos.<\/p>\n<p>O CineB Solar na Janela foi uma forma de retomar o projeto. Depois de mais de cinco meses sem sess\u00e3o presencial por conta dos cuidados sanit\u00e1rios, e um adiamento por conta do tempo ruim e do frio, finalmente o projeto CineB Solar voltou a fazer o que mais gosta: levar o cinema brasileiro para as pessoas, sobretudo \u00e0quelas com dificuldade de acesso \u00e0 produ\u00e7\u00e3o brasileira.<\/p>\n<figure id=\"attachment_12422\" aria-describedby=\"caption-attachment-12422\" style=\"width: 1280px\" class=\"wp-caption alignleft\"><a href=\"http:\/\/projetocineb.com.br\/wp-content\/uploads\/2020\/09\/CineB_Taboao14.jpeg\"><img decoding=\"async\" class=\"size-full wp-image-12422\" src=\"http:\/\/projetocineb.com.br\/wp-content\/uploads\/2020\/09\/CineB_Taboao14.jpeg\" alt=\"\" width=\"1280\" height=\"1023\" \/><\/a><figcaption id=\"caption-attachment-12422\" class=\"wp-caption-text\"><em>O p\u00fablico recebeu os saquinhos com pipoca para estourar em casa<\/em><\/figcaption><\/figure>\n<p>Foi um final de s\u00e1bado bonito e de sol, mesmo com a brisa de fim de inverno mantendo a temperatura abaixo dos 20 graus. Mas desta vez tudo correu perfeitamente bem. O CineB Solar na Janela chegou bem no final da tarde ao condom\u00ednio, inaugurado em 2014 depois de uma grande mobiliza\u00e7\u00e3o do Movimento dos Trabalhadores Sem Teto (MTST). S\u00e3o 192 moradias, do Programa Minha Casa, Minha Vida na modalidade Entidades \u2013 projetado e gerido por movimentos sociais [<a href=\"https:\/\/www.redebrasilatual.com.br\/cidadania\/2014\/12\/primeiro-minha-casa-minha-vida-com-gestao-popular-e-entregue-em-sao-paulo-4657\/\">saiba mais aqui<\/a>].<\/p>\n<p>Logo que a van do projeto, chegou ao condom\u00ednio, os t\u00e9cnicos abriram o tel\u00e3o de 200 polegadas em meio aos pr\u00e9dios enquanto a produ\u00e7\u00e3o organizava a distribui\u00e7\u00e3o para os moradores do condom\u00ednio um kit com saquinho de milho e caixinhas de pipoca padronizada, para que cada fam\u00edlia estoure a pipoca de suas casas e coma assistindo o filme na sua janela.<\/p>\n<p>Muitos adoraram a ideia e o cheiro de pipoca voltou a aparecer anunciando que mais uma sess\u00e3o do CineB Solar iria come\u00e7ar. Para respeitar os protocolos de seguran\u00e7a sanit\u00e1ria que pedem para evitar aglomera\u00e7\u00f5es, at\u00e9 o final da epidemia o projeto n\u00e3o vai mais levar nas sess\u00f5es o seu Antonio, o pipoqueiro do CineB Solar, mas a pipoca est\u00e1 garantida.<\/p>\n<figure id=\"attachment_12423\" aria-describedby=\"caption-attachment-12423\" style=\"width: 1280px\" class=\"wp-caption alignleft\"><a href=\"http:\/\/projetocineb.com.br\/wp-content\/uploads\/2020\/09\/CineB_Taboao10.jpeg\"><img decoding=\"async\" class=\"size-full wp-image-12423\" src=\"http:\/\/projetocineb.com.br\/wp-content\/uploads\/2020\/09\/CineB_Taboao10.jpeg\" alt=\"\" width=\"1280\" height=\"720\" \/><\/a><figcaption id=\"caption-attachment-12423\" class=\"wp-caption-text\"><em>A diretora Nan\u00e1 Prud\u00eancio conversou com os moradores, que elogiaram muito o filme<\/em><\/figcaption><\/figure>\n<p>O filme exibido foi \u201cPandemia do Sistema &#8211; O retrato da desigualdade na cidade mais rica do Brasil\u201d, de Nan\u00e1 Prud\u00eancio. O longa-metragem documentou a mobiliza\u00e7\u00e3o de moradores e moradoras para ajudar vizinhos e vizinhas durante o per\u00edodo de quarentena em regi\u00f5es como Sapopemba, Heli\u00f3polis, Brasil\u00e2ndia, Cap\u00e3o Redondo, Cidade Ademar, Pedreira e o munic\u00edpio de Tabo\u00e3o da Serra. Na capital mais rica do pa\u00eds, os \u00edndices de mortes por Covid-19 se mostraram at\u00e9 10 vezes maiores nas periferias e nos bairros com maioria negra. O filme constata que o v\u00edrus n\u00e3o foi a \u00fanica causa das mortes e que a desigualdade \u00e9 a epidemia mais antiga, grave e cr\u00f4nica na hist\u00f3ria brasileira. Em primeira pessoa, Pandemia do Sistema denuncia as aus\u00eancias do estado e confirma que nos lugares mais pretos e pobres &#8216;N\u00f3is s\u00f3 tem n\u00f3is&#8217;.<\/p>\n<p>A diretora Nan\u00e1 Prud\u00eancio, moradora de Tabo\u00e3o da Serra, conversou com os moradores e recebeu uma salva de palmas pelas pessoas que acompanharam o filme da janela de suas casas. Tabo\u00e3o da Serra est\u00e1 colado na capital, em regi\u00f5es como Cap\u00e3o Redondo, Campo Limpo, Jardim Jaqueline, periferias extremas e complexas. Aqui a gente passa por v\u00e1rias pandemias que n\u00e3o s\u00e3o vistas, e \u00e9 isso que o filme retrata\u201d, explica, dizendo que foi uma honra receber o convite de ter um filme exibido pelo projeto e por participar de uma sess\u00e3o. \u201cImportante passar um pouco da nossa ideologia e mostrar que tem gente de Tabo\u00e3o da Serra que est\u00e1 preocupada com a situa\u00e7\u00e3o das pessoas, pobres, negras, da periferia. A gente s\u00f3 precisa de uma oportunidade para mostrar nosso trabalho. Agrade\u00e7o ao CINEB e ao Sindicato [dos Banc\u00e1rios de S\u00e3o Paulo, Osasco e Regi\u00e3o]\u201d, finaliza.<\/p>\n<figure id=\"attachment_12424\" aria-describedby=\"caption-attachment-12424\" style=\"width: 768px\" class=\"wp-caption alignleft\"><a href=\"http:\/\/projetocineb.com.br\/wp-content\/uploads\/2020\/09\/CineB_Taboao13.jpeg\"><img loading=\"lazy\" decoding=\"async\" class=\"size-full wp-image-12424\" src=\"http:\/\/projetocineb.com.br\/wp-content\/uploads\/2020\/09\/CineB_Taboao13.jpeg\" alt=\"\" width=\"768\" height=\"768\" \/><\/a><figcaption id=\"caption-attachment-12424\" class=\"wp-caption-text\"><em>O coordenador do CineB Solar, Cid\u00e1lio Vieira Santos, com a s\u00edndica Ana<\/em><\/figcaption><\/figure>\n<p><strong>Graja\u00fa<\/strong><br \/>\nAo final do debate, o coordenador do CineB Solar, Cid\u00e1lio Vieira Santos, organizou um sorteio de brindes para os moradores que acompanharam toda a sess\u00e3o e lembrou que outra sess\u00e3o do CineB Solar nas Janelas est\u00e1 marcada para o pr\u00f3ximo dia 12 de setembro, no Condom\u00ednio Residencial Quito, no Jardim Belcito, regi\u00e3o do Graja\u00fa, na Zona Sul de S\u00e3o Paulo. \u201cFoi uma experi\u00eancia que deu certo. Nossa principal miss\u00e3o \u00e9 levar o cinema brasileiro e a cultura para as pessoas, tenho certeza que elas gostaram. Vencemos mais um desafio e vamos retomando aos poucos a rotina, torcendo para que rapidamente possamos voltar a reunir as pessoas em uma sess\u00e3o de cinema ao ar livre\u201d, torce. Para setembro, o projeto vem preparando sess\u00f5es do CineB On-Line, que ser\u00e3o transmitidas por videoconfer\u00eancia, e sess\u00f5es do CineB Solar Autorama, que s\u00e3o sess\u00f5es que s\u00e3o assistidas dentro dos ve\u00edculos, em um estacionamento.<\/p>\n<p>O projeto agradece o Condom\u00ednio Jo\u00e3o C\u00e2ndido que possibilitou a realiza\u00e7\u00e3o da sess\u00e3o e a divulga\u00e7\u00e3o dos sites de not\u00edcias <a href=\"https:\/\/www.redebrasilatual.com.br\/cultura\/2020\/08\/cineb-filmes-nacionais-periferias-isolamento-pandemia\/\">Rede Brasil Atual<\/a>, <a href=\"https:\/\/taboaoemfoco.com.br\/condominio-joao-candido-recebe-cinema-na-janela-neste-sabado-29\/\">Tabo\u00e3o em Foco<\/a> e <a href=\"https:\/\/www.jornalnanet.com.br\/mobile\/noticias\/22632\/moradores-do-condominio-joao-candido-terao-cinema-na-janela-no-proximo-sabado-29\">Jornal na Net<\/a>.<\/p>\n<p><strong>Sobre o CineB Solar<\/strong><br \/>\nCriado em 2007, o CineB passou a se chamar CineB Solar em 2018, quando passou a circular com uma van que gera, atrav\u00e9s de placas solares, a pr\u00f3pria energia consumida no evento. J\u00e1 atingiu um p\u00fablico superior a 70 mil espectadores em mais de 550 sess\u00f5es gratuitas realizadas em comunidades e universidades de S\u00e3o Paulo. A iniciativa busca democratizar o acesso ao cinema nacional e divulgar os filmes produzidos no Brasil. J\u00e1 foram exibidos na tela do CineB mais de 130 longas-metragens e 80 curtas-metragens, al\u00e9m da realiza\u00e7\u00e3o de pr\u00e9-estreias exclusivas.<\/p>\n","protected":false},"excerpt":{"rendered":"<p>CineB Solar retomou as atividades do projeto depois de uma pausa de mais de 5 meses e reuniu fam\u00edlias nas[&#8230;]<\/p>\n","protected":false},"author":3,"featured_media":12420,"comment_status":"open","ping_status":"open","sticky":false,"template":"","format":"standard","meta":[],"categories":[2,6],"tags":[154,237,256,317,831,1133,1151],"_links":{"self":[{"href":"https:\/\/projetocineb.com.br\/index.php?rest_route=\/wp\/v2\/posts\/12419"}],"collection":[{"href":"https:\/\/projetocineb.com.br\/index.php?rest_route=\/wp\/v2\/posts"}],"about":[{"href":"https:\/\/projetocineb.com.br\/index.php?rest_route=\/wp\/v2\/types\/post"}],"author":[{"embeddable":true,"href":"https:\/\/projetocineb.com.br\/index.php?rest_route=\/wp\/v2\/users\/3"}],"replies":[{"embeddable":true,"href":"https:\/\/projetocineb.com.br\/index.php?rest_route=%2Fwp%2Fv2%2Fcomments&post=12419"}],"version-history":[{"count":0,"href":"https:\/\/projetocineb.com.br\/index.php?rest_route=\/wp\/v2\/posts\/12419\/revisions"}],"wp:featuredmedia":[{"embeddable":true,"href":"https:\/\/projetocineb.com.br\/index.php?rest_route=\/wp\/v2\/media\/12420"}],"wp:attachment":[{"href":"https:\/\/projetocineb.com.br\/index.php?rest_route=%2Fwp%2Fv2%2Fmedia&parent=12419"}],"wp:term":[{"taxonomy":"category","embeddable":true,"href":"https:\/\/projetocineb.com.br\/index.php?rest_route=%2Fwp%2Fv2%2Fcategories&post=12419"},{"taxonomy":"post_tag","embeddable":true,"href":"https:\/\/projetocineb.com.br\/index.php?rest_route=%2Fwp%2Fv2%2Ftags&post=12419"}],"curies":[{"name":"wp","href":"https:\/\/api.w.org\/{rel}","templated":true}]}}