{"id":12518,"date":"2020-11-03T13:12:55","date_gmt":"2020-11-03T15:12:55","guid":{"rendered":"http:\/\/projetocineb.com.br\/?p=12518"},"modified":"2020-11-03T13:12:55","modified_gmt":"2020-11-03T15:12:55","slug":"cineb-solar-na-janela-em-sao-matheus","status":"publish","type":"post","link":"https:\/\/projetocineb.com.br\/?p=12518","title":{"rendered":"Cineb Solar na Janela em S\u00e3o Matheus"},"content":{"rendered":"<p style=\"text-align: left;\">Neste s\u00e1bado passado , dia 24 de outubro, a quinta sess\u00e3o do CineB Solar na Janela foi no Condom\u00ednio Luci Valente, em S\u00e3o Mateus, zona Leste de SP.<br \/>\nA fina garoa no bairro Iguatemi, n\u00e3o tirou o a alegria dos moradores em receber o projeto.<br \/>\nA programa\u00e7\u00e3o seguiu seu curso natural, enquanto a equipe do projeto montava a tela e toda a infraestrutura no estacionamento do Residencial Luci Valente, um grupo de moradores montava o kit Cineb Solar ( milho de pipoca e saquinhos personalizados do projeto), para entregar de porta em porta nos apartamentos, para que todos tivessem sua experi\u00eancia completa do cinema. Cerca de 60 fam\u00edlias assistiram aos curtas metragens nacionais e internacionais exibidos pelo CineB Solar na Janela.<br \/>\nPara esquentar a participa\u00e7\u00e3o de todos moradores, antes da sess\u00e3o foi feito sorteio de brindes pelo Instagram do projeto (@projeto_cineb).<br \/>\nA abertura da sess\u00e3o foi \u00e0s 19h e contou com as presen\u00e7as de: Valdemir &#8211; s\u00edndico do condom\u00ednio, Eunice da Mata Peruci, Luciana da Silva, moradoras do local e Cid\u00e1lio Vieira Santos- coordenador do CineB Solar<br \/>\n<a href=\"http:\/\/projetocineb.com.br\/?attachment_id=12526\" rel=\"attachment wp-att-12526\"><img fetchpriority=\"high\" decoding=\"async\" class=\"aligncenter size-full wp-image-12526\" src=\"http:\/\/projetocineb.com.br\/wp-content\/uploads\/2020\/11\/WhatsApp-Image-2020-11-03-at-12.02.40-2.jpeg\" alt=\"\" width=\"1280\" height=\"720\" \/><\/a><br \/>\nTivemos tamb\u00e9m a ilustre presen\u00e7a da vereadora Juliana Cardoso, que al\u00e9m de moradora da zona leste de SP \u00e9 tamb\u00e9m uma pessoa muito importante no Residencial Luci Valente, pois foi uma lideran\u00e7a fundamental para que estas pessoas conseguissem moradia de qualidade.<br \/>\n<a href=\"http:\/\/projetocineb.com.br\/?attachment_id=12525\" rel=\"attachment wp-att-12525\"><img decoding=\"async\" class=\"aligncenter size-full wp-image-12525\" src=\"http:\/\/projetocineb.com.br\/wp-content\/uploads\/2020\/11\/WhatsApp-Image-2020-11-03-at-12.02.40-3.jpeg\" alt=\"\" width=\"1280\" height=\"853\" \/><\/a><br \/>\nUma novidade nesta sess\u00e3o: a contagem regressiva para o in\u00edcio da sess\u00e3o foi com o piscar de luzes dos apartamentos, luzes das lanternas dos celulares e as buzinas dos carros, foi um in\u00edcio emocionante.<br \/>\nO CineB Solar na Janela, por vezes tem essa caracter\u00edstica de receber carros no formato drive in, o que \u00e9 \u00f3timo pois no caso do Residencial Luci Valente, os moradores dos blocos distantes assistiram aos filmes dentro dos carros, remetendo ao projeto CineB Autorama.<br \/>\nDe dentro dos carros ou das suas janelas, Os moradores puderam se deliciar com v\u00e1rios curtas metragens nacionais e internacionais, com pipoca e a emo\u00e7\u00e3o do cinema.\u00a0<a href=\"http:\/\/projetocineb.com.br\/?attachment_id=12527\" rel=\"attachment wp-att-12527\"><img decoding=\"async\" class=\"aligncenter size-full wp-image-12527\" src=\"http:\/\/projetocineb.com.br\/wp-content\/uploads\/2020\/11\/WhatsApp-Image-2020-11-03-at-12.02.40-1.jpeg\" alt=\"\" width=\"1280\" height=\"853\" \/><\/a><\/p>\n<p>&#8220;Eu achei uma \u00f3tima iniciativa do CineB Solar; al\u00e9m de levar entretenimento , leva a cultura para os menos privilegiados, sendo que muitos nunca puderam ir ao cinema e com isso tiveram essa oportunidade . Eles adoraram, com certeza, afinal \u00e9 uma forma de ter um momento de distra\u00e7\u00e3o, divertimento e de ver a vida de uma forma mais leve e alegre&#8221;. Depoimento de Luciana da Silva, moradora .<br \/>\nDona Eunice tamb\u00e9m moradora do condom\u00ednio deu seu depoimento: &#8221; &#8230;Achei excelente, tem crian\u00e7as que nunca ir\u00e3o esquecer esse dia, j\u00e1 me perguntaram quando voc\u00eas v\u00e3o voltar\u201d.<br \/>\nNo bloco 2, no apto 23 a fam\u00edlia Ilheos , estava reunida na janela com olho vidrado na tela do CineB Solar. O casal Marcelo e Alexsandra Ilheos junto com suas filhas Gabriela e Nicole.<br \/>\n&#8220;Foi uma atividade diferente no nosso condom\u00ednio. Acho que tem que voltar nossas crian\u00e7as gostaram muito e \u00e9 algo educacional para elas\u201d. Depoimento Alexsandra.<br \/>\n<a href=\"http:\/\/projetocineb.com.br\/?attachment_id=12524\" rel=\"attachment wp-att-12524\"><img loading=\"lazy\" decoding=\"async\" class=\"aligncenter size-full wp-image-12524\" src=\"http:\/\/projetocineb.com.br\/wp-content\/uploads\/2020\/11\/WhatsApp-Image-2020-11-03-at-12.02.40-4.jpeg\" alt=\"\" width=\"1280\" height=\"853\" \/><\/a>Sem d\u00favida mais uma sess\u00e3o que ficar\u00e1 na mem\u00f3ria do CineB Solar na Janela.<\/p>\n<p style=\"text-align: left;\"><strong>Sobre o CineB Solar<\/strong><br \/>\nCriado em 2007, o CineB passou a se chamar CineB Solar em 2018, quando passou a circular com uma van que gera, atrav\u00e9s de placas solares, a pr\u00f3pria energia consumida no evento. J\u00e1 atingiu um p\u00fablico superior a 71 mil espectadores em mais de 550 sess\u00f5es gratuitas realizadas em comunidades e universidades de S\u00e3o Paulo. A iniciativa busca democratizar o acesso ao cinema nacional e divulgar os filmes produzidos no Brasil. J\u00e1 foram exibidos na tela do CineB mais de 130 longas-metragens e 80 curtas-metragens, al\u00e9m da realiza\u00e7\u00e3o de pr\u00e9-estreias exclusivas.<br \/>\n<a href=\"http:\/\/projetocineb.com.br\/?attachment_id=12529\" rel=\"attachment wp-att-12529\"><img loading=\"lazy\" decoding=\"async\" class=\"aligncenter size-full wp-image-12529\" src=\"http:\/\/projetocineb.com.br\/wp-content\/uploads\/2020\/11\/WhatsApp-Image-2020-11-03-at-12.06.58.jpeg\" alt=\"\" width=\"750\" height=\"562\" \/><\/a><\/p>\n","protected":false},"excerpt":{"rendered":"<p>Neste s\u00e1bado passado , dia 24 de outubro, a quinta sess\u00e3o do CineB Solar na Janela foi no Condom\u00ednio Luci[&#8230;]<\/p>\n","protected":false},"author":2,"featured_media":12539,"comment_status":"open","ping_status":"open","sticky":false,"template":"","format":"standard","meta":[],"categories":[2,6],"tags":[],"_links":{"self":[{"href":"https:\/\/projetocineb.com.br\/index.php?rest_route=\/wp\/v2\/posts\/12518"}],"collection":[{"href":"https:\/\/projetocineb.com.br\/index.php?rest_route=\/wp\/v2\/posts"}],"about":[{"href":"https:\/\/projetocineb.com.br\/index.php?rest_route=\/wp\/v2\/types\/post"}],"author":[{"embeddable":true,"href":"https:\/\/projetocineb.com.br\/index.php?rest_route=\/wp\/v2\/users\/2"}],"replies":[{"embeddable":true,"href":"https:\/\/projetocineb.com.br\/index.php?rest_route=%2Fwp%2Fv2%2Fcomments&post=12518"}],"version-history":[{"count":0,"href":"https:\/\/projetocineb.com.br\/index.php?rest_route=\/wp\/v2\/posts\/12518\/revisions"}],"wp:featuredmedia":[{"embeddable":true,"href":"https:\/\/projetocineb.com.br\/index.php?rest_route=\/wp\/v2\/media\/12539"}],"wp:attachment":[{"href":"https:\/\/projetocineb.com.br\/index.php?rest_route=%2Fwp%2Fv2%2Fmedia&parent=12518"}],"wp:term":[{"taxonomy":"category","embeddable":true,"href":"https:\/\/projetocineb.com.br\/index.php?rest_route=%2Fwp%2Fv2%2Fcategories&post=12518"},{"taxonomy":"post_tag","embeddable":true,"href":"https:\/\/projetocineb.com.br\/index.php?rest_route=%2Fwp%2Fv2%2Ftags&post=12518"}],"curies":[{"name":"wp","href":"https:\/\/api.w.org\/{rel}","templated":true}]}}