{"id":12541,"date":"2020-11-11T18:05:19","date_gmt":"2020-11-11T20:05:19","guid":{"rendered":"http:\/\/projetocineb.com.br\/?p=12541"},"modified":"2020-11-11T18:05:19","modified_gmt":"2020-11-11T20:05:19","slug":"cineb-online-promove-show-de-talentos-virtual-para-criancas","status":"publish","type":"post","link":"https:\/\/projetocineb.com.br\/?p=12541","title":{"rendered":"CineB online  promove Show de Talentos Virtual para crian\u00e7as."},"content":{"rendered":"<p>Este ano o CineB \u00a0Solar completou \u00a013 anos, e entendendo a import\u00e2ncia das crian\u00e7as ao longo da hist\u00f3ria do projeto e de qu\u00e3o necess\u00e1rio se faz a urg\u00eancia de promover o contato com equipamentos culturais de qualidade logo na primeira inf\u00e2ncia.<br \/>\nE para dividir essa festa dos 13 anos do projeto estamos lan\u00e7ando, no CineB on-line, o\u00a0 Show de Talentos Virtual .<br \/>\nEsse espa\u00e7o foi criado para que as crian\u00e7as possam expressar atrav\u00e9s de um v\u00eddeo todos seus talentos: dan\u00e7a, m\u00fasica, teatro, poesia, artes visuais, etc&#8230; Os diversos\u00a0 materiais recebidos poder\u00e3o ser visto nas nossas redes sociais no proximo final de semana.<br \/>\nOs agradecimentos v\u00e3o para todas as entidades parceiras do CineB Solar que se dedicaram na orienta\u00e7\u00e3o das crian\u00e7as e envio dos materiais. Parab\u00e9ns a todos!!<\/p>\n<p><span style=\"font-size: 1.0625rem;\">Divulga\u00e7\u00e3o dos participantes em nossas redes sociais facebook e Instagram<\/span><\/p>\n<p><strong>Servi\u00e7o:<\/strong><br \/>\n<span style=\"font-size: 1.0625rem;\">Data: 22 novembro ( domingo)<br \/>\n<\/span>Hora:\u00a0 16h<br \/>\nLocal:\u00a0<a href=\"https:\/\/www.facebook.com\/CineBSolar\">facebook.com\/CineBSolar<\/a><br \/>\nhttps: Instagram: Projeto_cineb<\/p>\n<p>O CineB Solar conta com sua ajuda na divulga\u00e7\u00e3o!<\/p>\n","protected":false},"excerpt":{"rendered":"<p>Este ano o CineB \u00a0Solar completou \u00a013 anos, e entendendo a import\u00e2ncia das crian\u00e7as ao longo da hist\u00f3ria do projeto[&#8230;]<\/p>\n","protected":false},"author":2,"featured_media":12543,"comment_status":"open","ping_status":"open","sticky":false,"template":"","format":"standard","meta":[],"categories":[2],"tags":[],"_links":{"self":[{"href":"https:\/\/projetocineb.com.br\/index.php?rest_route=\/wp\/v2\/posts\/12541"}],"collection":[{"href":"https:\/\/projetocineb.com.br\/index.php?rest_route=\/wp\/v2\/posts"}],"about":[{"href":"https:\/\/projetocineb.com.br\/index.php?rest_route=\/wp\/v2\/types\/post"}],"author":[{"embeddable":true,"href":"https:\/\/projetocineb.com.br\/index.php?rest_route=\/wp\/v2\/users\/2"}],"replies":[{"embeddable":true,"href":"https:\/\/projetocineb.com.br\/index.php?rest_route=%2Fwp%2Fv2%2Fcomments&post=12541"}],"version-history":[{"count":0,"href":"https:\/\/projetocineb.com.br\/index.php?rest_route=\/wp\/v2\/posts\/12541\/revisions"}],"wp:featuredmedia":[{"embeddable":true,"href":"https:\/\/projetocineb.com.br\/index.php?rest_route=\/wp\/v2\/media\/12543"}],"wp:attachment":[{"href":"https:\/\/projetocineb.com.br\/index.php?rest_route=%2Fwp%2Fv2%2Fmedia&parent=12541"}],"wp:term":[{"taxonomy":"category","embeddable":true,"href":"https:\/\/projetocineb.com.br\/index.php?rest_route=%2Fwp%2Fv2%2Fcategories&post=12541"},{"taxonomy":"post_tag","embeddable":true,"href":"https:\/\/projetocineb.com.br\/index.php?rest_route=%2Fwp%2Fv2%2Ftags&post=12541"}],"curies":[{"name":"wp","href":"https:\/\/api.w.org\/{rel}","templated":true}]}}