{"id":12549,"date":"2020-11-16T11:23:55","date_gmt":"2020-11-16T13:23:55","guid":{"rendered":"http:\/\/projetocineb.com.br\/?p=12549"},"modified":"2020-11-16T11:23:55","modified_gmt":"2020-11-16T13:23:55","slug":"cineb-solar-na-janela-voltou-em-sao-bernardo-do-campo-desta-vez-no-condominio-frei-tito-dia-0711-exibiu-curtas-metragens-nacionais-e-internacionais","status":"publish","type":"post","link":"https:\/\/projetocineb.com.br\/?p=12549","title":{"rendered":"CineB solar volta \u00e0 S\u00e3o Bernardo do Campo desta vez no Condom\u00ednio Frei Tito"},"content":{"rendered":"<p>Imagine um lugar onde as pessoas vivem felizes,\u00a0 esse lugar\u00a0 \u00e9 o Condom\u00ednio Frei Tito em S\u00e3o Bernardo do Campo. Com um tel\u00e3o montado dentro do estacionamento\u00a0 os moradores sintonizados pela esta\u00e7\u00e3o de radio 95.5 FM \u00a0 assistiram os filmes pelas janelas das casas e dentro dos carros<\/p>\n<p><a href=\"http:\/\/projetocineb.com.br\/wp-content\/uploads\/2020\/11\/SBC-cineBsolar1.jpg\"><img fetchpriority=\"high\" decoding=\"async\" class=\"alignnone size-full wp-image-12550\" src=\"http:\/\/projetocineb.com.br\/wp-content\/uploads\/2020\/11\/SBC-cineBsolar1.jpg\" alt=\"\" width=\"5377\" height=\"2634\" \/><\/a><\/p>\n<p>Por conta dos protocolos sanit\u00e1rios de combate \u00e0 pandemia, o projeto CineB Solar na Janela antes de come\u00e7ar a sess\u00e3o\u00a0 entregou aos coordenadores do local\u00a0 para distribuir,\u00a0 mais de 100 saquinhos\u00a0 com milho e caixinhas padronizadas\u00a0 de pipoca\u00a0 para cada fam\u00edlia. Eles estouraram a pipoca, foram para as janelas e assistiram ao filme comendo pipoca .<\/p>\n<p><a href=\"http:\/\/projetocineb.com.br\/wp-content\/uploads\/2020\/11\/image1.png\"><img decoding=\"async\" class=\"alignnone size-full wp-image-12551\" src=\"http:\/\/projetocineb.com.br\/wp-content\/uploads\/2020\/11\/image1.png\" alt=\"\" width=\"640\" height=\"640\" \/><\/a><\/p>\n<p>A abertura da sess\u00e3o contou com as presen\u00e7as de Luiz Cl\u00e1udio Marcolino- vice presidente da CUT Estadual de SP e idealizador do projeto CineB Solar, Maria Rosani Gregoruti Akiyama Hashizumi \u2013 Secret\u00e1ria de Finan\u00e7as do Sindicato dos Banc\u00e1rios de SP e Cid\u00e1lio Vieira Santos- coordenador\u00a0 do CineB Solar.\u00a0 Em\u00a0 seguida os moradores deram um salve de luzes , piscando as luzes das resid\u00eancias e um buzina\u00e7o dos carros presentes no estacionamento.<\/p>\n<p><a href=\"http:\/\/projetocineb.com.br\/wp-content\/uploads\/2020\/11\/image3.png\"><img decoding=\"async\" class=\"alignnone size-full wp-image-12552\" src=\"http:\/\/projetocineb.com.br\/wp-content\/uploads\/2020\/11\/image3.png\" alt=\"\" width=\"1280\" height=\"850\" \/><\/a><\/p>\n<p><strong>Luiz Cl\u00e1udio Marcolino- vice presidente da CUT Estadual de SP e idealizador do projeto CineB Solar, Maria Rosani Gregoruti Akiyama Hashizumi \u2013 Secret\u00e1ria de Finan\u00e7as do Sindicato dos Banc\u00e1rios de SP e Cid\u00e1lio Vieira Santos- coordenador\u00a0 do CineB Solar, Eduardo Cardoso coordenador do movimento e Belmiro Aparecido Moreira \u2013 presidente do Sindicato dos Banc\u00e1rios do ABC\u00a0<\/strong><\/p>\n<p>&#8220;Todos n\u00f3s temos uma hist\u00f3ria , todos n\u00f3s temos um passado e vivemos aqui no presente buscando um futuro melhor ; e o cinema nacional \u00e9 um pouco isso, ele conta a nossa hist\u00f3ria ; a hist\u00f3ria das pessoas com quem a gente se relacionou , nos ajuda a pensar o futuro. Realmente \u00e9 muito importante estar hoje aqui no Frei Tito, nesta luta que voc\u00eas tiveram aqui para conquistar a quest\u00e3o da moradia , que \u00e9 uma luta essencial para trazer dignidade ao nosso povo. Agora n\u00e3o adianta s\u00f3 ter a casa; \u00e9 importante : a casa, o trabalho, o lazer, a cultura, acho que esta parceria veio hoje aqui no Frei Tito. O cinema nacional \u00e9 um pouco isso, que voc\u00eas s\u00f3 almejam al\u00e9m da moradia tamb\u00e9m as outras garantias que a popula\u00e7\u00e3o possa se aprimorar : da cultura , da arte , do lazer&#8221;. Fala de\u00a0 Luiz Cl\u00e1udio Marcolino- vice presidente da CUT Estadual de SP e idealizador do projeto CineB Solar.<\/p>\n<p>Para Maria Rosani Gregoruti Akiyama Hashizumi \u2013 Secret\u00e1ria de Finan\u00e7as do Sindicato dos Banc\u00e1rios de SP : &#8221; Estou muito feliz de estar aqui com voc\u00eas esta noite, para fazer esta sess\u00e3o do CineB Solar; este projeto come\u00e7ou h\u00e1 muitos anos atr\u00e1s com Luiz Cl\u00e1udio Marcolino que era presidente do nosso sindicato; e a gente mant\u00e9m este projeto o ano todo, todos os anos, levando o cinema nas periferias , nos locais nas comunidades onde as pessoas n\u00e3o tem acesso ao cinema, e a gente leva o cinema brasileiro&#8221;.<\/p>\n<p><a href=\"http:\/\/projetocineb.com.br\/wp-content\/uploads\/2020\/11\/image2.png\"><img loading=\"lazy\" decoding=\"async\" class=\"alignnone size-full wp-image-12553\" src=\"http:\/\/projetocineb.com.br\/wp-content\/uploads\/2020\/11\/image2.png\" alt=\"\" width=\"1280\" height=\"850\" \/><\/a><\/p>\n<p><strong>foto Maria Rosani <\/strong><strong>Gregoruti &#8211; <\/strong><strong>Secret\u00e1ria de Finan\u00e7as do Sindicato dos Banc\u00e1rios de SP &#8211;<\/strong><\/p>\n<p><strong>\u00a0<\/strong>Foram exibidos,\u00a0 curtas-metragens nacionais e internacionais , que agradou muito a crian\u00e7ada. Para Rosali Cardoso Santos : &#8220;O pessoal gostou muito! Principalmente a crian\u00e7ada. Foi o primeiro evento desse tipo e foi muito bem aceito. Como aqui \u00e9 um condom\u00ednio de 4 torres, n\u00f3s organizamos de forma que a maioria entre 2 torres pudessem ver. E os outros viram um pouco mais de longe e est\u00e3o ansiosos para poder ver de novo mais de perto. Foi uma novidade que divertiu a todos&#8221;.<\/p>\n<p>N\u00f3s do CINEB SOLAR agradecemos\u00a0 todo apoio dos moradores\u00a0 que ajudaram na organiza\u00e7\u00e3o\u00a0 sem eles n\u00e3o ter\u00edamos o sucesso que foi a sess\u00e3o.<\/p>\n","protected":false},"excerpt":{"rendered":"<p>Imagine um lugar onde as pessoas vivem felizes,\u00a0 esse lugar\u00a0 \u00e9 o Condom\u00ednio Frei Tito em S\u00e3o Bernardo do Campo.[&#8230;]<\/p>\n","protected":false},"author":2,"featured_media":12555,"comment_status":"open","ping_status":"open","sticky":false,"template":"","format":"standard","meta":[],"categories":[2,6],"tags":[],"_links":{"self":[{"href":"https:\/\/projetocineb.com.br\/index.php?rest_route=\/wp\/v2\/posts\/12549"}],"collection":[{"href":"https:\/\/projetocineb.com.br\/index.php?rest_route=\/wp\/v2\/posts"}],"about":[{"href":"https:\/\/projetocineb.com.br\/index.php?rest_route=\/wp\/v2\/types\/post"}],"author":[{"embeddable":true,"href":"https:\/\/projetocineb.com.br\/index.php?rest_route=\/wp\/v2\/users\/2"}],"replies":[{"embeddable":true,"href":"https:\/\/projetocineb.com.br\/index.php?rest_route=%2Fwp%2Fv2%2Fcomments&post=12549"}],"version-history":[{"count":0,"href":"https:\/\/projetocineb.com.br\/index.php?rest_route=\/wp\/v2\/posts\/12549\/revisions"}],"wp:featuredmedia":[{"embeddable":true,"href":"https:\/\/projetocineb.com.br\/index.php?rest_route=\/wp\/v2\/media\/12555"}],"wp:attachment":[{"href":"https:\/\/projetocineb.com.br\/index.php?rest_route=%2Fwp%2Fv2%2Fmedia&parent=12549"}],"wp:term":[{"taxonomy":"category","embeddable":true,"href":"https:\/\/projetocineb.com.br\/index.php?rest_route=%2Fwp%2Fv2%2Fcategories&post=12549"},{"taxonomy":"post_tag","embeddable":true,"href":"https:\/\/projetocineb.com.br\/index.php?rest_route=%2Fwp%2Fv2%2Ftags&post=12549"}],"curies":[{"name":"wp","href":"https:\/\/api.w.org\/{rel}","templated":true}]}}