{"id":12558,"date":"2020-11-21T22:19:41","date_gmt":"2020-11-22T00:19:41","guid":{"rendered":"http:\/\/projetocineb.com.br\/?p=12558"},"modified":"2020-11-21T22:19:41","modified_gmt":"2020-11-22T00:19:41","slug":"3a-edicao-cineb-online","status":"publish","type":"post","link":"https:\/\/projetocineb.com.br\/?p=12558","title":{"rendered":"3\u00aa edi\u00e7\u00e3o CineB Online"},"content":{"rendered":"<p>Diante do M\u00eas da Consci\u00eancia Negra, na 3\u00aa edi\u00e7\u00e3o do CineB Online tivemos a exibi\u00e7\u00e3o e debate sobre o curta metragem \u201cPreto No Branco\u201d, (link para o filme &#8211; <a href=\"https:\/\/www.youtube.com\/watch?v=rW5DwuRQVuY\">https:\/\/www.youtube.com\/watch?v=rW5DwuRQVuY<\/a> ) escrito e dirigido por Valter Rege. O curta conta a hist\u00f3ria de Roberto Carlos, menino preto de 19 anos que foi acusado injustamente de assaltar uma mulher branca. Nos 15 minutos de filme Valter retrata a quest\u00e3o do preconceito racial e como a culpa tem cor: \u201cSe voc\u00ea nasce preto, voc\u00ea \u00e9 culpado\u201d (Valter Rege).<\/p>\n<p>Durante o debate, Rege teceu coment\u00e1rios sobre os personagens e o que eles representam na sociedade: Roberto Carlos, menino preto que sabe quem \u00e9, onde est\u00e1 e por isso sempre se posiciona; Isabela, a mulher branca que n\u00e3o se v\u00ea racista e se descobre racista; Delegada, pessoa que det\u00e9m o poder e tem uma certa empatia por reconhecer a situa\u00e7\u00e3o; e os dois Policiais, uma pessoa preta que n\u00e3o tem reconhece sua negritude e uma pessoa branca que \u00e9 extremamente violenta. Todos os personagens foram feitos de forma bem realista para retratar de fato como \u00e9 ser preto num pa\u00eds racista.<\/p>\n<p>O debate ainda gerou uma discuss\u00e3o sobre os padr\u00f5es dos filmes que t\u00eam protagonistas pretos: sempre h\u00e1 de ocorrer uma trag\u00e9dia para ser \u201cvalidado\u201d. Diferente da maioria dos filmes, o curta de Rege tem um desfecho bom, um \u201cdesfecho Disney\u201d como ele pontua, j\u00e1 que o menino \u00e9 finalmente inocentado de seu suposto crime e ainda d\u00e1 uma li\u00e7\u00e3o de moral no policial que o chamou pejorativamente de \u201cneguinho\u201d. Rege ressalta no debate a import\u00e2ncia desse final ilus\u00f3rio, pois a viol\u00eancia contra o corpo preto est\u00e1 t\u00e3o comum aos olhos da sociedade que quando se v\u00ea algo diferente a isso ocorre um estranhamento, o qual \u00e9 necess\u00e1rio para questionarmos o porqu\u00ea dessa viol\u00eancia e naturaliza\u00e7\u00e3o dela.<\/p>\n<p>O debate foi fomentado com a participa\u00e7\u00e3o dos alunos EAD da faculdade Unisantana os quais se posicionaram frente a uma realidade t\u00e3o cruel. Os participantes trouxeram viv\u00eancias de racismos, assim como, mecanismos de mudan\u00e7a sobre os paradigmas racistas da nossa sociedade.<br \/>\nForam mais de 70 pessoas participando do debate, entre pessoas que acompanharam pelo youtube ou estiveram na sala do debate, isso mostra o qu\u00e3o urgente \u00e9 essa discuss\u00e3o e acima de tudo, as mudan\u00e7as que s\u00e3o necess\u00e1rias e imediatas.<\/p>\n<p>N\u00f3s do CineB Solar, agradecemos a todos que presenciaram o debate, principalmente aos professores Eduardo Nunes, Marcos Correa, Marcelo Gon\u00e7alves- Diretor do Sindicato dos Banc\u00e1rios Sp de S\u00e3o Paulo, Osasco e regi\u00e3o,\u00a0e claro, ao incr\u00edvel roteirista, diretor e comunicador Valter Rege. O debate foi mediado por Cynthia Alario e Cidalio Santos.<br \/>\nNessa 3\u00aa edi\u00e7\u00e3o buscamos discutir sobre a quest\u00e3o racial e a luta antirracista e foi de extrema import\u00e2ncia a presen\u00e7a de todos para juntos aprendermos cada vez mais.<\/p>\n<p><a href=\"http:\/\/projetocineb.com.br\/wp-content\/uploads\/2020\/11\/IMG1.jpg\"><img fetchpriority=\"high\" decoding=\"async\" class=\"alignnone size-full wp-image-12559\" src=\"http:\/\/projetocineb.com.br\/wp-content\/uploads\/2020\/11\/IMG1.jpg\" alt=\"\" width=\"1280\" height=\"622\" \/><\/a><\/p>\n<p>Sobre o CineB<\/p>\n<p>Criado em 2007, o CineB passou a se chamar CineB Solar em 2018, quando passou a circular com uma van que gera, atrav\u00e9s de placas solares, a pr\u00f3pria energia consumida no evento. J\u00e1 atingiu um p\u00fablico superior a 70 mil espectadores em mais de 550 sess\u00f5es gratuitas realizadas em comunidades e universidades de S\u00e3o Paulo. A iniciativa busca democratizar o acesso ao cinema nacional e divulgar os filmes produzidos no Brasil. J\u00e1 foram exibidos na tela do CineB mais de 130 longas-metragens e 80 curtas-metragens, al\u00e9m da realiza\u00e7\u00e3o de pr\u00e9-estreias exclusivas.<\/p>\n<p>Nesse momento de isolamento, para evitar aglomera\u00e7\u00f5es, se reinventaram e prepararam novos projetos: CineB on-line, CineB Solar na Janela e CineB Autorama, a\u00e7\u00f5es para que todos possam ficar em casa e se divertir com uma sess\u00e3o de cinema.<\/p>\n","protected":false},"excerpt":{"rendered":"<p>Diante do M\u00eas da Consci\u00eancia Negra, na 3\u00aa edi\u00e7\u00e3o do CineB Online tivemos a exibi\u00e7\u00e3o e debate sobre o curta[&#8230;]<\/p>\n","protected":false},"author":2,"featured_media":12560,"comment_status":"open","ping_status":"open","sticky":false,"template":"","format":"standard","meta":[],"categories":[3],"tags":[],"_links":{"self":[{"href":"https:\/\/projetocineb.com.br\/index.php?rest_route=\/wp\/v2\/posts\/12558"}],"collection":[{"href":"https:\/\/projetocineb.com.br\/index.php?rest_route=\/wp\/v2\/posts"}],"about":[{"href":"https:\/\/projetocineb.com.br\/index.php?rest_route=\/wp\/v2\/types\/post"}],"author":[{"embeddable":true,"href":"https:\/\/projetocineb.com.br\/index.php?rest_route=\/wp\/v2\/users\/2"}],"replies":[{"embeddable":true,"href":"https:\/\/projetocineb.com.br\/index.php?rest_route=%2Fwp%2Fv2%2Fcomments&post=12558"}],"version-history":[{"count":0,"href":"https:\/\/projetocineb.com.br\/index.php?rest_route=\/wp\/v2\/posts\/12558\/revisions"}],"wp:featuredmedia":[{"embeddable":true,"href":"https:\/\/projetocineb.com.br\/index.php?rest_route=\/wp\/v2\/media\/12560"}],"wp:attachment":[{"href":"https:\/\/projetocineb.com.br\/index.php?rest_route=%2Fwp%2Fv2%2Fmedia&parent=12558"}],"wp:term":[{"taxonomy":"category","embeddable":true,"href":"https:\/\/projetocineb.com.br\/index.php?rest_route=%2Fwp%2Fv2%2Fcategories&post=12558"},{"taxonomy":"post_tag","embeddable":true,"href":"https:\/\/projetocineb.com.br\/index.php?rest_route=%2Fwp%2Fv2%2Ftags&post=12558"}],"curies":[{"name":"wp","href":"https:\/\/api.w.org\/{rel}","templated":true}]}}