{"id":12563,"date":"2020-12-15T00:37:17","date_gmt":"2020-12-15T02:37:17","guid":{"rendered":"http:\/\/projetocineb.com.br\/?p=12563"},"modified":"2020-12-15T00:37:17","modified_gmt":"2020-12-15T02:37:17","slug":"cineb-encerra-sua-passagem-pelo-complexo-do-frei-tito-atendendo-mais-de-300-familias","status":"publish","type":"post","link":"https:\/\/projetocineb.com.br\/?p=12563","title":{"rendered":"CineB encerra sua passagem pelo complexo Frei Tito, atendendo mais de 300 fam\u00edlias"},"content":{"rendered":"<p>O CineB Solar na janela segue sua jornada e vem refor\u00e7ando, a cada sess\u00e3o, seu compromisso com a democratiza\u00e7\u00e3o de acesso do cinema pelas comunidades perif\u00e9ricas de S\u00e3o Paulo e regi\u00e3o.<\/p>\n<p>Retornar ao Conjunto Habitacional Frei Tito demonstrou o qu\u00e3o especial esse projeto \u00e9 para as pessoas, a receptividade dos coordenadores do local, mais a demonstra\u00e7\u00e3o de alegria dos moradores, fizeram tudo ficar ainda mais especial, mesmo com um s\u00e1bado frio e chuvoso, a sess\u00e3o teve o calor de todos os moradores do Frei Tito.<\/p>\n<p><a href=\"http:\/\/projetocineb.com.br\/?attachment_id=12578\" rel=\"attachment wp-att-12578\"><img fetchpriority=\"high\" decoding=\"async\" class=\"aligncenter size-full wp-image-12578\" src=\"http:\/\/projetocineb.com.br\/wp-content\/uploads\/2020\/12\/WhatsApp-Image-2020-12-15-at-11.15.46-1.jpeg\" alt=\"\" width=\"1280\" height=\"853\" \/><\/a><\/p>\n<p>Ao longo dos dois \u00faltimos meses atendemos os complexo onde fica o residencial, sendo eles: Conjunto Habitacional Mandela e o Conjunto Frei Tito.<br \/>\nCerca de 300 fam\u00edlias participaram dessas sess\u00f5es e puderam conferir a magia do cinema direto de suas varandas.<br \/>\nSaber da hist\u00f3ria do local, mas as sess\u00f5es ganharem mais valor, e no Frei Tito n\u00e3o foi diferente. Sua hist\u00f3ria \u00e9 mercada pela luta e organiza\u00e7\u00e3o popular que atrav\u00e9s do movimento MSTL (MOVIMENTO SEM TERRA DE LUTA).<br \/>\nO s\u00edndico e membro do movimento MSTL, \u00a0Claudio Ven\u00e2ncio Faria\u00a0 nos explicou que o condom\u00ednio tem como prim\u00edcias O <em>BEM VIVER<\/em> , onde a busca n\u00e3o \u00e9 s\u00f3 pela moradia, mas sim pela qualidade de vida como um todo, e foi isso que motivou a luta pelo condom\u00ednio Frei Tito, dar muito mais que moradia, proporcionar bem estar e qualidade de vida atrav\u00e9s de a\u00e7\u00f5es comunit\u00e1rias e populares, trazendo possibilidades e acesso para todos os 800 moradores do complexo que re\u00fane Conj. Mandela e Frei Tito.<br \/>\nE isso j\u00e1 se mostrou nos poucos meses de inaugura\u00e7\u00e3o, que aconteceu em julho, onde dos 500 apartamentos do Frei Tito 420 j\u00e1 foram ocupados, e elegeram de forma democr\u00e1tica o Claudio, demonstrando nessa assembleia de que os moradores, muitos deles participantes de movimentos sociais, compreendem a import\u00e2ncia de serem liderados por pessoas capazes e que conseguem entender, assim como o pr\u00f3prio Claudio nos diz, de que poder n\u00e3o vem com autoritarismo mas sim como a possibilidade de organizar atrav\u00e9s do dialogo com aqueles que fazem o condom\u00ednio existir: Os Moradores.<\/p>\n<figure id=\"attachment_12577\" aria-describedby=\"caption-attachment-12577\" style=\"width: 1280px\" class=\"wp-caption aligncenter\"><a href=\"http:\/\/projetocineb.com.br\/?attachment_id=12577\" rel=\"attachment wp-att-12577\"><img decoding=\"async\" class=\"size-full wp-image-12577\" src=\"http:\/\/projetocineb.com.br\/wp-content\/uploads\/2020\/12\/WhatsApp-Image-2020-12-15-at-11.15.46-2.jpeg\" alt=\"\" width=\"1280\" height=\"853\" \/><\/a><figcaption id=\"caption-attachment-12577\" class=\"wp-caption-text\">Claudio Ven\u00e2ncio Faria &#8211; s\u00edndico eleito Condom\u00ednio Frei Tito<\/figcaption><\/figure>\n<p>Ter o CineB contextualizado como o inicio dessas atividades de acesso no residencial \u00e9 sem d\u00favida, um grande privil\u00e9gio, sabemos que essa parceria se estender\u00e1 por muito anos e que mais sess\u00f5es vir\u00e3o como a de s\u00e1bado, com muito carinho e respeito de todos.<\/p>\n<p>Os blocos C e D, contemplados nessa ultima fase de sess\u00e3o no conjunto habitacional, mostrou a ansiedade que estavam pelo projeto atrav\u00e9s do show de luzes feito antes da sess\u00e3o, com direto a buzina\u00e7o dos moradores que participaram de dentro dos carros e muitos aplausos das varandas, isso claro acompanhado de pipoca, porque cinema com pipoca \u00e9 muito mais gostoso.<\/p>\n<figure id=\"attachment_12579\" aria-describedby=\"caption-attachment-12579\" style=\"width: 853px\" class=\"wp-caption alignright\"><a href=\"http:\/\/projetocineb.com.br\/?attachment_id=12579\" rel=\"attachment wp-att-12579\"><img decoding=\"async\" class=\"size-full wp-image-12579\" src=\"http:\/\/projetocineb.com.br\/wp-content\/uploads\/2020\/12\/WhatsApp-Image-2020-12-15-at-11.15.46.jpeg\" alt=\"\" width=\"853\" height=\"1280\" \/><\/a><figcaption id=\"caption-attachment-12579\" class=\"wp-caption-text\">Moradora do Frei Tito, com seu kit CineB para a sess\u00e3o<\/figcaption><\/figure>\n<p>Sabemos que esse momento dif\u00edcil ir\u00e1 passar, e certamente, n\u00f3s do CineB queremos retornar ao Frei Tito para poder abra\u00e7ar e continuar retribuindo a todos nossos parceiros desse lugar cheio de afeto e movido pela luta pelos direitos b\u00e1sicos das pessoas.<\/p>\n<p>Seguimos juntos com cada morador, nesta luta que \u00e9 nossa, a trazer BEM ESTAR para todos! Um agradecimento mais que especial a todos representantes do condom\u00ednio que estiveram com a gente nessa sess\u00e3o, a todos moradores que vibraram com a gente a realiza\u00e7\u00e3o de mais uma sess\u00e3o.<\/p>\n<p>Confira um pouco mais da sess\u00e3o:<a href=\"http:\/\/projetocineb.com.br\/?attachment_id=12573\" rel=\"attachment wp-att-12573\">:<br \/>\n<\/a><a href=\"http:\/\/projetocineb.com.br\/?attachment_id=12568\" rel=\"attachment wp-att-12568\"><br \/>\n<\/a><\/p>\n<figure id=\"attachment_12576\" aria-describedby=\"caption-attachment-12576\" style=\"width: 853px\" class=\"wp-caption aligncenter\"><a href=\"http:\/\/projetocineb.com.br\/?attachment_id=12576\" rel=\"attachment wp-att-12576\"><img loading=\"lazy\" decoding=\"async\" class=\"size-full wp-image-12576\" src=\"http:\/\/projetocineb.com.br\/wp-content\/uploads\/2020\/12\/WhatsApp-Image-2020-12-15-at-11.15.46-3.jpeg\" alt=\"\" width=\"853\" height=\"1280\" \/><\/a><figcaption id=\"caption-attachment-12576\" class=\"wp-caption-text\">Equipe montando os kits para serem distribu\u00eddos aos moradores<\/figcaption><\/figure>\n<p><a href=\"http:\/\/projetocineb.com.br\/?attachment_id=12575\" rel=\"attachment wp-att-12575\"><img loading=\"lazy\" decoding=\"async\" class=\"aligncenter size-full wp-image-12575\" src=\"http:\/\/projetocineb.com.br\/wp-content\/uploads\/2020\/12\/WhatsApp-Image-2020-12-15-at-11.15.46-4.jpeg\" alt=\"\" width=\"1280\" height=\"853\" \/><\/a><\/p>\n<figure id=\"attachment_12568\" aria-describedby=\"caption-attachment-12568\" style=\"width: 1280px\" class=\"wp-caption aligncenter\"><a href=\"http:\/\/projetocineb.com.br\/?attachment_id=12568\" rel=\"attachment wp-att-12568\"><img loading=\"lazy\" decoding=\"async\" class=\"size-full wp-image-12568\" src=\"http:\/\/projetocineb.com.br\/wp-content\/uploads\/2020\/12\/WhatsApp-Image-2020-12-15-at-11.16.43-5.jpeg\" alt=\"\" width=\"1280\" height=\"1010\" \/><\/a><figcaption id=\"caption-attachment-12568\" class=\"wp-caption-text\">Rosa umas das lideran\u00e7as do Condom\u00ednio Frei Tito<\/figcaption><\/figure>\n<figure id=\"attachment_12574\" aria-describedby=\"caption-attachment-12574\" style=\"width: 853px\" class=\"wp-caption aligncenter\"><a href=\"http:\/\/projetocineb.com.br\/?attachment_id=12574\" rel=\"attachment wp-att-12574\"><img loading=\"lazy\" decoding=\"async\" class=\"size-full wp-image-12574\" src=\"http:\/\/projetocineb.com.br\/wp-content\/uploads\/2020\/12\/WhatsApp-Image-2020-12-15-at-11.16.43.jpeg\" alt=\"\" width=\"853\" height=\"1280\" \/><\/a><figcaption id=\"caption-attachment-12574\" class=\"wp-caption-text\">Kit CineB entregue a todos os moradores.<\/figcaption><\/figure>\n<figure id=\"attachment_12571\" aria-describedby=\"caption-attachment-12571\" style=\"width: 1280px\" class=\"wp-caption aligncenter\"><a href=\"http:\/\/projetocineb.com.br\/?attachment_id=12571\" rel=\"attachment wp-att-12571\"><img loading=\"lazy\" decoding=\"async\" class=\"size-full wp-image-12571\" src=\"http:\/\/projetocineb.com.br\/wp-content\/uploads\/2020\/12\/WhatsApp-Image-2020-12-15-at-11.16.43-3-1.jpeg\" alt=\"\" width=\"1280\" height=\"853\" \/><\/a><figcaption id=\"caption-attachment-12571\" class=\"wp-caption-text\">Pequenos moradores do Frei Tito empolgados com a sess\u00e3o do CineB<\/figcaption><\/figure>\n","protected":false},"excerpt":{"rendered":"<p>O CineB Solar na janela segue sua jornada e vem refor\u00e7ando, a cada sess\u00e3o, seu compromisso com a democratiza\u00e7\u00e3o de[&#8230;]<\/p>\n","protected":false},"author":2,"featured_media":12793,"comment_status":"open","ping_status":"open","sticky":false,"template":"","format":"standard","meta":[],"categories":[2,6],"tags":[],"_links":{"self":[{"href":"https:\/\/projetocineb.com.br\/index.php?rest_route=\/wp\/v2\/posts\/12563"}],"collection":[{"href":"https:\/\/projetocineb.com.br\/index.php?rest_route=\/wp\/v2\/posts"}],"about":[{"href":"https:\/\/projetocineb.com.br\/index.php?rest_route=\/wp\/v2\/types\/post"}],"author":[{"embeddable":true,"href":"https:\/\/projetocineb.com.br\/index.php?rest_route=\/wp\/v2\/users\/2"}],"replies":[{"embeddable":true,"href":"https:\/\/projetocineb.com.br\/index.php?rest_route=%2Fwp%2Fv2%2Fcomments&post=12563"}],"version-history":[{"count":0,"href":"https:\/\/projetocineb.com.br\/index.php?rest_route=\/wp\/v2\/posts\/12563\/revisions"}],"wp:featuredmedia":[{"embeddable":true,"href":"https:\/\/projetocineb.com.br\/index.php?rest_route=\/wp\/v2\/media\/12793"}],"wp:attachment":[{"href":"https:\/\/projetocineb.com.br\/index.php?rest_route=%2Fwp%2Fv2%2Fmedia&parent=12563"}],"wp:term":[{"taxonomy":"category","embeddable":true,"href":"https:\/\/projetocineb.com.br\/index.php?rest_route=%2Fwp%2Fv2%2Fcategories&post=12563"},{"taxonomy":"post_tag","embeddable":true,"href":"https:\/\/projetocineb.com.br\/index.php?rest_route=%2Fwp%2Fv2%2Ftags&post=12563"}],"curies":[{"name":"wp","href":"https:\/\/api.w.org\/{rel}","templated":true}]}}