{"id":12582,"date":"2021-02-01T13:30:38","date_gmt":"2021-02-01T15:30:38","guid":{"rendered":"http:\/\/projetocineb.com.br\/?p=12582"},"modified":"2021-02-01T13:30:38","modified_gmt":"2021-02-01T15:30:38","slug":"retrospectiva-cineb-solar-2020","status":"publish","type":"post","link":"https:\/\/projetocineb.com.br\/?p=12582","title":{"rendered":"Retrospectiva CineB Solar 2020"},"content":{"rendered":"<p>Em ano de pandemia, CineB inova na exibi\u00e7\u00e3o e em a\u00e7\u00f5es solid\u00e1rias. Projeto que leva cinema nacional \u00e0s periferias mant\u00e9m proje\u00e7\u00f5es com distanciamento social e ainda ajuda com distribui\u00e7\u00e3o de cestas b\u00e1sicas a fam\u00edlias carentes.<\/p>\n<p>O ano de 2020 foi dif\u00edcil, mas a necessidade de isolamento social imposta pela pandemia de coronav\u00edrus n\u00e3o interrompeu as a\u00e7\u00f5es do CineB Solar, projeto que o Sindicato dos Banc\u00e1rios de S\u00e3o Paulo, Osasco e Regi\u00e3o desenvolve em parceria com a Brazucah Produ\u00e7\u00f5es, e que leva o cinema nacional \u00e0s periferias da Grande S\u00e3o Paulo, apostando na cultura como promotora da cidadania.<\/p>\n<p>&#8220;Fomos desafiados a inovar, a reinventar e mais do que nunca, a cuidar do pr\u00f3ximo. E foram esses nossos grandes aprendizados no CineB Solar este ano&#8221;, diz o coordenador do projeto, Cid\u00e1lio Santos.<\/p>\n<p><a href=\"http:\/\/projetocineb.com.br\/?attachment_id=12583\" rel=\"attachment wp-att-12583\"><img fetchpriority=\"high\" decoding=\"async\" class=\"aligncenter size-full wp-image-12583\" src=\"http:\/\/projetocineb.com.br\/wp-content\/uploads\/2021\/02\/WhatsApp-Image-2021-02-01-at-12.17.32-1.jpeg\" alt=\"\" width=\"1280\" height=\"1280\" \/><\/a><\/p>\n<p>Ele conta que logo no in\u00edcio da pandemia no Brasil, o tom foi de solidariedade: o Instituto Votorantim, por conta da parceria com projetos que desenvolve com a Brazucah Produ\u00e7\u00f5es, entrou em contato com a produtora que indicou comunidades onde o CineB Solar atua, para serem beneficiadas com doa\u00e7\u00f5es de cestas b\u00e1sicas e kits de higiene. &#8220;Com isso conseguimos apoiar a Ong Juntos, na zona leste, que recebeu 200 cestas b\u00e1sicas, e a entidade Centro Social Santo Dias, na zona oeste, que recebeu 200 cestas b\u00e1sicas e 200 kits de itens de higiene&#8221;, conta.<\/p>\n<p><strong>Criatividade nas exibi\u00e7\u00f5es<\/strong><\/p>\n<p><a href=\"http:\/\/projetocineb.com.br\/?attachment_id=12589\" rel=\"attachment wp-att-12589\"><img decoding=\"async\" class=\"aligncenter size-full wp-image-12589\" src=\"http:\/\/projetocineb.com.br\/wp-content\/uploads\/2021\/02\/WhatsApp-Image-2021-02-01-at-12.17.00.jpeg\" alt=\"\" width=\"1280\" height=\"1280\" \/><\/a><\/p>\n<p>Neste processo de reinven\u00e7\u00f5es, o CineB Solar criou tr\u00eas propostas para levar cinema para as comunidades mesmo durante a crise sanit\u00e1ria: o CineB Solar na Janela, CineB Autorama e CineB on-line. Em todos os circuitos foram exibidos filmes com temas sobre a pandemia, igualdade racial e direitos humanos. Sempre respeitando os protocolos de distanciamento, oferecendo lazer e cultura para moradores das periferias e banc\u00e1rios.<\/p>\n<p><strong>CineB Solar na Janela<\/strong><\/p>\n<p>Fam\u00edlias da janela de suas casas assistem \u00e0 exibi\u00e7\u00e3o do CineB Solar com isolamento social necess\u00e1rio devido \u00e0 pandemia\u00a0<a href=\"http:\/\/projetocineb.com.br\/?attachment_id=12585\" rel=\"attachment wp-att-12585\"><img decoding=\"async\" class=\"size-full wp-image-12585 alignleft\" src=\"http:\/\/projetocineb.com.br\/wp-content\/uploads\/2021\/02\/WhatsApp-Image-2021-02-01-at-12.17.00-4.jpeg\" alt=\"\" width=\"1280\" height=\"960\" \/><\/a><\/p>\n<p>&nbsp;<\/p>\n<p>No CineB Solar na Janela, o projeto levou cinema para conjuntos habitacionais em parceria com os movimentos de moradia. Mais de 630 fam\u00edlias tiveram a oportunidade de assistir filmes pelas janelas dos seus apartamentos.<\/p>\n<p>&#8220;Por conta dos protocolos sanit\u00e1rios de combate \u00e0 pandemia, mas ainda assim tentando manter o estilo de cinema, o projeto distribuiu saquinhos com milho e caixinhas de pipoca padronizados com a logo do CineB Solar, para que as fam\u00edlias estourassem a pipoca em suas casas e comessem assistindo ao filme nas suas janelas&#8221;, conta Cid\u00e1lio.<\/p>\n<p><a href=\"http:\/\/projetocineb.com.br\/?attachment_id=12584\" rel=\"attachment wp-att-12584\"><img loading=\"lazy\" decoding=\"async\" class=\"aligncenter size-full wp-image-12584\" src=\"http:\/\/projetocineb.com.br\/wp-content\/uploads\/2021\/02\/WhatsApp-Image-2021-02-01-at-12.17.32.jpeg\" alt=\"\" width=\"960\" height=\"1280\" \/><\/a><\/p>\n<p><strong>CineB Autorama<\/strong><\/p>\n<p>No lugar dos alto-falantes, o som foi transmitido pelas ondas de r\u00e1dio FM e captadas pelo celular ou r\u00e1dio. &#8220;Tivemos ainda uma sess\u00e3o especial em frente ao campo de futebol na Zona Sul de S\u00e3o Paulo e as pessoas assistiram das suas casas. Nesse caso participaram cerca de 150 fam\u00edlias&#8221;, diz o coordenador<a href=\"http:\/\/projetocineb.com.br\/?attachment_id=12586\" rel=\"attachment wp-att-12586\"><img loading=\"lazy\" decoding=\"async\" class=\"aligncenter size-full wp-image-12586\" src=\"http:\/\/projetocineb.com.br\/wp-content\/uploads\/2021\/02\/WhatsApp-Image-2021-02-01-at-12.17.00-3.jpeg\" alt=\"\" width=\"1280\" height=\"1280\" \/><\/a><\/p>\n<p>No CineB Autorama, durante tr\u00eas dias no Espa\u00e7o Confinado da Mooca, mais de 400 pessoas participaram dessas sess\u00f5es de cinema estilo drive in. Foram exibidos v\u00e1rios filmes importantes do Cinema brasileiro e duas pr\u00e9 estreias, que foram &#8220;Espetaculares&#8221; e &#8220;Ventos que sopram&#8221;, com depoimento exclusivo da cantora Gaby Amarantos. O p\u00fablico acompanhou aos filmes de dentro dos seus carros, e desta vez, a pipoca tamb\u00e9m foi entregue carro a carro.<\/p>\n<p><strong>CineB online<\/strong><\/p>\n<p><a href=\"http:\/\/projetocineb.com.br\/?attachment_id=12587\" rel=\"attachment wp-att-12587\"><img loading=\"lazy\" decoding=\"async\" class=\"aligncenter size-full wp-image-12587\" src=\"http:\/\/projetocineb.com.br\/wp-content\/uploads\/2021\/02\/WhatsApp-Image-2021-02-01-at-12.17.00-2.jpeg\" alt=\"\" width=\"1280\" height=\"904\" \/><\/a><\/p>\n<p>J\u00e1 na vers\u00e3o, CineB on-line, o projeto criou um espa\u00e7o de reflex\u00e3o e discuss\u00e3o com realizadores, representantes do Sindicato dos Banc\u00e1rios de S\u00e3o Paulo, estudantes de escolas p\u00fablicas e universidades.<\/p>\n<p>Ao todo, foram produzidas quatro lives, com exibi\u00e7\u00e3o de curtas e debates com participa\u00e7\u00e3o dos diretores dos filmes, sempre com temas atuais. Foram abordados temas de direitos humanos e quest\u00f5es \u00e9tnicas.<\/p>\n<p><strong>CineB Talentos<\/strong><\/p>\n<p><a href=\"http:\/\/projetocineb.com.br\/?attachment_id=12588\" rel=\"attachment wp-att-12588\"><img loading=\"lazy\" decoding=\"async\" class=\"aligncenter size-full wp-image-12588\" src=\"http:\/\/projetocineb.com.br\/wp-content\/uploads\/2021\/02\/WhatsApp-Image-2021-02-01-at-12.17.00-1.jpeg\" alt=\"\" width=\"1280\" height=\"1280\" \/><\/a><\/p>\n<p>No m\u00eas de outubro, para comemorar o m\u00eas da crian\u00e7a, foi criado o CineB Talentos, com o objetivo de instituir um espa\u00e7o para as express\u00f5es art\u00edsticas das crian\u00e7as.<\/p>\n<p>&#8220;Recebemos diversos v\u00eddeos de entidades sociais, parceiras do CineB Solar, com crian\u00e7as talentosas e editamos um filme que mescla as apresenta\u00e7\u00f5es art\u00edsticas com pequenos v\u00eddeos dos ODS (o que \u00e9????), a fim de refletir sobre o futuro do nosso planeta no olhar infantil, que est\u00e1 dispon\u00edvel em nossas plataformas das redes sociais&#8221;, diz Cid\u00e1lio.<\/p>\n<p><strong>Olhar cr\u00edtico sobre o sistema banc\u00e1rio<\/strong><\/p>\n<p>O coordenador do projeto informa ainda que o CineB Solar n\u00e3o se furtou a denunciar a gan\u00e2ncia do setor banc\u00e1rio, com sua pol\u00edtica cruel de demiss\u00f5es em plena pandemia.<\/p>\n<p>&#8220;Foram exibidos v\u00eddeos do Sindicato dos Banc\u00e1rios contra demiss\u00f5es e fizemos a divulga\u00e7\u00e3o no tel\u00e3o antes do in\u00edcio das sess\u00f5es. A campanha da utiliza\u00e7\u00e3o das m\u00e1scaras tamb\u00e9m foi exibida&#8221;, informa.<\/p>\n<p>Ele destaca ainda que foi tamb\u00e9m um ano que o projeto foi destaque na imprensa, no portal r7 https:\/\/virtz.r7.com\/projeto-transforma-comunidades-em-cinema-ao-ar-livre-19102020, jornais de bairro e no site do Sindicato dos Banc\u00e1rios de S\u00e3o Paulo.<\/p>\n<p><a href=\"http:\/\/projetocineb.com.br\/?attachment_id=12590\" rel=\"attachment wp-att-12590\"><img loading=\"lazy\" decoding=\"async\" class=\"aligncenter size-full wp-image-12590\" src=\"http:\/\/projetocineb.com.br\/wp-content\/uploads\/2021\/02\/WhatsApp-Image-2021-02-01-at-12.26.17.jpeg\" alt=\"\" width=\"1280\" height=\"1280\" \/><\/a><\/p>\n<p>&#8220;Foi sim um ano muito dif\u00edcil. Mas do sofrimento guardamos a certeza de que sobrevivemos. Dos erros, guardamos a aprendizagem. E das dificuldades, guardamos o momento da supera\u00e7\u00e3o. Hoje somos mais experientes, mais fortes e mais s\u00e1bios&#8221;, conclui.<\/p>\n<p><strong>Projeto tem 13 anos<\/strong><\/p>\n<p>O projeto foi criado em 2007, ent\u00e3o chamado apenas CineB &#8211; passou a se chamar CineB Solar em 2018, quando passou a utilizar a energia solar, mais ecol\u00f3gica, para as exibi\u00e7\u00f5es noturnas. O projeto faz parte das a\u00e7\u00f5es do Sindicato Cidad\u00e3o, que atua para al\u00e9m da categoria banc\u00e1ria, com projetos de inclus\u00e3o e cidadania. Desde ent\u00e3o, j\u00e1 realizou mais de 577 sess\u00f5es gratuitas e atingiu um p\u00fablico superior a 74 mil pessoas, levando cinema de qualidade a crian\u00e7as, jovens, homens, mulheres e idosos que, muitas vezes, nunca tinham tido a experi\u00eancia do cinema na telona.<\/p>\n<p>Saiba mais sobre o projeto no: http:\/\/projetocineb.com.br\/<\/p>\n<p>&nbsp;<\/p>\n","protected":false},"excerpt":{"rendered":"<p>Em ano de pandemia, CineB inova na exibi\u00e7\u00e3o e em a\u00e7\u00f5es solid\u00e1rias. Projeto que leva cinema nacional \u00e0s periferias mant\u00e9m[&#8230;]<\/p>\n","protected":false},"author":2,"featured_media":13000,"comment_status":"open","ping_status":"open","sticky":false,"template":"","format":"standard","meta":[],"categories":[2,6],"tags":[],"_links":{"self":[{"href":"https:\/\/projetocineb.com.br\/index.php?rest_route=\/wp\/v2\/posts\/12582"}],"collection":[{"href":"https:\/\/projetocineb.com.br\/index.php?rest_route=\/wp\/v2\/posts"}],"about":[{"href":"https:\/\/projetocineb.com.br\/index.php?rest_route=\/wp\/v2\/types\/post"}],"author":[{"embeddable":true,"href":"https:\/\/projetocineb.com.br\/index.php?rest_route=\/wp\/v2\/users\/2"}],"replies":[{"embeddable":true,"href":"https:\/\/projetocineb.com.br\/index.php?rest_route=%2Fwp%2Fv2%2Fcomments&post=12582"}],"version-history":[{"count":0,"href":"https:\/\/projetocineb.com.br\/index.php?rest_route=\/wp\/v2\/posts\/12582\/revisions"}],"wp:featuredmedia":[{"embeddable":true,"href":"https:\/\/projetocineb.com.br\/index.php?rest_route=\/wp\/v2\/media\/13000"}],"wp:attachment":[{"href":"https:\/\/projetocineb.com.br\/index.php?rest_route=%2Fwp%2Fv2%2Fmedia&parent=12582"}],"wp:term":[{"taxonomy":"category","embeddable":true,"href":"https:\/\/projetocineb.com.br\/index.php?rest_route=%2Fwp%2Fv2%2Fcategories&post=12582"},{"taxonomy":"post_tag","embeddable":true,"href":"https:\/\/projetocineb.com.br\/index.php?rest_route=%2Fwp%2Fv2%2Ftags&post=12582"}],"curies":[{"name":"wp","href":"https:\/\/api.w.org\/{rel}","templated":true}]}}