{"id":12605,"date":"2021-02-24T16:55:18","date_gmt":"2021-02-24T19:55:18","guid":{"rendered":"http:\/\/projetocineb.com.br\/?p=12605"},"modified":"2021-02-24T16:55:18","modified_gmt":"2021-02-24T19:55:18","slug":"cine-b-solar-estreia-o-circuito-de-2021-no-residencial-franca-no-jardim-joao-xxiii","status":"publish","type":"post","link":"https:\/\/projetocineb.com.br\/?p=12605","title":{"rendered":"CineB Solar estreia o circuito de 2021 no Residencial Franca, no Jardim Jo\u00e3o XXIII"},"content":{"rendered":"<p style=\"text-align: left;\"><a href=\"http:\/\/projetocineb.com.br\/?attachment_id=12606\" rel=\"attachment wp-att-12606\"><img fetchpriority=\"high\" decoding=\"async\" class=\"aligncenter size-full wp-image-12606\" src=\"http:\/\/projetocineb.com.br\/wp-content\/uploads\/2021\/02\/image8.png\" alt=\"\" width=\"1024\" height=\"768\" \/><\/a><br \/>\nA estreia do CineB aconteceu com p\u00e9 direito na \u00faltima sexta-feira, dia 19 de fevereiro. A sess\u00e3o aconteceu no Condom\u00ednio Residencial Franca, no Butant\u00e3 &#8211; Zona Oeste de S\u00e3o Paulo e contou com uma programa\u00e7\u00e3o especial de curtas metragens e a presen\u00e7a de M\u00e1rcio Santos diretor do curta \u201cSustent\u00e1vel \u2013 episodio 01\u201d , um dos filmes exibido na noite. No modelo CineB Solar na janela: a sess\u00e3o contou com proje\u00e7\u00e3o na parede do condom\u00ednio e as pessoas puderam assistir pelas janelas dos apartamentos.<br \/>\nPor conta dos protocolos sanit\u00e1rios de combate \u00e0 pandemia, o projeto CineB Solar na Janela entregou aos coordenadores do local saquinhos com milho e caixinhas padronizadas de pipoca que foram distribu\u00eddos aos moradores, que estouraram as pipocas e foram para as janelas assistirem aos filmes.<\/p>\n<p><a href=\"http:\/\/projetocineb.com.br\/?attachment_id=12607\" rel=\"attachment wp-att-12607\"><img decoding=\"async\" class=\"size-full wp-image-12607 alignnone\" src=\"http:\/\/projetocineb.com.br\/wp-content\/uploads\/2021\/02\/EQUIPE-DE-MORADORES.png\" alt=\"\" width=\"720\" height=\"1280\" \/><\/a><\/p>\n<p>O Condom\u00ednio, que j\u00e1 recebeu o projeto anos anteriores, possui 240 apartamentos divididos em 12 torres e foi constru\u00eddo por meio do programa Minha Casa, Minha Vida, do Governo Federal na gest\u00e3o do Governo Lula e Dilma.<\/p>\n<p><a href=\"http:\/\/projetocineb.com.br\/?attachment_id=12608\" rel=\"attachment wp-att-12608\"><img decoding=\"async\" class=\"aligncenter size-full wp-image-12608\" src=\"http:\/\/projetocineb.com.br\/wp-content\/uploads\/2021\/02\/image6.png\" alt=\"\" width=\"1024\" height=\"768\" \/><\/a><br \/>\nPara a abertura da sess\u00e3o, contamos com a s\u00edndica Ana C\u00e9lia, Ivonice, Vanda e Benedita- moradoras do local. A contagem regressiva tamb\u00e9m fez parte da noite, com direito \u00e0 muitos gritos, salve de luzes piscantes, lanternas de celulares ligadas e panela\u00e7o. Divers\u00e3o garantida!<\/p>\n<p><a href=\"http:\/\/projetocineb.com.br\/?attachment_id=12609\" rel=\"attachment wp-att-12609\"><img loading=\"lazy\" decoding=\"async\" class=\"aligncenter size-full wp-image-12609\" src=\"http:\/\/projetocineb.com.br\/wp-content\/uploads\/2021\/02\/WhatsApp-Image-2021-02-24-at-16.25.50.jpeg\" alt=\"\" width=\"1280\" height=\"720\" \/><\/a><\/p>\n<p>Para Vanda\u00a0Maria D. da Silva, moradora do local : \u201cEu acho o projeto de voc\u00eas maravilhoso, \u00e9 cultura. Voc\u00eas deveriam vir mais vezes no nosso condom\u00ednio porque \u00e9 muito legal. Que voc\u00eas continuem fazendo isso n\u00e3o s\u00f3 aqui, mas em outros condom\u00ednios de S\u00e3o Paulo.\u201d<\/p>\n<p>Segundo Ana C\u00e9lia, sindica do condom\u00ednio: \u201cMuito obrigada ao pessoal do CineB Solar, estou gostando desta ideia de trazer o cinema na janela, pois da outra vez fizemos no sal\u00e3o foi uma experi\u00eancia diferente e desta vez est\u00e1 sendo uma experi\u00eancia maravilhosa!\u201d<\/p>\n<figure id=\"attachment_12613\" aria-describedby=\"caption-attachment-12613\" style=\"width: 360px\" class=\"wp-caption aligncenter\"><a href=\"http:\/\/projetocineb.com.br\/?attachment_id=12613\" rel=\"attachment wp-att-12613\"><img loading=\"lazy\" decoding=\"async\" class=\"size-full wp-image-12613\" src=\"http:\/\/projetocineb.com.br\/wp-content\/uploads\/2021\/02\/WhatsApp-Image-2021-02-24-at-16.27.44.jpeg\" alt=\"Ana C\u00e9lia ao receber o cartaz da sess\u00e3o\" width=\"360\" height=\"640\" \/><\/a><figcaption id=\"caption-attachment-12613\" class=\"wp-caption-text\">Ana ao receber o cartaz da sess\u00e3o<\/figcaption><\/figure>\n<p>E para Luciene, moradora do local: \u201cTo achando \u00f3timo, maravilhoso , adorei , o CineB est\u00e1 de parab\u00e9ns , movimentou o condom\u00ednio , porque nesta \u00e9poca de pandemia n\u00e3o temos muito o que fazer, \u00e9 uma novidade , amei!\u201d<\/p>\n<p><a href=\"http:\/\/projetocineb.com.br\/?attachment_id=12619\" rel=\"attachment wp-att-12619\"><img loading=\"lazy\" decoding=\"async\" class=\"aligncenter size-full wp-image-12619\" src=\"http:\/\/projetocineb.com.br\/wp-content\/uploads\/2021\/02\/LUCIENE.png\" alt=\"\" width=\"360\" height=\"640\" \/><\/a><\/p>\n<p>O condom\u00ednio possui uma horta comunit\u00e1ria e por conta disso exibimos o curta \u00a0\u201cSustent\u00e1vel \u2013 episodio 01\u201d que fala sobre este tema. O diretor do filme, M\u00e1rcio Santos esteve presente e ao final da sess\u00e3o participou de um debate .<strong>\u00a0<\/strong><\/p>\n<p><a href=\"http:\/\/projetocineb.com.br\/?attachment_id=12620\" rel=\"attachment wp-att-12620\"><img loading=\"lazy\" decoding=\"async\" class=\"aligncenter size-full wp-image-12620\" src=\"http:\/\/projetocineb.com.br\/wp-content\/uploads\/2021\/02\/WhatsApp-Image-2021-02-26-at-14.33.47.jpeg\" alt=\"\" width=\"1280\" height=\"720\" \/><\/a><\/p>\n<p>Ao final, ainda foram sorteados brindes aos moradores, que adoraram.<\/p>\n<p>N\u00f3s do CINEB SOLAR agradecemos todo o apoio dos moradores do condom\u00ednio\u00a0habitacional Franca: fundamentais para o sucesso desta sess\u00e3o.<\/p>\n<p><strong>Atendendo a pedidos e devido ao sucesso, faremos uma pr\u00f3xima sess\u00e3o do CINEB SOLAR na Janela neste mesmo local no dia 20 de mar\u00e7o. Estamos ansiosos para voltar!<\/strong><\/p>\n<p>&nbsp;<\/p>\n<p>&nbsp;<\/p>\n<p>&nbsp;<\/p>\n<p>&nbsp;<\/p>\n<p>&nbsp;<\/p>\n<p>&nbsp;<\/p>\n","protected":false},"excerpt":{"rendered":"<p>A estreia do CineB aconteceu com p\u00e9 direito na \u00faltima sexta-feira, dia 19 de fevereiro. A sess\u00e3o aconteceu no Condom\u00ednio[&#8230;]<\/p>\n","protected":false},"author":2,"featured_media":12794,"comment_status":"open","ping_status":"open","sticky":false,"template":"","format":"standard","meta":[],"categories":[2,6],"tags":[],"_links":{"self":[{"href":"https:\/\/projetocineb.com.br\/index.php?rest_route=\/wp\/v2\/posts\/12605"}],"collection":[{"href":"https:\/\/projetocineb.com.br\/index.php?rest_route=\/wp\/v2\/posts"}],"about":[{"href":"https:\/\/projetocineb.com.br\/index.php?rest_route=\/wp\/v2\/types\/post"}],"author":[{"embeddable":true,"href":"https:\/\/projetocineb.com.br\/index.php?rest_route=\/wp\/v2\/users\/2"}],"replies":[{"embeddable":true,"href":"https:\/\/projetocineb.com.br\/index.php?rest_route=%2Fwp%2Fv2%2Fcomments&post=12605"}],"version-history":[{"count":0,"href":"https:\/\/projetocineb.com.br\/index.php?rest_route=\/wp\/v2\/posts\/12605\/revisions"}],"wp:featuredmedia":[{"embeddable":true,"href":"https:\/\/projetocineb.com.br\/index.php?rest_route=\/wp\/v2\/media\/12794"}],"wp:attachment":[{"href":"https:\/\/projetocineb.com.br\/index.php?rest_route=%2Fwp%2Fv2%2Fmedia&parent=12605"}],"wp:term":[{"taxonomy":"category","embeddable":true,"href":"https:\/\/projetocineb.com.br\/index.php?rest_route=%2Fwp%2Fv2%2Fcategories&post=12605"},{"taxonomy":"post_tag","embeddable":true,"href":"https:\/\/projetocineb.com.br\/index.php?rest_route=%2Fwp%2Fv2%2Ftags&post=12605"}],"curies":[{"name":"wp","href":"https:\/\/api.w.org\/{rel}","templated":true}]}}