{"id":1264,"date":"2010-08-23T19:05:05","date_gmt":"2010-08-23T22:05:05","guid":{"rendered":"http:\/\/projetocineb.com.br\/?p=1264"},"modified":"2010-08-23T19:05:05","modified_gmt":"2010-08-23T22:05:05","slug":"chacara-santo-amaro","status":"publish","type":"post","link":"https:\/\/projetocineb.com.br\/?p=1264","title":{"rendered":"CH\u00c1CARA SANTO AMARO"},"content":{"rendered":"<p><em>Fotos de Vivian Szelpal<\/em><\/p>\n<p>As caravanas partiram da frente da esta\u00e7\u00e3o de metr\u00f4 Santa Cruz. Tr\u00eas carros contendo coincidentemente uma pessoa de cada regi\u00e3o da cidade de S\u00e3o Paulo e um carrinho de pipoca. O tr\u00e2nsito de s\u00e1bado de tarde estava tranq\u00fcilo e por isso <span style=\"color: #ff6600;\">levamos apenas 1 hora e 30 minutos para cruzar a gigante zona sul de Sampa, indo ao extremo, passando pelos Terminas Varginha e Graja\u00fa, estradas de terra, at\u00e9 parar num endere\u00e7o dentro do munic\u00edpio de S\u00e3o Paulo, no sal\u00e3o da Igreja S\u00e3o Thiago, no bairro de Ch\u00e1cara Santo Amaro<\/span>.<\/p>\n<figure id=\"attachment_1277\" aria-describedby=\"caption-attachment-1277\" style=\"width: 384px\" class=\"wp-caption aligncenter\"><a href=\"http:\/\/projetocineb.com.br\/wp-content\/uploads\/2010\/08\/0abChacara12.jpg\"><img fetchpriority=\"high\" decoding=\"async\" class=\"size-full wp-image-1277  \" title=\"\u00c9 o Cine B na \u00e1rea!\" src=\"http:\/\/projetocineb.com.br\/wp-content\/uploads\/2010\/08\/0abChacara12.jpg\" alt=\"\u00c9 o Cine B na \u00e1rea!\" width=\"384\" height=\"255\" \/><\/a><figcaption id=\"caption-attachment-1277\" class=\"wp-caption-text\">\u00c9 o Cine B em Ch\u00e1cara Santo Amaro, reliazado pelo Sindicato dos Banc\u00e1rios de S\u00e3o Paulo, Osasco e Regi\u00e3o e Brazucah Produ\u00e7\u00f5es<\/figcaption><\/figure>\n<p>A <a href=\"http:\/\/www.cidadedesaopaulo.com\/sp\/br\/o-que-visitar\/roteiros-por-regiao\/zona-sul\" target=\"_blank\">zona sul de S\u00e3o Paulo<\/a> \u00e9 muito grande, abriga shoppings, bares, restaurantes, cinemas e milh\u00f5es de paulistanos. H\u00e1 bairros super modernos nesta \u00e1rea da Cidade, mas tamb\u00e9m h\u00e1 muitos bairros que parecem n\u00e3o pertencer a nenhuma prefeitura.<\/p>\n<p><span style=\"color: #ff6600;\">\u201cOs shoppings mais pr\u00f3ximos s\u00e3o o Interlagos e o SPMarket, que \u00e9 onde costumo ir porque tem cinema. O tempo do trajeto \u00e9 uma hora e meia, fora a espera no ponto. Aqui o \u00f4nibus \u00e9 de meia em meia hora, s\u00e3o duas linhas que nos atendem e freq\u00fcentemente um dos \u00f4nibus n\u00e3o vem, a\u00ed o tempo de espera aumenta\u201d, disse Roseane Aparecida Rasquinho Ferrarini, agente comunit\u00e1ria<\/span> na comunidade. Ela tem sorte, porque mora e trabalha na regi\u00e3o.<\/p>\n<p>\u201cQuando eu trabalhei na avenida Paulista, eram seis horas por dia para ir e voltar. Achar emprego aqui \u00e9 dif\u00edcil, ent\u00e3o o pessoal arruma longe. Minha vizinha, uma senhora j\u00e1 de idade, trabalha em casa de fam\u00edlia, acorda todo dia 4 horas para pegar o primeiro \u00f4nibus e chegar no hor\u00e1rio\u201d, disse Roseane.<\/p>\n<figure id=\"attachment_1274\" aria-describedby=\"caption-attachment-1274\" style=\"width: 384px\" class=\"wp-caption aligncenter\"><a href=\"http:\/\/projetocineb.com.br\/wp-content\/uploads\/2010\/08\/0abChacara09.jpg\"><img decoding=\"async\" class=\"size-full wp-image-1274\" title=\"Na abetura do Cine B, Cid\u00e1lio Vieira Santos, da Brazucah, ao lado da enfermeira do UPS\/ PSFSheila Aparecida Ferreira Lachtim e ao fundo os agentes comunit\u00e1rios Edson e Roseane\" src=\"http:\/\/projetocineb.com.br\/wp-content\/uploads\/2010\/08\/0abChacara09.jpg\" alt=\"\" width=\"384\" height=\"255\" \/><\/a><figcaption id=\"caption-attachment-1274\" class=\"wp-caption-text\">Na abetura do Cine B, Cid\u00e1lio Vieira Santos, da Brazucah, ao lado da enfermeira do UPS\/ PSFSheila Aparecida Ferreira Lachtim e ao fundo os agentes comunit\u00e1rios Edson e Roseane Ferrarini, Anne, a gerente do UPS\/ PSF, Caroline Terrazas e Amauri<\/figcaption><\/figure>\n<p style=\"text-align: center;\">\n<p><span style=\"color: #ff6600;\">\u201c\u00c9 uma comunidade que nem perece pertencer a S\u00e3o Paulo, uma regi\u00e3o carente de tudo, por isso quando conheci o Cine B pela internet, fui atr\u00e1s e forcei para que fossemos atendidos com uma exibi\u00e7\u00e3o. Sa\u00fade n\u00e3o \u00e9 s\u00f3 dar vacina. Todo ser humano precisa de momentos agrad\u00e1veis, ver coisas bonitas que fa\u00e7am bem pra gente\u201d, disse Caroline Terrazas, gerente do Posto de Sa\u00fade de Ch\u00e1cara Santo Amaro, na abertura do Cine B.<\/span><\/p>\n<p>\u201cQuer\u00edamos fazer a exibi\u00e7\u00e3o no Posto de Sa\u00fade, em parceria com o Sylvio Ayala, do PAVS, mas o Cid\u00e1lio achou que l\u00e1 dentro n\u00e3o ia comportar e fora est\u00e1 muito frio. \u00a0Ent\u00e3o trouxemos o evento aqui para o sal\u00e3o da Igreja S\u00e3o Thiago\u201d, disse Caroline.<\/p>\n<p>Os moradores do bairro marcaram presen\u00e7a na exibi\u00e7\u00e3o, inclusive os donos do bar vizinho a igreja, que fecharam o estabelecimento e foram pegar um cineminha.<\/p>\n<p>Elke Paulino e sua filha Agatha Sophia, de 4 anos, \u00e9 moradora do bairro e chegou bem adiantada para a exibi\u00e7\u00e3o. Encontramos ela cobrando a presen\u00e7a de algu\u00e9m ao celular e caminhando para a Igreja S\u00e3o Thiago. <span style=\"color: #ff6600;\">\u201cEu j\u00e1 assisti a esse filme [O casamento de Romeu e Julieta], mas vim mesmo assim porque nunca tinha visto algo assim aqui na comunidade\u201d, disse Elke<\/span>.<\/p>\n<figure id=\"attachment_1280\" aria-describedby=\"caption-attachment-1280\" style=\"width: 384px\" class=\"wp-caption aligncenter\"><a href=\"http:\/\/projetocineb.com.br\/wp-content\/uploads\/2010\/08\/0abChacara15.jpg\"><img decoding=\"async\" class=\"size-full wp-image-1280 \" title=\"Elke Paulino e sua filha Agatha Sophia, de 4 anos no Cine B\" src=\"http:\/\/projetocineb.com.br\/wp-content\/uploads\/2010\/08\/0abChacara15.jpg\" alt=\"\" width=\"384\" height=\"255\" \/><\/a><figcaption id=\"caption-attachment-1280\" class=\"wp-caption-text\">Elke Paulino e sua filha Agatha Sophia, de 4 anos no Cine B<\/figcaption><\/figure>\n<p style=\"text-align: center;\">\n<p>Sylvio Ayala, representante do PAVS (<a href=\"http:\/\/www.pavs.prefeitura.sp.gov.br\/vernoticia.php?idnot=37\" target=\"_blank\">Projeto Ambientes Verdes e Saud\u00e1veis<\/a>), esteve presente na exibi\u00e7\u00e3o, aproveitando para divulgar uma cartilha educativa do Programa sobre sa\u00fade. \u201cAssim como a Caroline, a gente acaba se envolvendo muito com a comunidade, os problemas que aqui acontecem e tentamos fazer al\u00e9m do nosso trabalho, \u00e9 preciso agira, educar e oferecer mais oportunidades\u201d, disse Sylvio.<\/p>\n<h2><span style=\"color: #008000;\">E A PIPOCA?<\/span><\/h2>\n<p>Sempre a pipoca e o pipoqueiro s\u00e3o os grandes atrativos do Cine B. Os filmes \u00e9 a proposta do projeto, ent\u00e3o nada mais natural. Mas <span style=\"color: #ff6600;\">o pipoqueiro j\u00e1 virou figura lend\u00e1ria nesta equipe do Cine B, \u00e0s vezes cativando o p\u00fablico mais que os filmes<\/span>.<\/p>\n<p>Enquanto nossa caravana rumava para Ch\u00e1cara Santo Amaro, o pessoal veio fazendo algumas perguntas sobre o nosso pipoqueiro oficial, seu Ant\u00f4nio Nascimento e o <span style=\"color: #ff6600;\">h\u00e1bito de consumir pipoca no cinema<\/span>.<\/p>\n<p><a href=\"http:\/\/projetocineb.com.br\/?p=304\" target=\"_blank\">Clique aqui para a t\u00edmida biografia do nosso pipoqueiro, no texto do Jaragu\u00e1.<\/a><\/p>\n<p><a href=\"http:\/\/mundoestranho.abril.com.br\/cinematv\/pergunta_287978.shtml\" target=\"_blank\">Clique aqui para descobrir porque comemos pipoca no cinema, e n\u00e3o churros caramelados.<\/a><\/p>\n<h2><span style=\"color: #008000;\">CLICKS<\/span><\/h2>\n<figure id=\"attachment_1268\" aria-describedby=\"caption-attachment-1268\" style=\"width: 384px\" class=\"wp-caption aligncenter\"><a href=\"http:\/\/projetocineb.com.br\/wp-content\/uploads\/2010\/08\/0abChacara03.jpg\"><img loading=\"lazy\" decoding=\"async\" class=\"size-full wp-image-1268  \" title=\"Cine B em Ch\u00e1cara Santo Amaro\" src=\"http:\/\/projetocineb.com.br\/wp-content\/uploads\/2010\/08\/0abChacara03.jpg\" alt=\"Cine B em Ch\u00e1cara Santo Amaro\" width=\"384\" height=\"255\" \/><\/a><figcaption id=\"caption-attachment-1268\" class=\"wp-caption-text\">Cine B em Ch\u00e1cara Santo Amaro<\/figcaption><\/figure>\n<figure id=\"attachment_1266\" aria-describedby=\"caption-attachment-1266\" style=\"width: 384px\" class=\"wp-caption aligncenter\"><a href=\"http:\/\/projetocineb.com.br\/wp-content\/uploads\/2010\/08\/0abChacara01.jpg\"><img loading=\"lazy\" decoding=\"async\" class=\"size-full wp-image-1266  \" title=\"\u201cGostamos de assistir filmes sempre, na televis\u00e3o ou DVD\u201d, disse Cl\u00e1udio Expedito Pinenheiro dos Santos, acompanhado de sua esposa Adalgiza Cordeiro de Souza\" src=\"http:\/\/projetocineb.com.br\/wp-content\/uploads\/2010\/08\/0abChacara01.jpg\" alt=\"\u201cGostamos de assistir filmes sempre, na televis\u00e3o ou DVD\u201d, disse Cl\u00e1udio Expedito Pinenheiro dos Santos, acompanhado de sua esposa Adalgiza Cordeiro de Souza\" width=\"384\" height=\"255\" \/><\/a><figcaption id=\"caption-attachment-1266\" class=\"wp-caption-text\">\u201cGostamos de assistir filmes sempre, na televis\u00e3o ou DVD\u201d, disse Cl\u00e1udio Expedito Pinenheiro dos Santos, acompanhado de sua esposa Adalgiza Cordeiro de Souza<\/figcaption><\/figure>\n<figure id=\"attachment_1269\" aria-describedby=\"caption-attachment-1269\" style=\"width: 384px\" class=\"wp-caption aligncenter\"><a href=\"http:\/\/projetocineb.com.br\/wp-content\/uploads\/2010\/08\/0abChacara04.jpg\"><img loading=\"lazy\" decoding=\"async\" class=\"size-full wp-image-1269  \" title=\"\u201cQuando d\u00e1 vamos sempre ao cinema, principalmente quando nossas filhas convidam\u201d, disse Joana Maria de Jesus, moradora de Ch\u00e1cara Santo Amaro, acompanhada de seu marido, Jos\u00e9 Manoel Alves\" src=\"http:\/\/projetocineb.com.br\/wp-content\/uploads\/2010\/08\/0abChacara04.jpg\" alt=\"\u201cQuando d\u00e1 vamos sempre ao cinema, principalmente quando nossas filhas convidam\u201d, disse Joana Maria de Jesus, moradora de Ch\u00e1cara Santo Amaro, acompanhada de seu marido, Jos\u00e9 Manoel Alves\" width=\"384\" height=\"255\" \/><\/a><figcaption id=\"caption-attachment-1269\" class=\"wp-caption-text\">\u201cQuando d\u00e1 vamos sempre ao cinema, principalmente quando nossas filhas convidam\u201d, disse Joana Maria de Jesus, moradora de Ch\u00e1cara Santo Amaro, acompanhada de seu marido, Jos\u00e9 Manoel Alves<\/figcaption><\/figure>\n<figure id=\"attachment_1273\" aria-describedby=\"caption-attachment-1273\" style=\"width: 384px\" class=\"wp-caption aligncenter\"><a href=\"http:\/\/projetocineb.com.br\/wp-content\/uploads\/2010\/08\/0abChacara08.jpg\"><img loading=\"lazy\" decoding=\"async\" class=\"size-full wp-image-1273  \" title=\"Sess\u00e3o lotada do Cine B em Ch\u00e1cara Santo Amaro. Na foto, p\u00fablico assiste ao engra\u00e7ado curta-metragem O astista contra o caba do mal, de Halder Gomes\" src=\"http:\/\/projetocineb.com.br\/wp-content\/uploads\/2010\/08\/0abChacara08.jpg\" alt=\"Sess\u00e3o lotada do Cine B em Ch\u00e1cara Santo Amaro. Na foto, p\u00fablico assiste ao engra\u00e7ado curta-metragem O astista contra o caba do mal, de Halder Gomes\" width=\"384\" height=\"255\" \/><\/a><figcaption id=\"caption-attachment-1273\" class=\"wp-caption-text\">Sess\u00e3o lotada do Cine B em Ch\u00e1cara Santo Amaro. Na foto, p\u00fablico assiste ao engra\u00e7ado curta-metragem O astista contra o caba do mal, de Halder Gomes<\/figcaption><\/figure>\n<figure id=\"attachment_1279\" aria-describedby=\"caption-attachment-1279\" style=\"width: 384px\" class=\"wp-caption aligncenter\"><a href=\"http:\/\/projetocineb.com.br\/wp-content\/uploads\/2010\/08\/0abChacara14.jpg\"><img loading=\"lazy\" decoding=\"async\" class=\"size-full wp-image-1279  \" title=\"\u201cAqui tem gente que nunca foi ao cinema! Em vargem Grande, divisa com Ponte Alta, a pessoa anda 10km para pegar um \u00f4nibus. Meus filhos andam 1km para pegar o \u00f4nibus pra escola, al\u00e9m de enfrentar essa estrada que temos\u201d, desabafou Alexsandra Vital Costa Sousa, para a equipe do Cine B. Na foto acompanhada de Fernando Henrique Souza, Jandira Aparecida Pedro Bueno, volunt\u00e1rios da cozinha da par\u00f3quia\" src=\"http:\/\/projetocineb.com.br\/wp-content\/uploads\/2010\/08\/0abChacara14.jpg\" alt=\"\u201cAqui tem gente que nunca foi ao cinema! Em vargem Grande, divisa com Ponte Alta, a pessoa anda 10km para pegar um \u00f4nibus. Meus filhos andam 1km para pegar o \u00f4nibus pra escola, al\u00e9m de enfrentar essa estrada que temos\u201d, desabafou Alexsandra Vital Costa Sousa, para a equipe do Cine B. Na foto acompanhada de Fernando Henrique Souza, Jandira Aparecida Pedro Bueno, volunt\u00e1rios da cozinha da par\u00f3quia\" width=\"384\" height=\"255\" \/><\/a><figcaption id=\"caption-attachment-1279\" class=\"wp-caption-text\">\u201cAqui tem gente que nunca foi ao cinema! Em vargem Grande, divisa com Ponte Alta, a pessoa anda 10km para pegar um \u00f4nibus. Meus filhos andam 1km para pegar o \u00f4nibus pra escola, al\u00e9m de enfrentar essa estrada que temos\u201d, desabafou Alexsandra Vital Costa Sousa, para a equipe do Cine B. Na foto acompanhada de Fernando Henrique Souza, Jandira Aparecida Pedro Bueno, volunt\u00e1rios da cozinha da par\u00f3quia<\/figcaption><\/figure>\n<figure id=\"attachment_1281\" aria-describedby=\"caption-attachment-1281\" style=\"width: 384px\" class=\"wp-caption aligncenter\"><a href=\"http:\/\/projetocineb.com.br\/wp-content\/uploads\/2010\/08\/0abChacara16.jpg\"><img loading=\"lazy\" decoding=\"async\" class=\"size-full wp-image-1281  \" title=\"Patr\u00edcia Gon\u00e7alves Zebral, Aline Anymwu, de 10 anos, Thais Gon\u00e7alves Zebral de 8 e Luiz Eduardo que far\u00e1 2 anos esta semana\" src=\"http:\/\/projetocineb.com.br\/wp-content\/uploads\/2010\/08\/0abChacara16.jpg\" alt=\"Patr\u00edcia Gon\u00e7alves Zebral, Aline Anymwu, de 10 anos, Thais Gon\u00e7alves Zebral de 8 e Luiz Eduardo que far\u00e1 2 anos esta semana\" width=\"384\" height=\"255\" \/><\/a><figcaption id=\"caption-attachment-1281\" class=\"wp-caption-text\">Patr\u00edcia Gon\u00e7alves Zebral, Aline Anymwu, de 10 anos, Thais Gon\u00e7alves Zebral de 8 e Luiz Eduardo que far\u00e1 2 anos esta semana<\/figcaption><\/figure>\n<figure id=\"attachment_1272\" aria-describedby=\"caption-attachment-1272\" style=\"width: 384px\" class=\"wp-caption aligncenter\"><a href=\"http:\/\/projetocineb.com.br\/wp-content\/uploads\/2010\/08\/0abChacara07.jpg\"><img loading=\"lazy\" decoding=\"async\" class=\"size-full wp-image-1272  \" title=\"William Henrique Pereira, Paulo Roberto Bueno de Carvalho, Daniele Barbosa Marson, Annelise Terrazas e Jo\u00e3o Henrique Liborio Mayer\" src=\"http:\/\/projetocineb.com.br\/wp-content\/uploads\/2010\/08\/0abChacara07.jpg\" alt=\"William Henrique Pereira, Paulo Roberto Bueno de Carvalho, Daniele Barbosa Marson, Annelise Terrazas e Jo\u00e3o Henrique Liborio Mayer\" width=\"384\" height=\"255\" \/><\/a><figcaption id=\"caption-attachment-1272\" class=\"wp-caption-text\">Intregrantes da caravana oriunda de diversas partes de Sampa, William Henrique Pereira, Paulo Roberto Bueno de Carvalho, Daniele Barbosa Marson, Annelise Terrazas e Jo\u00e3o Henrique Liborio Mayer<\/figcaption><\/figure>\n<figure id=\"attachment_1278\" aria-describedby=\"caption-attachment-1278\" style=\"width: 384px\" class=\"wp-caption aligncenter\"><a href=\"http:\/\/projetocineb.com.br\/wp-content\/uploads\/2010\/08\/0abChacara13.jpg\"><img loading=\"lazy\" decoding=\"async\" class=\"size-full wp-image-1278  \" title=\"Entrada do sal\u00e3o de festas da Igreja S\u00e3o Thiago, onde foi realizado o Cine B\" src=\"http:\/\/projetocineb.com.br\/wp-content\/uploads\/2010\/08\/0abChacara13.jpg\" alt=\"Entrada do sal\u00e3o de festas da Igreja S\u00e3o Thiago, onde foi realizado o Cine B\" width=\"384\" height=\"255\" \/><\/a><figcaption id=\"caption-attachment-1278\" class=\"wp-caption-text\">Entrada do sal\u00e3o de festas da Igreja S\u00e3o Thiago, onde foi realizado o Cine B<\/figcaption><\/figure>\n<figure id=\"attachment_1276\" aria-describedby=\"caption-attachment-1276\" style=\"width: 319px\" class=\"wp-caption aligncenter\"><a href=\"http:\/\/projetocineb.com.br\/wp-content\/uploads\/2010\/08\/0abChacara11.jpg\"><img loading=\"lazy\" decoding=\"async\" class=\"size-full wp-image-1276 \" title=\"Cid\u00e1lio Vieira Santos da Brazucah, com Caroline Terrazas, na abertura do Cine B\" src=\"http:\/\/projetocineb.com.br\/wp-content\/uploads\/2010\/08\/0abChacara11.jpg\" alt=\"Cid\u00e1lio Vieira Santos da Brazucah, com Caroline Terrazas, na abertura do Cine B\" width=\"319\" height=\"480\" \/><\/a><figcaption id=\"caption-attachment-1276\" class=\"wp-caption-text\">Cid\u00e1lio Vieira Santos da Brazucah, com Caroline Terrazas, na abertura do Cine B<\/figcaption><\/figure>\n<figure id=\"attachment_1275\" aria-describedby=\"caption-attachment-1275\" style=\"width: 319px\" class=\"wp-caption aligncenter\"><a href=\"http:\/\/projetocineb.com.br\/wp-content\/uploads\/2010\/08\/0abChacara10.jpg\"><img loading=\"lazy\" decoding=\"async\" class=\"size-full wp-image-1275 \" title=\"A enfermeira Sheila Lachtim ressalta a import\u00e2ncia do lazer na sa\u00fade das pessoas\" src=\"http:\/\/projetocineb.com.br\/wp-content\/uploads\/2010\/08\/0abChacara10.jpg\" alt=\"A enfermeira Sheila Lachtim ressalta a import\u00e2ncia do lazer na sa\u00fade das pessoas\" width=\"319\" height=\"480\" \/><\/a><figcaption id=\"caption-attachment-1275\" class=\"wp-caption-text\">A enfermeira Sheila Lachtim ressalta a import\u00e2ncia do lazer na sa\u00fade das pessoas<\/figcaption><\/figure>\n<figure id=\"attachment_1271\" aria-describedby=\"caption-attachment-1271\" style=\"width: 384px\" class=\"wp-caption aligncenter\"><a href=\"http:\/\/projetocineb.com.br\/wp-content\/uploads\/2010\/08\/0abChacara06.jpg\"><img loading=\"lazy\" decoding=\"async\" class=\"size-full wp-image-1271  \" title=\"Cine B em Ch\u00e1cara Santo Amaro\" src=\"http:\/\/projetocineb.com.br\/wp-content\/uploads\/2010\/08\/0abChacara06.jpg\" alt=\"Cine B em Ch\u00e1cara Santo Amaro\" width=\"384\" height=\"255\" \/><\/a><figcaption id=\"caption-attachment-1271\" class=\"wp-caption-text\">Cine B em Ch\u00e1cara Santo Amaro<\/figcaption><\/figure>\n<figure id=\"attachment_1267\" aria-describedby=\"caption-attachment-1267\" style=\"width: 384px\" class=\"wp-caption aligncenter\"><a href=\"http:\/\/projetocineb.com.br\/wp-content\/uploads\/2010\/08\/0abChacara02.jpg\"><img loading=\"lazy\" decoding=\"async\" class=\"size-full wp-image-1267  \" title=\"Os habitantes de Ch\u00e1cara Santo Ant\u00f4nio, no Cine B\" src=\"http:\/\/projetocineb.com.br\/wp-content\/uploads\/2010\/08\/0abChacara02.jpg\" alt=\"Os habitantes de Ch\u00e1cara Santo Ant\u00f4nio, no Cine B\" width=\"384\" height=\"255\" \/><\/a><figcaption id=\"caption-attachment-1267\" class=\"wp-caption-text\">Os habitantes de Ch\u00e1cara Santo Amaro, no Cine B<\/figcaption><\/figure>\n<figure id=\"attachment_1282\" aria-describedby=\"caption-attachment-1282\" style=\"width: 384px\" class=\"wp-caption aligncenter\"><a href=\"http:\/\/projetocineb.com.br\/wp-content\/uploads\/2010\/08\/0abChacara17.jpg\"><img loading=\"lazy\" decoding=\"async\" class=\"size-full wp-image-1282  \" title=\"Os sortudos da Ch\u00e1cara Santo Amaro que al\u00e9m de filme com pipoca, ainda lavaram camisetas do Cine B e livros do Corpo Humano\" src=\"http:\/\/projetocineb.com.br\/wp-content\/uploads\/2010\/08\/0abChacara17.jpg\" alt=\"Os sortudos da Ch\u00e1cara Santo Amaro que al\u00e9m de filme com pipoca, ainda lavaram camisetas do Cine B e livros do Corpo Humano\" width=\"384\" height=\"255\" \/><\/a><figcaption id=\"caption-attachment-1282\" class=\"wp-caption-text\">Os sortudos da Ch\u00e1cara Santo Amaro que al\u00e9m de filme com pipoca, ainda lavaram camisetas do Cine B e livros do Corpo Humano<\/figcaption><\/figure>\n","protected":false},"excerpt":{"rendered":"<p>Fotos de Vivian Szelpal As caravanas partiram da frente da esta\u00e7\u00e3o de metr\u00f4 Santa Cruz. Tr\u00eas carros contendo coincidentemente uma[&#8230;]<\/p>\n","protected":false},"author":2,"featured_media":0,"comment_status":"open","ping_status":"open","sticky":false,"template":"","format":"standard","meta":[],"categories":[2],"tags":[154,217,242,263,266,470,760,856,969,1132,1251],"_links":{"self":[{"href":"https:\/\/projetocineb.com.br\/index.php?rest_route=\/wp\/v2\/posts\/1264"}],"collection":[{"href":"https:\/\/projetocineb.com.br\/index.php?rest_route=\/wp\/v2\/posts"}],"about":[{"href":"https:\/\/projetocineb.com.br\/index.php?rest_route=\/wp\/v2\/types\/post"}],"author":[{"embeddable":true,"href":"https:\/\/projetocineb.com.br\/index.php?rest_route=\/wp\/v2\/users\/2"}],"replies":[{"embeddable":true,"href":"https:\/\/projetocineb.com.br\/index.php?rest_route=%2Fwp%2Fv2%2Fcomments&post=1264"}],"version-history":[{"count":0,"href":"https:\/\/projetocineb.com.br\/index.php?rest_route=\/wp\/v2\/posts\/1264\/revisions"}],"wp:attachment":[{"href":"https:\/\/projetocineb.com.br\/index.php?rest_route=%2Fwp%2Fv2%2Fmedia&parent=1264"}],"wp:term":[{"taxonomy":"category","embeddable":true,"href":"https:\/\/projetocineb.com.br\/index.php?rest_route=%2Fwp%2Fv2%2Fcategories&post=1264"},{"taxonomy":"post_tag","embeddable":true,"href":"https:\/\/projetocineb.com.br\/index.php?rest_route=%2Fwp%2Fv2%2Ftags&post=1264"}],"curies":[{"name":"wp","href":"https:\/\/api.w.org\/{rel}","templated":true}]}}