{"id":12744,"date":"2021-03-03T19:30:32","date_gmt":"2021-03-03T22:30:32","guid":{"rendered":"http:\/\/projetocineb.com.br\/?p=12744"},"modified":"2021-12-18T14:59:21","modified_gmt":"2021-12-18T17:59:21","slug":"cineb-solar-na-janela-suspende-sessoes-apos-retorno-a-fase-vermelha","status":"publish","type":"post","link":"https:\/\/projetocineb.com.br\/?p=12744","title":{"rendered":"CineB Solar na janela suspende sess\u00f5es ap\u00f3s retorno \u00e0 fase vermelha"},"content":{"rendered":"<p><strong><span style=\"font-weight: normal;\">Quatro sess\u00f5es do CineB Solar na janela foram suspensas por conta do agravamento da pandemia. O governo do estado de S\u00e3o Paulo decretou hoje (3) o retorno \u00e0 fase vermelha do Plano S\u00e3o Paulo, impondo restri\u00e7\u00e3o de mobilidade e fechamento de servi\u00e7os n\u00e3o essenciais em todas as cidades paulistas entre os dias 6 e 19 de mar\u00e7o. As atividades canceladas ser\u00e3o reagendadas futuramente.<\/span><\/strong><\/p>\n<p><strong><span style=\"font-weight: normal;\">A sess\u00e3o do dia 12 (Cinema Brasileiro no Jardim Icara\u00ed) e as sess\u00f5es do dia 13 e 19 de mar\u00e7o (Condom\u00ednio Novo Mil\u00eanio e Residencial Dom Luciano bloco D, ambos na Fazenda da Juta) foram suspensas seguindo as determina\u00e7\u00f5es do decreto. A sess\u00e3o do dia 20 de mar\u00e7o (Condom\u00ednio Franca, no Jardim Jo\u00e3o XXIII) tamb\u00e9m foi cancelada por precau\u00e7\u00e3o da organiza\u00e7\u00e3o do evento, apesar de estar fora das datas previstas pelo decreto do governo paulista. Todas as exibi\u00e7\u00f5es ser\u00e3o reagendadas assim que houver libera\u00e7\u00e3o das atividades presenciais por parte das autoridades sanit\u00e1rias respons\u00e1veis. <\/span><\/strong><\/p>\n<p><strong><span style=\"font-weight: normal;\">A equipe do CineB Solar na janela lamenta o cancelamento das sess\u00f5es, tendo em vista os cuidados j\u00e1 implementados em suas rotinas, que seguem rigorosamente os protocolos de seguran\u00e7a e promovem o distanciamento social em todas as exibi\u00e7\u00f5es. Contudo, entende que o momento \u00e9 grave e que medidas mais rigorosas s\u00e3o necess\u00e1rias para conter a propaga\u00e7\u00e3o do novo coronav\u00edrus. <\/span><\/strong><\/p>\n<p><strong><span style=\"font-weight: normal;\">Esperamos em breve nos vermos em mais uma sess\u00e3o do CineB Solar na janela.<\/span><\/strong><\/p>\n","protected":false},"excerpt":{"rendered":"<p>Quatro sess\u00f5es do CineB Solar na janela foram suspensas por conta do agravamento da pandemia. O governo do estado de[&#8230;]<\/p>\n","protected":false},"author":4,"featured_media":12841,"comment_status":"closed","ping_status":"open","sticky":false,"template":"","format":"standard","meta":[],"categories":[6,7],"tags":[154,256,514,553,918,1133],"_links":{"self":[{"href":"https:\/\/projetocineb.com.br\/index.php?rest_route=\/wp\/v2\/posts\/12744"}],"collection":[{"href":"https:\/\/projetocineb.com.br\/index.php?rest_route=\/wp\/v2\/posts"}],"about":[{"href":"https:\/\/projetocineb.com.br\/index.php?rest_route=\/wp\/v2\/types\/post"}],"author":[{"embeddable":true,"href":"https:\/\/projetocineb.com.br\/index.php?rest_route=\/wp\/v2\/users\/4"}],"replies":[{"embeddable":true,"href":"https:\/\/projetocineb.com.br\/index.php?rest_route=%2Fwp%2Fv2%2Fcomments&post=12744"}],"version-history":[{"count":1,"href":"https:\/\/projetocineb.com.br\/index.php?rest_route=\/wp\/v2\/posts\/12744\/revisions"}],"predecessor-version":[{"id":13973,"href":"https:\/\/projetocineb.com.br\/index.php?rest_route=\/wp\/v2\/posts\/12744\/revisions\/13973"}],"wp:featuredmedia":[{"embeddable":true,"href":"https:\/\/projetocineb.com.br\/index.php?rest_route=\/wp\/v2\/media\/12841"}],"wp:attachment":[{"href":"https:\/\/projetocineb.com.br\/index.php?rest_route=%2Fwp%2Fv2%2Fmedia&parent=12744"}],"wp:term":[{"taxonomy":"category","embeddable":true,"href":"https:\/\/projetocineb.com.br\/index.php?rest_route=%2Fwp%2Fv2%2Fcategories&post=12744"},{"taxonomy":"post_tag","embeddable":true,"href":"https:\/\/projetocineb.com.br\/index.php?rest_route=%2Fwp%2Fv2%2Ftags&post=12744"}],"curies":[{"name":"wp","href":"https:\/\/api.w.org\/{rel}","templated":true}]}}