{"id":12752,"date":"2021-04-15T16:59:58","date_gmt":"2021-04-15T19:59:58","guid":{"rendered":"http:\/\/projetocineb.com.br\/?p=12752"},"modified":"2021-12-18T14:58:42","modified_gmt":"2021-12-18T17:58:42","slug":"cineb-e-letraria-cultural-firmam-parceria","status":"publish","type":"post","link":"https:\/\/projetocineb.com.br\/?p=12752","title":{"rendered":"CineB e Letraria Cultural firmam parceria"},"content":{"rendered":"\n<p class=\"yiv4595452403ydp76b1a641MsoNormal\">Texto: Eduardo Vin\u00e9 Boldt<\/p>\n\n\n\n<p class=\"yiv4595452403ydp76b1a641MsoNormal\">Levar cultura aos mais distantes bairros da regi\u00e3o metropolitana de S\u00e3o Paulo, Osasco e regi\u00e3o j\u00e1 \u00e9 voca\u00e7\u00e3o do CineB Solar, projeto que h\u00e1 14 anos promove o cinema nacional em exibi\u00e7\u00f5es itinerantes. Agora a iniciativa contar\u00e1 com um novo parceiro nessa jornada. <\/p>\n\n\n\n<p class=\"yiv4595452403ydp76b1a641MsoNormal\">A Letraria \u00e9 um coletivo formado por \u201cmilitantes\u201d da boa leitura. O grupo arrecada livros usados e distribui em bairros da cidade de S\u00e3o Paulo. Formado exclusivamente por volunt\u00e1rios, o projeto se mant\u00e9m pelo trabalho de seus colaboradores. A Letraria recebe doa\u00e7\u00f5es de bibliotecas, editoras e livrarias. Recebe tamb\u00e9m livros de leitores que querem dar uma nova oportunidade \u00e0quelas obras que muitas vezes est\u00e3o acumulando p\u00f3, esquecidas, nas prateleiras de suas casas. Ap\u00f3s a arrecada\u00e7\u00e3o, os livros s\u00e3o organizados e preparados para serem entregues a moradores de bairros previamente escolhidos, e tamb\u00e9m a bibliotecas comunit\u00e1rias.<\/p>\n\n\n\n<figure class=\"wp-block-image size-large is-style-default\"><img fetchpriority=\"high\" decoding=\"async\" width=\"1024\" height=\"576\" src=\"https:\/\/projetocineb.com.br\/wp-content\/uploads\/2021\/04\/WhatsApp-Image-2021-04-22-at-18.13.49-1-1024x576.jpeg\" alt=\"\" class=\"wp-image-12802\"\/><figcaption>Livros doados para serem distribu\u00eddos durante as exibi\u00e7\u00f5es do CineB Solar<\/figcaption><\/figure>\n\n\n\n<p>Nessa primeira etapa da parceria, mais de 30 livros ser\u00e3o distribu\u00eddos para os espectadores das sess\u00f5es itinerantes. Alguns dos exemplares foram doados pelos pr\u00f3prios autores, com dedicat\u00f3rias exclusiva para a Letraria.<\/p>\n\n\n\n<figure class=\"wp-block-image size-large is-style-default\"><img decoding=\"async\" width=\"1024\" height=\"576\" src=\"https:\/\/projetocineb.com.br\/wp-content\/uploads\/2021\/04\/WhatsApp-Image-2021-04-22-at-18.17.16-1-1024x576.jpeg\" alt=\"\" class=\"wp-image-12804\" srcset=\"https:\/\/projetocineb.com.br\/wp-content\/uploads\/2021\/04\/WhatsApp-Image-2021-04-22-at-18.17.16-1-1024x576.jpeg 1024w, https:\/\/projetocineb.com.br\/wp-content\/uploads\/2021\/04\/WhatsApp-Image-2021-04-22-at-18.17.16-1-300x169.jpeg 300w, https:\/\/projetocineb.com.br\/wp-content\/uploads\/2021\/04\/WhatsApp-Image-2021-04-22-at-18.17.16-1-768x432.jpeg 768w, https:\/\/projetocineb.com.br\/wp-content\/uploads\/2021\/04\/WhatsApp-Image-2021-04-22-at-18.17.16-1.jpeg 1280w\" sizes=\"(max-width: 1024px) 100vw, 1024px\" \/><figcaption>Livros com dedicat\u00f3ria e assinatura dos autores exclusivamente para o projeto<\/figcaption><\/figure>\n\n\n\n<p class=\"yiv4595452403ydp76b1a641MsoNormal\">O coordenador do CineB Solar, Cid\u00e1lio Vieira Santos, afirma que a parceria procura potencializar o acesso a cultura aos moradores de bairros que tenham pouca oferta dessas atividades: \u201cNum primeiro momento o objetivo da parceria \u00e9 divulgar o trabalho da Letraria e incentivar a arrecada\u00e7\u00e3o de livros. Em etapa futura, pretendemos incorporar a entrega de livros \u00e0s atividades do pr\u00f3prio CineB Solar, ampliando assim a possibilidade de acesso as mais diversas formas de express\u00e3o art\u00edstica\u201d, afirma.<\/p>\n\n\n\n<p class=\"yiv4595452403ydp76b1a641MsoNormal\">Cid\u00e1lio destaca ainda que essa experi\u00eancia tem tudo para dar certo: \u201cJ\u00e1 tivemos est\u00e1 experi\u00eancia com outra entidade e foi um sucesso descobrir que as pessoas gostam bastante de ler, basta ter acesso aos livros\u201d, conclui.<\/p>\n\n\n\n<p class=\"yiv4595452403ydp76b1a641MsoNormal\">As doa\u00e7\u00f5es de livros para a Letraria Cultural podem ser feitas atrav\u00e9s do telefone 11 97126 9706 (falar com Aurea) ou pelos canais do coletivo nas redes sociais.<\/p>\n\n\n\n<div class=\"wp-block-image is-style-default\"><figure class=\"aligncenter size-large\"><img decoding=\"async\" width=\"723\" height=\"1024\" src=\"https:\/\/projetocineb.com.br\/wp-content\/uploads\/2021\/04\/WhatsApp-Image-2021-04-15-at-17.03.46-2-723x1024.jpeg\" alt=\"\" class=\"wp-image-12757\" srcset=\"https:\/\/projetocineb.com.br\/wp-content\/uploads\/2021\/04\/WhatsApp-Image-2021-04-15-at-17.03.46-2-723x1024.jpeg 723w, https:\/\/projetocineb.com.br\/wp-content\/uploads\/2021\/04\/WhatsApp-Image-2021-04-15-at-17.03.46-2-212x300.jpeg 212w, https:\/\/projetocineb.com.br\/wp-content\/uploads\/2021\/04\/WhatsApp-Image-2021-04-15-at-17.03.46-2-768x1087.jpeg 768w, https:\/\/projetocineb.com.br\/wp-content\/uploads\/2021\/04\/WhatsApp-Image-2021-04-15-at-17.03.46-2.jpeg 904w\" sizes=\"(max-width: 723px) 100vw, 723px\" \/><\/figure><\/div>\n\n\n\n<p><a href=\"http:\/\/www.facebook.com\/letraria.cultural\">http:\/\/www.facebook.com\/letraria.cultural<\/a><\/p>\n\n\n\n<p class=\"yiv4595452403ydp76b1a641MsoNormal\"><\/p>\n\n\n\n<p><a href=\"https:\/\/www.instagram.com\/letraria.cultural\">https:\/\/www.instagram.com\/letraria.cultural<\/a><\/p>\n","protected":false},"excerpt":{"rendered":"<p>Texto: Eduardo Vin\u00e9 Boldt Levar cultura aos mais distantes bairros da regi\u00e3o metropolitana de S\u00e3o Paulo, Osasco e regi\u00e3o j\u00e1[&#8230;]<\/p>\n","protected":false},"author":4,"featured_media":12802,"comment_status":"open","ping_status":"open","sticky":false,"template":"","format":"standard","meta":[],"categories":[6,7],"tags":[234,252,255,260,263,402,425,746,747,749],"_links":{"self":[{"href":"https:\/\/projetocineb.com.br\/index.php?rest_route=\/wp\/v2\/posts\/12752"}],"collection":[{"href":"https:\/\/projetocineb.com.br\/index.php?rest_route=\/wp\/v2\/posts"}],"about":[{"href":"https:\/\/projetocineb.com.br\/index.php?rest_route=\/wp\/v2\/types\/post"}],"author":[{"embeddable":true,"href":"https:\/\/projetocineb.com.br\/index.php?rest_route=\/wp\/v2\/users\/4"}],"replies":[{"embeddable":true,"href":"https:\/\/projetocineb.com.br\/index.php?rest_route=%2Fwp%2Fv2%2Fcomments&post=12752"}],"version-history":[{"count":3,"href":"https:\/\/projetocineb.com.br\/index.php?rest_route=\/wp\/v2\/posts\/12752\/revisions"}],"predecessor-version":[{"id":13971,"href":"https:\/\/projetocineb.com.br\/index.php?rest_route=\/wp\/v2\/posts\/12752\/revisions\/13971"}],"wp:featuredmedia":[{"embeddable":true,"href":"https:\/\/projetocineb.com.br\/index.php?rest_route=\/wp\/v2\/media\/12802"}],"wp:attachment":[{"href":"https:\/\/projetocineb.com.br\/index.php?rest_route=%2Fwp%2Fv2%2Fmedia&parent=12752"}],"wp:term":[{"taxonomy":"category","embeddable":true,"href":"https:\/\/projetocineb.com.br\/index.php?rest_route=%2Fwp%2Fv2%2Fcategories&post=12752"},{"taxonomy":"post_tag","embeddable":true,"href":"https:\/\/projetocineb.com.br\/index.php?rest_route=%2Fwp%2Fv2%2Ftags&post=12752"}],"curies":[{"name":"wp","href":"https:\/\/api.w.org\/{rel}","templated":true}]}}