{"id":12762,"date":"2021-04-20T22:48:17","date_gmt":"2021-04-21T01:48:17","guid":{"rendered":"http:\/\/projetocineb.com.br\/?p=12762"},"modified":"2021-12-18T14:41:56","modified_gmt":"2021-12-18T17:41:56","slug":"cineb-on-line-retoma-atividades-com-participacao-do-cineasta-anderson-lado-beco","status":"publish","type":"post","link":"https:\/\/projetocineb.com.br\/?p=12762","title":{"rendered":"CineB on-line retoma atividades com participa\u00e7\u00e3o do cineasta Anderson Lado Beco"},"content":{"rendered":"\n<figure class=\"wp-block-image size-large is-style-default\"><img fetchpriority=\"high\" decoding=\"async\" width=\"1024\" height=\"576\" src=\"https:\/\/projetocineb.com.br\/wp-content\/uploads\/2021\/04\/WhatsApp-Image-2021-04-14-at-18.12.31-2-1024x576.jpeg\" alt=\"\" class=\"wp-image-12763\" srcset=\"https:\/\/projetocineb.com.br\/wp-content\/uploads\/2021\/04\/WhatsApp-Image-2021-04-14-at-18.12.31-2-1024x576.jpeg 1024w, https:\/\/projetocineb.com.br\/wp-content\/uploads\/2021\/04\/WhatsApp-Image-2021-04-14-at-18.12.31-2-300x169.jpeg 300w, https:\/\/projetocineb.com.br\/wp-content\/uploads\/2021\/04\/WhatsApp-Image-2021-04-14-at-18.12.31-2-768x432.jpeg 768w, https:\/\/projetocineb.com.br\/wp-content\/uploads\/2021\/04\/WhatsApp-Image-2021-04-14-at-18.12.31-2.jpeg 1280w\" sizes=\"(max-width: 1024px) 100vw, 1024px\" \/><\/figure>\n\n\n\n<p>Texto: Eduardo Vin\u00e9 Boldt<\/p>\n\n\n<div class=\"wp-block-post-date\"><time datetime=\"2021-04-20T22:48:17-03:00\">20\/04\/2021<\/time><\/div>\n\n\n<p><span style=\"font-size: 1.0625rem;\">O CineB retornou \u00e0s suas atividades com a exibi\u00e7\u00e3o do curta-metragem \u201cDono de casa\u201d, do cineasta Anderson Lado Beco. O filme foi apresentado em duas lives, realizadas na sexta (16) e na segunda (19) com a participa\u00e7\u00e3o de alunos da rede estadual de ensino e de curso profissionalizante da zona leste da cidade de S\u00e3o Paulo. Durante as apresenta\u00e7\u00f5es, foi divulgado o novo canal de Youtube do projeto CineB Solar <\/span><a style=\"font-size: 1.0625rem;\" href=\"http:\/\/bit.ly\/cinebsolar\">(link aqui)<\/a><span style=\"font-size: 1.0625rem;\">.<\/span><\/p>\n\n\n\n<p>Na Sexta-feira (16) foi realizada a live com a participa\u00e7\u00e3o dos alunos e professores da Escola Estadual Professor Leopoldo Santana. Localizada no Cap\u00e3o Redondo (zona sul de S\u00e3o Paulo) a escola atende nas modalidades de ensino m\u00e9dio e profissionalizante (Novotec), al\u00e9m de oferecer ensino de idiomas.<\/p>\n\n\n\n<p>A apresenta\u00e7\u00e3o contou com a participa\u00e7\u00e3o de Anderson Lado Beco (diretor do curta), Lilian Oliveira e Tatiane Santos (coordenadoras pedag\u00f3gicas), Cid\u00e1lio Vieira (coordenador do cineB), Cynthia Al\u00e1rio (diretora da Brazucah Produ\u00e7\u00f5es) e Marcelo Gon\u00e7alves (secret\u00e1rio de cultura do Sindicato dos Banc\u00e1rios). Marcelo ressaltou a import\u00e2ncia do projeto para garantir acesso \u00e0 cultura a uma parcela importante da popula\u00e7\u00e3o: \u201cApesar do Brasil ser um pa\u00eds muito rico na cidade de S\u00e3o Paulo, que \u00e9 a principal cidade do pa\u00eds, tem gente que ainda n\u00e3o teve experi\u00eancia com a s\u00e9tima arte\u201d, aponta.<\/p>\n\n\n\n<p>Professor Leopoldo Santana<a href=\"https:\/\/youtu.be\/Xxyu9YjyBbY\"> (link da live)<\/a><\/p>\n\n\n\n<figure class=\"wp-block-image size-large is-style-default\"><img decoding=\"async\" width=\"1024\" height=\"576\" src=\"https:\/\/projetocineb.com.br\/wp-content\/uploads\/2021\/04\/cineb16042022-1-1024x576.jpg\" alt=\"\" class=\"wp-image-12766\" srcset=\"https:\/\/projetocineb.com.br\/wp-content\/uploads\/2021\/04\/cineb16042022-1-1024x576.jpg 1024w, https:\/\/projetocineb.com.br\/wp-content\/uploads\/2021\/04\/cineb16042022-1-300x169.jpg 300w, https:\/\/projetocineb.com.br\/wp-content\/uploads\/2021\/04\/cineb16042022-1-768x432.jpg 768w, https:\/\/projetocineb.com.br\/wp-content\/uploads\/2021\/04\/cineb16042022-1.jpg 1920w\" sizes=\"(max-width: 1024px) 100vw, 1024px\" \/><\/figure>\n\n\n\n<p>A escola j\u00e1 recebeu o CineB 2 vezes, e participou da pr\u00e9-estreia do filme Bacurau (dir. Kleber Mendon\u00e7a) na sede do sindicato, no edif\u00edcio Martinelli em 2019. A coordenadora pedag\u00f3gica Tatiane Silva afirma que as exibi\u00e7\u00f5es n\u00e3o sa\u00edram da cabe\u00e7a dos alunos e relembra momentos emocionantes.<\/p>\n\n\n\n<p>Um deles foi poder proporcionar a uma fam\u00edlia da regi\u00e3o a oportunidade de assistir filme no tel\u00e3o pela primeira vez: \u201cEles passaram e viram a movimenta\u00e7\u00e3o. A gente explicou que estava acontecendo uma sess\u00e3o de cinema. A menina pediu para vir, porque ela nunca tinha ido ao cinema e n\u00e3o tinha condi\u00e7\u00f5es (financeiras). A gente deixou. Veio pai, m\u00e3e, filho, irm\u00e3o&#8230; veio a fam\u00edlia inteira\u201d, relembra Tatiane. O cinema mais pr\u00f3ximo da escola fica a quase 4 quil\u00f4metros, dentro de um shopping center.<\/p>\n\n\n\n<p>Juntos <a href=\"https:\/\/youtu.be\/nPyuPzO0iHc\">(Link da live)<\/a><\/p>\n\n\n\n<figure class=\"wp-block-image size-large is-style-default\"><img decoding=\"async\" width=\"1024\" height=\"447\" src=\"https:\/\/projetocineb.com.br\/wp-content\/uploads\/2021\/04\/cineb19042001-2-1-1024x447.jpg\" alt=\"\" class=\"wp-image-12765\" srcset=\"https:\/\/projetocineb.com.br\/wp-content\/uploads\/2021\/04\/cineb19042001-2-1-1024x447.jpg 1024w, https:\/\/projetocineb.com.br\/wp-content\/uploads\/2021\/04\/cineb19042001-2-1-300x131.jpg 300w, https:\/\/projetocineb.com.br\/wp-content\/uploads\/2021\/04\/cineb19042001-2-1-768x335.jpg 768w, https:\/\/projetocineb.com.br\/wp-content\/uploads\/2021\/04\/cineb19042001-2-1.jpg 1917w\" sizes=\"(max-width: 1024px) 100vw, 1024px\" \/><\/figure>\n\n\n\n<p>Na segunda (19) a live foi realizada com os alunos do Centro para a Juventude Juntos IV. Na sess\u00e3o esteve presente Anderson Lado Beco, Cid\u00e1lio Vieira e Douglas Carvalho (gerente do Juntos IV).<\/p>\n\n\n\n<p>Por causa da pandemia a institui\u00e7\u00e3o diminuiu sua capacidade de atendimento, mas em tempos normais chega a ter 60 alunos, divididos em dois per\u00edodos. O projeto atua na forma\u00e7\u00e3o humana e orienta\u00e7\u00e3o profissional a jovens e adolescentes de 15 a 17 anos da Cidade L\u00edder, regi\u00e3o de Itaquera, zona leste de S\u00e3o Paulo. O Juntos \u00e9 parceiro antigo do CineB: desde 2010 j\u00e1 recebeu 18 exibi\u00e7\u00f5es de cinema atingindo um p\u00fablico total de 1710 pessoas.<\/p>\n\n\n\n<p><strong>Dono de casa<\/strong><\/p>\n\n\n\n<figure class=\"wp-block-image size-large is-style-default\"><img loading=\"lazy\" decoding=\"async\" width=\"1024\" height=\"555\" src=\"https:\/\/projetocineb.com.br\/wp-content\/uploads\/2021\/04\/dono-de-casa-1-1024x555.jpg\" alt=\"\" class=\"wp-image-12767\" srcset=\"https:\/\/projetocineb.com.br\/wp-content\/uploads\/2021\/04\/dono-de-casa-1-1024x555.jpg 1024w, https:\/\/projetocineb.com.br\/wp-content\/uploads\/2021\/04\/dono-de-casa-1-300x162.jpg 300w, https:\/\/projetocineb.com.br\/wp-content\/uploads\/2021\/04\/dono-de-casa-1-768x416.jpg 768w, https:\/\/projetocineb.com.br\/wp-content\/uploads\/2021\/04\/dono-de-casa-1.jpg 1802w\" sizes=\"(max-width: 1024px) 100vw, 1024px\" \/><\/figure>\n\n\n\n<p>O curta-metragem \u201cDono de casa\u201d foi apresentado nas duas exibi\u00e7\u00f5es com a presen\u00e7a do diretor. O filme foi produzido em 2017 durante o 7\u00ba Cinecip\u00f3 \u2013 Festival de Cinema Insurgente. O diretor realizou uma oficina de cinema com crian\u00e7as da ocupa\u00e7\u00e3o Rosa Le\u00e3o, localizada na regi\u00e3o metropolitana de Belo Horizonte, durante o festival. O resultado da oficina foi o curta-metragem produzido pelos participantes da atividade.<\/p>\n\n\n\n<p>O filme apresenta uma brincadeira de crian\u00e7a. Eric se viu sozinho e pede para participar da brincadeira de \u201ccasinha\u201d de suas colegas. Raiane ent\u00e3o permite que ele brinque, com a condi\u00e7\u00e3o de desempenhar o papel de \u201cpapai\u201d, trabalhando como mec\u00e2nico. Eric fica frustrado com o seu personagem e troca de fun\u00e7\u00e3o com a pr\u00f3pria Raiane, passando a desenvolver as atividades dom\u00e9sticas da casa. Raiane se torna veterin\u00e1ria e vai trabalhar fora do lar. Voc\u00ea pode assistir o curta aqui.<a href=\"https:\/\/www.youtube.com\/watch?v=-xa1c-25s60\"> (link do curta)<\/a><\/p>\n\n\n\n<p>O diretor mostra atrav\u00e9s do curta o papel estereotipado da atividade dos pais, j\u00e1 presentes desde a inf\u00e2ncia no imagin\u00e1rio das crian\u00e7as. De forma leve, o cineasta busca discutir a desigualdade de g\u00eanero dentro do ambiente familiar. \u201cIronizar esse tipo de coisa \u00e9 fazer o pessoal refletir sobre o que est\u00e1 acontecendo e fazer refletir o quanto que isso \u00e9 desigual\u201d afirma Anderson.<\/p>\n\n\n\n<p>CineB no youtube<\/p>\n\n\n\n<p>O CineB Solar apresentou ainda ao p\u00fablico seu novo canal. Atrav\u00e9s do youtube o projeto disponibilizar\u00e1 as lives realizadas durante a pandemia, al\u00e9m de conte\u00fados produzidos durante as exibi\u00e7\u00f5es presenciais. Se inscrevam no canal e acompanhem as nossas atividades.<\/p>\n\n\n\n<p>CineB Solar<\/p>\n\n\n\n<p>O CineB Solar \u00e9 um circuito itinerante de cinema com exibi\u00e7\u00e3o de filmes brasileiros em espa\u00e7os comunit\u00e1rios e universidades de S\u00e3o Paulo, Osasco e regi\u00e3o. O projeto \u00e9 realizado pelo Sindicato dos Banc\u00e1rios de S\u00e3o Paulo, Osasco e regi\u00e3o, e produzido pela Brazucah Produ\u00e7\u00f5es.<\/p>\n\n\n\n<p>O projeto existe h\u00e1 14 anos e atingiu um p\u00fablico superior a 75 mil espectadores em mais de 580 sess\u00f5es gratuitas realizadas em comunidades e universidades de S\u00e3o Paulo.<\/p>\n\n\n\n<p>Nesse momento de isolamento, para evitar aglomera\u00e7\u00f5es, nos reinventamos e preparamos novos projetos: CineB on-line, CineB Solar na Janela e CineB Autorama, a\u00e7\u00f5es para que todos possam ficar em casa e se divertir com uma sess\u00e3o de cinema.<\/p>\n","protected":false},"excerpt":{"rendered":"<p>Texto: Eduardo Vin\u00e9 Boldt O CineB retornou \u00e0s suas atividades com a exibi\u00e7\u00e3o do curta-metragem \u201cDono de casa\u201d, do cineasta[&#8230;]<\/p>\n","protected":false},"author":4,"featured_media":12773,"comment_status":"open","ping_status":"open","sticky":false,"template":"","format":"standard","meta":[],"categories":[2,6],"tags":[73,234,252,254,260,263,425],"_links":{"self":[{"href":"https:\/\/projetocineb.com.br\/index.php?rest_route=\/wp\/v2\/posts\/12762"}],"collection":[{"href":"https:\/\/projetocineb.com.br\/index.php?rest_route=\/wp\/v2\/posts"}],"about":[{"href":"https:\/\/projetocineb.com.br\/index.php?rest_route=\/wp\/v2\/types\/post"}],"author":[{"embeddable":true,"href":"https:\/\/projetocineb.com.br\/index.php?rest_route=\/wp\/v2\/users\/4"}],"replies":[{"embeddable":true,"href":"https:\/\/projetocineb.com.br\/index.php?rest_route=%2Fwp%2Fv2%2Fcomments&post=12762"}],"version-history":[{"count":2,"href":"https:\/\/projetocineb.com.br\/index.php?rest_route=\/wp\/v2\/posts\/12762\/revisions"}],"predecessor-version":[{"id":13968,"href":"https:\/\/projetocineb.com.br\/index.php?rest_route=\/wp\/v2\/posts\/12762\/revisions\/13968"}],"wp:featuredmedia":[{"embeddable":true,"href":"https:\/\/projetocineb.com.br\/index.php?rest_route=\/wp\/v2\/media\/12773"}],"wp:attachment":[{"href":"https:\/\/projetocineb.com.br\/index.php?rest_route=%2Fwp%2Fv2%2Fmedia&parent=12762"}],"wp:term":[{"taxonomy":"category","embeddable":true,"href":"https:\/\/projetocineb.com.br\/index.php?rest_route=%2Fwp%2Fv2%2Fcategories&post=12762"},{"taxonomy":"post_tag","embeddable":true,"href":"https:\/\/projetocineb.com.br\/index.php?rest_route=%2Fwp%2Fv2%2Ftags&post=12762"}],"curies":[{"name":"wp","href":"https:\/\/api.w.org\/{rel}","templated":true}]}}