{"id":12781,"date":"2021-04-22T02:02:47","date_gmt":"2021-04-22T05:02:47","guid":{"rendered":"http:\/\/projetocineb.com.br\/?p=12781"},"modified":"2021-12-18T12:24:42","modified_gmt":"2021-12-18T15:24:42","slug":"cineb-promove-lives-com-tata-amaral-e-anna-muylaert","status":"publish","type":"post","link":"https:\/\/projetocineb.com.br\/?p=12781","title":{"rendered":"CineB promove lives com Tata Amaral e Anna Muylaert"},"content":{"rendered":"\n<figure class=\"wp-block-image size-large is-style-default\"><img fetchpriority=\"high\" decoding=\"async\" width=\"1024\" height=\"512\" src=\"https:\/\/projetocineb.com.br\/wp-content\/uploads\/2021\/05\/capaanatata-1024x512.jpg\" alt=\"\" class=\"wp-image-13963\" srcset=\"https:\/\/projetocineb.com.br\/wp-content\/uploads\/2021\/05\/capaanatata-1024x512.jpg 1024w, https:\/\/projetocineb.com.br\/wp-content\/uploads\/2021\/05\/capaanatata-300x150.jpg 300w, https:\/\/projetocineb.com.br\/wp-content\/uploads\/2021\/05\/capaanatata-768x384.jpg 768w, https:\/\/projetocineb.com.br\/wp-content\/uploads\/2021\/05\/capaanatata-1536x768.jpg 1536w, https:\/\/projetocineb.com.br\/wp-content\/uploads\/2021\/05\/capaanatata-840x420.jpg 840w, https:\/\/projetocineb.com.br\/wp-content\/uploads\/2021\/05\/capaanatata.jpg 2000w\" sizes=\"(max-width: 1024px) 100vw, 1024px\" \/><figcaption>Anna Muylaert foto: Larry Busacca\/Getty Images &#8211; Tata Amaral foto: reprodu\u00e7\u00e3o<\/figcaption><\/figure>\n\n\n\n<p>Texto: Eduardo Vin\u00e9 Boldt<\/p>\n\n\n\n<p>Duas das mais importantes cineastas do cinema brasileiro participar\u00e3o de lives promovidas pelo CineB on-line, formato virtual do projeto de cinema itinerante que atua na promo\u00e7\u00e3o e acesso ao cinema nacional. As apresenta\u00e7\u00f5es acontecer\u00e3o nos dias 26 e 30 de abril, e ser\u00e3o transmitidas ao vivo, pelo canal do CineB no Youtube (se inscreva aqui).<\/p>\n\n\n\n<p>Tata Amaral participar\u00e1 de um encontro com jovens produtores na segunda (26) para discutir o cinema brasileiro e o atual cen\u00e1rio cultural, impactado pela pandemia e pela falta de pol\u00edticas p\u00fablicas no setor. A diretora vai compartilhar sua experi\u00eancia com jovens moradores da periferia de S\u00e3o Paulo, em bate papo realizado virtualmente.<\/p>\n\n\n\n<p>A cineasta tem uma carreira s\u00f3lida, atuando como diretora, produtora e roteirista. Dirigiu longas de fic\u00e7\u00e3o, document\u00e1rios e s\u00e9ries, tendo em seu curr\u00edculo o premiado&nbsp;\u201cUm C\u00e9u de Estrelas\u201d&nbsp;(1996), as s\u00e9ries&nbsp;\u201cAnt\u00f4nia\u201d&nbsp;(TV globo) e&nbsp;\u201cPsi\u201d&nbsp;(HBO). O CineB j\u00e1 exibiu diversas obras da autora, como o longa \u201cAnt\u00f4nia\u201d (2006) e a s\u00e9rie documental \u201cCausando na Rua\u201d&nbsp;(2016). Os filmes&nbsp;\u201cHoje\u201d&nbsp;(2011) e&nbsp;\u201cSequestro rel\u00e2mpago\u201d&nbsp;(2018) tiveram suas estreias em exibi\u00e7\u00f5es do projeto.<\/p>\n\n\n\n<p>Anna Muylaert \u00e9 roteirista, produtora e diretora de cinema. Na sexta (30) o curta-metragem \u201cUm caf\u00e9 com meu av\u00f4 Durval\u201d (2021) ser\u00e1 apresentado em sess\u00e3o com a presen\u00e7a (virtual) dos alunos do Fiam-Faam Centro Universit\u00e1rio. O curta, lan\u00e7ado em mar\u00e7o deste ano, apresenta um relato pessoal da autora sobre sua rela\u00e7\u00e3o com a s\u00e9tima arte.<\/p>\n\n\n\n<p>A diretora tamb\u00e9m j\u00e1 teve obras exibidas no projeto. As pr\u00e9-estreias dos filmes \u201cQue horas ela volta\u201d (2015) e \u201cM\u00e3e s\u00f3 h\u00e1 uma\u201d (2016) foram realizadas pelo CineB. \u201cAlvorada\u201d (2021), document\u00e1rio sobre o processo de impeachment da presidenta Dilma Rousseff foi exibido este ano no 26o Festival Internacional de Document\u00e1rios \u201c\u00c9 Tudo Verdade\u201d.<\/p>\n\n\n\n<p><b>CineB on-line<\/b><\/p>\n\n\n\n<p><b>Tata Amaral<\/b>&nbsp;\u2013 Debate com estudantes e jovens produtores&nbsp;culturais da periferia<\/p>\n\n\n\n<p>26 de abril, das 18h \u00e0s 19h<\/p>\n\n\n\n<p>30 de abril, \u00e0s 20h<\/p>\n\n\n\n<p>Com a participa\u00e7\u00e3o de Cid\u00e1lio Vieira Santos (coordenador projeto CineB), Cynthia Al\u00e1rio (diretora da Brazucah Produ\u00e7\u00f5es), Isabella Goulart&nbsp;(coordenadora na escola de Comunica\u00e7\u00e3o do Fiam-Faam) e Marcelo Goncalves (diretor de cultura do sindicato dos banc\u00e1rios de S\u00e3o Paulo, Osasco e regi\u00e3o).<\/p>\n","protected":false},"excerpt":{"rendered":"<p>Texto: Eduardo Vin\u00e9 Boldt Duas das mais importantes cineastas do cinema brasileiro participar\u00e3o de lives promovidas pelo CineB on-line, formato[&#8230;]<\/p>\n","protected":false},"author":4,"featured_media":13054,"comment_status":"open","ping_status":"open","sticky":false,"template":"","format":"standard","meta":[],"categories":[10],"tags":[87,234,252,254,263,426,1155],"_links":{"self":[{"href":"https:\/\/projetocineb.com.br\/index.php?rest_route=\/wp\/v2\/posts\/12781"}],"collection":[{"href":"https:\/\/projetocineb.com.br\/index.php?rest_route=\/wp\/v2\/posts"}],"about":[{"href":"https:\/\/projetocineb.com.br\/index.php?rest_route=\/wp\/v2\/types\/post"}],"author":[{"embeddable":true,"href":"https:\/\/projetocineb.com.br\/index.php?rest_route=\/wp\/v2\/users\/4"}],"replies":[{"embeddable":true,"href":"https:\/\/projetocineb.com.br\/index.php?rest_route=%2Fwp%2Fv2%2Fcomments&post=12781"}],"version-history":[{"count":3,"href":"https:\/\/projetocineb.com.br\/index.php?rest_route=\/wp\/v2\/posts\/12781\/revisions"}],"predecessor-version":[{"id":13966,"href":"https:\/\/projetocineb.com.br\/index.php?rest_route=\/wp\/v2\/posts\/12781\/revisions\/13966"}],"wp:featuredmedia":[{"embeddable":true,"href":"https:\/\/projetocineb.com.br\/index.php?rest_route=\/wp\/v2\/media\/13054"}],"wp:attachment":[{"href":"https:\/\/projetocineb.com.br\/index.php?rest_route=%2Fwp%2Fv2%2Fmedia&parent=12781"}],"wp:term":[{"taxonomy":"category","embeddable":true,"href":"https:\/\/projetocineb.com.br\/index.php?rest_route=%2Fwp%2Fv2%2Fcategories&post=12781"},{"taxonomy":"post_tag","embeddable":true,"href":"https:\/\/projetocineb.com.br\/index.php?rest_route=%2Fwp%2Fv2%2Ftags&post=12781"}],"curies":[{"name":"wp","href":"https:\/\/api.w.org\/{rel}","templated":true}]}}