{"id":12809,"date":"2021-05-07T11:59:43","date_gmt":"2021-05-07T14:59:43","guid":{"rendered":"http:\/\/projetocineb.com.br\/?p=12809"},"modified":"2021-12-18T12:22:02","modified_gmt":"2021-12-18T15:22:02","slug":"as-protagonistas-do-cinema-brasileiro","status":"publish","type":"post","link":"https:\/\/projetocineb.com.br\/?p=12809","title":{"rendered":"As protagonistas do cinema brasileiro"},"content":{"rendered":"\n<p><em>Tata Amaral e Anna Muylaert participaram no final de abril de duas lives promovidas pelo CineB on-line. As cineastas puderam compartilhar com estudantes e jovens produtores suas trajet\u00f3rias e convidaram \u00e0 reflex\u00e3o sobre a participa\u00e7\u00e3o das mulheres no cinema<\/em><\/p>\n\n\n\n<p>texto: Eduardo Vin\u00e9 Boldt<\/p>\n\n\n<div class=\"wp-block-post-date\"><time datetime=\"2021-05-07T11:59:43-03:00\">07\/05\/2021<\/time><\/div>\n\n\n<p>Pela primeira vez em 93 anos o Oscar indicou simultaneamente duas mulheres ao pr\u00eamio de melhor dire\u00e7\u00e3o. A l\u00e1urea foi entregue a diretora Chl\u00f3e Zhao, pelo seu trabalho no filme \u201cNomadland\u201d. Ao longo de toda a hist\u00f3ria da premia\u00e7\u00e3o, apenas cinco mulheres tinham sido indicadas nessa categoria.<\/p>\n\n\n\n<p>Na mesma semana que a premia\u00e7\u00e3o norte-americana reconheceu o talento da cineasta chinesa, o CineB on-line realizou duas lives com a presen\u00e7a de importantes diretoras do cinema brasileiro. Tata Amaral e Anna Muylaert participaram de debates promovidas pelo projeto com estudantes e jovens produtores culturais. Os encontros aconteceram no final do m\u00eas de abril e est\u00e3o dispon\u00edveis no canal do Youtube do CineB Solar <a href=\"https:\/\/www.youtube.com\/channel\/UCzdI6zj9k2JR3oqydE6dgtQ\" target=\"_blank\" rel=\"noopener\">(link aqui)<\/a>. Foi um momento para trocar experi\u00eancias e um chamado \u00e0 reflex\u00e3o sobre o machismo estrutural e a luta pela igualdade de g\u00eanero dentro da produ\u00e7\u00e3o audiovisual brasileira.<\/p>\n\n\n\n<p>Protagonistas<\/p>\n\n\n\n<p>Na Segunda-feira (26 de abril) a cineasta Tata Amaral participou de uma <a href=\"https:\/\/www.youtube.com\/watch?v=bk8DOuB45fA\" target=\"_blank\" rel=\"noopener\">roda de conversa com jovens produtores culturais<\/a>. O bate-papo contou com a presen\u00e7a de Marco Costa (Brazucah), Marcos do Amaral (Sindicato dos banc\u00e1rios SP), Cid\u00e1lio Vieira (CineB), Nayara Cristina (Fiam-Faam), Thiago Pinheiro (produtor cultural). A cineasta pode falar um pouco da sua experi\u00eancia como diretora, al\u00e9m de relembrar seus filmes, participa\u00e7\u00f5es e estreias realizadas em parceria com o projeto cineB.<\/p>\n\n\n\n<p>Tata Amaral contou tamb\u00e9m sobre seu mais recente projeto. A s\u00e9rie \u201cAs Protagonistas\u201d tem lan\u00e7amento previsto para o m\u00eas de maio no canal Cinebrasil Tv. A produ\u00e7\u00e3o tem 13 epis\u00f3dios e narra a hist\u00f3ria do audiovisual brasileiro atrav\u00e9s das produ\u00e7\u00f5es realizadas por mulheres. A s\u00e9rie documental percorre a trajet\u00f3ria de mais de 70 cineastas brasileiras, como Ad\u00e9lia Sampaio, Helena Ignez, Suzana Amaral, Carla Camuratti, Anna Muylaert, entre outras.<\/p>\n\n\n\n<p>\u201c\u00c9 um exerc\u00edcio de historiografia. Como seria a hist\u00f3ria do Brasil contada a partir do ponto de vista dos ind\u00edgenas? E das pessoas negras? E das mulheres? Como seria a medicina contada a partir da produ\u00e7\u00e3o das mulheres? Fizemos esse exerc\u00edcio a partir do cinema. Como seria o cinema se a gente pudesse mudar a perspectiva narrativa da hist\u00f3ria\u201d explica.<\/p>\n\n\n\n<figure class=\"wp-block-image size-large is-style-default\"><img fetchpriority=\"high\" decoding=\"async\" width=\"1024\" height=\"454\" src=\"https:\/\/projetocineb.com.br\/wp-content\/uploads\/2021\/05\/cineB-26042021-1-1024x454.jpg\" alt=\"\" class=\"wp-image-12814\" srcset=\"https:\/\/projetocineb.com.br\/wp-content\/uploads\/2021\/05\/cineB-26042021-1-1024x454.jpg 1024w, https:\/\/projetocineb.com.br\/wp-content\/uploads\/2021\/05\/cineB-26042021-1-300x133.jpg 300w, https:\/\/projetocineb.com.br\/wp-content\/uploads\/2021\/05\/cineB-26042021-1-768x340.jpg 768w, https:\/\/projetocineb.com.br\/wp-content\/uploads\/2021\/05\/cineB-26042021-1.jpg 1915w\" sizes=\"(max-width: 1024px) 100vw, 1024px\" \/><figcaption>CineB on-line com a cineasta Tata Amaral foto: reprodu\u00e7\u00e3o<\/figcaption><\/figure>\n\n\n\n<p>A cineasta ainda debateu com os jovens presentes as dificuldades do reconhecimento por parte da sociedade do protagonismo feminino em diversas \u00e1reas. \u201cO sucesso n\u00e3o est\u00e1 associado as mulheres, a carreira das mulheres\u201d aponta. A diretora prepara tamb\u00e9m uma s\u00e9rie documental sobre pintoras do s\u00e9culo XIX para um canal fechado.<\/p>\n\n\n\n<p>Teto de cristal<\/p>\n\n\n\n<p>Na sexta feira (30 de maio) a diretora Anna Muylaert apresentou o curta-metragem \u201cUm caf\u00e9 com meu av\u00f4 Durval\u201d para <a href=\"https:\/\/www.youtube.com\/watch?v=X1s9JFiN5qw&amp;t=3637s\" target=\"_blank\" rel=\"noopener\">estudantes de comunica\u00e7\u00e3o do Fiam-Faam Centro Universit\u00e1rio<\/a>. O encontrou foi mediado pelo professor Douglas Domingues (Fiam-Faam) e teve a presen\u00e7a de Isabela Goulart (Coordenadora Fiam-Faam), dos professores Bruno Casalotti, Thiago Venanzoni, Jorge Gon\u00e7alves e Jo\u00e3o Gago (Fiam-Faam), Cid\u00e1lio Vieira (CineB), Cynthia Alano (Brazucah), Marcelo Gon\u00e7alves (Sindicato dos Banc\u00e1rios). &nbsp;Mais de 80 alunos participaram da exibi\u00e7\u00e3o e do debate.<\/p>\n\n\n\n<figure class=\"wp-block-image size-large is-style-default\"><img decoding=\"async\" width=\"1024\" height=\"302\" src=\"https:\/\/projetocineb.com.br\/wp-content\/uploads\/2021\/05\/ana-fiam-2-1-1024x302.jpg\" alt=\"\" class=\"wp-image-12812\" srcset=\"https:\/\/projetocineb.com.br\/wp-content\/uploads\/2021\/05\/ana-fiam-2-1-1024x302.jpg 1024w, https:\/\/projetocineb.com.br\/wp-content\/uploads\/2021\/05\/ana-fiam-2-1-300x88.jpg 300w, https:\/\/projetocineb.com.br\/wp-content\/uploads\/2021\/05\/ana-fiam-2-1-768x226.jpg 768w, https:\/\/projetocineb.com.br\/wp-content\/uploads\/2021\/05\/ana-fiam-2-1.jpg 1859w\" sizes=\"(max-width: 1024px) 100vw, 1024px\" \/><figcaption>Anna Muylaert conversa com alunos do Fiam-Faam Centro Universit\u00e1rio foto: reprodu\u00e7\u00e3o<\/figcaption><\/figure>\n\n\n\n<p>\u201c<a href=\"https:\/\/www.youtube.com\/watch?v=xTKo5Uv-cS0\" target=\"_blank\" rel=\"noopener\">Um caf\u00e9 com meu av\u00f4 Durval<\/a>\u201d foi produzido durante a pandemia do novo coronav\u00edrus a convite da 13\u00aa edi\u00e7\u00e3o do festival \u201cJanela Internacional de Cinema do Recife\u201d, que aconteceu no in\u00edcio de mar\u00e7o deste ano. O filme foi exibido na sess\u00e3o \u201cEu me lembro\u201d do evento. No curta-metragem a diretora parte de uma narrativa intima e familiar sobre a sua rela\u00e7\u00e3o com o cinema e busca refletir a atual forma de consumo das obras audiovisuais e a rela\u00e7\u00e3o com os seus espectadores (ou consumidores?).<\/p>\n\n\n\n<div class=\"wp-block-image is-style-default\"><figure class=\"aligncenter size-full\"><img decoding=\"async\" width=\"784\" height=\"899\" src=\"https:\/\/projetocineb.com.br\/wp-content\/uploads\/2021\/05\/avo-durval-2-1.jpg\" alt=\"\" class=\"wp-image-12813\" srcset=\"https:\/\/projetocineb.com.br\/wp-content\/uploads\/2021\/05\/avo-durval-2-1.jpg 784w, https:\/\/projetocineb.com.br\/wp-content\/uploads\/2021\/05\/avo-durval-2-1-262x300.jpg 262w, https:\/\/projetocineb.com.br\/wp-content\/uploads\/2021\/05\/avo-durval-2-1-768x881.jpg 768w\" sizes=\"(max-width: 784px) 100vw, 784px\" \/><figcaption>Frame do filme &#8220;Um caf\u00e9 com meu av\u00f4 Durval&#8221; Foto: reprodu\u00e7\u00e3o<\/figcaption><\/figure><\/div>\n\n\n\n<p>Durante o bate papo, a diretora ainda pode discutir com os alunos presentes sobre uma de suas obras mais significativas: o longa \u201cQue horas ela volta\u201d (2015). O filme esteve presente em importantes festivais internacionais, como o Sundance e o festival de Berlim, al\u00e9m de ter sido a escolha brasileira para a premia\u00e7\u00e3o do Oscar naquele ano.<\/p>\n\n\n\n<p>A cineasta apresenta a hist\u00f3ria de Val (Regina Cas\u00e9), uma empregada dom\u00e9stica que trabalha e reside na casa de uma fam\u00edlia de classe m\u00e9dia alta paulistana. Sua rotina muda com a chegada da filha Jessica (Camila M\u00e1rdila) que veio morar junto com ela para prestar vestibular. A fam\u00edlia recebe Jessica em sua casa, mas logo percebe que ela ser\u00e1 concorrente de seu filho para uma vaga na universidade. A trama se desenvolve atrav\u00e9s dos conflitos originados dessa situa\u00e7\u00e3o. Os alunos perguntaram sobre o processo de produ\u00e7\u00e3o do filme. \u201cO \u2018Que horas ela volta\u2019 foi um filme que eu demorei vinte anos para escrever. Ningu\u00e9m acredita, mas eu n\u00e3o sabia nada sobre o Prouni e eu nem estava levando em conta a quest\u00e3o da cota racial. Mas quando o filme saiu em 2015 imediatamente as bolsistas de Prouni e as cotistas se reuniram e de me falaram: Olha, somos n\u00f3s essa menina. Somos n\u00f3s a primeira gera\u00e7\u00e3o da fam\u00edlia que entrou na faculdade\u201d explica a diretora.<\/p>\n\n\n\n<p>Sobre a representa\u00e7\u00e3o da mulher nas telas ela acredita que houve uma melhora significativa de 2015 at\u00e9 hoje, mas tamb\u00e9m percebe o quanto as vis\u00f5es estereotipadas s\u00e3o reproduzidas no cinema mundial. \u201cAinda hoje a maioria dos filmes representa uma mulher de uma forma idealizada e sexualizada. Isso \u00e9 algo muito aprisionante para as mulheres que os assistem. Eu cresci a vida toda vendo mulheres idealizadas e vendo homens no papel de protagonistas\u201d critica a diretora.<\/p>\n\n\n\n<p>Anna abordou ainda as dificuldades enfrentadas por ela ap\u00f3s alcan\u00e7ar o reconhecimento pelo seu trabalho como diretora. \u201cNa Europa eles tem um nome para isso. Eles falam \u2018teto de cristal\u2019. Eles falam que a mulher tem um limite para crescer. O teto de cristal \u00e9 transparente. Se voc\u00ea subir, voc\u00ea vai se cortar, vai sofrer viol\u00eancia. E de fato o \u2018Que horas ela volta\u2019 fez muito sucesso, tanto aqui quanto no mundo. Eu nunca tinha sofrido tanta viol\u00eancia, ataque, passada de perna&#8230;\u201d aponta a cineasta.<\/p>\n\n\n\n<p>Apesar das dificuldades discutidas com os alunos e do caminho a percorrer na busca pela equidade de g\u00eanero, a diretora incentivou os estudantes a contarem as suas pr\u00f3prias hist\u00f3rias e formarem grupos para produzir filmes com dedica\u00e7\u00e3o: \u201cEu que j\u00e1 tenho 30 anos de carreira, o meu pr\u00f3ximo filme que se chama \u2018Clube das mulheres de neg\u00f3cio\u2019. Para mim \u00e9 um desafio t\u00e3o grande quanto foi o Durval Discos, ou at\u00e9 mais\u201d incentiva a diretora.<\/p>\n","protected":false},"excerpt":{"rendered":"<p>Tata Amaral e Anna Muylaert participaram no final de abril de duas lives promovidas pelo CineB on-line. As cineastas puderam[&#8230;]<\/p>\n","protected":false},"author":4,"featured_media":13963,"comment_status":"open","ping_status":"open","sticky":false,"template":"","format":"standard","meta":[],"categories":[6,7],"tags":[87,154,234,254,260,263,426,1130,1155],"_links":{"self":[{"href":"https:\/\/projetocineb.com.br\/index.php?rest_route=\/wp\/v2\/posts\/12809"}],"collection":[{"href":"https:\/\/projetocineb.com.br\/index.php?rest_route=\/wp\/v2\/posts"}],"about":[{"href":"https:\/\/projetocineb.com.br\/index.php?rest_route=\/wp\/v2\/types\/post"}],"author":[{"embeddable":true,"href":"https:\/\/projetocineb.com.br\/index.php?rest_route=\/wp\/v2\/users\/4"}],"replies":[{"embeddable":true,"href":"https:\/\/projetocineb.com.br\/index.php?rest_route=%2Fwp%2Fv2%2Fcomments&post=12809"}],"version-history":[{"count":2,"href":"https:\/\/projetocineb.com.br\/index.php?rest_route=\/wp\/v2\/posts\/12809\/revisions"}],"predecessor-version":[{"id":13962,"href":"https:\/\/projetocineb.com.br\/index.php?rest_route=\/wp\/v2\/posts\/12809\/revisions\/13962"}],"wp:featuredmedia":[{"embeddable":true,"href":"https:\/\/projetocineb.com.br\/index.php?rest_route=\/wp\/v2\/media\/13963"}],"wp:attachment":[{"href":"https:\/\/projetocineb.com.br\/index.php?rest_route=%2Fwp%2Fv2%2Fmedia&parent=12809"}],"wp:term":[{"taxonomy":"category","embeddable":true,"href":"https:\/\/projetocineb.com.br\/index.php?rest_route=%2Fwp%2Fv2%2Fcategories&post=12809"},{"taxonomy":"post_tag","embeddable":true,"href":"https:\/\/projetocineb.com.br\/index.php?rest_route=%2Fwp%2Fv2%2Ftags&post=12809"}],"curies":[{"name":"wp","href":"https:\/\/api.w.org\/{rel}","templated":true}]}}