{"id":12842,"date":"2021-05-17T19:58:43","date_gmt":"2021-05-17T22:58:43","guid":{"rendered":"http:\/\/projetocineb.com.br\/?p=12842"},"modified":"2021-12-18T12:05:49","modified_gmt":"2021-12-18T15:05:49","slug":"cineb-on-line-exibira-os-curtas-procura-se-e-preto-no-branco-em-encontros-virtuais","status":"publish","type":"post","link":"https:\/\/projetocineb.com.br\/?p=12842","title":{"rendered":"CineB on-line exibir\u00e1 os curtas \u201cProcura-se\u201d e \u201cPreto no Branco\u201d em encontros virtuais"},"content":{"rendered":"\n<p>As sess\u00f5es ser\u00e3o realizadas nos dias 20 e 21 de maio e poder\u00e3o ser acompanhadas no canal do Youtube do CineB Solar. Institui\u00e7\u00f5es da zona sul e zona oeste da capital paulista participar\u00e3o do encontro e poder\u00e3o discutir sobre o filme com os realizadores<\/p>\n\n\n\n<figure class=\"wp-block-image size-large is-style-default\"><img fetchpriority=\"high\" decoding=\"async\" width=\"1024\" height=\"703\" src=\"https:\/\/projetocineb.com.br\/wp-content\/uploads\/2021\/05\/cineastas-valter-e-ibere-1-1024x703.jpg\" alt=\"\" class=\"wp-image-12847\" srcset=\"https:\/\/projetocineb.com.br\/wp-content\/uploads\/2021\/05\/cineastas-valter-e-ibere-1-1024x703.jpg 1024w, https:\/\/projetocineb.com.br\/wp-content\/uploads\/2021\/05\/cineastas-valter-e-ibere-1-300x206.jpg 300w, https:\/\/projetocineb.com.br\/wp-content\/uploads\/2021\/05\/cineastas-valter-e-ibere-1-768x528.jpg 768w, https:\/\/projetocineb.com.br\/wp-content\/uploads\/2021\/05\/cineastas-valter-e-ibere-1.jpg 1121w\" sizes=\"(max-width: 1024px) 100vw, 1024px\" \/><figcaption>Iber\u00ea Carvalho e Valter Rege  foto: divulga\u00e7\u00e3o<\/figcaption><\/figure>\n\n\n\n<p><em>Texto: Eduardo Vin\u00e9 Boldt<\/em><\/p>\n\n\n<div class=\"wp-block-post-date\"><time datetime=\"2021-05-17T19:58:43-03:00\">17\/05\/2021<\/time><\/div>\n\n\n<p>O CineB Solar exibir\u00e1 na quinta (20) e sexta (21) curtas-metragens nacionais dentro do formato \u201con-line\u201d do projeto. Por causa da pandemia, as atividades presenciais do CineB Solar na janela ainda est\u00e3o suspensas, fazendo com que a programa\u00e7\u00e3o seja realizada de forma remota. Os encontros contar\u00e3o com a presen\u00e7a dos realizadores dos filmes que poder\u00e3o conversar com integrantes das entidades atendidas pelo projeto.<\/p>\n\n\n\n<p>Na Quinta-feira (20) o cineasta Iber\u00ea Carvalho exibira o filme \u201cProcura-se\u201d em encontro on-line com os alunos do Centro para Crian\u00e7as e Adolescentes Nossa Senhora de F\u00e1tima, da Sociedade Santos M\u00e1rtires. A entidade, localizada na zona sul da capital, atende diariamente 120 crian\u00e7as entre 6 e 15 anos, e mant\u00e9m um conv\u00eanio com a prefeitura da cidade de S\u00e3o Paulo. O centro desenvolve trabalho de assist\u00eancia a comunidade desde 2001. Uma parte significativa das pessoas atendidas pelo programa nunca tiveram acesso a uma sala de cinema.<\/p>\n\n\n\n<p>Na sexta (21) o Centro Social Santos Dias assistir\u00e1 o curta-metragem \u201cPreto no Branco\u201d, com a presen\u00e7a do diretor do filme Valter Rege. O centro, localizado no Rio Pequeno (zona oeste) desenvolve a mais de 30 anos um trabalho voltado a educa\u00e7\u00e3o de crian\u00e7as e adolescentes e busca desenvolver atividades que promovam o desenvolvimento humano, buscando a prote\u00e7\u00e3o, seguran\u00e7a, alimenta\u00e7\u00e3o, cultura e sa\u00fade das crian\u00e7as atendidas. A entidade promove ainda a alfabetiza\u00e7\u00e3o de jovens e adultos al\u00e9m de contribuir com a conscientiza\u00e7\u00e3o do exerc\u00edcio da cidadania e a redu\u00e7\u00e3o do \u00edndice de analfabetismo na zona oeste da cidade de S\u00e3o Paulo.<\/p>\n\n\n\n<p>Acompanhem a programa\u00e7\u00e3o pelos canais de comunica\u00e7\u00e3o do CineB Solar e as exibi\u00e7\u00f5es atrav\u00e9s do canal CineB Solar no Youtube. Os encontros ser\u00e3o transmitidos ao vivo e permanecer\u00e3o dispon\u00edveis nas redes sociais do projeto.<\/p>\n\n\n\n<p><strong>Procura-se, de Iber\u00ea Carvalho<\/strong><\/p>\n\n\n\n<p><strong>Quinta-feira, 20 de maio, \u00e0s 14 horas<\/strong><\/p>\n\n\n\n<p>Com as crian\u00e7as e adolescentes do Centro para Crian\u00e7as e Adolescente Nossa Senhora de F\u00e1tima (par\u00f3quia Santos M\u00e1rtires).<\/p>\n\n\n\n<p><strong>Participantes:<\/strong><\/p>\n\n\n\n<p>Cid\u00e1lio Vieira Santos &#8211; Coordenador projeto CineB Solar.<\/p>\n\n\n\n<p>Cleide de Oliveira Gon\u00e7alves Ferreira &#8211; Educadora do Centro para crian\u00e7a e adolescentes Nossa Senhora de F\u00e1tima.<\/p>\n\n\n\n<p>Fernanda Reis &#8211; Diretora do sindicato dos banc\u00e1rios SP Osasco e regi\u00e3o<\/p>\n\n\n\n<p><strong>Preto no Branco, de Valter Rege<\/strong><\/p>\n\n\n\n<p><strong>Sexta-feira, 21 de maio, as 18 horas<\/strong><\/p>\n\n\n\n<p>Com educadores, jovens e fam\u00edlias atendidas pela Centro Social Santo Dias.<\/p>\n\n\n\n<p><strong>Participantes:<\/strong><\/p>\n\n\n\n<p><strong>Cid\u00e1lio Vieira Santos &#8211; <\/strong>Coordenador projeto CineB Solar.<\/p>\n\n\n\n<p><strong>Fernando Mattos &#8211; <\/strong>Diretor da Federa\u00e7\u00e3o dos Trabalhadores em Empresas de cr\u00e9dito de S\u00e3o Paulo.<\/p>\n\n\n\n<p><strong>Monalisa Madalena de Oliveira<\/strong>&#8211;&nbsp;T\u00e9cnica no Servi\u00e7o de medidas socioeducativas do centro social Santo Dias.<\/p>\n","protected":false},"excerpt":{"rendered":"<p>As sess\u00f5es ser\u00e3o realizadas nos dias 20 e 21 de maio e poder\u00e3o ser acompanhadas no canal do Youtube do[&#8230;]<\/p>\n","protected":false},"author":4,"featured_media":12846,"comment_status":"open","ping_status":"open","sticky":false,"template":"","format":"standard","meta":[],"categories":[10],"tags":[154,234,260,263,426,616,990,998,1130,1205],"_links":{"self":[{"href":"https:\/\/projetocineb.com.br\/index.php?rest_route=\/wp\/v2\/posts\/12842"}],"collection":[{"href":"https:\/\/projetocineb.com.br\/index.php?rest_route=\/wp\/v2\/posts"}],"about":[{"href":"https:\/\/projetocineb.com.br\/index.php?rest_route=\/wp\/v2\/types\/post"}],"author":[{"embeddable":true,"href":"https:\/\/projetocineb.com.br\/index.php?rest_route=\/wp\/v2\/users\/4"}],"replies":[{"embeddable":true,"href":"https:\/\/projetocineb.com.br\/index.php?rest_route=%2Fwp%2Fv2%2Fcomments&post=12842"}],"version-history":[{"count":2,"href":"https:\/\/projetocineb.com.br\/index.php?rest_route=\/wp\/v2\/posts\/12842\/revisions"}],"predecessor-version":[{"id":13960,"href":"https:\/\/projetocineb.com.br\/index.php?rest_route=\/wp\/v2\/posts\/12842\/revisions\/13960"}],"wp:featuredmedia":[{"embeddable":true,"href":"https:\/\/projetocineb.com.br\/index.php?rest_route=\/wp\/v2\/media\/12846"}],"wp:attachment":[{"href":"https:\/\/projetocineb.com.br\/index.php?rest_route=%2Fwp%2Fv2%2Fmedia&parent=12842"}],"wp:term":[{"taxonomy":"category","embeddable":true,"href":"https:\/\/projetocineb.com.br\/index.php?rest_route=%2Fwp%2Fv2%2Fcategories&post=12842"},{"taxonomy":"post_tag","embeddable":true,"href":"https:\/\/projetocineb.com.br\/index.php?rest_route=%2Fwp%2Fv2%2Ftags&post=12842"}],"curies":[{"name":"wp","href":"https:\/\/api.w.org\/{rel}","templated":true}]}}