{"id":1295,"date":"2010-08-27T18:25:55","date_gmt":"2010-08-27T21:25:55","guid":{"rendered":"http:\/\/projetocineb.com.br\/?p=1295"},"modified":"2010-08-27T18:25:55","modified_gmt":"2010-08-27T21:25:55","slug":"itaim-paulista-jd-noemia","status":"publish","type":"post","link":"https:\/\/projetocineb.com.br\/?p=1295","title":{"rendered":"ITAIM PAULISTA &#8211; JD NOEMIA"},"content":{"rendered":"<p><em>Fotos de Vivian Szelpal<\/em><\/p>\n<p><span style=\"color: #ff6600;\">Voc\u00ea ia gostar de chegar na escola que estuda e os professores avisarem que hoje a aula \u00e9 no cinema?<\/span><\/p>\n<figure id=\"attachment_1312\" aria-describedby=\"caption-attachment-1312\" style=\"width: 384px\" class=\"wp-caption aligncenter\"><a href=\"http:\/\/projetocineb.com.br\/wp-content\/uploads\/2010\/08\/0ab161.jpg\"><img fetchpriority=\"high\" decoding=\"async\" class=\"size-full wp-image-1312  \" title=\"P\u00fablico atento ao filme Besouro, de XXX\" src=\"http:\/\/projetocineb.com.br\/wp-content\/uploads\/2010\/08\/0ab161.jpg\" alt=\"P\u00fablico atento ao filme Besouro, de XXX\" width=\"384\" height=\"255\" \/><\/a><figcaption id=\"caption-attachment-1312\" class=\"wp-caption-text\">P\u00fablico atento ao filme Besouro, de Jo\u00e3o Daniel Tikhomiroff<\/figcaption><\/figure>\n<p><span style=\"color: #ff6600;\">Ontem foi realizada exibi\u00e7\u00e3o no Jardim Noemia, que fica na regi\u00e3o do Itaim Paulista, zona leste de S\u00e3o Paulo<\/span>. O Cine B, realizado pelo Sindicato dos Banc\u00e1rios e Brazucah Produ\u00e7\u00f5es inicia com esta exibi\u00e7\u00e3o a programa\u00e7\u00e3o de setembro do projeto, com os longas <em>Besouro<\/em> e <em>Dom\u00e9sticas<\/em>, al\u00e9m do curta-metragem <em>O xadrez das cores<\/em>. <span style=\"color: #ff6600;\">Moradores de Jardim Camaro Novo, Vila Maria, Jardim Roman e Jardim Noemia estiveram presentes numa exibi\u00e7\u00e3o de cinema ao ar livre, na Associa\u00e7\u00e3o Amigos do Bairro do Jardim Noemia<\/span>.<\/p>\n<p>Os alunos do MOVA (<a href=\"http:\/\/www.paulofreire.org\/Programas\/MovaBrasil\" target=\"_blank\">Movimento de Alfabetiza\u00e7\u00e3o de Jovens e Adultos<\/a>) de S\u00e3o Miguel &#8211; Itaim Paulista foram os convidados especiais deste Cine B. <span style=\"color: #ff6600;\">\u201cO projeto MOVA foi idealizado pelo educador Paulo Freire, que propunha um ensino al\u00e9m das palavras. Por isso, achamos muito importante trazer esses alunos para o Cine B, j\u00e1 que muitos nunca foram ao cinema\u201d, disse Sandra Aparecida Martins Ferreira, apoiadora do Centro de Educa\u00e7\u00e3o da Zona Leste<\/span>.<\/p>\n<figure id=\"attachment_1311\" aria-describedby=\"caption-attachment-1311\" style=\"width: 384px\" class=\"wp-caption aligncenter\"><a href=\"http:\/\/projetocineb.com.br\/wp-content\/uploads\/2010\/08\/0ab151.jpg\"><img decoding=\"async\" class=\"size-full wp-image-1311  \" title=\"Vanderlei e Sandra com educadores\" src=\"http:\/\/projetocineb.com.br\/wp-content\/uploads\/2010\/08\/0ab151.jpg\" alt=\"Vanderlei e Sandra com educadores\" width=\"384\" height=\"255\" \/><\/a><figcaption id=\"caption-attachment-1311\" class=\"wp-caption-text\">Vanderlei Jos\u00e9 da Silva e Sandra Aparecida Martins Ferreira com educadores do MOVA<\/figcaption><\/figure>\n<p>\u201cJ\u00e1 levamos os estudantes para a feira do livro, Esta\u00e7\u00e3o Ci\u00eancia. Sempre buscamos mostrar a import\u00e2ncia da cultura\u201d, disse Neiva de Castro, coordenadora pedag\u00f3gica do MOVA S\u00e3o Miguel &#8211; Itaim Paulista, pelo Centro de Educa\u00e7\u00e3o da zona leste.<\/p>\n<p>H\u00e1 7 anos como educador no MOVA e h\u00e1 30 como morador do Jardim Noemia, Vanderlei Jos\u00e9 da Silva disse que as ruas do bairro foram asfaltadas em 2004, durante o governo da ex-prefeita Marta Suplicy do PT. <span style=\"color: #ff6600;\">\u201cMuitas ruas ainda hoje n\u00e3o s\u00e3o asfaltadas, n\u00e3o temos eventos culturais por aqui. \u00c9 uma comunidade muito carente, esquecida politicamente. Para n\u00f3s o Cine B \u00e9 um evento inovador! Hoje \u00e9 uma aula diferente\u201d, disse Vanderlei<\/span>.<\/p>\n<p>\u201cGostamos de diversificar um pouco o ensino, sempre mantendo ao menos uma atividade cultural por ano\u201d, disse Sandra, que agitou esta exibi\u00e7\u00e3o na comunidade com ajuda dos educadores do MOVA, que atendem de forma volunt\u00e1ria 60 alunos matriculados.<\/p>\n<p>No final da exibi\u00e7\u00e3o muitos convites para que o Cine B retorne para outra exibi\u00e7\u00e3o do \u00f3timo cinema brasileiro. O que nos deixa feliz, com vontade de voltar logo!<\/p>\n<figure id=\"attachment_1309\" aria-describedby=\"caption-attachment-1309\" style=\"width: 384px\" class=\"wp-caption aligncenter\"><a href=\"http:\/\/projetocineb.com.br\/wp-content\/uploads\/2010\/08\/0ab131.jpg\"><img decoding=\"async\" class=\"size-full wp-image-1309  \" title=\"Cine B ajudando a complementar o ensino ministrado pelo MOVA de S\u00e3o Miguel - Itaim Paulista\" src=\"http:\/\/projetocineb.com.br\/wp-content\/uploads\/2010\/08\/0ab131.jpg\" alt=\"Cine B ajudando a complementar o ensino ministrado pelo MOVA de S\u00e3o Miguel - Itaim Paulista\" width=\"384\" height=\"255\" \/><\/a><figcaption id=\"caption-attachment-1309\" class=\"wp-caption-text\">Cine B ajudando a complementar o ensino ministrado pelo MOVA de S\u00e3o Miguel - Itaim Paulista<\/figcaption><\/figure>\n<p><span style=\"color: #ff6600;\"><strong>Alunos e educadores, depois comentem aqui como foram as atividades em aula sobre o filme Besouro, de Jo\u00e3o Daniel Tikhomiroff.<\/strong><\/span><\/p>\n<h2><strong><span style=\"color: #008000;\">CLICKS<\/span><\/strong><\/h2>\n<figure id=\"attachment_1308\" aria-describedby=\"caption-attachment-1308\" style=\"width: 384px\" class=\"wp-caption aligncenter\"><a href=\"http:\/\/projetocineb.com.br\/wp-content\/uploads\/2010\/08\/0ab121.jpg\"><img loading=\"lazy\" decoding=\"async\" class=\"size-full wp-image-1308  \" title=\"Na abertura do evento, Cid\u00e1lio Vieira Santos da Brazucah Produ\u00e7\u00f5es e os educadores do MOVA S\u00e3o Miguel - Itaim, Silvia e Vanderlei\" src=\"http:\/\/projetocineb.com.br\/wp-content\/uploads\/2010\/08\/0ab121.jpg\" alt=\"Na abertura do evento, Cid\u00e1lio Vieira Santos da Brazucah Produ\u00e7\u00f5es e os educadores do MOVA S\u00e3o Miguel - Itaim, Silvia e Vanderlei\" width=\"384\" height=\"255\" \/><\/a><figcaption id=\"caption-attachment-1308\" class=\"wp-caption-text\">Na abertura do evento, Cid\u00e1lio Vieira Santos da Brazucah Produ\u00e7\u00f5es e os educadores do MOVA S\u00e3o Miguel - Itaim, Silvia e Vanderlei<\/figcaption><\/figure>\n<p><strong><span style=\"color: #008000;\"><br \/>\n<\/span><\/strong><\/p>\n<figure id=\"attachment_1296\" aria-describedby=\"caption-attachment-1296\" style=\"width: 384px\" class=\"wp-caption aligncenter\"><a href=\"http:\/\/projetocineb.com.br\/wp-content\/uploads\/2010\/08\/0ab012.jpg\"><img loading=\"lazy\" decoding=\"async\" class=\"size-full wp-image-1296  \" title=\"Ana Maria Dami\u00e3o da Silva, Edsandra Gomes de Oliveira, Elaine Cristina Silva Costa, Lucineide Gomes de Santana, Maria Silvana de Melo Lins e Silva, Grace Ellen Silva Rocha de Mello, Natanael Dami\u00e3o Silva e Adna Kelly Dami\u00e3o da Silva\" src=\"http:\/\/projetocineb.com.br\/wp-content\/uploads\/2010\/08\/0ab012.jpg\" alt=\"Ana Maria Dami\u00e3o da Silva, Edsandra Gomes de Oliveira, Elaine Cristina Silva Costa, Lucineide Gomes de Santana, Maria Silvana de Melo Lins e Silva, Grace Ellen Silva Rocha de Mello, Natanael Dami\u00e3o Silva e Adna Kelly Dami\u00e3o da Silva\" width=\"384\" height=\"255\" \/><\/a><figcaption id=\"caption-attachment-1296\" class=\"wp-caption-text\">Ana Maria Dami\u00e3o da Silva, Edsandra Gomes de Oliveira, Elaine Cristina Silva Costa, Lucineide Gomes de Santana, Maria Silvana de Melo Lins e Silva, Grace Ellen Silva Rocha de Mello, Natanael Dami\u00e3o Silva e Adna Kelly Dami\u00e3o da Silva<\/figcaption><\/figure>\n<figure id=\"attachment_1299\" aria-describedby=\"caption-attachment-1299\" style=\"width: 384px\" class=\"wp-caption aligncenter\"><a href=\"http:\/\/projetocineb.com.br\/wp-content\/uploads\/2010\/08\/0ab032.jpg\"><img loading=\"lazy\" decoding=\"async\" class=\"size-full wp-image-1299  \" title=\"\u201c\u00c9 minha primeira vez ao cinema, gostei do filme, muito bom!\u201d, disse Edvaldo Aparecido de Souza, com seu colega de MOVA, Andrelino da Silva Castilho\" src=\"http:\/\/projetocineb.com.br\/wp-content\/uploads\/2010\/08\/0ab032.jpg\" alt=\"\u201c\u00c9 minha primeira vez ao cinema, gostei do filme, muito bom!\u201d, disse Edvaldo Aparecido de Souza, com seu colega de MOVA, Andrelino da Silva Castilho\" width=\"384\" height=\"255\" \/><\/a><figcaption id=\"caption-attachment-1299\" class=\"wp-caption-text\">\u201c\u00c9 minha primeira vez ao cinema, gostei do filme, muito bom!\u201d, disse Edvaldo Aparecido de Souza, com seu colega de MOVA, Andrelino da Silva Castilho<\/figcaption><\/figure>\n<figure id=\"attachment_1307\" aria-describedby=\"caption-attachment-1307\" style=\"width: 384px\" class=\"wp-caption aligncenter\"><a href=\"http:\/\/projetocineb.com.br\/wp-content\/uploads\/2010\/08\/0ab111.jpg\"><img loading=\"lazy\" decoding=\"async\" class=\"size-full wp-image-1307  \" title=\"Exibi\u00e7\u00e3o cheia e a maioria deu boas notas para o filme do m\u00eas, Besouro\" src=\"http:\/\/projetocineb.com.br\/wp-content\/uploads\/2010\/08\/0ab111.jpg\" alt=\"Exibi\u00e7\u00e3o cheia e a maioria deu boas notas para o filme do m\u00eas, Besouro\" width=\"384\" height=\"255\" \/><\/a><figcaption id=\"caption-attachment-1307\" class=\"wp-caption-text\">Exibi\u00e7\u00e3o cheia e a maioria deu boas notas para o filme do m\u00eas, Besouro<\/figcaption><\/figure>\n<figure id=\"attachment_1298\" aria-describedby=\"caption-attachment-1298\" style=\"width: 384px\" class=\"wp-caption aligncenter\"><a href=\"http:\/\/projetocineb.com.br\/wp-content\/uploads\/2010\/08\/0ab022.jpg\"><img loading=\"lazy\" decoding=\"async\" class=\"size-full wp-image-1298  \" title=\"Joselias Jos\u00e9 da Silva, Zilda dos Santos Silva, Alice dos Santos Davan\u00e7o, Silvia de Souza Pereira da Silva\" src=\"http:\/\/projetocineb.com.br\/wp-content\/uploads\/2010\/08\/0ab022.jpg\" alt=\"Joselias Jos\u00e9 da Silva, Zilda dos Santos Silva, Alice dos Santos Davan\u00e7o, Silvia de Souza Pereira da Silva\" width=\"384\" height=\"255\" \/><\/a><figcaption id=\"caption-attachment-1298\" class=\"wp-caption-text\">Joselias Jos\u00e9 da Silva, Zilda dos Santos Silva, Alice dos Santos Davan\u00e7o, Silvia de Souza Pereira da Silva<\/figcaption><\/figure>\n<figure id=\"attachment_1300\" aria-describedby=\"caption-attachment-1300\" style=\"width: 384px\" class=\"wp-caption aligncenter\"><a href=\"http:\/\/projetocineb.com.br\/wp-content\/uploads\/2010\/08\/0ab041.jpg\"><img loading=\"lazy\" decoding=\"async\" class=\"size-full wp-image-1300  \" title=\"Imaculada Braulino e Antonio Alves da Silva\" src=\"http:\/\/projetocineb.com.br\/wp-content\/uploads\/2010\/08\/0ab041.jpg\" alt=\"Imaculada Braulino e Antonio Alves da Silva\" width=\"384\" height=\"255\" \/><\/a><figcaption id=\"caption-attachment-1300\" class=\"wp-caption-text\">Imaculada Braulino e Antonio Alves da Silva<\/figcaption><\/figure>\n<figure id=\"attachment_1301\" aria-describedby=\"caption-attachment-1301\" style=\"width: 384px\" class=\"wp-caption aligncenter\"><a href=\"http:\/\/projetocineb.com.br\/wp-content\/uploads\/2010\/08\/0ab051.jpg\"><img loading=\"lazy\" decoding=\"async\" class=\"size-full wp-image-1301  \" title=\"Amerina da Silva, Osvaldo Kirin da Silva Neto, Janaina Brito Kirino, Eul\u00e1lia da Silva Pereira, Celene Aparecida dos Santos, Jo\u00e3o Onorato da Silva, Maria Helena da Concei\u00e7\u00e3o, Joanina Maria Nascimento e Eduardo Nascimento Junior\" src=\"http:\/\/projetocineb.com.br\/wp-content\/uploads\/2010\/08\/0ab051.jpg\" alt=\"Amerina da Silva, Osvaldo Kirin da Silva Neto, Janaina Brito Kirino, Eul\u00e1lia da Silva Pereira, Celene Aparecida dos Santos, Jo\u00e3o Onorato da Silva, Maria Helena da Concei\u00e7\u00e3o, Joanina Maria Nascimento e Eduardo Nascimento Junior\" width=\"384\" height=\"255\" \/><\/a><figcaption id=\"caption-attachment-1301\" class=\"wp-caption-text\">Amerina da Silva, Osvaldo Kirin da Silva Neto, Janaina Brito Kirino, Eul\u00e1lia da Silva Pereira, Celene Aparecida dos Santos, Jo\u00e3o Onorato da Silva, Maria Helena da Concei\u00e7\u00e3o, Joanina Maria Nascimento e Eduardo Nascimento Junior<\/figcaption><\/figure>\n<figure id=\"attachment_1305\" aria-describedby=\"caption-attachment-1305\" style=\"width: 384px\" class=\"wp-caption aligncenter\"><a href=\"http:\/\/projetocineb.com.br\/wp-content\/uploads\/2010\/08\/0ab091.jpg\"><img loading=\"lazy\" decoding=\"async\" class=\"size-full wp-image-1305 \" title=\"Andr\u00e9ia Santos Silva, Pedro Jos\u00e9 dos Santos, Luciene da Cruz, Adailson Almeida Costa, Adriana Santos Silva, Maria de Fatima Santos, Eul\u00e1lia On\u00f3rio de Ara\u00fajo, Paulo Pereira e as crian\u00e7as Larissa Matias Lima de 9 anos, Kelly Joice da Silva e Gabriel Rocha Soares, ambos 10 anos\" src=\"http:\/\/projetocineb.com.br\/wp-content\/uploads\/2010\/08\/0ab091.jpg\" alt=\"\" width=\"384\" height=\"255\" \/><\/a><figcaption id=\"caption-attachment-1305\" class=\"wp-caption-text\">Andr\u00e9ia Santos Silva, Pedro Jos\u00e9 dos Santos, Luciene da Cruz, Adailson Almeida Costa, Adriana Santos Silva, Maria de Fatima Santos, Eul\u00e1lia On\u00f3rio de Ara\u00fajo, Paulo Pereira e as crian\u00e7as Larissa Matias Lima de 9 anos, Kelly Joice da Silva e Gabriel Rocha Soares, ambos 10 anos<\/figcaption><\/figure>\n<p style=\"text-align: center;\">\n<figure id=\"attachment_1310\" aria-describedby=\"caption-attachment-1310\" style=\"width: 384px\" class=\"wp-caption aligncenter\"><a href=\"http:\/\/projetocineb.com.br\/wp-content\/uploads\/2010\/08\/0ab141.jpg\"><img loading=\"lazy\" decoding=\"async\" class=\"size-full wp-image-1310  \" title=\"Denis Robson e Vin\u00edcius Batista Figueiredo que estavam neste Cine B operando os equipamentos de \u00e1udio e v\u00eddeo, pela  empresa Projesom\" src=\"http:\/\/projetocineb.com.br\/wp-content\/uploads\/2010\/08\/0ab141.jpg\" alt=\"Denis Robson e Vin\u00edcius Batista Figueiredo que estavam neste Cine B operando os equipamentos de \u00e1udio e v\u00eddeo, pela  empresa Projesom\" width=\"384\" height=\"255\" \/><\/a><figcaption id=\"caption-attachment-1310\" class=\"wp-caption-text\">Denis Robson e Vin\u00edcius Batista Figueiredo que estavam neste Cine B operando os equipamentos de \u00e1udio e v\u00eddeo, pela  empresa Projesom<\/figcaption><\/figure>\n<figure id=\"attachment_1302\" aria-describedby=\"caption-attachment-1302\" style=\"width: 384px\" class=\"wp-caption aligncenter\"><a href=\"http:\/\/projetocineb.com.br\/wp-content\/uploads\/2010\/08\/0ab061.jpg\"><img loading=\"lazy\" decoding=\"async\" class=\"size-full wp-image-1302  \" title=\"\u00c9 o Cine B na Associa\u00e7\u00e3o dos Amigos do Jardim Noemia, zona leste de S\u00e3o Paulo\" src=\"http:\/\/projetocineb.com.br\/wp-content\/uploads\/2010\/08\/0ab061.jpg\" alt=\"\u00c9 o Cine B na Associa\u00e7\u00e3o dos Amigos do Jardim Noemia, zona leste de S\u00e3o Paulo\" width=\"384\" height=\"255\" \/><\/a><figcaption id=\"caption-attachment-1302\" class=\"wp-caption-text\">\u00c9 o Cine B na Associa\u00e7\u00e3o dos Amigos do Jardim Noemia, zona leste de S\u00e3o Paulo<\/figcaption><\/figure>\n<figure id=\"attachment_1297\" aria-describedby=\"caption-attachment-1297\" style=\"width: 384px\" class=\"wp-caption aligncenter\"><a href=\"http:\/\/projetocineb.com.br\/wp-content\/uploads\/2010\/08\/0ab172.jpg\"><img loading=\"lazy\" decoding=\"async\" class=\"size-full wp-image-1297  \" title=\"Os sortudos da noite, que levaram para casa livros do Corpo Humano e camisetas do Cine B\" src=\"http:\/\/projetocineb.com.br\/wp-content\/uploads\/2010\/08\/0ab172.jpg\" alt=\"Os sortudos da noite, que levaram para casa livros do Corpo Humano e camisetas do Cine B\" width=\"384\" height=\"255\" \/><\/a><figcaption id=\"caption-attachment-1297\" class=\"wp-caption-text\">Os sortudos da noite, que levaram para casa livros do Corpo Humano e camisetas do Cine B<\/figcaption><\/figure>\n","protected":false},"excerpt":{"rendered":"<p>Fotos de Vivian Szelpal Voc\u00ea ia gostar de chegar na escola que estuda e os professores avisarem que hoje a[&#8230;]<\/p>\n","protected":false},"author":2,"featured_media":0,"comment_status":"open","ping_status":"open","sticky":false,"template":"","format":"standard","meta":[],"categories":[2],"tags":[134,154,242,266,699,1132,1247],"_links":{"self":[{"href":"https:\/\/projetocineb.com.br\/index.php?rest_route=\/wp\/v2\/posts\/1295"}],"collection":[{"href":"https:\/\/projetocineb.com.br\/index.php?rest_route=\/wp\/v2\/posts"}],"about":[{"href":"https:\/\/projetocineb.com.br\/index.php?rest_route=\/wp\/v2\/types\/post"}],"author":[{"embeddable":true,"href":"https:\/\/projetocineb.com.br\/index.php?rest_route=\/wp\/v2\/users\/2"}],"replies":[{"embeddable":true,"href":"https:\/\/projetocineb.com.br\/index.php?rest_route=%2Fwp%2Fv2%2Fcomments&post=1295"}],"version-history":[{"count":0,"href":"https:\/\/projetocineb.com.br\/index.php?rest_route=\/wp\/v2\/posts\/1295\/revisions"}],"wp:attachment":[{"href":"https:\/\/projetocineb.com.br\/index.php?rest_route=%2Fwp%2Fv2%2Fmedia&parent=1295"}],"wp:term":[{"taxonomy":"category","embeddable":true,"href":"https:\/\/projetocineb.com.br\/index.php?rest_route=%2Fwp%2Fv2%2Fcategories&post=1295"},{"taxonomy":"post_tag","embeddable":true,"href":"https:\/\/projetocineb.com.br\/index.php?rest_route=%2Fwp%2Fv2%2Ftags&post=1295"}],"curies":[{"name":"wp","href":"https:\/\/api.w.org\/{rel}","templated":true}]}}