{"id":13176,"date":"2021-09-28T15:40:57","date_gmt":"2021-09-28T18:40:57","guid":{"rendered":"http:\/\/projetocineb.com.br\/?p=13176"},"modified":"2021-11-29T22:31:31","modified_gmt":"2021-11-30T01:31:31","slug":"cineb-solar-retorna-com-formato-para-as-janelas-e-sessoes-presenciais","status":"publish","type":"post","link":"https:\/\/projetocineb.com.br\/?p=13176","title":{"rendered":"CineB Solar retorna com formato para as janelas e sess\u00f5es presenciais"},"content":{"rendered":"<blockquote><p>As exibi\u00e7\u00f5es presenciais retornam depois de pausa de 18 meses, seguindo r\u00edgidos protocolos sanit\u00e1rios e com n\u00famero reduzido de espectadores. Tr\u00eas ver\u00f5es, filme da cineasta Sandra Kogut, ser\u00e1 a atra\u00e7\u00e3o das sess\u00f5es<\/p><\/blockquote>\n<p>&nbsp;<\/p>\n<p>&nbsp;<\/p>\n<p>texto: Eduardo Vin\u00e9 Boldt<\/p>\n<p>A pandemia do novo coronav\u00edrus obrigou o projeto CineB Solar a se adaptar. Por causa da necessidade do distanciamento social, as exibi\u00e7\u00f5es passaram a ser realizadas nos formatos online, na janela e autorama, buscando preservar a sa\u00fade e cumprir os protocolos sanit\u00e1rios necess\u00e1rios \u00e0 preserva\u00e7\u00e3o a sa\u00fade da popula\u00e7\u00e3o.<\/p>\n<p>Com o avan\u00e7o da vacina\u00e7\u00e3o, o projeto aos poucos retorna com a presen\u00e7a dos moradores dos bairros atendidos, em exibi\u00e7\u00f5es coletivas. Mas n\u00e3o sem, mais uma vez, cuidar da sa\u00fade e o bem-estar dos espectadores. O CineB Solar segue rigorosos protocolos sanit\u00e1rios de distanciamento, al\u00e9m de restringir o n\u00famero m\u00e1ximo de participantes.<\/p>\n<p>As apresenta\u00e7\u00f5es ocorreram em locais abertos, com a permiss\u00e3o de apenas 80 pessoas. Os cuidados come\u00e7am pela pr\u00f3pria equipe de produ\u00e7\u00e3o, onde todos j\u00e1 foram vacinados. Ainda assim o projeto seguir\u00e1 estrito procedimento sanit\u00e1rio, com testagem, aferi\u00e7\u00e3o da temperatura e utiliza\u00e7\u00e3o de m\u00e1scara durante toda a sess\u00e3o.<\/p>\n<p>O p\u00fablico tamb\u00e9m dever\u00e1 seguir os protocolos, evitando aglomera\u00e7\u00f5es. A utiliza\u00e7\u00e3o de m\u00e1scara \u00e9 obrigat\u00f3ria durante toda a exibi\u00e7\u00e3o, com dist\u00e2ncia de 1,5m entre os assentos. O projeto disponibilizar\u00e1 dispersores com \u00e1lcool 70%, para a higieniza\u00e7\u00e3o das m\u00e3os dos presentes. As entidades participantes ficar\u00e3o respons\u00e1veis pelo controle do acesso as sess\u00f5es.<\/p>\n<p>O CineB Solar ainda n\u00e3o v\u00e3o contar com a famosa pipoca do Sr. Ant\u00f4nio, para evitar o consumo de alimentos durante a exibi\u00e7\u00e3o. Com todos esses protocolos, o CineB Solar busca, aos poucos e com seguran\u00e7a, retornar \u00e0s atividades paradas a mais de 18 meses.<\/p>\n<figure id=\"attachment_13180\" aria-describedby=\"caption-attachment-13180\" style=\"width: 395px\" class=\"wp-caption aligncenter\"><a href=\"http:\/\/projetocineb.com.br\/?attachment_id=13180\" rel=\"attachment wp-att-13180\"><img fetchpriority=\"high\" decoding=\"async\" class=\"wp-image-13180\" src=\"http:\/\/projetocineb.com.br\/wp-content\/uploads\/2021\/09\/tres-veroes-Sandra-Kogut-regina-case.jpeg\" alt=\"\" width=\"395\" height=\"238\" \/><\/a><figcaption id=\"caption-attachment-13180\" class=\"wp-caption-text\">foto: reprodu\u00e7\u00e3o<\/figcaption><\/figure>\n<p><strong>Tr\u00eas Ver\u00f5es<\/strong><\/p>\n<p>O filme Tr\u00eas Ver\u00f5es ser\u00e1 a atra\u00e7\u00e3o de Outubro no CineB Solar. O longa \u00e9 dirigido por Sandra Kogut, premiada cineasta e roteirista brasileira e hoje comentarista da GloboNews. A hist\u00f3ria conta com a participa\u00e7\u00e3o de Ott\u00e1vio Muller, Gisele Fr\u00f3es e Regina Cas\u00e9. No enredo, Madalena (Regina Cas\u00e9) gerencia os empregados dom\u00e9sticos de uma mans\u00e3o a beira-mar. Sonhando em comprar um terreno para montar seu pr\u00f3prio neg\u00f3cio, Madalena pede aos seus patr\u00f5es um empr\u00e9stimo a ser pago a longo prazo. Com isso, a protagonista acaba se envolvendo diretamente nos neg\u00f3cios da fam\u00edlia. &#8220;Tr\u00eas Ver\u00f5es \u00e9 um filme que faz uma reflex\u00e3o muito atual, com um olhar especial para as diferen\u00e7as das classes sociais no Brasil\u201d, destaca Cid\u00e1lio Vieira, coordenador do CineB Solar.<\/p>\n<figure id=\"attachment_13178\" aria-describedby=\"caption-attachment-13178\" style=\"width: 483px\" class=\"wp-caption aligncenter\"><a href=\"http:\/\/projetocineb.com.br\/?attachment_id=13178\" rel=\"attachment wp-att-13178\"><img decoding=\"async\" class=\"wp-image-13178\" src=\"http:\/\/projetocineb.com.br\/wp-content\/uploads\/2021\/09\/20200309_200614.jpg\" alt=\"\" width=\"483\" height=\"362\" \/><\/a><figcaption id=\"caption-attachment-13178\" class=\"wp-caption-text\">Cid\u00e1lio Vieira, coordenador do CineB solar foto: arquivo CineB Solar<\/figcaption><\/figure>\n<p>&nbsp;<\/p>\n<p>A diretora celebrou em suas redes sociais a indica\u00e7\u00e3o do seu longa com finalista em sete categorias no 20\u00ba Grande Pr\u00eamio\u00a0do\u00a0Cinema\u00a0Brasileiro. A cerim\u00f4nia de premia\u00e7\u00e3o ser\u00e1 realizada no dia 28 de novembro de 2021, com transmiss\u00e3o da Tv Cultura. O pr\u00eamio \u00e9 promovido pela Academia Brasileira de\u00a0Cinema\u00a0e Artes Audiovisuais.<\/p>\n<figure id=\"attachment_13185\" aria-describedby=\"caption-attachment-13185\" style=\"width: 1192px\" class=\"wp-caption aligncenter\"><a href=\"http:\/\/projetocineb.com.br\/?attachment_id=13185\" rel=\"attachment wp-att-13185\"><img decoding=\"async\" class=\"wp-image-13185 size-full\" src=\"http:\/\/projetocineb.com.br\/wp-content\/uploads\/2021\/09\/intagram-sandrak.jpg\" alt=\"\" width=\"1192\" height=\"581\" \/><\/a><figcaption id=\"caption-attachment-13185\" class=\"wp-caption-text\">foto: reprodu\u00e7\u00e3o<\/figcaption><\/figure>\n<p>&nbsp;<\/p>\n<p><strong>Agenda<\/strong><\/p>\n<p>&nbsp;<\/p>\n<p>CINEMA BRASILEIRO NO E.E.PROFESSOR LEOPOLDO SANTANA<\/p>\n<p>Dias 13, 14 de outubro, \u00e0s 19 horas, na quadra da escola.<\/p>\n<p>&nbsp;<\/p>\n<p>CINEMA BRASILEIRO NO SANTU\u00c1RIO NOSSA SENHORA DA PAZ<\/p>\n<p>Dia 26 de outubro, \u00e0s 20 horas, no sal\u00e3o Paroquial Santu\u00e1rio Nossa Senhora da Paz.<\/p>\n<p>&nbsp;<\/p>\n<p>CINEMA BRASILEIRO EMEF Leonel Franca Padre<\/p>\n<p>DIA \u00a027 de outubro, \u00e0s 19 horas, no p\u00e1tio da escola<\/p>\n<p>&nbsp;<\/p>\n<p><strong>Sobre o CineB Solar<\/strong><br \/>\nCriado em 2007 pelo Sindicato dos Banc\u00e1rios de S\u00e3o Paulo, Osasco e regi\u00e3o, o CineB passou a se chamar CineB Solar em 2018, quando passou a circular com uma van que gera, atrav\u00e9s de placas solares, a pr\u00f3pria energia consumida no evento. J\u00e1 atingiu um p\u00fablico superior a\u00a075 mil espectadores,\u00a0160 bairros percorridos, em mais\u00a0de 580 sess\u00f5es\u00a0gratuitas realizadas em comunidades e universidades de S\u00e3o Paulo. Nesse momento de isolamento, para evitar aglomera\u00e7\u00f5es, se reinventaram e prepararam novos projetos: CineB on-line, CineB Solar na Janela e CineB Autorama, a\u00e7\u00f5es para que todos possam ficar em casa e se divertir com uma sess\u00e3o de cinema.<\/p>\n<p>&nbsp;<\/p>\n<p>&nbsp;<\/p>\n<p><em>publicado em 28 de setembro de 2021 \u00e0s 15h40<\/em><\/p>\n<p><em>atualizado em 29 de setembro de 2021 \u00e0s 4h05<\/em><\/p>\n<p>&nbsp;<\/p>\n<p>&nbsp;<\/p>\n","protected":false},"excerpt":{"rendered":"<p>As exibi\u00e7\u00f5es presenciais retornam depois de pausa de 18 meses, seguindo r\u00edgidos protocolos sanit\u00e1rios e com n\u00famero reduzido de espectadores.[&#8230;]<\/p>\n","protected":false},"author":4,"featured_media":13179,"comment_status":"open","ping_status":"open","sticky":false,"template":"","format":"standard","meta":[],"categories":[10],"tags":[],"_links":{"self":[{"href":"https:\/\/projetocineb.com.br\/index.php?rest_route=\/wp\/v2\/posts\/13176"}],"collection":[{"href":"https:\/\/projetocineb.com.br\/index.php?rest_route=\/wp\/v2\/posts"}],"about":[{"href":"https:\/\/projetocineb.com.br\/index.php?rest_route=\/wp\/v2\/types\/post"}],"author":[{"embeddable":true,"href":"https:\/\/projetocineb.com.br\/index.php?rest_route=\/wp\/v2\/users\/4"}],"replies":[{"embeddable":true,"href":"https:\/\/projetocineb.com.br\/index.php?rest_route=%2Fwp%2Fv2%2Fcomments&post=13176"}],"version-history":[{"count":1,"href":"https:\/\/projetocineb.com.br\/index.php?rest_route=\/wp\/v2\/posts\/13176\/revisions"}],"predecessor-version":[{"id":13384,"href":"https:\/\/projetocineb.com.br\/index.php?rest_route=\/wp\/v2\/posts\/13176\/revisions\/13384"}],"wp:featuredmedia":[{"embeddable":true,"href":"https:\/\/projetocineb.com.br\/index.php?rest_route=\/wp\/v2\/media\/13179"}],"wp:attachment":[{"href":"https:\/\/projetocineb.com.br\/index.php?rest_route=%2Fwp%2Fv2%2Fmedia&parent=13176"}],"wp:term":[{"taxonomy":"category","embeddable":true,"href":"https:\/\/projetocineb.com.br\/index.php?rest_route=%2Fwp%2Fv2%2Fcategories&post=13176"},{"taxonomy":"post_tag","embeddable":true,"href":"https:\/\/projetocineb.com.br\/index.php?rest_route=%2Fwp%2Fv2%2Ftags&post=13176"}],"curies":[{"name":"wp","href":"https:\/\/api.w.org\/{rel}","templated":true}]}}