{"id":13187,"date":"2021-05-27T14:30:01","date_gmt":"2021-05-27T17:30:01","guid":{"rendered":"http:\/\/projetocineb.com.br\/?p=12861"},"modified":"2021-12-18T12:04:03","modified_gmt":"2021-12-18T15:04:03","slug":"ibere-carvalho-e-valter-rege-debatem-seus-filmes-e-trajetorias-em-encontros-com-educadores","status":"publish","type":"post","link":"https:\/\/projetocineb.com.br\/?p=13187","title":{"rendered":"Iber\u00ea Carvalho e Valter Rege debatem seus filmes e trajet\u00f3rias em encontros com educadores"},"content":{"rendered":"\n<p>Os cineastas participaram de exibi\u00e7\u00f5es promovidas pelo projeto CineB on-line e puderam conversar com os participantes sobre os filmes apresentados<\/p>\n\n\n\n<p>Texto: Eduardo Vin\u00e9 Boldt<\/p>\n\n\n<div class=\"wp-block-post-date\"><time datetime=\"2021-05-27T14:30:01-03:00\">27\/05\/2021<\/time><\/div>\n\n\n<p>O CineB on-line exibiu dois curtas na \u00faltima semana com a participa\u00e7\u00e3o de seus realizadores. Na quinta (20) foi exibido o filme \u201cProcura-se\u201d, com a presen\u00e7a do diretor Iber\u00ea Carvalho. A gerente da Sociedade Santos M\u00e1rtires, Cleide de Oliveira Gon\u00e7alves Ferreira, participou da exibi\u00e7\u00e3o junto com os alunos atendidos pelo centro para crian\u00e7as e adolescentes (CCA) Nossa Senhora de F\u00e1tima, atividade desenvolvida pela entidade. O encontro pode ser visto por <a href=\"https:\/\/www.youtube.com\/watch?v=GmGvHmgz5W4&amp;t=2860s\">aqui<\/a>.<\/p>\n\n\n\n<p>Na sexta (21) foi exibido \u201cPreto no Branco\u201d, de Valter Rege, com a presen\u00e7a das t\u00e9cnicas do servi\u00e7o de medida socioeducativa em meio aberto e de Elizabete&nbsp;Schulz, gestora do servi\u00e7o de medidas socioeducativas do Centro Social Santo Dias. Essa apresenta\u00e7\u00e3o tamb\u00e9m pode ser acompanhada por <a href=\"https:\/\/www.youtube.com\/watch?v=7XX4iTAkA2s&amp;t=2740s\">aqui<\/a>.<\/p>\n\n\n\n<p><strong>Procura-se<\/strong><\/p>\n\n\n\n<p>\u201cProcura-se\u201d \u00e9 o quinto trabalho do diretor brasiliense. O filme tem uma trajet\u00f3ria de sucesso em exibi\u00e7\u00f5es no Cinesolar e do CineB Solar. Lan\u00e7ado em 2010, o curta acompanha a busca de Camile (Bianca Terraza) para encontrar o seu cachorrinho perdido. Uma procura com doses de suspense e aventura infanto-juvenil.<\/p>\n\n\n\n<figure class=\"wp-block-image size-large is-style-default\"><img fetchpriority=\"high\" decoding=\"async\" width=\"1024\" height=\"502\" src=\"https:\/\/projetocineb.com.br\/wp-content\/uploads\/2021\/05\/WhatsApp-Image-2021-05-20-at-15.32.49-2-1-1024x502.jpeg\" alt=\"\" class=\"wp-image-12956\" srcset=\"https:\/\/projetocineb.com.br\/wp-content\/uploads\/2021\/05\/WhatsApp-Image-2021-05-20-at-15.32.49-2-1-1024x502.jpeg 1024w, https:\/\/projetocineb.com.br\/wp-content\/uploads\/2021\/05\/WhatsApp-Image-2021-05-20-at-15.32.49-2-1-300x147.jpeg 300w, https:\/\/projetocineb.com.br\/wp-content\/uploads\/2021\/05\/WhatsApp-Image-2021-05-20-at-15.32.49-2-1-768x377.jpeg 768w, https:\/\/projetocineb.com.br\/wp-content\/uploads\/2021\/05\/WhatsApp-Image-2021-05-20-at-15.32.49-2-1.jpeg 1280w\" sizes=\"(max-width: 1024px) 100vw, 1024px\" \/><figcaption>foto: reprodu\u00e7\u00e3o<\/figcaption><\/figure>\n\n\n\n<p>Em conversa com os participantes, o diretor contou um pouco do desafio de produzir uma obra com a presen\u00e7a de crian\u00e7as e animais no set: \u201cFoi um dos filmes mais dif\u00edceis que eu fiz na vida. Eu j\u00e1 tinha feito algumas publicidades com crian\u00e7as, mas esse filme foi um outro processo\u201d conta.<\/p>\n\n\n\n<p>A sele\u00e7\u00e3o do elenco mirim foi feita atrav\u00e9s de uma oficina realizada em escolas p\u00fablicas e durou cerca de 40 dias para a escolha do elenco infantil. A dire\u00e7\u00e3o dos atores tamb\u00e9m teve que ser adaptada. \u201cDurante esse processo o meu principal desafio foi estabelecer uma rela\u00e7\u00e3o de autoridade e afeto. Eu tinha que chegar em um n\u00edvel quase familiar, quase que um \u2018tio\u2019. Eu tinha que chegar em um n\u00edvel que, se eu tivesse que dizer que n\u00e3o estava bom, elas entendessem que eu n\u00e3o estava recriminando-as. A gente estava fazendo um trabalho, estava falando daquele momento ali\u201d conclui.<\/p>\n\n\n\n<p>O curta est\u00e1 dispon\u00edvel no Youtube e pode ser acessado <a href=\"https:\/\/www.youtube.com\/watch?v=ATc1YKssPZc\">aqui<\/a>.<\/p>\n\n\n\n<p><strong>Preto no Branco<\/strong><\/p>\n\n\n\n<p>\u201cPreto no Branco\u201d \u00e9 o filme de estreia do diretor Valter Rege. Lan\u00e7ado em 2016. A trama discute o racismo presente na sociedade brasileira atrav\u00e9s de uma abordagem policial. O jovem Roberto Carlos (Marcos Oliveira) \u00e9 acusado de ter roubado a bolsa Isabella (Maria Bopp) na frente de um shopping. O rapaz ent\u00e3o \u00e9 levado \u00e0 delegacia por policiais que logo o acusa de ser culpado pelo crime, pr\u00e9-julgando o rapaz apenas por suas roupas e sua cor.<\/p>\n\n\n\n<figure class=\"wp-block-image size-large is-style-default\"><img decoding=\"async\" width=\"1024\" height=\"507\" src=\"https:\/\/projetocineb.com.br\/wp-content\/uploads\/2021\/05\/WhatsApp-Image-2021-05-21-at-19.32.38-2-1-1024x507.jpeg\" alt=\"\" class=\"wp-image-12957\" srcset=\"https:\/\/projetocineb.com.br\/wp-content\/uploads\/2021\/05\/WhatsApp-Image-2021-05-21-at-19.32.38-2-1-1024x507.jpeg 1024w, https:\/\/projetocineb.com.br\/wp-content\/uploads\/2021\/05\/WhatsApp-Image-2021-05-21-at-19.32.38-2-1-300x149.jpeg 300w, https:\/\/projetocineb.com.br\/wp-content\/uploads\/2021\/05\/WhatsApp-Image-2021-05-21-at-19.32.38-2-1-768x380.jpeg 768w, https:\/\/projetocineb.com.br\/wp-content\/uploads\/2021\/05\/WhatsApp-Image-2021-05-21-at-19.32.38-2-1.jpeg 1280w\" sizes=\"(max-width: 1024px) 100vw, 1024px\" \/><figcaption>foto: reprodu\u00e7\u00e3o<\/figcaption><\/figure>\n\n\n\n<p>O diretor buscou discutir em seu filme diversos aspectos do racismo encontrados no dia a dia da popula\u00e7\u00e3o pobre e preta do Brasil. \u201cNa hora que eu estava escrevendo eu queria fazer essas provoca\u00e7\u00f5es, sabe? Do preto que n\u00e3o tem no\u00e7\u00e3o de negritude&#8230; que assume um lugar e a\u00ed depois \u2018dane-se\u2019 o outro&#8230; O fato de Isabela n\u00e3o ligar para aquele corpo que est\u00e1 ali&#8230; Na verdade n\u00f3s vivemos em um pa\u00eds da falsa democracia racial. As pessoas dizem que n\u00e3o s\u00e3o racistas, mas no \u00e1pice, elas v\u00e3o l\u00e1 e solta&#8230;\u201d aponta o diretor.<\/p>\n\n\n\n<p>O filme foi produzido gra\u00e7as ao edital \u201cCurta afirmativo 2014: protagonismo de cineastas afro-brasileiros na produ\u00e7\u00e3o audiovisual\u201d. O curta-metragem foi selecionado a diversos festivais, entre eles o Toronto Black Film Festival (2018), no Canad\u00e1. Sem apoio financeiro, o cineasta viabilizou sua participa\u00e7\u00e3o no evento atrav\u00e9s de uma vaquinha virtual.<\/p>\n\n\n\n<p>Valter exp\u00f4s as dificuldades que jovens pretos tem para produzirem filmes, mas apontou para a possibilidade de realizar suas obras atrav\u00e9s das redes sociais e os dispositivos m\u00f3veis. \u201cA tecnologia, o wi-fi, o 4g salvou a galera, porque \u00e9 a primeira vez que pessoas pobres, pessoas pretas produzem audiovisual. Nem na \u00e9poca do cinema novo, do cinema da boca do lixo, quando as pessoas falavam que era mais acess\u00edvel, n\u00e3o era a gente que contava as nossas hist\u00f3rias. O cinema sempre foi muito caro. Ent\u00e3o por mais que voc\u00ea produzisse na boca do lixo, voc\u00ea tinha que revelar, era caro, n\u00e3o era acess\u00edvel. Hoje \u00e9 a primeira vez que estamos produzindo audiovisual e a galera tem que abra\u00e7ar a internet\u201d afirma.<\/p>\n\n\n\n<p>O diretor tamb\u00e9m tem uma presen\u00e7a nas redes sociais atrav\u00e9s do seu <a href=\"https:\/\/www.youtube.com\/c\/EnergiaPositiva2015\/featured\">canal do youtube<\/a>. Seu filme est\u00e1 dispon\u00edvel e voc\u00ea pode acompanhar o filme <a href=\"https:\/\/www.youtube.com\/watch?v=eZ2RSwq_Ep0\">aqui<\/a>.<\/p>\n\n\n\n<p><strong>Sobre o CineB Solar<\/strong><br>Criado em 2007 pelo Sindicato dos Banc\u00e1rios de S\u00e3o Paulo, Osasco e regi\u00e3o, o CineB passou a se chamar CineB Solar em 2018, quando passou a circular com uma van que gera, atrav\u00e9s de placas solares, a pr\u00f3pria energia consumida no evento. J\u00e1 atingiu um p\u00fablico superior a&nbsp;75 mil espectadores,&nbsp;160 bairros percorridos, em mais&nbsp;de 580 sess\u00f5es&nbsp;gratuitas realizadas em comunidades e universidades de S\u00e3o Paulo. Nesse momento de isolamento, para evitar aglomera\u00e7\u00f5es, se reinventaram e prepararam novos projetos: CineB on-line, CineB Solar na Janela e CineB Autorama, a\u00e7\u00f5es para que todos possam ficar em casa e se divertir com uma sess\u00e3o de cinema.<\/p>\n","protected":false},"excerpt":{"rendered":"<p>Os cineastas participaram de exibi\u00e7\u00f5es promovidas pelo projeto CineB on-line e puderam conversar com os participantes sobre os filmes apresentados[&#8230;]<\/p>\n","protected":false},"author":4,"featured_media":12847,"comment_status":"open","ping_status":"open","sticky":false,"template":"","format":"standard","meta":[],"categories":[2,6,7],"tags":[154,193,211,234,260,263,426,616,990,998,1130,1143,1205],"_links":{"self":[{"href":"https:\/\/projetocineb.com.br\/index.php?rest_route=\/wp\/v2\/posts\/13187"}],"collection":[{"href":"https:\/\/projetocineb.com.br\/index.php?rest_route=\/wp\/v2\/posts"}],"about":[{"href":"https:\/\/projetocineb.com.br\/index.php?rest_route=\/wp\/v2\/types\/post"}],"author":[{"embeddable":true,"href":"https:\/\/projetocineb.com.br\/index.php?rest_route=\/wp\/v2\/users\/4"}],"replies":[{"embeddable":true,"href":"https:\/\/projetocineb.com.br\/index.php?rest_route=%2Fwp%2Fv2%2Fcomments&post=13187"}],"version-history":[{"count":4,"href":"https:\/\/projetocineb.com.br\/index.php?rest_route=\/wp\/v2\/posts\/13187\/revisions"}],"predecessor-version":[{"id":13958,"href":"https:\/\/projetocineb.com.br\/index.php?rest_route=\/wp\/v2\/posts\/13187\/revisions\/13958"}],"wp:featuredmedia":[{"embeddable":true,"href":"https:\/\/projetocineb.com.br\/index.php?rest_route=\/wp\/v2\/media\/12847"}],"wp:attachment":[{"href":"https:\/\/projetocineb.com.br\/index.php?rest_route=%2Fwp%2Fv2%2Fmedia&parent=13187"}],"wp:term":[{"taxonomy":"category","embeddable":true,"href":"https:\/\/projetocineb.com.br\/index.php?rest_route=%2Fwp%2Fv2%2Fcategories&post=13187"},{"taxonomy":"post_tag","embeddable":true,"href":"https:\/\/projetocineb.com.br\/index.php?rest_route=%2Fwp%2Fv2%2Ftags&post=13187"}],"curies":[{"name":"wp","href":"https:\/\/api.w.org\/{rel}","templated":true}]}}