{"id":13188,"date":"2021-06-04T09:43:52","date_gmt":"2021-06-04T12:43:52","guid":{"rendered":"http:\/\/projetocineb.com.br\/?p=12865"},"modified":"2021-11-29T22:34:36","modified_gmt":"2021-11-30T01:34:36","slug":"em-homenagem-a-paulo-gustavo-cineb-solar-na-janela-exibe-minha-mae-e-uma-peca","status":"publish","type":"post","link":"https:\/\/projetocineb.com.br\/?p=13188","title":{"rendered":"Em homenagem a Paulo Gustavo, CineB Solar na janela exibe \u201cMinha m\u00e3e \u00e9 uma pe\u00e7a\u201d"},"content":{"rendered":"<p>Um dos maiores talentos de sua gera\u00e7\u00e3o, ator faleceu a dois meses v\u00edtima da COVID-19<\/p>\n<p>&nbsp;<\/p>\n<p>Texto: Eduardo Vin\u00e9 Boldt<\/p>\n<p><a href=\"http:\/\/projetocineb.com.br\/?attachment_id=12866\" rel=\"attachment wp-att-12866\"><img fetchpriority=\"high\" decoding=\"async\" class=\"aligncenter wp-image-12866\" src=\"http:\/\/projetocineb.com.br\/wp-content\/uploads\/2021\/06\/cartaz.jpg\" alt=\"\" width=\"519\" height=\"772\"><\/a><\/p>\n<p>Sucesso de p\u00fablico e cr\u00edtica, o filme \u201cMinha m\u00e3e \u00e9 uma pe\u00e7a\u201d ser\u00e1 exibido pelo projeto CineB Solar na Janela. A apresenta\u00e7\u00e3o acontece no s\u00e1bado, dia 12 de junho, para os moradores do condom\u00ednio residencial Franca, localizado na zona oeste da capital paulista.<\/p>\n<figure id=\"attachment_12867\" aria-describedby=\"caption-attachment-12867\" style=\"width: 165px\" class=\"wp-caption alignright\"><a href=\"http:\/\/projetocineb.com.br\/?attachment_id=12867\" rel=\"attachment wp-att-12867\"><img decoding=\"async\" class=\" wp-image-12867\" src=\"http:\/\/projetocineb.com.br\/wp-content\/uploads\/2021\/06\/IMG-20210531-WA0025.jpg\" alt=\"\" width=\"165\" height=\"254\"><\/a><figcaption id=\"caption-attachment-12867\" class=\"wp-caption-text\">Maxwell Cesar Alves da Costa, cover da Dona Herm\u00ednia<\/figcaption><\/figure>\n<p>O filme foi escrito e protagonizado pelo ator Paulo Gustavo, que falaceu no dia 04 de maio, v\u00edtima da covid-19. &#8220;Faremos uma homenagem ao ator Paulo Gustavo, exibindo o filme. Na abertura da sess\u00e3o&nbsp;ter\u00e1 um depoimento do cover da Dona Herm\u00ednia\u201d diz o coordenador do projeto Cid\u00e1lio Vieira. O ator Maxwell Cesar Alves da Costa, cover da personagem Dona Herm\u00ednia, participar\u00e1 atrav\u00e9s de v\u00eddeo enviado exclusivamente para a apresenta\u00e7\u00e3o.<\/p>\n<p>&nbsp;<\/p>\n<p><strong>Minha m\u00e3e \u00e9 uma pe\u00e7a<\/strong><\/p>\n<p>A com\u00e9dia narra a hist\u00f3ria de divertida rela\u00e7\u00e3o familiar entre uma m\u00e3e de meia idade e seus filhos adolescentes. Herm\u00ednia, personagem inspirado em dona D\u00e9a L\u00facia, m\u00e3e do ator, \u00e9 uma&nbsp;dona de casa divorciada que n\u00e3o larga o p\u00e9 de seus filhos adolescentes. Em um momento de crise, ela sai de casa deixando seus filhos sozinhos, preocupados com o seu paradeiro.<\/p>\n<p>O elenco conta ainda com a presen\u00e7a de Mariana Xavier,&nbsp;Rodrigo Pandolfo,&nbsp;Ingrid Guimar\u00e3es,&nbsp;M\u00f4nica Martelli e Samantha Schm\u00fctz. O filme foi produzido em 2013 e alcan\u00e7ou mais de 4 milh\u00f5es de espectadores nas salas de cinema daquele ano. O roteiro da com\u00e9dia foi baseado em pe\u00e7a de teatro tamb\u00e9m escrita e estrelada pelo ator.<\/p>\n<p>&nbsp;<\/p>\n<p><strong>Homenagem<\/strong><\/p>\n<p>O ator se destacou rapidamente pela irrever\u00eancia e naturalidade com que representava suas personagens, conquistando o p\u00fablico brasileiro. \u201cPaulo Gustavo&nbsp;mudou a hist\u00f3ria do cinema nacional, levando milh\u00f5es de pessoas as salas de exibi\u00e7\u00e3o\u201d, lembra Cid\u00e1lio Vieira. Ator, humorista e escritor, Paulo Gustavo nos deixou no dia 04 de maio ap\u00f3s lutar por quase dois meses contra a COVID-19. Com apenas 42 anos, o niteroiense construiu uma carreira s\u00f3lida atrav\u00e9s de obras importantes na tv, cinema e teatro. Al\u00e9m de \u201cMinha m\u00e3e \u00e9 uma pe\u00e7a\u201d, franquia de maior sucesso de p\u00fablico e bilheteria do cinema brasileiro, o ator estrelou tamb\u00e9m os programas \u201cVai que cola\u201d e \u201c220 volts\u201d. Deixou o marido Thales Bretas e um casal de filhos, Gael e Flora.<\/p>\n<figure id=\"attachment_12868\" aria-describedby=\"caption-attachment-12868\" style=\"width: 1024px\" class=\"wp-caption aligncenter\"><a href=\"http:\/\/projetocineb.com.br\/?attachment_id=12868\" rel=\"attachment wp-att-12868\"><img decoding=\"async\" class=\"size-full wp-image-12868\" src=\"http:\/\/projetocineb.com.br\/wp-content\/uploads\/2021\/06\/IMG-20210219-WA0027.jpg\" alt=\"\" width=\"1024\" height=\"768\"><\/a><figcaption id=\"caption-attachment-12868\" class=\"wp-caption-text\">Conjunto Residencial Franca, zona oeste de S\u00e3o Paulo<\/figcaption><\/figure>\n<p>&nbsp;<\/p>\n<p><strong>Dia dos Namorados com cinema e leitura<\/strong><\/p>\n<p>A sess\u00e3o vai acontecer bem no dia dos namorados. \u00c9 uma oportunidade para os casais celebrarem essa data matando a saudade da tela grande. Al\u00e9m disso, a exibi\u00e7\u00e3o contar\u00e1 com o sorteio de livros. Isso porque o CineB Solar e o coletivo Letraria firmaram parceria para a distribui\u00e7\u00e3o de obras liter\u00e1rias.<\/p>\n<p>A Letraria \u00e9 um coletivo que recebe doa\u00e7\u00f5es de bibliotecas, editoras, livrarias e pessoas f\u00edsicas com o objetivo de democratizar a leitura e o acesso aos livros. A parceria, firmada no inicio do ano, j\u00e1 conta com mais de 100 livros prontos para serem distribu\u00eddos durante as exibi\u00e7\u00f5es do projeto CineB Solar.<\/p>\n<p>&nbsp;<\/p>\n<p><strong>CINEB SOLAR NA JANELA: CINEMA BRASILEIRO NO RESIDENCIAL FRANCA<br \/>\n<\/strong>FILME: MINHA M\u00c3E \u00c9 UMA PE\u00c7A<br \/>\nDIA: 12 DE JUNHO \u2013 S\u00c1BADO &nbsp;\u2013 18hs<br \/>\nLOCAL: Condom\u00ednio Residencial Franca<br \/>\nENDERE\u00c7O: Av Engenheiro Heitor Antonio Eiras Garcia,7.443<\/p>\n<p>&nbsp;<\/p>\n<p><strong>Sobre o CineB Solar<\/strong><br \/>\nCriado em 2007 pelo Sindicato dos Banc\u00e1rios de S\u00e3o Paulo, Osasco e regi\u00e3o, o CineB passou a se chamar CineB Solar em 2018, quando passou a circular com uma van que gera, atrav\u00e9s de placas solares, a pr\u00f3pria energia consumida no evento. J\u00e1 atingiu um p\u00fablico superior a&nbsp;75 mil espectadores,&nbsp;160 bairros percorridos, em mais&nbsp;de 580 sess\u00f5es&nbsp;gratuitas realizadas em comunidades e universidades de S\u00e3o Paulo. Nesse momento de isolamento, para evitar aglomera\u00e7\u00f5es, se reinventaram e prepararam novos projetos: CineB on-line, CineB Solar na Janela e CineB Autorama, a\u00e7\u00f5es para que todos possam ficar em casa e se divertir com uma sess\u00e3o de cinema.<\/p>\n","protected":false},"excerpt":{"rendered":"<p>Um dos maiores talentos de sua gera\u00e7\u00e3o, ator faleceu a dois meses v\u00edtima da COVID-19 &nbsp; Texto: Eduardo Vin\u00e9 Boldt[&#8230;]<\/p>\n","protected":false},"author":4,"featured_media":12961,"comment_status":"open","ping_status":"open","sticky":false,"template":"","format":"standard","meta":[],"categories":[10],"tags":[154,234,260,263,426,817,949,1130],"_links":{"self":[{"href":"https:\/\/projetocineb.com.br\/index.php?rest_route=\/wp\/v2\/posts\/13188"}],"collection":[{"href":"https:\/\/projetocineb.com.br\/index.php?rest_route=\/wp\/v2\/posts"}],"about":[{"href":"https:\/\/projetocineb.com.br\/index.php?rest_route=\/wp\/v2\/types\/post"}],"author":[{"embeddable":true,"href":"https:\/\/projetocineb.com.br\/index.php?rest_route=\/wp\/v2\/users\/4"}],"replies":[{"embeddable":true,"href":"https:\/\/projetocineb.com.br\/index.php?rest_route=%2Fwp%2Fv2%2Fcomments&post=13188"}],"version-history":[{"count":1,"href":"https:\/\/projetocineb.com.br\/index.php?rest_route=\/wp\/v2\/posts\/13188\/revisions"}],"predecessor-version":[{"id":13389,"href":"https:\/\/projetocineb.com.br\/index.php?rest_route=\/wp\/v2\/posts\/13188\/revisions\/13389"}],"wp:featuredmedia":[{"embeddable":true,"href":"https:\/\/projetocineb.com.br\/index.php?rest_route=\/wp\/v2\/media\/12961"}],"wp:attachment":[{"href":"https:\/\/projetocineb.com.br\/index.php?rest_route=%2Fwp%2Fv2%2Fmedia&parent=13188"}],"wp:term":[{"taxonomy":"category","embeddable":true,"href":"https:\/\/projetocineb.com.br\/index.php?rest_route=%2Fwp%2Fv2%2Fcategories&post=13188"},{"taxonomy":"post_tag","embeddable":true,"href":"https:\/\/projetocineb.com.br\/index.php?rest_route=%2Fwp%2Fv2%2Ftags&post=13188"}],"curies":[{"name":"wp","href":"https:\/\/api.w.org\/{rel}","templated":true}]}}