{"id":13190,"date":"2021-06-24T15:47:10","date_gmt":"2021-06-24T18:47:10","guid":{"rendered":"http:\/\/projetocineb.com.br\/?p=12929"},"modified":"2021-12-18T11:45:31","modified_gmt":"2021-12-18T14:45:31","slug":"cineb-solar-na-janela-exibe-curtas-nacionais-aos-moradores-do-condominio-milenio","status":"publish","type":"post","link":"https:\/\/projetocineb.com.br\/?p=13190","title":{"rendered":"CineB Solar na Janela exibe curtas nacionais aos moradores do Condom\u00ednio Mil\u00eanio"},"content":{"rendered":"\n<p>Em noite fria na capital paulista, os moradores do condom\u00ednio Novo Mil\u00eanio receberam o CineB Solar na janela para uma sess\u00e3o de curtas metragens nacionais. A exibi\u00e7\u00e3o aconteceu na \u00faltima sexta (18) na zona leste da capital paulista<\/p>\n\n\n\n<p>Texto e fotos: Eduardo Vin\u00e9 Boldt<\/p>\n\n\n\n<p>publicado em 24 de junho de 2021 \u00e0s 15h47<\/p>\n\n\n\n<figure class=\"wp-block-image size-large is-style-default\"><img fetchpriority=\"high\" decoding=\"async\" width=\"1024\" height=\"683\" src=\"https:\/\/projetocineb.com.br\/wp-content\/uploads\/2021\/06\/@eduardo_vine_novomilenio-26-1-1024x683.jpg\" alt=\"\" class=\"wp-image-13025\" srcset=\"https:\/\/projetocineb.com.br\/wp-content\/uploads\/2021\/06\/@eduardo_vine_novomilenio-26-1-1024x683.jpg 1024w, https:\/\/projetocineb.com.br\/wp-content\/uploads\/2021\/06\/@eduardo_vine_novomilenio-26-1-300x200.jpg 300w, https:\/\/projetocineb.com.br\/wp-content\/uploads\/2021\/06\/@eduardo_vine_novomilenio-26-1-768x512.jpg 768w, https:\/\/projetocineb.com.br\/wp-content\/uploads\/2021\/06\/@eduardo_vine_novomilenio-26-1.jpg 2048w\" sizes=\"(max-width: 1024px) 100vw, 1024px\" \/><figcaption>O coordenador do CineB Solar na janela Cid\u00e1lio Vieira Iniciando as atividades foto: Eduardo Vin\u00e9 Boldt<\/figcaption><\/figure>\n\n\n\n<p>O CineB Solar j\u00e1 esteve por diversas vezes em condom\u00ednios populares da fazenda da Juta, na regi\u00e3o de Sapopemba, zona leste paulistana. Na sexta (18) foi a vez do condom\u00ednio Novo Mil\u00eanio receber o projeto. A visita ao condom\u00ednio teve que esperar um pouco mais do que o previsto. \u201cJ\u00e1 era para ter vindo antes. Mas por causa da pandemia, a exibi\u00e7\u00e3o foi cancelada\u201d lamentou o s\u00edndico do condom\u00ednio Adair de Souza Oliveira.<\/p>\n\n\n\n<div class=\"wp-block-image is-style-default\"><figure class=\"aligncenter size-large\"><img decoding=\"async\" width=\"683\" height=\"1024\" src=\"https:\/\/projetocineb.com.br\/wp-content\/uploads\/2021\/06\/@eduardo_vine_novomilenio-29-1-683x1024.jpg\" alt=\"\" class=\"wp-image-13028\" srcset=\"https:\/\/projetocineb.com.br\/wp-content\/uploads\/2021\/06\/@eduardo_vine_novomilenio-29-1-683x1024.jpg 683w, https:\/\/projetocineb.com.br\/wp-content\/uploads\/2021\/06\/@eduardo_vine_novomilenio-29-1-200x300.jpg 200w, https:\/\/projetocineb.com.br\/wp-content\/uploads\/2021\/06\/@eduardo_vine_novomilenio-29-1-768x1152.jpg 768w, https:\/\/projetocineb.com.br\/wp-content\/uploads\/2021\/06\/@eduardo_vine_novomilenio-29-1.jpg 1365w\" sizes=\"(max-width: 683px) 100vw, 683px\" \/><figcaption>O sindico Adair chamando os moradores para a janela foto: Eduardo Vin\u00e9 Boldt<\/figcaption><\/figure><\/div>\n\n\n\n<p>O projeto exibiu curtas metragens nacionais aos moradores locais. Adair contou que h\u00e1 um bom tempo n\u00e3o assiste uma exibi\u00e7\u00e3o em tela grande \u201cFaz uns 15 anos que eu n\u00e3o vou no cinema. Depois que nos casamos, esquecemos do cinema. O cinema \u00e9 os filhos\u201d, brinca o s\u00edndico.<\/p>\n\n\n\n<div class=\"wp-block-image is-style-default\"><figure class=\"aligncenter size-large\"><img decoding=\"async\" width=\"683\" height=\"1024\" src=\"https:\/\/projetocineb.com.br\/wp-content\/uploads\/2021\/06\/@eduardo_vine_novomilenio-22-1-683x1024.jpg\" alt=\"\" class=\"wp-image-13021\" srcset=\"https:\/\/projetocineb.com.br\/wp-content\/uploads\/2021\/06\/@eduardo_vine_novomilenio-22-1-683x1024.jpg 683w, https:\/\/projetocineb.com.br\/wp-content\/uploads\/2021\/06\/@eduardo_vine_novomilenio-22-1-200x300.jpg 200w, https:\/\/projetocineb.com.br\/wp-content\/uploads\/2021\/06\/@eduardo_vine_novomilenio-22-1-768x1152.jpg 768w, https:\/\/projetocineb.com.br\/wp-content\/uploads\/2021\/06\/@eduardo_vine_novomilenio-22-1.jpg 1365w\" sizes=\"(max-width: 683px) 100vw, 683px\" \/><figcaption>Moradores do condom\u00ednio Novo Mil\u00eanio assistindo a sess\u00e3o do CineB Solar na janela foto: Eduardo Vin\u00e9 Boldt<\/figcaption><\/figure><\/div>\n\n\n\n<p>A regi\u00e3o onde fica o condom\u00ednio tem uma longa trajet\u00f3ria de luta por moradia. O Novo Mil\u00eanio conta com 5 blocos, totalizando 270 apartamentos. Uma parte significativa dos residenciais da fazenda da Juta foram constru\u00eddos atrav\u00e9s de mutir\u00f5es, processo que se iniciou ainda na d\u00e9cada de noventa. O Novo Mil\u00eanio faz parte desse conjunto de habita\u00e7\u00f5es que foram erguidas pelo trabalho coletivo e protagonismo de seus moradores na luta por moradia.<\/p>\n\n\n\n<p>A assistente social Rosemeire de Brito viveu essa hist\u00f3ria. Ela foi uma das moradoras que \u201cbotaram a m\u00e3o na massa\u201d, literalmente, para construir a sua habita\u00e7\u00e3o. H\u00e1 25 anos ela mora na regi\u00e3o, antes mesmo dos edif\u00edcios existirem. \u201cEu j\u00e1 estava assentada aqui desde quando aqui era uma fazenda. Depois iniciou o mutir\u00e3o do seu D\u00e9cio. Eu trabalhei no mutir\u00e3o e ainda trabalhei no telhado!\u201d relembra com orgulho a moradora. Desde os 12 anos ela n\u00e3o entra em uma sala de cinema. Nesta noite, Rosemeire p\u00f4de acompanhar os curtas com a sua m\u00e3e de 80 anos.<\/p>\n\n\n\n<figure class=\"wp-block-image size-large is-style-default\"><img loading=\"lazy\" decoding=\"async\" width=\"1024\" height=\"683\" src=\"https:\/\/projetocineb.com.br\/wp-content\/uploads\/2021\/06\/@eduardo_vine_novomilenio-31-1-1024x683.jpg\" alt=\"\" class=\"wp-image-13030\" srcset=\"https:\/\/projetocineb.com.br\/wp-content\/uploads\/2021\/06\/@eduardo_vine_novomilenio-31-1-1024x683.jpg 1024w, https:\/\/projetocineb.com.br\/wp-content\/uploads\/2021\/06\/@eduardo_vine_novomilenio-31-1-300x200.jpg 300w, https:\/\/projetocineb.com.br\/wp-content\/uploads\/2021\/06\/@eduardo_vine_novomilenio-31-1-768x512.jpg 768w, https:\/\/projetocineb.com.br\/wp-content\/uploads\/2021\/06\/@eduardo_vine_novomilenio-31-1.jpg 2048w\" sizes=\"(max-width: 1024px) 100vw, 1024px\" \/><figcaption>Kelly Mazza falando para os moradores do Novo Mil\u00eanio foto: Eduardo Vin\u00e9 Boldt<\/figcaption><\/figure>\n\n\n\n<p>A frentista Kelly Mazza tamb\u00e9m teve participa\u00e7\u00e3o ativa na constru\u00e7\u00e3o do seu sonho. \u201cEu tinha aproximadamente 26 anos naquela \u00e9poca. A gente fez um mutir\u00e3o em uma sociedade que a gente tinha. Ai a gente levou o nosso projeto para o CDHU e, a partir da\u00ed, conquistamos a nossa moradia\u201d diz orgulhosa.<\/p>\n\n\n\n<p>Kelly ressalta a import\u00e2ncia da atividade do CineB Solar na Janela no atual momento. \u201cPor causa da pandemia, as pessoas ficam depressivas, cada um em sua casa. N\u00e3o podemos mais se juntar muito\u201d afirma.<\/p>\n\n\n\n<p>O cinema mais pr\u00f3ximo fica a uma hora dos edif\u00edcios, de transporte p\u00fablico. A dist\u00e2ncia aprofunda a sensa\u00e7\u00e3o de abandono. \u201cAs pessoas est\u00e3o muito contentes com isso, est\u00e3o vendo que foram lembradas por algu\u00e9m ou por algo, por um projeto, e isso \u00e9 muito legal\u201d ressalta.<\/p>\n\n\n\n<figure class=\"wp-block-image size-large is-style-default\"><img loading=\"lazy\" decoding=\"async\" width=\"1024\" height=\"683\" src=\"https:\/\/projetocineb.com.br\/wp-content\/uploads\/2021\/06\/@eduardo_vine_novomilenio-38-1-1024x683.jpg\" alt=\"\" class=\"wp-image-13037\" srcset=\"https:\/\/projetocineb.com.br\/wp-content\/uploads\/2021\/06\/@eduardo_vine_novomilenio-38-1-1024x683.jpg 1024w, https:\/\/projetocineb.com.br\/wp-content\/uploads\/2021\/06\/@eduardo_vine_novomilenio-38-1-300x200.jpg 300w, https:\/\/projetocineb.com.br\/wp-content\/uploads\/2021\/06\/@eduardo_vine_novomilenio-38-1-768x512.jpg 768w, https:\/\/projetocineb.com.br\/wp-content\/uploads\/2021\/06\/@eduardo_vine_novomilenio-38-1.jpg 2048w\" sizes=\"(max-width: 1024px) 100vw, 1024px\" \/><figcaption>Suellen e Jonathas da janela acompanhando a sess\u00e3o foto: Eduardo Vin\u00e9 Boldt<\/figcaption><\/figure>\n\n\n\n<p>Foi com muita anima\u00e7\u00e3o que a manicure Suellen Aquino e seu filho Jonathas receberam o projeto. Eles moram no andar t\u00e9rreo do residencial, e puderam matar a saudade do cinema bem de pertinho. \u201cPor causa da pandemia, a quase dois anos eu n\u00e3o vou ao cinema\u201d reclama Jonathas. Com o CineB Solar na Janela, os dois puderam matar a saudade sem precisar sair de casa. \u201cO cinema mais pr\u00f3ximo \u00e9 o do shopping Aricanduva. Meia hora daqui. De \u00f4nibus quase uma hora. Ajuda a muita gente aqui da regi\u00e3o\u201d conclui.<\/p>\n\n\n\n<p><strong>Sobre o CineB Solar<\/strong><br>Criado em 2007 pelo Sindicato dos Banc\u00e1rios de S\u00e3o Paulo, Osasco e regi\u00e3o, o CineB passou a se chamar CineB Solar em 2018, quando passou a circular com uma van que gera, atrav\u00e9s de placas solares, a pr\u00f3pria energia consumida no evento. J\u00e1 atingiu um p\u00fablico superior a&nbsp;75 mil espectadores,&nbsp;160 bairros percorridos, em mais&nbsp;de 580 sess\u00f5es&nbsp;gratuitas realizadas em comunidades e universidades de S\u00e3o Paulo. Nesse momento de isolamento, para evitar aglomera\u00e7\u00f5es, se reinventaram e prepararam novos projetos: CineB on-line, CineB Solar na Janela e CineB Autorama, a\u00e7\u00f5es para que todos possam ficar em casa e se divertir com uma sess\u00e3o de cinema.<\/p>\n","protected":false},"excerpt":{"rendered":"<p>Em noite fria na capital paulista, os moradores do condom\u00ednio Novo Mil\u00eanio receberam o CineB Solar na janela para uma[&#8230;]<\/p>\n","protected":false},"author":4,"featured_media":13000,"comment_status":"open","ping_status":"open","sticky":false,"template":"","format":"standard","meta":[],"categories":[2,6],"tags":[154,234,260,263,318,355,426,1130],"_links":{"self":[{"href":"https:\/\/projetocineb.com.br\/index.php?rest_route=\/wp\/v2\/posts\/13190"}],"collection":[{"href":"https:\/\/projetocineb.com.br\/index.php?rest_route=\/wp\/v2\/posts"}],"about":[{"href":"https:\/\/projetocineb.com.br\/index.php?rest_route=\/wp\/v2\/types\/post"}],"author":[{"embeddable":true,"href":"https:\/\/projetocineb.com.br\/index.php?rest_route=\/wp\/v2\/users\/4"}],"replies":[{"embeddable":true,"href":"https:\/\/projetocineb.com.br\/index.php?rest_route=%2Fwp%2Fv2%2Fcomments&post=13190"}],"version-history":[{"count":4,"href":"https:\/\/projetocineb.com.br\/index.php?rest_route=\/wp\/v2\/posts\/13190\/revisions"}],"predecessor-version":[{"id":13953,"href":"https:\/\/projetocineb.com.br\/index.php?rest_route=\/wp\/v2\/posts\/13190\/revisions\/13953"}],"wp:featuredmedia":[{"embeddable":true,"href":"https:\/\/projetocineb.com.br\/index.php?rest_route=\/wp\/v2\/media\/13000"}],"wp:attachment":[{"href":"https:\/\/projetocineb.com.br\/index.php?rest_route=%2Fwp%2Fv2%2Fmedia&parent=13190"}],"wp:term":[{"taxonomy":"category","embeddable":true,"href":"https:\/\/projetocineb.com.br\/index.php?rest_route=%2Fwp%2Fv2%2Fcategories&post=13190"},{"taxonomy":"post_tag","embeddable":true,"href":"https:\/\/projetocineb.com.br\/index.php?rest_route=%2Fwp%2Fv2%2Ftags&post=13190"}],"curies":[{"name":"wp","href":"https:\/\/api.w.org\/{rel}","templated":true}]}}