{"id":13191,"date":"2021-07-20T11:02:58","date_gmt":"2021-07-20T14:02:58","guid":{"rendered":"http:\/\/projetocineb.com.br\/?p=12982"},"modified":"2021-11-29T22:33:53","modified_gmt":"2021-11-30T01:33:53","slug":"cineb-online-divulga-agenda-com-tres-exibicoes-na-ultima-semana-de-julho","status":"publish","type":"post","link":"https:\/\/projetocineb.com.br\/?p=13191","title":{"rendered":"CineB online divulga agenda com tr\u00eas exibi\u00e7\u00f5es na \u00faltima semana de julho"},"content":{"rendered":"<blockquote><p><span style=\"font-size: 1.0625rem;\">O CineB online realizar\u00e1 tr\u00eas exibi\u00e7\u00f5es de curtas metragens no final do m\u00eas de julho com a participa\u00e7\u00e3o de professores e alunos de projeto educacional e universit\u00e1rios da cidade de S\u00e3o Paulo. As sess\u00f5es v\u00e3o acontecer nos dias 26, 28 e 29, e poder\u00e3o ser acompanhadas atrav\u00e9s do <a href=\"https:\/\/www.youtube.com\/channel\/UCzdI6zj9k2JR3oqydE6dgtQ\">canal do youtube<\/a> do CineB Solar.<\/span><\/p><\/blockquote>\n<p>&nbsp;<\/p>\n<p>texto: Eduardo Vin\u00e9 Boldt<\/p>\n<p>No dia 26 de julho, as 18h, o CineB online abre espa\u00e7o para o cinema universit\u00e1rio com a exibi\u00e7\u00e3o de curtas metragens produzidos por alunos do FIAM-FAAM Centro Universit\u00e1rio. Ser\u00e3o apresentados dois document\u00e1rios exibidos originalmente no VI Festival Audiovisual FIAM-FAAM, realizado o final de 2020.<\/p>\n<figure id=\"attachment_13004\" aria-describedby=\"caption-attachment-13004\" style=\"width: 816px\" class=\"wp-caption aligncenter\"><a href=\"http:\/\/projetocineb.com.br\/?attachment_id=13004\" rel=\"attachment wp-att-13004\"><img fetchpriority=\"high\" decoding=\"async\" class=\"size-full wp-image-13004\" src=\"http:\/\/projetocineb.com.br\/wp-content\/uploads\/2021\/07\/curtas-fiam.jpg\" alt=\"\" width=\"816\" height=\"472\"><\/a><figcaption id=\"caption-attachment-13004\" class=\"wp-caption-text\">Alguns curtas desenvolvidos por estudantes rompem as barreiras da universidade e acabam fazendo uma carreira em festivais. Foto: reprodu\u00e7\u00e3o<\/figcaption><\/figure>\n<p>As diretoras Soraia Mon\u00e7\u00e3o e Nath\u00e1lia Oliveira participar\u00e3o da live para contar um pouco dos bastidores dos filmes e do processo de produ\u00e7\u00e3o. \u201c\u00c9 uma oportunidade essa intera\u00e7\u00e3o da&nbsp;arte com a educa\u00e7\u00e3o. Possibilita uma discuss\u00e3o de conte\u00fado bem interessante entre o CineB com os&nbsp;alunos e&nbsp;professores\u201d, aponta Cid\u00e1lio Vieira, coordenador do projeto.<\/p>\n<figure id=\"attachment_12991\" aria-describedby=\"caption-attachment-12991\" style=\"width: 1200px\" class=\"wp-caption aligncenter\"><a href=\"http:\/\/projetocineb.com.br\/?attachment_id=12991\" rel=\"attachment wp-att-12991\"><img decoding=\"async\" class=\"size-full wp-image-12991\" src=\"http:\/\/projetocineb.com.br\/wp-content\/uploads\/2021\/07\/as-invencoes.png\" alt=\"\" width=\"1200\" height=\"675\"><\/a><figcaption id=\"caption-attachment-12991\" class=\"wp-caption-text\">foto: reprodu\u00e7\u00e3o<\/figcaption><\/figure>\n<p>No dia 28 de julho o CineB online apresentar\u00e1 o curta &#8220;As invens\u00f5es de Akins&#8221;, escrito e dirigido por Ul\u00edsver Silva, e contar\u00e1 com a participa\u00e7\u00e3o de alunos e professores do Centro Universit\u00e1rio UniSant&#8217;Ana. O cineasta sul-mato-grossense estar\u00e1 presente na sess\u00e3o de seu premiado curta infanto-juvenil. A exibi\u00e7\u00e3o poder\u00e1 ser acompanhada tamb\u00e9m pelo nosso canal.<\/p>\n<p>&nbsp;<\/p>\n<p>O projeto tem uma parceria de longa data com o centro universit\u00e1rio. \u201cPor diversas vezes o CineB universidade transformou o audit\u00f3rio da UniSant\u2019Anna em uma sala de cinema, com debates envolvendo professores, alunos e produtores de filmes. Este trabalho n\u00e3o parou durante a pandemia,&nbsp;criamos o CineB online para dar continuidade a esse trabalho\u201d, conclui Cid\u00e1lio.<\/p>\n<p>&nbsp;<\/p>\n<p>Na quinta-feira, dia 29, \u00e0s 14h, o projeto volta \u00e0 zona sul da capital paulista. Os alunos do Centro para Crian\u00e7as, Adolescentes e Jovens Nossa Senhora de F\u00e1tima, da Sociedade Santos M\u00e1rtires poder\u00e3o assistir ao curta &#8220;O gato sem Botas&#8221;, da diretora Paula Resende. A realizadora tamb\u00e9m estar\u00e1 presente na apresenta\u00e7\u00e3o para debater o filme com as crian\u00e7as atendidas pelo projeto.<\/p>\n<p>&nbsp;<\/p>\n<p>&nbsp;<\/p>\n<p><strong>Agenda<\/strong><\/p>\n<p>&nbsp;<\/p>\n<p><strong>LIVE com diretoras dos curtas do&nbsp;VI Festival Audiovisual FIAM-FAAM <a href=\"https:\/\/www.youtube.com\/watch?v=0k09QoKzQBk\">(assista aqui)<\/a><\/strong><\/p>\n<p>26 de julho &#8211; Segunda Feira, \u00e0s 18hs<\/p>\n<p>Qual o valor?, de Soraia Mon\u00e7\u00e3o<\/p>\n<p>C\u00e2mera, T\u00e1 Ok?, de Nath\u00e1lia Oliveira<\/p>\n<p><strong>&nbsp;<\/strong><\/p>\n<p><strong>LIVE com a participa\u00e7\u00e3o dos alunos e professores da UNISANT\u2019ANNA <a href=\"https:\/\/www.youtube.com\/watch?v=ThtzSD-qj0M\">(assista aqui)<\/a><\/strong><\/p>\n<p>28 de julho \u2013 Quarta-feira, \u00e0s 20hs<\/p>\n<p>As Inven\u00e7\u00f5es de Akins, de Ul\u00edsver Silva<\/p>\n<p><strong>&nbsp;<\/strong><\/p>\n<p><strong>LIVE com crian\u00e7as, adolescentes e jovens do CCA Nossa Senhora de F\u00e1tima, da Sociedade Santos M\u00e1rtires<\/strong><\/p>\n<p>29 de julho \u2013 Quinta-feira \u00e0s 14h<\/p>\n<p>Gato sem botas, de Paula Resende<\/p>\n<p>&nbsp;<\/p>\n<p><strong>Sobre o CineB Solar<\/strong><br \/>\nCriado em 2007 pelo Sindicato dos Banc\u00e1rios de S\u00e3o Paulo, Osasco e regi\u00e3o, o CineB passou a se chamar CineB Solar em 2018, quando passou a circular com uma van que gera, atrav\u00e9s de placas solares, a pr\u00f3pria energia consumida no evento. J\u00e1 atingiu um p\u00fablico superior a&nbsp;75 mil espectadores,&nbsp;160 bairros percorridos, em mais&nbsp;de 580 sess\u00f5es&nbsp;gratuitas realizadas em comunidades e universidades de S\u00e3o Paulo. Nesse momento de isolamento, para evitar aglomera\u00e7\u00f5es, se reinventaram e prepararam novos projetos: CineB on-line, CineB Solar na Janela e CineB Autorama, a\u00e7\u00f5es para que todos possam ficar em casa e se divertir com uma sess\u00e3o de cinema.<\/p>\n<p>&nbsp;<\/p>\n","protected":false},"excerpt":{"rendered":"<p>O CineB online realizar\u00e1 tr\u00eas exibi\u00e7\u00f5es de curtas metragens no final do m\u00eas de julho com a participa\u00e7\u00e3o de professores[&#8230;]<\/p>\n","protected":false},"author":4,"featured_media":13051,"comment_status":"open","ping_status":"open","sticky":false,"template":"","format":"standard","meta":[],"categories":[10],"tags":[97,169,193,213,234,260,263,286,357,426,537,569,837,948,1016,1143,1145,1184],"_links":{"self":[{"href":"https:\/\/projetocineb.com.br\/index.php?rest_route=\/wp\/v2\/posts\/13191"}],"collection":[{"href":"https:\/\/projetocineb.com.br\/index.php?rest_route=\/wp\/v2\/posts"}],"about":[{"href":"https:\/\/projetocineb.com.br\/index.php?rest_route=\/wp\/v2\/types\/post"}],"author":[{"embeddable":true,"href":"https:\/\/projetocineb.com.br\/index.php?rest_route=\/wp\/v2\/users\/4"}],"replies":[{"embeddable":true,"href":"https:\/\/projetocineb.com.br\/index.php?rest_route=%2Fwp%2Fv2%2Fcomments&post=13191"}],"version-history":[{"count":1,"href":"https:\/\/projetocineb.com.br\/index.php?rest_route=\/wp\/v2\/posts\/13191\/revisions"}],"predecessor-version":[{"id":13390,"href":"https:\/\/projetocineb.com.br\/index.php?rest_route=\/wp\/v2\/posts\/13191\/revisions\/13390"}],"wp:featuredmedia":[{"embeddable":true,"href":"https:\/\/projetocineb.com.br\/index.php?rest_route=\/wp\/v2\/media\/13051"}],"wp:attachment":[{"href":"https:\/\/projetocineb.com.br\/index.php?rest_route=%2Fwp%2Fv2%2Fmedia&parent=13191"}],"wp:term":[{"taxonomy":"category","embeddable":true,"href":"https:\/\/projetocineb.com.br\/index.php?rest_route=%2Fwp%2Fv2%2Fcategories&post=13191"},{"taxonomy":"post_tag","embeddable":true,"href":"https:\/\/projetocineb.com.br\/index.php?rest_route=%2Fwp%2Fv2%2Ftags&post=13191"}],"curies":[{"name":"wp","href":"https:\/\/api.w.org\/{rel}","templated":true}]}}