{"id":13192,"date":"2021-08-16T11:07:36","date_gmt":"2021-08-16T14:07:36","guid":{"rendered":"http:\/\/projetocineb.com.br\/?p=13024"},"modified":"2021-11-29T22:33:42","modified_gmt":"2021-11-30T01:33:42","slug":"cineb-solar-na-janela-apresenta-selecao-especial-de-curtas-na-zona-leste-da-capital-paulista","status":"publish","type":"post","link":"https:\/\/projetocineb.com.br\/?p=13192","title":{"rendered":"CineB Solar na janela apresenta sele\u00e7\u00e3o especial de curtas na zona leste da capital paulista"},"content":{"rendered":"<blockquote><p>As sess\u00f5es acontecer\u00e3o nos dias 21 e 28 de agosto na regi\u00e3o de Sapopemba, com a exibi\u00e7\u00e3o de curtas nacionais premiados<\/p><\/blockquote>\n<p>&nbsp;<\/p>\n<p>texto: Eduardo Vin\u00e9 Boldt<\/p>\n<p>Curtas metragens nacionais premiados far\u00e3o parte das pr\u00f3ximas sess\u00f5es do CineB Solar na janela. O projeto apresentar\u00e1 5 filmes em sess\u00f5es ao ar livre, para condom\u00ednios da zona leste da capital paulista.<\/p>\n<p>A programa\u00e7\u00e3o contar\u00e1 com os seguintes filmes: <strong>Carne<\/strong> (dir. Camila Karter, 2019), <strong>Gato the cat &#8211; o gato sem botas<\/strong> (dir. Paula de Abreu, 2019), <strong>Um caf\u00e9 com meu av\u00f4 Durval<\/strong> (dir. Anna Muylaert, 2021), <strong>Umbrella<\/strong> (dir. Helena Hilario e Mario Pece, 2019) e <strong>A Inven\u00e7\u00f5es de Akins<\/strong> (dir. Ulisver Silva, 2018).<\/p>\n<p>No s\u00e1bado (21) a exibi\u00e7\u00e3o acontecer\u00e1 no condom\u00ednio Vilage, no Jardim Sapopemba, \u00e0s 19h. Na sexta-feira (27) o cinema chega mais uma vez \u00e0 fazenda da Juta, agora no bloco D do condom\u00ednio Dom Luciano, \u00e0s 19h.<\/p>\n<figure id=\"attachment_13040\" aria-describedby=\"caption-attachment-13040\" style=\"width: 480px\" class=\"wp-caption aligncenter\"><a href=\"http:\/\/projetocineb.com.br\/?attachment_id=13040\" rel=\"attachment wp-att-13040\"><img fetchpriority=\"high\" decoding=\"async\" class=\" wp-image-13040\" src=\"http:\/\/projetocineb.com.br\/wp-content\/uploads\/2021\/08\/Tania-Maria-Minervina-Rodrigues.jpeg\" alt=\"\" width=\"480\" height=\"853\"><\/a><figcaption id=\"caption-attachment-13040\" class=\"wp-caption-text\">T\u00e2nia Maria Minervina Rodrigues \u00e9 s\u00edndica do condom\u00ednio Vilage<\/figcaption><\/figure>\n<p>Por causa da pandemia, o projeto permanece em sua vers\u00e3o \u201cna janela\u201d, exibindo os filmes no estacionamento dos condom\u00ednios, seguindo rigorosamente as condutas sanit\u00e1rias. Uma hora antes das sess\u00f5es ser\u00e3o distribu\u00eddos milho e saquinhos de pipoca aos cond\u00f4minos, para que eles acompanhem os filmes de seus pr\u00f3prios apartamentos em um clima de cinema.<\/p>\n<p>&nbsp;<\/p>\n<p><strong>Curtas<\/strong><\/p>\n<p>Cinco curtas dirigidos por cineastas brasileiros ser\u00e3o exibidos nas sess\u00f5es do CineB Solar nesse m\u00eas de agosto. Todos eles com s\u00f3lida carreira em mostras e festivais nacionais e internacionais.<\/p>\n<p>O curta <strong>Carne<\/strong> (2019) de Camila Kater \u00e9 um document\u00e1rio de anima\u00e7\u00e3o que compartilha os relatos \u00edntimos de cinco mulheres e suas rela\u00e7\u00f5es com seus corpos. &nbsp;Rachel Patr\u00edcio, Larissa Rahal, Raquel Virg\u00ednia, Valquiria Rosa e Helena Ignez discorrem sobre assuntos como climat\u00e9rio, viol\u00eancia, gordofobia entre outros temas do universo feminino.<\/p>\n<p>O filme foi qualificado no in\u00edcio do ano para concorrer ao Oscar em 2021. Ao todo, o curta j\u00e1 recebeu mais de 70 pr\u00eamios.<\/p>\n<p><strong>Gato the cat \u2013 o gato sem botas<\/strong> (2019) \u00e9 um curta de anima\u00e7\u00e3o produzido pelo est\u00fadio Paulares, da cineasta mineira Paula de Abreu. A obra narra a aventura de um gatinho de rua que se une a uma bota falante para escapar de uma fam\u00edlia de vil\u00f5es viajantes do tempo.<\/p>\n<p>O filme foi realizado com recursos oriundos de edital e tem previs\u00e3o de virar uma s\u00e9rie de anima\u00e7\u00e3o.<\/p>\n<p>A premiada cineasta Ana Muylaert lan\u00e7ou <strong>Um caf\u00e9 com meu av\u00f4 Durval<\/strong>&nbsp;(2021) este ano. O curta foi realizado durante a pandemia do novo coronav\u00edrus e teve pr\u00e9-estreia no CineB online em maio. A obra tem um car\u00e1ter pessoal e afetivo, que envolve a rela\u00e7\u00e3o da diretora com seu av\u00f4 e uma reflex\u00e3o sobre a produ\u00e7\u00e3o audiovisual em tempos de superexposi\u00e7\u00e3o nas redes sociais.<\/p>\n<p>O curta-metragem de anima\u00e7\u00e3o<strong> Umbrella<\/strong> (2019), dos diretores Helena Hilario e Mario Pece&nbsp;tamb\u00e9m esteve na fila para o Oscar deste ano. O filme, inspirado em eventos reais da vida da pr\u00f3pria diretora, segue a hist\u00f3ria de um garoto que vive em um orfanato e sonha em ter um guarda-chuva amarelo, objeto que remete a mem\u00f3ria de seu pai.<\/p>\n<p><strong>A Inven\u00e7\u00f5es de Akins<\/strong> (2018) de Ulisver Silva, \u00e9 um curta infantil que apresenta o jovem Akins, um menino constr\u00f3i seus pr\u00f3prios brinquedos. Inspirado por um programa de TV, resolve construir sozinho uma m\u00e1quina de Rube Goldberg, feita com sucatas e material dispon\u00edvel. Tamb\u00e9m com forte inspira\u00e7\u00e3o pessoal, o filme destaca hist\u00f3ria de autoestima do pequeno garoto.<\/p>\n<p>&nbsp;<\/p>\n<p>&nbsp;<\/p>\n<p><strong>Programa\u00e7\u00e3o<\/strong><\/p>\n<p><em>\u2022Condom\u00ednio Vilage<\/em><\/p>\n<p>21 de agosto, s\u00e1bado \u00e0s 19 horas<\/p>\n<p><a href=\"http:\/\/projetocineb.com.br\/?attachment_id=13027\" rel=\"attachment wp-att-13027\"><img decoding=\"async\" class=\"wp-image-13027 alignleft\" src=\"http:\/\/projetocineb.com.br\/wp-content\/uploads\/2021\/06\/WhatsApp-Image-2021-08-12-at-17.33.48.jpeg\" alt=\"\" width=\"288\" height=\"407\"><\/a><\/p>\n<p>&nbsp;<\/p>\n<p>&nbsp;<\/p>\n<p>&nbsp;<\/p>\n<p>&nbsp;<\/p>\n<p>&nbsp;<\/p>\n<p>&nbsp;<\/p>\n<p>&nbsp;<\/p>\n<p>&nbsp;<\/p>\n<p>&nbsp;<\/p>\n<p><em>\u2022Condom\u00ednio Resid\u00eancia Dom Luciano (bloco D)<\/em><\/p>\n<p>27 de agosto, sexta-feira \u00e0s 19 horas<\/p>\n<p><a href=\"http:\/\/projetocineb.com.br\/?attachment_id=13028\" rel=\"attachment wp-att-13028\"><img decoding=\"async\" class=\"wp-image-13028 alignleft\" src=\"http:\/\/projetocineb.com.br\/wp-content\/uploads\/2021\/06\/WhatsApp-Image-2021-08-13-at-13.41.01.jpeg\" alt=\"\" width=\"304\" height=\"430\"><\/a><\/p>\n<p>&nbsp;<\/p>\n<p>&nbsp;<\/p>\n<p>&nbsp;<\/p>\n<p>&nbsp;<\/p>\n<p>&nbsp;<\/p>\n<p>&nbsp;<\/p>\n<p>&nbsp;<\/p>\n<p>&nbsp;<\/p>\n<p>&nbsp;<\/p>\n<p>&nbsp;<\/p>\n<p>&nbsp;<\/p>\n<p><strong>Sobre o CineB Solar<\/strong><br \/>\nCriado em 2007 pelo Sindicato dos Banc\u00e1rios de S\u00e3o Paulo, Osasco e regi\u00e3o, o CineB passou a se chamar CineB Solar em 2018, quando passou a circular com uma van que gera, atrav\u00e9s de placas solares, a pr\u00f3pria energia consumida no evento. J\u00e1 atingiu um p\u00fablico superior a&nbsp;75 mil espectadores,&nbsp;160 bairros percorridos, em mais&nbsp;de 580 sess\u00f5es&nbsp;gratuitas realizadas em comunidades e universidades de S\u00e3o Paulo. Nesse momento de isolamento, para evitar aglomera\u00e7\u00f5es, se reinventaram e prepararam novos projetos: CineB on-line, CineB Solar na Janela e CineB Autorama, a\u00e7\u00f5es para que todos possam ficar em casa e se divertir com uma sess\u00e3o de cinema.<\/p>\n","protected":false},"excerpt":{"rendered":"<p>As sess\u00f5es acontecer\u00e3o nos dias 21 e 28 de agosto na regi\u00e3o de Sapopemba, com a exibi\u00e7\u00e3o de curtas nacionais[&#8230;]<\/p>\n","protected":false},"author":4,"featured_media":13050,"comment_status":"open","ping_status":"open","sticky":false,"template":"","format":"standard","meta":[],"categories":[10],"tags":[30,87,154,171,184,234,322,405,426,519,570,595,798,868,946,1097,1130,1184,1185,1189],"_links":{"self":[{"href":"https:\/\/projetocineb.com.br\/index.php?rest_route=\/wp\/v2\/posts\/13192"}],"collection":[{"href":"https:\/\/projetocineb.com.br\/index.php?rest_route=\/wp\/v2\/posts"}],"about":[{"href":"https:\/\/projetocineb.com.br\/index.php?rest_route=\/wp\/v2\/types\/post"}],"author":[{"embeddable":true,"href":"https:\/\/projetocineb.com.br\/index.php?rest_route=\/wp\/v2\/users\/4"}],"replies":[{"embeddable":true,"href":"https:\/\/projetocineb.com.br\/index.php?rest_route=%2Fwp%2Fv2%2Fcomments&post=13192"}],"version-history":[{"count":1,"href":"https:\/\/projetocineb.com.br\/index.php?rest_route=\/wp\/v2\/posts\/13192\/revisions"}],"predecessor-version":[{"id":13385,"href":"https:\/\/projetocineb.com.br\/index.php?rest_route=\/wp\/v2\/posts\/13192\/revisions\/13385"}],"wp:featuredmedia":[{"embeddable":true,"href":"https:\/\/projetocineb.com.br\/index.php?rest_route=\/wp\/v2\/media\/13050"}],"wp:attachment":[{"href":"https:\/\/projetocineb.com.br\/index.php?rest_route=%2Fwp%2Fv2%2Fmedia&parent=13192"}],"wp:term":[{"taxonomy":"category","embeddable":true,"href":"https:\/\/projetocineb.com.br\/index.php?rest_route=%2Fwp%2Fv2%2Fcategories&post=13192"},{"taxonomy":"post_tag","embeddable":true,"href":"https:\/\/projetocineb.com.br\/index.php?rest_route=%2Fwp%2Fv2%2Ftags&post=13192"}],"curies":[{"name":"wp","href":"https:\/\/api.w.org\/{rel}","templated":true}]}}