{"id":13193,"date":"2021-08-21T01:18:19","date_gmt":"2021-08-21T04:18:19","guid":{"rendered":"http:\/\/projetocineb.com.br\/?p=13042"},"modified":"2021-12-18T14:55:25","modified_gmt":"2021-12-18T17:55:25","slug":"producao-infantojuvenil-e-destaque-na-programacao-do-cineb-online","status":"publish","type":"post","link":"https:\/\/projetocineb.com.br\/?p=13193","title":{"rendered":"Produ\u00e7\u00e3o infantojuvenil \u00e9 destaque na programa\u00e7\u00e3o do CineB online"},"content":{"rendered":"\n<blockquote class=\"wp-block-quote\"><p>Gato The Cat \u2013 O gato sem botas e As inven\u00e7\u00f5es de Akins foram destaques no CineB online e v\u00e3o integrar as apresenta\u00e7\u00f5es presenciais do projeto<\/p><\/blockquote>\n\n\n\n<p>texto: Eduardo Vin\u00e9 Boldt <\/p>\n\n\n<div class=\"wp-block-post-date\"><time datetime=\"2021-08-21T01:18:19-03:00\">21\/08\/2021<\/time><\/div>\n\n\n<p>A produ\u00e7\u00e3o cinematogr\u00e1fica brasileira do g\u00eanero infantil e infantojuvenil se consolidou ao longo do tempo no mercado audiovisual, extrapolando muitas vezes as fronteiras brasileiras.<\/p>\n\n\n\n<p>Uma s\u00e9rie de obras voltadas ao p\u00fablico infantil e pr\u00e9-adolescente foram produzidos desde a retomada do cinema nacional. Algumas j\u00e1 se tornaram cl\u00e1ssicos, como <em>O Menino Maluquinho<\/em> (Helv\u00e9cio Ratton, 1995) e <em>Tain\u00e1 \u2013 uma aventura na Amaz\u00f4nia<\/em> (dir. T\u00e2nia Lamarca e S\u00e9rgio Bloch, 2000).<\/p>\n\n\n\n<p>Outras mais recentes, como <em>DPA \u2013 Detetives do Pr\u00e9dio Azul<\/em> (Andr\u00e9 Pellenz, 2017) e <em>Turma da M\u00f4nica \u2013 La\u00e7os<\/em> (Daniel Resende, 2019) se apoiaram em franquias de sucesso para atrair grande p\u00fablico \u00e0s salas de cinema. Todas essas obras j\u00e1 passaram pelas sess\u00f5es do CineB Solar nos \u00faltimos anos do projeto.<\/p>\n\n\n\n<p>Com a anima\u00e7\u00e3o n\u00e3o foi diferente. Rompendo a barreira tecnol\u00f3gica, uma quantidade significativa de produ\u00e7\u00f5es come\u00e7ou a aparecer no cen\u00e1rio brasileiro, e hoje podem ser vistas em outros pa\u00edses e em plataformas de streaming.<\/p>\n\n\n\n<p>S\u00e9ries como <em>Any Malu Show<\/em> (Combo Est\u00fadio), <em>Show da Luna<\/em> (TV PinGuim) e a eterna <em>Turma da M\u00f4nica<\/em> (Mauricio de Sousa Produ\u00e7\u00f5es) j\u00e1 s\u00e3o hoje reconhecidas internacionalmente, destacando os trabalhos dos animadores e produtores brasileiros.<\/p>\n\n\n\n<p>O Brasil tem produ\u00e7\u00f5es listadas com frequ\u00eancia para o Oscar. <em>Tito e os p\u00e1ssaros <\/em>(Gustavo Steinberg, Gabriel Bitar e Andr\u00e9 Catoto, 2017) \u00e9 um desses filmes que fez sucesso internacional, mas tamb\u00e9m encantou o p\u00fablico do CineB Solar. O que prova que com condi\u00e7\u00f5es, o cinema brasileiro voa alto.<\/p>\n\n\n\n<p><strong>Online&nbsp;&nbsp;&nbsp;&nbsp;<\/strong><\/p>\n\n\n\n<p>Com a proposta de dar visibilidade a produ\u00e7\u00e3o nacional, o CineB online apresentou em suas mais recentes sess\u00f5es uma amostra da produ\u00e7\u00e3o desenvolvida pelos cineastas brasileiros. Dois dos curtas far\u00e3o parte das exibi\u00e7\u00f5es do projeto CineB Solar na janela nesse m\u00eas de agosto.<\/p>\n\n\n\n<p>As inven\u00e7\u00f5es de Akins (Ulisver Silva, 2017) teve exibi\u00e7\u00e3o pelo canal de youtube do projeto com a presen\u00e7a dos alunos e professores da UniSant\u2019Anna.<\/p>\n\n\n\n<p>O filme foi produzido com recursos oriundos do edital do Fundo de Investimentos Culturais FMIC 2017, realizado pela Prefeitura Municipal de Campo Grande. Projetos de fomento como esse mostram o quanto pol\u00edticas p\u00fablicas s\u00e3o importantes para a promo\u00e7\u00e3o da cultura e do cinema nacional.<\/p>\n\n\n\n<p>Na trama, o diretor resgata as experi\u00eancias vividas em sua inf\u00e2ncia e transporta para as telas de cinema atrav\u00e9s de Akins, um jovem garoto que se coloca a construir uma m\u00e1quina de Rude Goldberg, um divertido brinquedo constru\u00eddo com material reutilizado que demanda um grande planejamento para dar certo.<\/p>\n\n\n\n<figure class=\"wp-block-image size-full is-resized is-style-default\"><img fetchpriority=\"high\" decoding=\"async\" src=\"https:\/\/projetocineb.com.br\/wp-content\/uploads\/2021\/08\/ulisver-1.jpeg\" alt=\"\" class=\"wp-image-13068\" width=\"887\" height=\"494\" srcset=\"https:\/\/projetocineb.com.br\/wp-content\/uploads\/2021\/08\/ulisver-1.jpeg 1003w, https:\/\/projetocineb.com.br\/wp-content\/uploads\/2021\/08\/ulisver-1-300x167.jpeg 300w, https:\/\/projetocineb.com.br\/wp-content\/uploads\/2021\/08\/ulisver-1-768x428.jpeg 768w\" sizes=\"(max-width: 887px) 100vw, 887px\" \/><figcaption>foto: reprodu\u00e7\u00e3o<\/figcaption><\/figure>\n\n\n\n<p>Voc\u00ea pode acompanhar a apresenta\u00e7\u00e3o do curta e a participa\u00e7\u00e3o do diretor por aqui.<\/p>\n\n\n\n<p><a href=\"https:\/\/www.youtube.com\/watch? v=ThtzSD-qj0M\">https:\/\/www.youtube.com\/watch? v=ThtzSD-qj0M<\/a><\/p>\n\n\n\n<p>\u201cA inspira\u00e7\u00e3o do curta veio de experi\u00eancias da minha inf\u00e2ncia. Assim como o protagonista do curta, eu sou filho de m\u00e3e solteira. A minha inf\u00e2ncia \u00e9 basicamente isso que aparece no filme\u201d, relata o diretor.<\/p>\n\n\n\n<p>Ulisver Silva p\u00f4de ainda compartilhar com os participantes detalhes sobre a produ\u00e7\u00e3o do curta. \u201cFoi um filme de complexa execu\u00e7\u00e3o. Protagonista crian\u00e7a&#8230; brinquedo feito especialmente para o filme&#8230;desenho animado, efeitos especiais. Foi uma obra que a gente trabalhou no limite do que a gente conseguia fazer\u201d, aponta do diretor.<\/p>\n\n\n\n<p><strong>Anima\u00e7\u00e3o<\/strong><\/p>\n\n\n\n<p>Produzido tamb\u00e9m com fundos de edital de fomento para obras de anima\u00e7\u00e3o, o filme de Paula de Abrau foi selecionado pelo CineB online para ser apresentado aos participantes do&nbsp;CCA Nossa Senhora de F\u00e1tima, da institui\u00e7\u00e3o Santos M\u00e1rtires, na zona oeste paulista. A diretora do filme tamb\u00e9m p\u00f4de participar da live e contar os bastidores da elabora\u00e7\u00e3o do seu filme aos participantes presentes.<\/p>\n\n\n\n<figure class=\"wp-block-image size-full is-style-default\"><img decoding=\"async\" width=\"984\" height=\"521\" src=\"https:\/\/projetocineb.com.br\/wp-content\/uploads\/2021\/08\/paula-1.jpeg\" alt=\"\" class=\"wp-image-13067\" srcset=\"https:\/\/projetocineb.com.br\/wp-content\/uploads\/2021\/08\/paula-1.jpeg 984w, https:\/\/projetocineb.com.br\/wp-content\/uploads\/2021\/08\/paula-1-300x159.jpeg 300w, https:\/\/projetocineb.com.br\/wp-content\/uploads\/2021\/08\/paula-1-768x407.jpeg 768w\" sizes=\"(max-width: 984px) 100vw, 984px\" \/><figcaption>foto: reprodu\u00e7\u00e3o<\/figcaption><\/figure>\n\n\n\n<p>Voc\u00ea pode assistir a live atrav\u00e9s deste link aqui.<\/p>\n\n\n\n<p><a href=\"https:\/\/www.youtube.com\/watch?%20v=wLB1AJfWoRI\">https:\/\/www.youtube.com\/watch? v=wLB1AJfWoRI<\/a><\/p>\n\n\n\n<p><em>Gato the cat \u2013 O gato sem botas<\/em> (Paula Abreu, 2019) \u00e9 uma anima\u00e7\u00e3o que acompanha as aventuras de um simp\u00e1tico bichano que se envolve com uma bota m\u00e1gica e, acidentalmente, acaba em meio a uma fam\u00edlia de ladr\u00f5es interdimensionais. O curta abre espa\u00e7o para a continua\u00e7\u00e3o das aventuras do simp\u00e1tico gato, protagonista da hist\u00f3ria.<\/p>\n\n\n\n<figure class=\"wp-block-image size-large is-style-default\"><img decoding=\"async\" width=\"1024\" height=\"502\" src=\"https:\/\/projetocineb.com.br\/wp-content\/uploads\/2021\/07\/gato-sem-botas-paula-resende-1-1024x502.png\" alt=\"\" class=\"wp-image-13046\" srcset=\"https:\/\/projetocineb.com.br\/wp-content\/uploads\/2021\/07\/gato-sem-botas-paula-resende-1-1024x502.png 1024w, https:\/\/projetocineb.com.br\/wp-content\/uploads\/2021\/07\/gato-sem-botas-paula-resende-1-300x147.png 300w, https:\/\/projetocineb.com.br\/wp-content\/uploads\/2021\/07\/gato-sem-botas-paula-resende-1-768x377.png 768w, https:\/\/projetocineb.com.br\/wp-content\/uploads\/2021\/07\/gato-sem-botas-paula-resende-1.png 1869w\" sizes=\"(max-width: 1024px) 100vw, 1024px\" \/><\/figure>\n\n\n\n<p>\u201cNa verdade, o <em>Gato<\/em>&nbsp;tinha ganhado verba para fazer uma s\u00e9rie de 26 epis\u00f3dios. Depois disso ganhou uma verba para fazer um epis\u00f3dio de curta. Como o processo para conseguir a verba para a s\u00e9rie \u00e9 mais longo, acaba que fizemos o curta antes\u201d, aponta a cineasta.<\/p>\n\n\n\n<p>A expectativa \u00e9 que os 26 epis\u00f3dios sejam produzidos ao longo de quatro anos. Mas o piloto j\u00e1 poder\u00e1 ser conferido nas sess\u00f5es do CineB Solar na janela.<\/p>\n\n\n\n<p>As duas obras fazem parte da programa\u00e7\u00e3o do CineB Solar e poder\u00e3o ser acompanhadas nas pr\u00f3ximas exibi\u00e7\u00f5es do projeto.<\/p>\n\n\n\n<p><strong>Sobre o CineB Solar<\/strong><br>Criado em 2007 pelo Sindicato dos Banc\u00e1rios de S\u00e3o Paulo, Osasco e regi\u00e3o, o CineB passou a se chamar CineB Solar em 2018, quando passou a circular com uma van que gera, atrav\u00e9s de placas solares, a pr\u00f3pria energia consumida no evento. J\u00e1 atingiu um p\u00fablico superior a&nbsp;75 mil espectadores,&nbsp;160 bairros percorridos, em mais&nbsp;de 580 sess\u00f5es&nbsp;gratuitas realizadas em comunidades e universidades de S\u00e3o Paulo. Nesse momento de isolamento, para evitar aglomera\u00e7\u00f5es, se reinventaram e prepararam novos projetos: CineB on-line, CineB Solar na Janela e CineB Autorama, a\u00e7\u00f5es para que todos possam ficar em casa e se divertir com uma sess\u00e3o de cinema.<\/p>\n","protected":false},"excerpt":{"rendered":"<p>Gato The Cat \u2013 O gato sem botas e As inven\u00e7\u00f5es de Akins foram destaques no CineB online e v\u00e3o[&#8230;]<\/p>\n","protected":false},"author":4,"featured_media":13048,"comment_status":"open","ping_status":"open","sticky":false,"template":"","format":"standard","meta":[],"categories":[2,6,7],"tags":[97,193,213,234,260,263,357,426,537,569,948,1143,1184],"_links":{"self":[{"href":"https:\/\/projetocineb.com.br\/index.php?rest_route=\/wp\/v2\/posts\/13193"}],"collection":[{"href":"https:\/\/projetocineb.com.br\/index.php?rest_route=\/wp\/v2\/posts"}],"about":[{"href":"https:\/\/projetocineb.com.br\/index.php?rest_route=\/wp\/v2\/types\/post"}],"author":[{"embeddable":true,"href":"https:\/\/projetocineb.com.br\/index.php?rest_route=\/wp\/v2\/users\/4"}],"replies":[{"embeddable":true,"href":"https:\/\/projetocineb.com.br\/index.php?rest_route=%2Fwp%2Fv2%2Fcomments&post=13193"}],"version-history":[{"count":4,"href":"https:\/\/projetocineb.com.br\/index.php?rest_route=\/wp\/v2\/posts\/13193\/revisions"}],"predecessor-version":[{"id":13972,"href":"https:\/\/projetocineb.com.br\/index.php?rest_route=\/wp\/v2\/posts\/13193\/revisions\/13972"}],"wp:featuredmedia":[{"embeddable":true,"href":"https:\/\/projetocineb.com.br\/index.php?rest_route=\/wp\/v2\/media\/13048"}],"wp:attachment":[{"href":"https:\/\/projetocineb.com.br\/index.php?rest_route=%2Fwp%2Fv2%2Fmedia&parent=13193"}],"wp:term":[{"taxonomy":"category","embeddable":true,"href":"https:\/\/projetocineb.com.br\/index.php?rest_route=%2Fwp%2Fv2%2Fcategories&post=13193"},{"taxonomy":"post_tag","embeddable":true,"href":"https:\/\/projetocineb.com.br\/index.php?rest_route=%2Fwp%2Fv2%2Ftags&post=13193"}],"curies":[{"name":"wp","href":"https:\/\/api.w.org\/{rel}","templated":true}]}}