{"id":13196,"date":"2021-09-11T19:19:14","date_gmt":"2021-09-11T22:19:14","guid":{"rendered":"http:\/\/projetocineb.com.br\/?p=13156"},"modified":"2021-12-17T19:00:52","modified_gmt":"2021-12-17T22:00:52","slug":"cineb-online-conversa-com-a-diretora-patricia-lobo","status":"publish","type":"post","link":"https:\/\/projetocineb.com.br\/?p=13196","title":{"rendered":"CineB online conversa com a diretora Patr\u00edcia Lobo"},"content":{"rendered":"<blockquote><p>Live contar\u00e1 com a exibi\u00e7\u00e3o do trailer do filme e bate papo sobre a realiza\u00e7\u00e3o do longa de estreia da cineasta paulista<\/p><\/blockquote>\n<figure id=\"attachment_13160\" aria-describedby=\"caption-attachment-13160\" style=\"width: 577px\" class=\"wp-caption aligncenter\"><a href=\"http:\/\/projetocineb.com.br\/?attachment_id=13160\" rel=\"attachment wp-att-13160\"><img fetchpriority=\"high\" decoding=\"async\" class=\" wp-image-13160\" src=\"http:\/\/projetocineb.com.br\/wp-content\/uploads\/2021\/09\/WhatsApp-Image-2021-09-11-at-18.37.20-2.jpeg\" alt=\"\" width=\"577\" height=\"347\" \/><\/a><figcaption id=\"caption-attachment-13160\" class=\"wp-caption-text\">A cineasta paulistana Patr\u00edcia Lobo estreia com longa metragem autoral.<\/figcaption><\/figure>\n<p>&nbsp;<\/p>\n<p>texto: Eduardo Vin\u00e9 Boldt<\/p>\n<p>&nbsp;<\/p>\n<p>O CineB online realizar\u00e1 uma live com a cineasta paulista Patr\u00edcia Lobo. O projeto apresentar\u00e1 o trailer de seu primeiro longa-metragem, <em>\u201cO Palha\u00e7o, Deserto\u201d<\/em>, na quinta-feira (16) \u00e0s 19 horas. O filme teve apoio do Sindicato dos Banc\u00e1rios de S\u00e3o Paulo, Osasco e regi\u00e3o.<\/p>\n<p>O evento contar\u00e1 ainda com a participa\u00e7\u00e3o de Airton Rosa (ator do filme), Marcos do Amaral (ator e diretor do sindicato), Marcelo Gon\u00e7alves (secret\u00e1rio cultural do sindicato dos banc\u00e1rios) e Cid\u00e1lio Vieira Santos (coordenador CineB).<\/p>\n<p><a href=\"http:\/\/projetocineb.com.br\/?attachment_id=13158\" rel=\"attachment wp-att-13158\"><img decoding=\"async\" class=\"aligncenter wp-image-13158\" src=\"http:\/\/projetocineb.com.br\/wp-content\/uploads\/2021\/09\/face-cineb-16-9.png\" alt=\"\" width=\"470\" height=\"470\" \/><\/a><\/p>\n<p>Patr\u00edcia assina a dire\u00e7\u00e3o e o roteiro do longa que estreou no dia 2 de setembro em circuito nacional. <em>\u201cO Palha\u00e7o, Deserto\u201d<\/em> participou recentemente da 74\u00aa edi\u00e7\u00e3o do Festival de Cannes, na mostra <em>\u201cMarch\u00e9 du Film\u201d<\/em>, evento que tem como prop\u00f3sito aproximar realizadores de exibidores e players do mercado audiovisual mundial, oferecendo uma oportunidade de neg\u00f3cios para os produtores participantes. Ainda em setembro o filme chega \u00e0s telas portuguesas.<\/p>\n<p>&nbsp;<\/p>\n<p><strong>Enredo<\/strong><\/p>\n<p>O filme conta a hist\u00f3ria o palha\u00e7o Cidad\u00e3o, interpretado por Paulo Jord\u00e3o, que depois de 47 anos de atividade art\u00edstica resolve se aposentar e encontra dificuldades de se adaptar a sua nova condi\u00e7\u00e3o. Pradinho, vivido por Andr\u00e9 Ceccato, busca apoiar o protagonista em sua jornada.<\/p>\n<p>O longa aborda de forma po\u00e9tica temas atuais, com forte posicionamento pol\u00edtico \u201cO filme \u00e9 um registro. \u00c9 uma mem\u00f3ria. \u00c9 atual e retrata alguns dos pontos discutidos nos \u00faltimos 5 anos. Desde alguns retrocessos em rela\u00e7\u00e3o \u00e0 Previd\u00eancia Social Brasileira, a precariza\u00e7\u00e3o dos direitos trabalhistas, a viol\u00eancia contra mulher, o machismo e especula\u00e7\u00e3o imobili\u00e1ria, sempre por meio de di\u00e1logos em situa\u00e7\u00f5es cotidianas retratando cidad\u00e3os comuns\u201d relata a diretora.<\/p>\n<p><em>&#8220;O Palha\u00e7o, Deserto&#8221;<\/em> tamb\u00e9m foi o \u00faltimo filme com a participa\u00e7\u00e3o de Andr\u00e9 Ceccato, que faleceu no dia 26 de julho desse ano. O ator teve participa\u00e7\u00f5es em diversos filmes do cinema nacional, como <em>Bicho de Sete Cabe\u00e7as<\/em> (Lais Bodansky, 2000) e <em>Carandiru<\/em> (Hector Babenco, 2003). Na s\u00e9rie para televis\u00e3o <em>Carandiru<\/em> (Tv Globo) ele repetiu o papel, interpretando o personagem Barba.<\/p>\n<p>&nbsp;<\/p>\n<p><strong>Banc\u00e1rios<\/strong><\/p>\n<p>A obra teve apoio do Sindicato dos Banc\u00e1rios de S\u00e3o Paulo, Osasco e regi\u00e3o. Al\u00e9m do incentivo ao cinema brasileiro independente, a entidade esteve presente com um representante na equipe art\u00edstica do longa, com a participa\u00e7\u00e3o de Marcos do Amaral, que divide a atividade de diretor da entidade e de ator.<\/p>\n<figure id=\"attachment_13159\" aria-describedby=\"caption-attachment-13159\" style=\"width: 429px\" class=\"wp-caption aligncenter\"><a href=\"http:\/\/projetocineb.com.br\/?attachment_id=13159\" rel=\"attachment wp-att-13159\"><img decoding=\"async\" class=\" wp-image-13159\" src=\"http:\/\/projetocineb.com.br\/wp-content\/uploads\/2021\/09\/WhatsApp-Image-2021-09-11-at-18.35.32.jpeg\" alt=\"\" width=\"429\" height=\"388\" \/><\/a><figcaption id=\"caption-attachment-13159\" class=\"wp-caption-text\">O ator e diretor sindical Marcos do Amaral participou do filme &#8220;O Palha\u00e7o, Deserto&#8221;<\/figcaption><\/figure>\n<p>Marcos ressalta que assuntos importantes para os trabalhadores s\u00e3o abordados pelo filme. \u201cAssuntos como as reformas terr\u00edveis, como a reforma da previd\u00eancia,\u00a0 inviabilizando o sonho da aposentadoria de muita gente; como a reforma \u00a0trabalhista, retirando direitos hist\u00f3ricos. Fala sobre a especula\u00e7\u00e3o imobili\u00e1ria, sobre o com\u00e9rcio da f\u00e9&#8230; n\u00e3o da f\u00e9 ess\u00eancia de &#8220;alma&#8221;, mas a f\u00e9 que acaba sendo mercantilizada. S\u00e3o v\u00e1rias quest\u00f5es que a gente vivencia, como por exemplo o golpe! O golpe em todos os sentidos\u201d aponta o ator e diretor do sindicato.<\/p>\n<p>Para Cid\u00e1lio Vieira, coordenador do CineB, o car\u00e1ter autoral da obra possibilita abordar temas mais pr\u00f3ximos da realidade brasileira. \u201c\u00c9 um belo filme. Representa nosso pa\u00eds em v\u00e1rias camadas. Po\u00e9tico e diferente, traz uma verdade em sua atua\u00e7\u00e3o que emociona em v\u00e1rios momentos. \u00a0Um filme muito po\u00e9tico e completamente pol\u00edtico. Viva o cinema independente que tem a liberdade de explicitar temas de maneira n\u00e3o muito usuais!!\u201d celebra o coordenador.<\/p>\n<p>&nbsp;<\/p>\n<p><a href=\"http:\/\/projetocineb.com.br\/?attachment_id=13166\" rel=\"attachment wp-att-13166\"><img loading=\"lazy\" decoding=\"async\" class=\"aligncenter wp-image-13166\" src=\"http:\/\/projetocineb.com.br\/wp-content\/uploads\/2021\/09\/ficha-tecnica-opalh-1.jpg\" alt=\"\" width=\"461\" height=\"516\" \/><\/a><\/p>\n<p><strong>Sobre o CineB Solar<\/strong><br \/>\nCriado em 2007 pelo Sindicato dos Banc\u00e1rios de S\u00e3o Paulo, Osasco e regi\u00e3o, o CineB passou a se chamar CineB Solar em 2018, quando passou a circular com uma van que gera, atrav\u00e9s de placas solares, a pr\u00f3pria energia consumida no evento. J\u00e1 atingiu um p\u00fablico superior a\u00a075 mil espectadores,\u00a0160 bairros percorridos, em mais\u00a0de 580 sess\u00f5es\u00a0gratuitas realizadas em comunidades e universidades de S\u00e3o Paulo. Nesse momento de isolamento, para evitar aglomera\u00e7\u00f5es, se reinventaram e prepararam novos projetos: CineB on-line, CineB Solar na Janela e CineB Autorama, a\u00e7\u00f5es para que todos possam ficar em casa e se divertir com uma sess\u00e3o de cinema.<\/p>\n","protected":false},"excerpt":{"rendered":"<p>Live contar\u00e1 com a exibi\u00e7\u00e3o do trailer do filme e bate papo sobre a realiza\u00e7\u00e3o do longa de estreia da[&#8230;]<\/p>\n","protected":false},"author":4,"featured_media":13162,"comment_status":"open","ping_status":"open","sticky":false,"template":"","format":"standard","meta":[],"categories":[10],"tags":[],"_links":{"self":[{"href":"https:\/\/projetocineb.com.br\/index.php?rest_route=\/wp\/v2\/posts\/13196"}],"collection":[{"href":"https:\/\/projetocineb.com.br\/index.php?rest_route=\/wp\/v2\/posts"}],"about":[{"href":"https:\/\/projetocineb.com.br\/index.php?rest_route=\/wp\/v2\/types\/post"}],"author":[{"embeddable":true,"href":"https:\/\/projetocineb.com.br\/index.php?rest_route=\/wp\/v2\/users\/4"}],"replies":[{"embeddable":true,"href":"https:\/\/projetocineb.com.br\/index.php?rest_route=%2Fwp%2Fv2%2Fcomments&post=13196"}],"version-history":[{"count":1,"href":"https:\/\/projetocineb.com.br\/index.php?rest_route=\/wp\/v2\/posts\/13196\/revisions"}],"predecessor-version":[{"id":13246,"href":"https:\/\/projetocineb.com.br\/index.php?rest_route=\/wp\/v2\/posts\/13196\/revisions\/13246"}],"wp:featuredmedia":[{"embeddable":true,"href":"https:\/\/projetocineb.com.br\/index.php?rest_route=\/wp\/v2\/media\/13162"}],"wp:attachment":[{"href":"https:\/\/projetocineb.com.br\/index.php?rest_route=%2Fwp%2Fv2%2Fmedia&parent=13196"}],"wp:term":[{"taxonomy":"category","embeddable":true,"href":"https:\/\/projetocineb.com.br\/index.php?rest_route=%2Fwp%2Fv2%2Fcategories&post=13196"},{"taxonomy":"post_tag","embeddable":true,"href":"https:\/\/projetocineb.com.br\/index.php?rest_route=%2Fwp%2Fv2%2Ftags&post=13196"}],"curies":[{"name":"wp","href":"https:\/\/api.w.org\/{rel}","templated":true}]}}