{"id":1343,"date":"2010-09-12T01:09:59","date_gmt":"2010-09-12T04:09:59","guid":{"rendered":"http:\/\/projetocineb.com.br\/?p=1343"},"modified":"2010-09-12T01:09:59","modified_gmt":"2010-09-12T04:09:59","slug":"ermelino-matarazzo","status":"publish","type":"post","link":"https:\/\/projetocineb.com.br\/?p=1343","title":{"rendered":"ERMELINO MATARAZZO"},"content":{"rendered":"<p><em>Fotos de Vivian Szelpal<\/em><\/p>\n<p>O Cine B fez <span style=\"color: #ff6600;\">duas exibi\u00e7\u00f5es no dia 9 de setembro no Centro de Educa\u00e7\u00e3o Popular Nossa Senhora da Aparecida, em Ermelino Matarazzo, zona leste de S\u00e3o Paulo<\/span>. A primeira exibi\u00e7\u00e3o, 15h, foi <span style=\"color: #ff6600;\">especial para os adolescentes que participam dos cursos no Centro. A segunda exibi\u00e7\u00e3o, 19h, atendeu jovens e adultos moradores da comunidade e estudantes do MOVA (Movimento de Alfabetiza\u00e7\u00e3o de Jovens e Adultos).<\/span><\/p>\n<p style=\"text-align: center;\"><span style=\"color: #ff6600;\"> <\/span><\/p>\n<figure id=\"attachment_1364\" aria-describedby=\"caption-attachment-1364\" style=\"width: 384px\" class=\"wp-caption aligncenter\"><a href=\"http:\/\/projetocineb.com.br\/wp-content\/uploads\/2010\/09\/ermelino021.jpg\"><img fetchpriority=\"high\" decoding=\"async\" class=\"size-full wp-image-1364  \" title=\"A comunidade de Ermelino Matarazzo assistiu o filme Besouro, de XX\" src=\"http:\/\/projetocineb.com.br\/wp-content\/uploads\/2010\/09\/ermelino021.jpg\" alt=\"A comunidade de Ermelino Matarazzo assistiu o filme Besouro, de XX\" width=\"384\" height=\"255\" \/><\/a><figcaption id=\"caption-attachment-1364\" class=\"wp-caption-text\">A comunidade de Ermelino Matarazzo assistiu o filme Besouro, de Jo\u00e3o Daniel Tikhomiroff<\/figcaption><\/figure>\n<p><span style=\"color: #ff6600;\"> <\/span>\u201cAs pessoas de nossa comunidade gostam da dramatiza\u00e7\u00e3o dos fatos, por isso sempre buscamos parcerias para a realiza\u00e7\u00e3o de eventos culturais como o Cine B. Aqui no Centro j\u00e1 tivemos apresenta\u00e7\u00f5es de teatro, dan\u00e7a, m\u00fasica realizados pelos pr\u00f3prios alunos, pois esses eventos ampliam o universo cultural desses jovens\u201d, disse Sonia Maria Fonseca, coordenadora geral do Centro de Educa\u00e7\u00e3o Popular Nossa Senhora da Aparecida.<\/p>\n<p><span style=\"color: #ff6600;\">\u201cJ\u00e1 tinha ouvido falar do Cine B. O cinema realmente ajuda a unir a comunidade, al\u00e9m de auxiliar o ensino em sala de aula, j\u00e1 que os assuntos tratados nos filmes podem ser debatidos por alunos e professores, al\u00e9m de ser uma forma da periferia ter acesso f\u00e1cil a cultura brasileira\u201d, disse o professor Chico de Ermelino Matarazzo, representante do Sindicato dos Professores.<\/span><\/p>\n<p>\u201cEu tenho 49 anos e h\u00e1 8 meses fui pela primeira vez no cinema porque minha filha convidou. Quando era mais jovem, n\u00e3o tinha cinema perto de mim, e depois quando casei n\u00e3o tinha tempo ou h\u00e1bito de ir. Mas o cinema \u00e9 muito interessante, hoje \u00e9 minha terceira vez e estou adorando\u201d, disse a estudante do MOVA, Lucileide Luzinete Luna.<\/p>\n<p><span style=\"color: #ff6600;\">J\u00e1 dona Raimunda Etelvina da Silva foi pela primeira vez ao cinema neste Cine B. \u201cN\u00e3o pensei duas vezes para vir\u201d, disse dona Raimunda.<\/span><\/p>\n<p style=\"text-align: center;\">\n<figure id=\"attachment_1352\" aria-describedby=\"caption-attachment-1352\" style=\"width: 384px\" class=\"wp-caption aligncenter\"><a href=\"http:\/\/projetocineb.com.br\/wp-content\/uploads\/2010\/09\/ermelino009.jpg\"><img decoding=\"async\" class=\"size-full wp-image-1352  \" title=\"Raimunda Etelvina da Silva acompanhada de seu neto Josu\u00e9 de Souza Ferreira de 13 anos\" src=\"http:\/\/projetocineb.com.br\/wp-content\/uploads\/2010\/09\/ermelino009.jpg\" alt=\"Raimunda Etelvina da Silva acompanhada de seu neto Josu\u00e9 de Souza Ferreira de 13 anos\" width=\"384\" height=\"255\" \/><\/a><figcaption id=\"caption-attachment-1352\" class=\"wp-caption-text\">Aluna da quarta-s\u00e9rie do MOVA e que em breve disse come\u00e7ar o curso de inform\u00e1tica para mexer sozinha no computador, dona Raimunda Etelvina da Silva acompanhada do neto Josu\u00e9 de Souza Ferreira, 13 anos<\/figcaption><\/figure>\n<p>\u201cPara n\u00f3s esta \u00e9 uma exibi\u00e7\u00e3o muito especial, nossa primeira vez realizando duas sess\u00f5es de cinema no mesmo dia. Queremos chegar nos jovens que participam dos cursos de tarde e em voc\u00eas do MOVA que estudam \u00e0 noite\u201d, disse Cid\u00e1lio Vieira Santos, da Brazucah Produ\u00e7\u00f5es, na segunda abertura do Cine B.<\/p>\n<p>H\u00e1 19 anos, Centro de Educa\u00e7\u00e3o Popular Nossa Senhora da Aparecida \u00e9 uma ONG que tem o objetivo de melhorar a comunidade do entorno. Atualmente 280 crian\u00e7as e adolescentes participam de atividades direcionadas para cada faixa et\u00e1ria. \u201cDe uma forma geral, apostamos em atividades socio-educativas, ampliando o universo cultural desses jovens. Para aqueles que j\u00e1 passaram dos 18 anos, damos cursos profissionalizantes e encaminhamos para o primeiro emprego\u201d, disse Sonia Maria Fonseca, coordenadora geral do Centro de Educa\u00e7\u00e3o, onde tamb\u00e9m s\u00e3o ministrados cursos de teatro, dan\u00e7a e saraus de poesia.<\/p>\n<p style=\"text-align: center;\">\n<figure id=\"attachment_1361\" aria-describedby=\"caption-attachment-1361\" style=\"width: 384px\" class=\"wp-caption aligncenter\"><a href=\"http:\/\/projetocineb.com.br\/wp-content\/uploads\/2010\/09\/ermelino018.jpg\"><img decoding=\"async\" class=\"size-full wp-image-1361  \" title=\"Na abertura da segunda exibi\u00e7\u00e3o, Chico, educadores do MOVA e Cid\u00e1lio Vieira Santos, coordenador do Cine B\" src=\"http:\/\/projetocineb.com.br\/wp-content\/uploads\/2010\/09\/ermelino018.jpg\" alt=\"Na abertura da segunda exibi\u00e7\u00e3o, Chico, educadores do MOVA e Cid\u00e1lio Vieira Santos, coordenador do Cine B\" width=\"384\" height=\"255\" \/><\/a><figcaption id=\"caption-attachment-1361\" class=\"wp-caption-text\">Na abertura da segunda exibi\u00e7\u00e3o, Chico do Sindicato dos Professores, as educadores do MOVA Sandra Concei\u00e7\u00e3o da Silva e Dijanira Santos da Silva com a diretora do Centro de Juventude, Ana Paula Dutra e Cid\u00e1lio Vieira Santos, coordenador do Cine B<\/figcaption><\/figure>\n<p>\u201cNos cursos de teatro e dan\u00e7a, sempre buscamos rediscutir os problemas que temos por aqui e resgatar a hist\u00f3ria do bairro de Ermelino Matarazzo. Em parceria com o CDI (<a href=\"http:\/\/www.cdi.org.br\/page\/sobre-o-cdi\">Comit\u00ea para Democratiza\u00e7\u00e3o da Inform\u00e1tica<\/a>), no ano passado alunos do Centro produziram um v\u00eddeo com os celulares sobre o lixo. E hoje podemos dizer que este trabalho \u00e9 complementado com o Cine B\u201d, disse Ricardo Cardoso, vice-presidente do Centro de Educa\u00e7\u00e3o.<\/p>\n<p>\u201cO resultado deste trabalho na comunidade \u00e9 f\u00e1cil de encontrar. Outro dia mesmo uma aluna nossa foi visitar o trabalho da m\u00e3e que \u00e9 dom\u00e9stica, e l\u00e1 na casa a menina identificou um quadro da Tarsila do Amaral. A patroa ficou impressionada e a m\u00e3e veio me contar que aquele dia sentiu muito orgulho da educa\u00e7\u00e3o que a filha estava recebendo aqui\u201d, disse Sonia Maria Fonseca.<\/p>\n<p style=\"text-align: center;\">\n<figure id=\"attachment_1348\" aria-describedby=\"caption-attachment-1348\" style=\"width: 319px\" class=\"wp-caption aligncenter\"><a href=\"http:\/\/projetocineb.com.br\/wp-content\/uploads\/2010\/09\/ermelino005.jpg\"><img loading=\"lazy\" decoding=\"async\" class=\"size-full wp-image-1348 \" title=\"Sonia Maria Fonseca e Cid\u00e1lio Vieira Santos, da Brazucah Produ\u00e7\u00f5es\" src=\"http:\/\/projetocineb.com.br\/wp-content\/uploads\/2010\/09\/ermelino005.jpg\" alt=\"Sonia Maria Fonseca e Cid\u00e1lio Vieira Santos, da Brazucah Produ\u00e7\u00f5es\" width=\"319\" height=\"480\" \/><\/a><figcaption id=\"caption-attachment-1348\" class=\"wp-caption-text\">Sonia Maria Fonseca e Cid\u00e1lio Vieira Santos, da Brazucah Produ\u00e7\u00f5es<\/figcaption><\/figure>\n<h2><span style=\"color: #008000;\">RESGATE HIST\u00d3RICO<\/span><\/h2>\n<p>O Ricardo Cardoso, vice-presidente do Centro de Educa\u00e7\u00e3o, coordenou ano passado uma atividade com os jovens de pesquisa da hist\u00f3ria do bairro. Selecionei alguns trechos de nossa conversa.<\/p>\n<p>\u201cEm <span style=\"color: #ff6600;\">7 de fevereiro de 1926 <\/span>aqui foi constru\u00edda a <span style=\"color: #ff6600;\">esta\u00e7\u00e3o de trem<\/span> <span style=\"color: #ff6600;\">Comendador Ermelino Matarazzo, nome do falecido filho de Francisco Matarazzo<\/span>. Francisco foi um empres\u00e1rio de vis\u00e3o, que construiu aqui em volta diversas f\u00e1bricas que produziam os tijolos, lat\u00f5es, parafusos e outros produtos muito utilizados pelo pr\u00f3prio empres\u00e1rio em seus neg\u00f3cios. Aqui onde hoje \u00e9 o Centro na \u00e9poca era uma floresta de eucaliptos. Por diversificar demais seus neg\u00f3cios e outros empres\u00e1rios se especializarem, acredito que Francisco tenha perdido for\u00e7as nos neg\u00f3cios e o contraiu diversas d\u00edvidas. Logo toda esta \u00e1rea ficou abandonada. Mas <span style=\"color: #ff6600;\">antes desse decl\u00ednio o empres\u00e1rio construiu um bairro aqui para seus funcion\u00e1rios. At\u00e9 hotel tinha por aqui, o qual abrigava os engenheiros e outros empres\u00e1rios que visitavam a regi\u00e3o. Por aqui chegou a ter 3 cinemas, que hoje n\u00e3o existem mais, assim como o hotel e as casas constru\u00eddas.<\/span> Com o abandono da \u00e1rea a <span style=\"color: #ff6600;\">ocupa\u00e7\u00e3o popular<\/span> veio crescendo, tendo seu \u00e1pice em nas <span style=\"color: #ff6600;\">d\u00e9cadas de 70 e 80<\/span>. No governo de <span style=\"color: #ff6600;\">Luiza Erundina<\/span>, gra\u00e7as a uma uni\u00e3o da comunidade, na qual a Sonia Fonseca estava atuando tamb\u00e9m, conseguiram a <span style=\"color: #ff6600;\">oficializa\u00e7\u00e3o da moradia e o nome do bairro continuou a ser Ermelino Matarazzo\u201d<\/span>, disse Ricardo.<\/p>\n<p><strong><span style=\"color: #ff6600;\">Se voc\u00ea souber a hist\u00f3ria de sua comunidade, comente aqui no blog!<\/span><\/strong><\/p>\n<h2><span style=\"color: #008000;\">CLICKS<\/span><\/h2>\n<p style=\"text-align: center;\">\n<figure id=\"attachment_1356\" aria-describedby=\"caption-attachment-1356\" style=\"width: 384px\" class=\"wp-caption aligncenter\"><a href=\"http:\/\/projetocineb.com.br\/wp-content\/uploads\/2010\/09\/ermelino013.jpg\"><img loading=\"lazy\" decoding=\"async\" class=\"size-full wp-image-1356  \" title=\"Cid\u00e1lio fala sobre o nosso blog para o p\u00fablico que vai chegando ao Cine B\" src=\"http:\/\/projetocineb.com.br\/wp-content\/uploads\/2010\/09\/ermelino013.jpg\" alt=\"Cid\u00e1lio fala sobre o nosso blog para o p\u00fablico que vai chegando ao Cine B\" width=\"384\" height=\"255\" \/><\/a><figcaption id=\"caption-attachment-1356\" class=\"wp-caption-text\">Cid\u00e1lio fala sobre o nosso blog para o p\u00fablico que vai chegando ao Cine B<\/figcaption><\/figure>\n<p style=\"text-align: center;\">\n<figure id=\"attachment_1344\" aria-describedby=\"caption-attachment-1344\" style=\"width: 384px\" class=\"wp-caption aligncenter\"><a href=\"http:\/\/projetocineb.com.br\/wp-content\/uploads\/2010\/09\/ermelino001.jpg\"><img loading=\"lazy\" decoding=\"async\" class=\"size-full wp-image-1344  \" title=\"Taynara Elis Vilela Machado e Jessica da Silva Brito, ambas de 15 anos que fazem os cursos de teatro e inform\u00e1tica, acompanhadas de Felipe Roseno Ferreira, 15, que come\u00e7ou a poucas semanas o curso de serigrafia\" src=\"http:\/\/projetocineb.com.br\/wp-content\/uploads\/2010\/09\/ermelino001.jpg\" alt=\"Taynara Elis Vilela Machado e Jessica da Silva Brito, ambas de 15 anos que fazem os cursos de teatro e inform\u00e1tica, acompanhadas de Felipe Roseno Ferreira, 15, que come\u00e7ou a poucas semanas o curso de serigrafia\" width=\"384\" height=\"255\" \/><\/a><figcaption id=\"caption-attachment-1344\" class=\"wp-caption-text\">Taynara Elis Vilela Machado e Jessica da Silva Brito, ambas de 15 anos que fazem os cursos de teatro e inform\u00e1tica, acompanhadas de Felipe Roseno Ferreira, 15, que come\u00e7ou a poucas semanas o curso de serigrafia<\/figcaption><\/figure>\n<p style=\"text-align: center;\">\n<figure id=\"attachment_1345\" aria-describedby=\"caption-attachment-1345\" style=\"width: 384px\" class=\"wp-caption aligncenter\"><a href=\"http:\/\/projetocineb.com.br\/wp-content\/uploads\/2010\/09\/ermelino002.jpg\"><img loading=\"lazy\" decoding=\"async\" class=\"size-full wp-image-1345  \" title=\"Ed Carlos Silva dos Santos, do curso de inform\u00e1tica, Jaciel Jo\u00e3o dos Santos e Ulisses Teixeira dos Santos, que fazem serigrafia e curso complemetar \u2013 preparat\u00f3rio para o primeiro emprego\" src=\"http:\/\/projetocineb.com.br\/wp-content\/uploads\/2010\/09\/ermelino002.jpg\" alt=\"Ed Carlos Silva dos Santos, do curso de inform\u00e1tica, Jaciel Jo\u00e3o dos Santos e Ulisses Teixeira dos Santos, que fazem serigrafia e curso complemetar \u2013 preparat\u00f3rio para o primeiro emprego\" width=\"384\" height=\"255\" \/><\/a><figcaption id=\"caption-attachment-1345\" class=\"wp-caption-text\">Ed Carlos Silva dos Santos, do curso de inform\u00e1tica, Jaciel Jo\u00e3o dos Santos e Ulisses Teixeira dos Santos, que fazem serigrafia e curso complemetar \u2013 preparat\u00f3rio para o primeiro emprego<\/figcaption><\/figure>\n<p style=\"text-align: center;\">\n<figure id=\"attachment_1346\" aria-describedby=\"caption-attachment-1346\" style=\"width: 384px\" class=\"wp-caption aligncenter\"><a href=\"http:\/\/projetocineb.com.br\/wp-content\/uploads\/2010\/09\/ermelino003.jpg\"><img loading=\"lazy\" decoding=\"async\" class=\"size-full wp-image-1346  \" title=\"Thiago Ribeiro de Jesus, Gislaine dos Santos Ferreira e Mirian Choque que cursam inform\u00e1tica\" src=\"http:\/\/projetocineb.com.br\/wp-content\/uploads\/2010\/09\/ermelino003.jpg\" alt=\"Thiago Ribeiro de Jesus, Gislaine dos Santos Ferreira e Mirian Choque que cursam inform\u00e1tica\" width=\"384\" height=\"255\" \/><\/a><figcaption id=\"caption-attachment-1346\" class=\"wp-caption-text\">Thiago Ribeiro de Jesus, Gislaine dos Santos Ferreira e Mirian Choque que cursam inform\u00e1tica<\/figcaption><\/figure>\n<p style=\"text-align: center;\">\n<figure id=\"attachment_1349\" aria-describedby=\"caption-attachment-1349\" style=\"width: 384px\" class=\"wp-caption aligncenter\"><a href=\"http:\/\/projetocineb.com.br\/wp-content\/uploads\/2010\/09\/ermelino006.jpg\"><img loading=\"lazy\" decoding=\"async\" class=\"size-full wp-image-1349  \" title=\"Kelvin Teixeira dos Santos, Carlos Henrique farias Pereiria que cursam serigrafia que elegeram Cidade de Deus e Carandiru como os melhores filmes brasileiros\" src=\"http:\/\/projetocineb.com.br\/wp-content\/uploads\/2010\/09\/ermelino006.jpg\" alt=\"Kelvin Teixeira dos Santos, Carlos Henrique farias Pereiria que cursam serigrafia que elegeram Cidade de Deus e Carandiru como os melhores filmes brasileiros\" width=\"384\" height=\"255\" \/><\/a><figcaption id=\"caption-attachment-1349\" class=\"wp-caption-text\">Kelvin Teixeira dos Santos, Carlos Henrique farias Pereiria que cursam serigrafia que elegeram Cidade de Deus e Carandiru como os melhores filmes brasileiros<\/figcaption><\/figure>\n<p style=\"text-align: center;\">\n<figure id=\"attachment_1350\" aria-describedby=\"caption-attachment-1350\" style=\"width: 384px\" class=\"wp-caption aligncenter\"><a href=\"http:\/\/projetocineb.com.br\/wp-content\/uploads\/2010\/09\/ermelino007.jpg\"><img loading=\"lazy\" decoding=\"async\" class=\"size-full wp-image-1350  \" title=\"Uma foto de alguns estudantes do Centro que estiveram conosco neste Cine B\" src=\"http:\/\/projetocineb.com.br\/wp-content\/uploads\/2010\/09\/ermelino007.jpg\" alt=\"Uma foto de alguns estudantes do Centro que estiveram conosco neste Cine B\" width=\"384\" height=\"255\" \/><\/a><figcaption id=\"caption-attachment-1350\" class=\"wp-caption-text\">Estudantes do Centro de Educa\u00e7\u00e3o Popular Nossa Senhora da Aparecida que estiveram conosco neste Cine B<\/figcaption><\/figure>\n<p>Israel de Freitas e Denis da Projesom<\/p>\n<p style=\"text-align: center;\">\n<figure id=\"attachment_1353\" aria-describedby=\"caption-attachment-1353\" style=\"width: 384px\" class=\"wp-caption aligncenter\"><a href=\"http:\/\/projetocineb.com.br\/wp-content\/uploads\/2010\/09\/ermelino010.jpg\"><img loading=\"lazy\" decoding=\"async\" class=\"size-full wp-image-1353  \" title=\"Antonia Maria da Concei\u00e7\u00e3o Lima e Maria de Jesus Lima, moradoras do bairro de Ermelino Matarazzo\" src=\"http:\/\/projetocineb.com.br\/wp-content\/uploads\/2010\/09\/ermelino010.jpg\" alt=\"Antonia Maria da Concei\u00e7\u00e3o Lima e Maria de Jesus Lima, moradoras do bairro de Ermelino Matarazzo\" width=\"384\" height=\"255\" \/><\/a><figcaption id=\"caption-attachment-1353\" class=\"wp-caption-text\">Antonia Maria da Concei\u00e7\u00e3o Lima e Maria de Jesus Lima, moradoras do bairro de Ermelino Matarazzo<\/figcaption><\/figure>\n<p style=\"text-align: center;\">\n<figure id=\"attachment_1358\" aria-describedby=\"caption-attachment-1358\" style=\"width: 384px\" class=\"wp-caption aligncenter\"><a href=\"http:\/\/projetocineb.com.br\/wp-content\/uploads\/2010\/09\/ermelino015.jpg\"><img loading=\"lazy\" decoding=\"async\" class=\"size-full wp-image-1358  \" title=\"Os pimentinhas: Fl\u00e1vio Henrique Farias Silva, 13, Jeferson Marques Pires Filho, 14, Richard Marques Pires Filho, 13, Igor Nascimento, 13 e Marcos Martins Pires de 14 anos\" src=\"http:\/\/projetocineb.com.br\/wp-content\/uploads\/2010\/09\/ermelino015.jpg\" alt=\"Os pimentinhas: Fl\u00e1vio Henrique Farias Silva, 13, Jeferson Marques Pires Filho, 14, Richard Marques Pires Filho, 13, Igor Nascimento, 13 e Marcos Martins Pires de 14 anos\" width=\"384\" height=\"255\" \/><\/a><figcaption id=\"caption-attachment-1358\" class=\"wp-caption-text\">Os pimentinhas: Fl\u00e1vio Henrique Farias Silva, 13, Jeferson Marques Pires Filho, 14, Richard Marques Pires Filho, 13, Igor Nascimento, 13 e Marcos Martins Pires de 14 anos<\/figcaption><\/figure>\n<p style=\"text-align: center;\">\n<figure id=\"attachment_1354\" aria-describedby=\"caption-attachment-1354\" style=\"width: 384px\" class=\"wp-caption aligncenter\"><a href=\"http:\/\/projetocineb.com.br\/wp-content\/uploads\/2010\/09\/ermelino011.jpg\"><img loading=\"lazy\" decoding=\"async\" class=\"size-full wp-image-1354  \" title=\"O morador de Ermelino Matarazzo, Oswaldo Henrique da Silva levou seu neto Leandro da Silva de 13 anos para curtir o filme Besouro no Cine B\" src=\"http:\/\/projetocineb.com.br\/wp-content\/uploads\/2010\/09\/ermelino011.jpg\" alt=\"O morador de Ermelino Matarazzo, Oswaldo Henrique da Silva levou seu neto Leandro da Silva de 13 anos para curtir o filme Besouro no Cine B\" width=\"384\" height=\"255\" \/><\/a><figcaption id=\"caption-attachment-1354\" class=\"wp-caption-text\">O morador de Ermelino Matarazzo, Oswaldo Henrique da Silva levou seu neto Leandro da Silva de 13 anos para curtir o filme Besouro no Cine B<\/figcaption><\/figure>\n<p style=\"text-align: center;\">\n<figure id=\"attachment_1357\" aria-describedby=\"caption-attachment-1357\" style=\"width: 384px\" class=\"wp-caption aligncenter\"><a href=\"http:\/\/projetocineb.com.br\/wp-content\/uploads\/2010\/09\/ermelino014.jpg\"><img loading=\"lazy\" decoding=\"async\" class=\"size-full wp-image-1357  \" title=\"Rafael Braz de Oliveira, Michele Fernandes da Silva, Giovana Beatriz da Silva Martins de Souza, Cleide In\u00e1cio Ferreira, Isabelle Cristine Martins de Souza, 12, Nicolas In\u00e1cio de 8 anos e Beatriz Modesto, 7\" src=\"http:\/\/projetocineb.com.br\/wp-content\/uploads\/2010\/09\/ermelino014.jpg\" alt=\"Rafael Braz de Oliveira, Michele Fernandes da Silva, Giovana Beatriz da Silva Martins de Souza, Cleide In\u00e1cio Ferreira, Isabelle Cristine Martins de Souza, 12, Nicolas In\u00e1cio de 8 anos e Beatriz Modesto, 7\" width=\"384\" height=\"255\" \/><\/a><figcaption id=\"caption-attachment-1357\" class=\"wp-caption-text\">Rafael Braz de Oliveira, Michele Fernandes da Silva, Giovana Beatriz da Silva Martins de Souza, Cleide In\u00e1cio Ferreira, Isabelle Cristine Martins de Souza, 12, Nicolas In\u00e1cio de 8 anos e Beatriz Modesto, 7<\/figcaption><\/figure>\n<p style=\"text-align: center;\">\n<figure id=\"attachment_1362\" aria-describedby=\"caption-attachment-1362\" style=\"width: 384px\" class=\"wp-caption aligncenter\"><a href=\"http:\/\/projetocineb.com.br\/wp-content\/uploads\/2010\/09\/ermelino019.jpg\"><img loading=\"lazy\" decoding=\"async\" class=\"size-full wp-image-1362  \" title=\"Artur Martins da Silva Filho, da Cohab Raposo Tavares que nos ajudou muito nesta exibi\u00e7\u00e3o, posa ao lado do nosso querido pipoqueiro, seo Ant\u00f4nio Nascimento\" src=\"http:\/\/projetocineb.com.br\/wp-content\/uploads\/2010\/09\/ermelino019.jpg\" alt=\"Artur Martins da Silva Filho, da Cohab Raposo Tavares que nos ajudou muito nesta exibi\u00e7\u00e3o, posa ao lado do nosso querido pipoqueiro, seo Ant\u00f4nio Nascimento\" width=\"384\" height=\"255\" \/><\/a><figcaption id=\"caption-attachment-1362\" class=\"wp-caption-text\">Artur Martins da Silva Filho, da Cohab Raposo Tavares que nos ajudou muito nesta exibi\u00e7\u00e3o, posa ao lado do nosso querido pipoqueiro, seo Ant\u00f4nio Nascimento<\/figcaption><\/figure>\n<p style=\"text-align: center;\">\n<figure id=\"attachment_1351\" aria-describedby=\"caption-attachment-1351\" style=\"width: 384px\" class=\"wp-caption aligncenter\"><a href=\"http:\/\/projetocineb.com.br\/wp-content\/uploads\/2010\/09\/ermelino008.jpg\"><img loading=\"lazy\" decoding=\"async\" class=\"size-full wp-image-1351  \" title=\"Os sortudosda primeira exibi\u00e7\u00e3o do dia\" src=\"http:\/\/projetocineb.com.br\/wp-content\/uploads\/2010\/09\/ermelino008.jpg\" alt=\"Os sortudosda primeira exibi\u00e7\u00e3o do dia\" width=\"384\" height=\"255\" \/><\/a><figcaption id=\"caption-attachment-1351\" class=\"wp-caption-text\">Os sortudos da primeira exibi\u00e7\u00e3o do dia<\/figcaption><\/figure>\n<p style=\"text-align: center;\">\n<figure id=\"attachment_1365\" aria-describedby=\"caption-attachment-1365\" style=\"width: 384px\" class=\"wp-caption aligncenter\"><a href=\"http:\/\/projetocineb.com.br\/wp-content\/uploads\/2010\/09\/ermelino022.jpg\"><img loading=\"lazy\" decoding=\"async\" class=\"size-full wp-image-1365  \" title=\"Os sortudos da segunda exibi\u00e7\u00e3o do Cine B em Ermelino Matarazzo, zona sul de S\u00e3o Paulo\" src=\"http:\/\/projetocineb.com.br\/wp-content\/uploads\/2010\/09\/ermelino022.jpg\" alt=\"Os sortudos da segunda exibi\u00e7\u00e3o do Cine B em Ermelino Matarazzo, zona sul de S\u00e3o Paulo\" width=\"384\" height=\"255\" \/><\/a><figcaption id=\"caption-attachment-1365\" class=\"wp-caption-text\">Os sortudos da segunda exibi\u00e7\u00e3o do Cine B em Ermelino Matarazzo, zona sul de S\u00e3o Paulo<\/figcaption><\/figure>\n","protected":false},"excerpt":{"rendered":"<p>Fotos de Vivian Szelpal O Cine B fez duas exibi\u00e7\u00f5es no dia 9 de setembro no Centro de Educa\u00e7\u00e3o Popular[&#8230;]<\/p>\n","protected":false},"author":2,"featured_media":0,"comment_status":"open","ping_status":"open","sticky":false,"template":"","format":"standard","meta":[],"categories":[2],"tags":[134,154,206,242,263,266,470,473,699,1132,1247],"_links":{"self":[{"href":"https:\/\/projetocineb.com.br\/index.php?rest_route=\/wp\/v2\/posts\/1343"}],"collection":[{"href":"https:\/\/projetocineb.com.br\/index.php?rest_route=\/wp\/v2\/posts"}],"about":[{"href":"https:\/\/projetocineb.com.br\/index.php?rest_route=\/wp\/v2\/types\/post"}],"author":[{"embeddable":true,"href":"https:\/\/projetocineb.com.br\/index.php?rest_route=\/wp\/v2\/users\/2"}],"replies":[{"embeddable":true,"href":"https:\/\/projetocineb.com.br\/index.php?rest_route=%2Fwp%2Fv2%2Fcomments&post=1343"}],"version-history":[{"count":0,"href":"https:\/\/projetocineb.com.br\/index.php?rest_route=\/wp\/v2\/posts\/1343\/revisions"}],"wp:attachment":[{"href":"https:\/\/projetocineb.com.br\/index.php?rest_route=%2Fwp%2Fv2%2Fmedia&parent=1343"}],"wp:term":[{"taxonomy":"category","embeddable":true,"href":"https:\/\/projetocineb.com.br\/index.php?rest_route=%2Fwp%2Fv2%2Fcategories&post=1343"},{"taxonomy":"post_tag","embeddable":true,"href":"https:\/\/projetocineb.com.br\/index.php?rest_route=%2Fwp%2Fv2%2Ftags&post=1343"}],"curies":[{"name":"wp","href":"https:\/\/api.w.org\/{rel}","templated":true}]}}