{"id":13487,"date":"2021-11-18T14:27:57","date_gmt":"2021-11-18T17:27:57","guid":{"rendered":"https:\/\/projetocineb.com.br\/?p=13487"},"modified":"2021-12-17T18:44:57","modified_gmt":"2021-12-17T21:44:57","slug":"cineb-solar-promove-tres-exibicoes-gratuitas-de-doutor-gama-em-sao-paulo","status":"publish","type":"post","link":"https:\/\/projetocineb.com.br\/?p=13487","title":{"rendered":"CINEB SOLAR PROMOVE TR\u00caS EXIBI\u00c7\u00d5ES GRATUITAS DE DOUTOR GAMA EM S\u00c3O PAULO"},"content":{"rendered":"\n<p><em>Em comemora\u00e7\u00e3o ao m\u00eas da consci\u00eancia negra o CineB Solar far\u00e1 sess\u00e3o debate com filme Doutor Gama<\/em><\/p>\n\n\n\n<div class=\"wp-block-image is-style-default\"><figure class=\"alignright size-large\"><img fetchpriority=\"high\" decoding=\"async\" width=\"1024\" height=\"512\" src=\"https:\/\/projetocineb.com.br\/wp-content\/uploads\/2021\/11\/Doutor-Gama-1024x512.jpg\" alt=\"\" class=\"wp-image-13488\" srcset=\"https:\/\/projetocineb.com.br\/wp-content\/uploads\/2021\/11\/Doutor-Gama-1024x512.jpg 1024w, https:\/\/projetocineb.com.br\/wp-content\/uploads\/2021\/11\/Doutor-Gama-300x150.jpg 300w, https:\/\/projetocineb.com.br\/wp-content\/uploads\/2021\/11\/Doutor-Gama-768x384.jpg 768w, https:\/\/projetocineb.com.br\/wp-content\/uploads\/2021\/11\/Doutor-Gama-1536x768.jpg 1536w, https:\/\/projetocineb.com.br\/wp-content\/uploads\/2021\/11\/Doutor-Gama-2048x1024.jpg 2048w, https:\/\/projetocineb.com.br\/wp-content\/uploads\/2021\/11\/Doutor-Gama-840x420.jpg 840w\" sizes=\"(max-width: 1024px) 100vw, 1024px\" \/><figcaption>                                                                                                                                                                                                             Divulga\u00e7\u00e3o<\/figcaption><\/figure><\/div>\n\n\n\n<p>O <strong>CineB Solar<\/strong>, parceria do Sindicato dos Banc\u00e1rios de S\u00e3o Paulo, Osasco e Regi\u00e3o com a Brazucah Produ\u00e7\u00f5es, come\u00e7a a retomar as atividades presenciais com a exibi\u00e7\u00e3o do filme <em><u>Doutor Gama<\/u><\/em>, de Jeferson De. As sess\u00f5es acontecem dias 19 de novembro, sexta-feira, \u00e0s 16h, no sal\u00e3o da Par\u00f3quia S\u00e3o Patr\u00edcio (Rio Pequeno, zona oeste), 22 de novembro, segunda-feira, \u00e0s 19h, na Escola Irm\u00e3 Dulce (Jardim Am\u00e1lia, zona sul) e 26 de novembro, sexta-feira, \u00e0s 19h, na Sociedade Amigos da Vila Rica (Aricanduva, zona leste).<\/p>\n\n\n\n<p><em><u>Doutor Gama<\/u><\/em> \u00e9 um filme biogr\u00e1fico sobre a vida do escritor, advogado, jornalista e abolicionista Luiz Gama, uma das figuras mais relevantes da hist\u00f3ria brasileira. Ele utilizou todo seu conhecimento sobre as leis e os tribunais para libertar mais de 500 escravos durante sua vida. Nascido de ventre livre, Gama foi vendido como escravo aos 10 anos para pagar d\u00edvidas de jogo de seu pai, um homem branco. Mesmo escravizado, ele conseguiu se alfabetizar, assim conquistou sua liberdade, se tornando um dos mais respeitados advogados de sua \u00e9poca.<\/p>\n\n\n\n<p>Luiz Gama \u00e9 interpretado por Pedro Guilherme, Angelo Fernandes e C\u00e9sar Mello em tr\u00eas fases diferentes da vida. O elenco conta tamb\u00e9m com Zez\u00e9 Mota, Mariana Nunes, Samira Carvalho, Romeu Evaristo, Teka Romualdo, Sidney Santiago, Erom Cordeiro, Johnny Massaro, Paula Picarelli e Nelson Baskerville, entre outros.<\/p>\n\n\n\n<p>O longa-metragem brasileiro foi um dos filmes selecionados na programa\u00e7\u00e3o do American Black Film Festival (ABFF), maior&nbsp;evento&nbsp;de&nbsp;cinema negro do mundo. <em><u>Doutor Gama<\/u><\/em> configurou entre as 10 obras escolhidas para integrar a edi\u00e7\u00e3o que marcou o anivers\u00e1rio de 25 anos do festival.<\/p>\n\n\n\n<p><strong>Protocolos de seguran\u00e7a<\/strong>:<\/p>\n\n\n\n<p>Ap\u00f3s uma pausa de 18 meses devido \u00e0s restri\u00e7\u00f5es impostas pela pandemia de Covid-19, o projeto <strong>CineB Solar<\/strong> retomou gradualmente suas exibi\u00e7\u00f5es presenciais e coletivas no dia 12 de outubro, em celebra\u00e7\u00e3o ao Dia das Crian\u00e7as. O retorno ocorreu no Campo de Futebol do Jardim Icara\u00ed, na Zona Sul de S\u00e3o Paulo.<\/p>\n\n\n\n<p>Visando o bem-estar dos espectadores, as sess\u00f5es durante esta retomada seguem protocolos de seguran\u00e7a, como a obrigatoriedade de utiliza\u00e7\u00e3o de m\u00e1scaras e o distanciamento entre os assentos, al\u00e9m de disponibiliza\u00e7\u00e3o de \u00e1lcool 70% para higieniza\u00e7\u00e3o das m\u00e3os. Toda a equipe de produ\u00e7\u00e3o j\u00e1 possui imuniza\u00e7\u00e3o completa e ser\u00e1 testada para Covid-19 antes das exibi\u00e7\u00f5es.<\/p>\n\n\n\n<p><strong>Sobre o CineB Solar<\/strong><\/p>\n\n\n\n<p>Criado em 2007 pelo Sindicato dos Banc\u00e1rios de S\u00e3o Paulo, Osasco e regi\u00e3o, o CineB passou a se chamar CineB Solar em 2018, quando passou a circular com uma van que gera, atrav\u00e9s de placas solares, a pr\u00f3pria energia consumida no evento. J\u00e1 atingiu um p\u00fablico superior a&nbsp;75 mil espectadores,&nbsp;160 bairros percorridos, em mais&nbsp;de 580 sess\u00f5es&nbsp;gratuitas realizadas em comunidades e universidades de S\u00e3o Paulo. Nesse momento de isolamento, para evitar aglomera\u00e7\u00f5es, se reinventaram e prepararam novos projetos: CineB on-line, CineB Solar na Janela e CineB Autorama, a\u00e7\u00f5es para que todos possam ficar em casa e se divertir com uma sess\u00e3o de cinema.<\/p>\n\n\n\n<p><strong><u>Servi\u00e7o<\/u><\/strong>:<\/p>\n\n\n\n<p><strong>O qu\u00ea<\/strong>: Exibi\u00e7\u00e3o Doutor Gama no CineB Solar.<\/p>\n\n\n\n<p><strong>Quando<\/strong>:<\/p>\n\n\n\n<p>Dia 19 de novembro, sexta-feira, \u00e0s 16h, no sal\u00e3o da Par\u00f3quia S\u00e3o Patr\u00edcio.<\/p>\n\n\n\n<p>Av. Otac\u00edlio Tomanick, 1555 \u2013 Rio Pequeno, zona oeste.<\/p>\n\n\n\n<p>Convites: Com Valmir no Centro Social Santo Dias.<\/p>\n\n\n\n<p><br>Dia 22 de novembro, segunda-feira, \u00e0s 19h, na Escola Irm\u00e3 Dulce.<\/p>\n\n\n\n<p>Rua Vitoriano Palhares, 10 \u2013 Jardim Am\u00e1lia, zona sul.<\/p>\n\n\n\n<p>Convites: Na Secretaria da escola.<\/p>\n\n\n\n<p>Dia 26 de novembro, sexta-feira, \u00e0s 19h, na Sociedade Amigos da Vila Rica.<\/p>\n\n\n\n<p>Rua Jo\u00e3o Batista Lima 47 \u2013 Vila Rica, zona leste.<\/p>\n\n\n\n<p>Convites: Com Bia Moreno.<\/p>\n\n\n\n<p><strong>Filme exibido<\/strong>:<\/p>\n\n\n\n<p>Doutor Gama \u2013 (Jeferson De \u2013 Brasil \u2013 2021 \u2013 80 minutos \u2013 14 anos \u2013 Drama).<\/p>\n\n\n\n<p><strong>Sinopse<\/strong>: Doutor Gama \u00e9 um filme biogr\u00e1fico sobre a vida do escritor, advogado, jornalista e abolicionista Luiz Gama, uma das figuras mais relevantes da hist\u00f3ria brasileira. Ele utilizou todo seu conhecimento sobre as leis e os tribunais para libertar mais de 500 escravos durante sua vida. Nascido de ventre livre, Gama foi vendido como escravo aos 10 anos para pagar d\u00edvidas de jogo de seu pai, um homem branco. Mesmo escravizado, ele conseguiu se alfabetizar, assim conquistou sua liberdade, se tornando um dos mais respeitados advogados de sua \u00e9poca.<\/p>\n\n\n\n<p>Assessoria de Imprensa<\/p>\n\n\n\n<p>Nossa Senhora da Pauta<\/p>\n\n\n\n<p>Frederico Paula \u2013 MTb-SP: 28.319<\/p>\n\n\n\n<p>(11) 99658-3575 | frederico@nossasenhoradapauta.com.br<\/p>\n","protected":false},"excerpt":{"rendered":"<p>Em comemora\u00e7\u00e3o ao m\u00eas da consci\u00eancia negra o CineB Solar far\u00e1 sess\u00e3o debate com filme Doutor Gama O CineB Solar,[&#8230;]<\/p>\n","protected":false},"author":4,"featured_media":13489,"comment_status":"open","ping_status":"open","sticky":false,"template":"","format":"standard","meta":[],"categories":[10],"tags":[],"_links":{"self":[{"href":"https:\/\/projetocineb.com.br\/index.php?rest_route=\/wp\/v2\/posts\/13487"}],"collection":[{"href":"https:\/\/projetocineb.com.br\/index.php?rest_route=\/wp\/v2\/posts"}],"about":[{"href":"https:\/\/projetocineb.com.br\/index.php?rest_route=\/wp\/v2\/types\/post"}],"author":[{"embeddable":true,"href":"https:\/\/projetocineb.com.br\/index.php?rest_route=\/wp\/v2\/users\/4"}],"replies":[{"embeddable":true,"href":"https:\/\/projetocineb.com.br\/index.php?rest_route=%2Fwp%2Fv2%2Fcomments&post=13487"}],"version-history":[{"count":2,"href":"https:\/\/projetocineb.com.br\/index.php?rest_route=\/wp\/v2\/posts\/13487\/revisions"}],"predecessor-version":[{"id":13492,"href":"https:\/\/projetocineb.com.br\/index.php?rest_route=\/wp\/v2\/posts\/13487\/revisions\/13492"}],"wp:featuredmedia":[{"embeddable":true,"href":"https:\/\/projetocineb.com.br\/index.php?rest_route=\/wp\/v2\/media\/13489"}],"wp:attachment":[{"href":"https:\/\/projetocineb.com.br\/index.php?rest_route=%2Fwp%2Fv2%2Fmedia&parent=13487"}],"wp:term":[{"taxonomy":"category","embeddable":true,"href":"https:\/\/projetocineb.com.br\/index.php?rest_route=%2Fwp%2Fv2%2Fcategories&post=13487"},{"taxonomy":"post_tag","embeddable":true,"href":"https:\/\/projetocineb.com.br\/index.php?rest_route=%2Fwp%2Fv2%2Ftags&post=13487"}],"curies":[{"name":"wp","href":"https:\/\/api.w.org\/{rel}","templated":true}]}}