{"id":13563,"date":"2021-11-24T15:02:18","date_gmt":"2021-11-24T18:02:18","guid":{"rendered":"https:\/\/projetocineb.com.br\/?p=13563"},"modified":"2021-12-17T18:44:45","modified_gmt":"2021-12-17T21:44:45","slug":"cineb-solar-promove-exibicao-de-marighella-na-quadra-dos-bancarios","status":"publish","type":"post","link":"https:\/\/projetocineb.com.br\/?p=13563","title":{"rendered":"CINEB SOLAR PROMOVE EXIBI\u00c7\u00c3O DE MARIGHELLA NA QUADRA DOS BANC\u00c1RIOS"},"content":{"rendered":"\n<p><em>Evento gratuito e aberto a popula\u00e7\u00e3o contar\u00e1 com&nbsp;&nbsp;de estudantes e professores de escolas da periferia da capital paulista,&nbsp;movimentos de moradia popular, lideran\u00e7as comunit\u00e1rias e sindicais<\/em><\/p>\n\n\n\n<div class=\"wp-block-image is-style-default\"><figure class=\"aligncenter size-full\"><img fetchpriority=\"high\" decoding=\"async\" width=\"681\" height=\"1000\" src=\"https:\/\/projetocineb.com.br\/wp-content\/uploads\/2021\/11\/WhatsApp-Image-2021-11-05-at-09.56.54.jpeg\" alt=\"\" class=\"wp-image-13464\" srcset=\"https:\/\/projetocineb.com.br\/wp-content\/uploads\/2021\/11\/WhatsApp-Image-2021-11-05-at-09.56.54.jpeg 681w, https:\/\/projetocineb.com.br\/wp-content\/uploads\/2021\/11\/WhatsApp-Image-2021-11-05-at-09.56.54-204x300.jpeg 204w\" sizes=\"(max-width: 681px) 100vw, 681px\" \/><\/figure><\/div>\n\n\n\n<p>Ap\u00f3s o sucesso da&nbsp;sess\u00e3o na Ocupa\u00e7\u00e3o Carolina Maria de Jesus, do MTST \u2013 Movimento dos Trabalhadores Sem Teto para mais de mil pessoas, o CineB Solar, parceria do Sindicato dos Banc\u00e1rios de S\u00e3o Paulo, Osasco e Regi\u00e3o com a Brazucah Produ\u00e7\u00f5es, volta a exibir gratuitamente o longa-metragem nacional Marighella, de Wagner Moura.<\/p>\n\n\n\n<p>A sess\u00e3o acontece dia 3 de dezembro, sexta-feira, \u00e0s 18h, na Quadra dos Banc\u00e1rios no Centro de S\u00e3o Paulo.\u00a0<br>Primeiro longa-metragem de Wagner Moura como diretor, Marighella estreou oficialmente nos cinemas brasileiros dia 4 de novembro de 2021, exatamente 52 anos ap\u00f3s o assassinato de Carlos Marighella pela Ditadura Militar Brasileira, em 1969. Desde ent\u00e3o, o filme alcan\u00e7ou mais de 300 mil espectadores em 300 salas, incluindo as sess\u00f5es de pr\u00e9-estreias.<\/p>\n\n\n\n<p>Marighella traz no elenco Seu Jorge, no papel-t\u00edtulo, Bruno Gagliasso, Luiz Carlos Vasconcellos, Herson Capri, Humberto Carr\u00e3o, Adriana Esteves, Bella Camero, Maria Marighella, Ana Paula Bouzas, Carla Ribas, Jorge Paz, entre outros. O filme conta a hist\u00f3ria dos \u00faltimos anos de Carlos Marighella, guerrilheiro que liderou um dos maiores movimentos de resist\u00eancia contra a ditadura militar no Brasil, na d\u00e9cada de 1960.<\/p>\n\n\n\n<p>Comandando um grupo de jovens revolucion\u00e1rios, Marighella (Seu Jorge) tenta divulgar sua luta contra a ditadura para o povo brasileiro, mas a censura descredita a revolu\u00e7\u00e3o. Seu principal opositor \u00e9 Lucio (Bruno Gagliasso), policial que o rotula de inimigo p\u00fablico n\u00ba 1. Quando o cerco se fecha, o pr\u00f3prio Marighella \u00e9 emboscado e morto \u2013 mas seus ideais sobrevivem nas a\u00e7\u00f5es dos jovens guerrilheiros, que persistem na revolu\u00e7\u00e3o. &#8220;J\u00e1 foi sucesso o filme Bacurau quando apresentamos aqui na sede do Sindicato, e agora esse grandioso evento na Quadra dos Banc\u00e1rios para a exibi\u00e7\u00e3o do filme <em>Marighella<\/em>, ser\u00e1 um marco importante para o CineB Solar, Brazucah e o Sindicato dos Banc\u00e1rios de SP&#8221;, celebra o coordenador do CineB Solar Cid\u00e1lio Vieira.<\/p>\n\n\n\n<p><strong>Protocolos de seguran\u00e7a<\/strong><\/p>\n\n\n\n<p>Ap\u00f3s uma pausa de 18 meses devido \u00e0s restri\u00e7\u00f5es impostas pela pandemia de Covid-19, o projeto CineB Solar retomou gradualmente suas exibi\u00e7\u00f5es presenciais e coletivas no dia 12 de outubro, em celebra\u00e7\u00e3o ao Dia das Crian\u00e7as. O retorno ocorreu no Campo de Futebol do Jardim Icara\u00ed, na Zona Sul de S\u00e3o Paulo.<\/p>\n\n\n\n<p>Visando o bem-estar dos espectadores, as sess\u00f5es durante esta retomada seguem protocolos de seguran\u00e7a, como a obrigatoriedade de utiliza\u00e7\u00e3o de m\u00e1scaras e o distanciamento entre os assentos, al\u00e9m de disponibiliza\u00e7\u00e3o de \u00e1lcool 70% para higieniza\u00e7\u00e3o das m\u00e3os. Toda a equipe de produ\u00e7\u00e3o j\u00e1 possui imuniza\u00e7\u00e3o completa e ser\u00e1 testada para Covid-19 antes das exibi\u00e7\u00f5es.<\/p>\n\n\n\n<figure class=\"wp-block-image size-large is-style-default\"><img decoding=\"async\" width=\"1024\" height=\"683\" src=\"https:\/\/projetocineb.com.br\/wp-content\/uploads\/2021\/11\/@eduardovboldt_cineb_gama_20211122-63-1024x683.jpg\" alt=\"\" class=\"wp-image-13564\" srcset=\"https:\/\/projetocineb.com.br\/wp-content\/uploads\/2021\/11\/@eduardovboldt_cineb_gama_20211122-63-1024x683.jpg 1024w, https:\/\/projetocineb.com.br\/wp-content\/uploads\/2021\/11\/@eduardovboldt_cineb_gama_20211122-63-300x200.jpg 300w, https:\/\/projetocineb.com.br\/wp-content\/uploads\/2021\/11\/@eduardovboldt_cineb_gama_20211122-63-768x512.jpg 768w, https:\/\/projetocineb.com.br\/wp-content\/uploads\/2021\/11\/@eduardovboldt_cineb_gama_20211122-63-1536x1024.jpg 1536w, https:\/\/projetocineb.com.br\/wp-content\/uploads\/2021\/11\/@eduardovboldt_cineb_gama_20211122-63-840x560.jpg 840w, https:\/\/projetocineb.com.br\/wp-content\/uploads\/2021\/11\/@eduardovboldt_cineb_gama_20211122-63-120x80.jpg 120w, https:\/\/projetocineb.com.br\/wp-content\/uploads\/2021\/11\/@eduardovboldt_cineb_gama_20211122-63-360x240.jpg 360w, https:\/\/projetocineb.com.br\/wp-content\/uploads\/2021\/11\/@eduardovboldt_cineb_gama_20211122-63-600x400.jpg 600w, https:\/\/projetocineb.com.br\/wp-content\/uploads\/2021\/11\/@eduardovboldt_cineb_gama_20211122-63.jpg 2048w\" sizes=\"(max-width: 1024px) 100vw, 1024px\" \/><\/figure>\n\n\n\n<p><strong>Mais sobre o CineB Solar<\/strong><\/p>\n\n\n\n<p>Criado em 2007 pelo Sindicato dos Banc\u00e1rios de S\u00e3o Paulo, Osasco e regi\u00e3o, o CineB passou a se chamar CineB Solar em 2018, quando passou a circular com uma van que gera, atrav\u00e9s de placas solares, a pr\u00f3pria energia consumida no evento. J\u00e1 atingiu um p\u00fablico superior a 75 mil espectadores, 160 bairros percorridos, em mais de 580 sess\u00f5es gratuitas realizadas em comunidades e universidades de S\u00e3o Paulo. Nesse momento de isolamento, para evitar aglomera\u00e7\u00f5es, se reinventaram e prepararam novos projetos: CineB on-line, CineB Solar na Janela e CineB Autorama, a\u00e7\u00f5es para que todos possam ficar em casa e se divertir com uma sess\u00e3o de cinema.<br>Servi\u00e7o:O qu\u00ea: Exibi\u00e7\u00e3o Marighella no CineB Solar.<br><\/p>\n\n\n\n<p><strong>Quando:<\/strong> Dia 3 de dezembro, sexta-feira, \u00e0s 18h, na Quadra dos Banc\u00e1rios. Rua Tabatinguera, 192 \u2013 Centro \u2013 S\u00e3o Paulo.<\/p>\n\n\n\n<p>Para participar: Enviar nome completo, e-mail&nbsp; e telefone para e-mail&nbsp;<a rel=\"noreferrer noopener\" target=\"_blank\" href=\"mailto:producaocineb@brazucah.com.br\">producaocineb@brazucah.com.br<\/a><\/p>\n\n\n\n<p><strong>Filme exibido:<\/strong> Marighella \u2013 (Wagner Moura \u2013 Brasil \u2013 2021 \u2013 155 minutos \u2013 16 anos \u2013 Drama).<\/p>\n\n\n\n<p><br><strong>Sinopse:<\/strong> 1969. Marighella n\u00e3o teve tempo pra ter medo. De um lado, uma violenta ditadura. Do outro, uma esquerda intimidada. Cercado por guerrilheiros 30 anos mais novos e dispostos a reagir, o l\u00edder revolucion\u00e1rio escolheu a a\u00e7\u00e3o. Em Marighella, o inimigo n\u00famero 1 da Ditadura Militar tenta articular uma frente de resist\u00eancia enquanto denuncia o horror da tortura e a inf\u00e2mia da censura instalados por um regime opressor. Em uma experi\u00eancia radical de combate, ele o faz em nome de um povo cujo apoio \u00e0 sua causa \u00e9 incerto \u2014 enquanto procura cumprir a promessa de reencontrar o filho, de quem por anos se manteve distante, como forma de proteg\u00ea-lo.<br><br>Assessoria de Imprensa: Nossa Senhora da Pauta &#8211; Frederico Paula \u2013 MTb-SP: 28.319(11) 99658-3575 | frederico@nossasenhoradapauta.com.br<\/p>\n","protected":false},"excerpt":{"rendered":"<p>Evento gratuito e aberto a popula\u00e7\u00e3o contar\u00e1 com&nbsp;&nbsp;de estudantes e professores de escolas da periferia da capital paulista,&nbsp;movimentos de moradia[&#8230;]<\/p>\n","protected":false},"author":4,"featured_media":13440,"comment_status":"open","ping_status":"open","sticky":false,"template":"","format":"standard","meta":[],"categories":[10],"tags":[],"_links":{"self":[{"href":"https:\/\/projetocineb.com.br\/index.php?rest_route=\/wp\/v2\/posts\/13563"}],"collection":[{"href":"https:\/\/projetocineb.com.br\/index.php?rest_route=\/wp\/v2\/posts"}],"about":[{"href":"https:\/\/projetocineb.com.br\/index.php?rest_route=\/wp\/v2\/types\/post"}],"author":[{"embeddable":true,"href":"https:\/\/projetocineb.com.br\/index.php?rest_route=\/wp\/v2\/users\/4"}],"replies":[{"embeddable":true,"href":"https:\/\/projetocineb.com.br\/index.php?rest_route=%2Fwp%2Fv2%2Fcomments&post=13563"}],"version-history":[{"count":2,"href":"https:\/\/projetocineb.com.br\/index.php?rest_route=\/wp\/v2\/posts\/13563\/revisions"}],"predecessor-version":[{"id":13601,"href":"https:\/\/projetocineb.com.br\/index.php?rest_route=\/wp\/v2\/posts\/13563\/revisions\/13601"}],"wp:featuredmedia":[{"embeddable":true,"href":"https:\/\/projetocineb.com.br\/index.php?rest_route=\/wp\/v2\/media\/13440"}],"wp:attachment":[{"href":"https:\/\/projetocineb.com.br\/index.php?rest_route=%2Fwp%2Fv2%2Fmedia&parent=13563"}],"wp:term":[{"taxonomy":"category","embeddable":true,"href":"https:\/\/projetocineb.com.br\/index.php?rest_route=%2Fwp%2Fv2%2Fcategories&post=13563"},{"taxonomy":"post_tag","embeddable":true,"href":"https:\/\/projetocineb.com.br\/index.php?rest_route=%2Fwp%2Fv2%2Ftags&post=13563"}],"curies":[{"name":"wp","href":"https:\/\/api.w.org\/{rel}","templated":true}]}}