{"id":1374,"date":"2010-09-13T16:24:57","date_gmt":"2010-09-13T19:24:57","guid":{"rendered":"http:\/\/projetocineb.com.br\/?p=1374"},"modified":"2010-09-13T16:24:57","modified_gmt":"2010-09-13T19:24:57","slug":"mandaqui-lar-tia-maria","status":"publish","type":"post","link":"https:\/\/projetocineb.com.br\/?p=1374","title":{"rendered":"MANDAQUI &#8211; LAR TIA MARIA"},"content":{"rendered":"<p><em>Fotos de Vivian Szelpal<\/em><\/p>\n<p>Numa institui\u00e7\u00e3o sem fins lucrativos que h\u00e1 28 anos cuida de crian\u00e7as e adolescentes do <span style=\"color: #ff6600;\">Mandaqui, zona norte de S\u00e3o Paulo, o Lar da Tia Maria, o Cine B abriu sua tela para exibir o curta-metragem <em>O xadrez das cores<\/em> e o longa <em>Dom\u00e9sticas<\/em><\/span>.<\/p>\n<p style=\"text-align: center;\">\n<figure id=\"attachment_1386\" aria-describedby=\"caption-attachment-1386\" style=\"width: 384px\" class=\"wp-caption aligncenter\"><a href=\"http:\/\/projetocineb.com.br\/wp-content\/uploads\/2010\/09\/tiamaria012.jpg\"><img fetchpriority=\"high\" decoding=\"async\" class=\"size-full wp-image-1386  \" title=\"Espectadores assistem neste Cine B o curta-metragem O Xadrez das Cores, no Lar da Tia Maria\" src=\"http:\/\/projetocineb.com.br\/wp-content\/uploads\/2010\/09\/tiamaria012.jpg\" alt=\"Espectadores assistem neste Cine B o curta-metragem O Xadrez das Cores, no Lar da Tia Maria\" width=\"384\" height=\"255\" \/><\/a><figcaption id=\"caption-attachment-1386\" class=\"wp-caption-text\">Espectadores assistem neste Cine B o curta-metragem O Xadrez das Cores, no Lar da Tia Maria<\/figcaption><\/figure>\n<p><span style=\"color: #ff6600;\">\u201cGostei da id\u00e9ia de fazer um Cine B aqui porque acho a periferia muito parada, o pessoal nunca tem muitas id\u00e9ias para agitar as pessoas, ajudar a todos ficarem com as id\u00e9ias mais esclarecidas, compreender melhor o mundo que vive\u201d, disse Maria Napole\u00e3o Felinto Moura, a Tia Maria, fundadora do Lar.<\/span><\/p>\n<p>H\u00e1 30 anos tia Maria trabalhava como maquiadora nos c\u00edrculos da alta-sociedade, at\u00e9 que se irritou com a hipocrisia e a diferen\u00e7a abrupta de realidades entre pobres e ricos em S\u00e3o Paulo e, <span style=\"color: #ff6600;\">escondida da fam\u00edlia, come\u00e7ou o Lar da Tia Maria num barraco, neste mesmo terreno onde hoje um pr\u00e9dio de dois andares representa a ONG<\/span>.<\/p>\n<p>\u201cEstava saindo do consulado da Fran\u00e7a e um garoto de rua veio me pedir algo para comer, disse estar com fome. Eu tinha uma p\u00eara na minha bolsa e dei pra ele, mas fui pra casa pensativa. Em 1969 juntei dinheiro e comecei minha creche, escondida da minha fam\u00edlia. Sempre tive orgulho, pois at\u00e9 hoje acompanho casos de jovens que chegam aqui desestruturados e quando saem v\u00e3o se casar, tem emprego fixo e boa educa\u00e7\u00e3o\u201d, disse a tia Maria que tem 78 anos.<\/p>\n<p style=\"text-align: center;\">\n<figure id=\"attachment_1377\" aria-describedby=\"caption-attachment-1377\" style=\"width: 384px\" class=\"wp-caption aligncenter\"><a href=\"http:\/\/projetocineb.com.br\/wp-content\/uploads\/2010\/09\/tiamaria003.jpg\"><img decoding=\"async\" class=\"size-full wp-image-1377   \" title=\"Tia Maria com sua secret\u00e1ria Cec\u00edlia\" src=\"http:\/\/projetocineb.com.br\/wp-content\/uploads\/2010\/09\/tiamaria003.jpg\" alt=\"Tia Maria com sua secret\u00e1ria Cec\u00edlia\" width=\"384\" height=\"255\" \/><\/a><figcaption id=\"caption-attachment-1377\" class=\"wp-caption-text\">Tia Maria com sua secret\u00e1ria Cec\u00edlia<\/figcaption><\/figure>\n<p>\u201cAntes era meu marido que vinha ajudar, a\u00ed antes de ele morrer fizemos um pacto que quando um fosse embora, o outro teria que vir ajudar aqui do Lar. Como ele faleceu, hoje quem vem sou eu\u201d, disse a simp\u00e1tica Cec\u00edlia Kimico Nakagawa, secret\u00e1ria da tia Maria, moradora do bairro Brasil\u00e2ndia, zona leste. Pega diariamente duas condu\u00e7\u00f5es para chegar at\u00e9 o projeto nas primeira horas da manh\u00e3. \u201cMe espelho muito na tia Maria, uma mulher que as dificuldades da idade n\u00e3o parecem lhe abater\u201d, disse Cec\u00edlia.<\/p>\n<p>\u201cHoje n\u00e3o trabalhamos com moradia, oferecemos cursos de dan\u00e7a, teatro, m\u00fasica, cursos profissionalizantes e aulas de ingl\u00eas. Recebemos doa\u00e7\u00f5es de amigos e pessoas que querem ajudar\u201d, disse tia Maria, que atende 30 jovens de 0 a 18 anos na entidade.<\/p>\n<p><span style=\"color: #ff6600;\">\u201cQuando se fala em cidadania todos pensam o que se pode exigir, o que \u00e9 seu de direito. Mas cidadania \u00e9 todo mundo se unir para a construir uma comunidade boa pra viver. Esse filme (<em>O xadrez das cores<\/em>) reflete muito a minha hist\u00f3ria, uma inf\u00e2ncia dif\u00edcil, com preconceito, mas que consegui vencer e hoje posso participar de uma festa dessa com todos voc\u00eas\u201d, disse tia Maria na abertura do Cine B.<\/span><\/p>\n<p style=\"text-align: center;\">\n<figure id=\"attachment_1387\" aria-describedby=\"caption-attachment-1387\" style=\"width: 384px\" class=\"wp-caption aligncenter\"><a href=\"http:\/\/projetocineb.com.br\/wp-content\/uploads\/2010\/09\/tiamaria013.jpg\"><img decoding=\"async\" class=\"size-full wp-image-1387  \" title=\"Tia Maria faz abertura do Cine B ao lado de Cid\u00e1lio Vieira Santos da Brazucah Produ\u00e7\u00f5es\" src=\"http:\/\/projetocineb.com.br\/wp-content\/uploads\/2010\/09\/tiamaria013.jpg\" alt=\"Tia Maria faz abertura do Cine B ao lado de Cid\u00e1lio Vieira Santos da Brazucah Produ\u00e7\u00f5es\" width=\"384\" height=\"255\" \/><\/a><figcaption id=\"caption-attachment-1387\" class=\"wp-caption-text\">Tia Maria faz abertura do Cine B ao lado de Cid\u00e1lio Vieira Santos da Brazucah Produ\u00e7\u00f5es<\/figcaption><\/figure>\n<p>Ao final da sess\u00e3o, al\u00e9m do tradicional sorteio de camisetas do Cine B e livros do Corpo Humano, duas cestas b\u00e1sicas (doadas pela comunidade) foram sorteadas!<\/p>\n<h2><span style=\"color: #008000;\">CLICKS<\/span><\/h2>\n<p style=\"text-align: center;\">\n<figure id=\"attachment_1391\" aria-describedby=\"caption-attachment-1391\" style=\"width: 384px\" class=\"wp-caption aligncenter\"><a href=\"http:\/\/projetocineb.com.br\/wp-content\/uploads\/2010\/09\/tiamaria017.jpg\"><img loading=\"lazy\" decoding=\"async\" class=\"size-full wp-image-1391  \" title=\"\u201cSou dom\u00e9stica h\u00e1 30 anos, adorei os filmes, ainda mais que sempre durmo com a Ave Maria, que me ajuda sempre\u201d, disse Alzira Concei\u00e7\u00e3o da Oliveira, moradora da comunidade\" src=\"http:\/\/projetocineb.com.br\/wp-content\/uploads\/2010\/09\/tiamaria017.jpg\" alt=\"\u201cSou dom\u00e9stica h\u00e1 30 anos, adorei os filmes, ainda mais que sempre durmo com a Ave Maria, que me ajuda sempre\u201d, disse Alzira Concei\u00e7\u00e3o da Oliveira, moradora da comunidade\" width=\"384\" height=\"255\" \/><\/a><figcaption id=\"caption-attachment-1391\" class=\"wp-caption-text\">\u201cSou dom\u00e9stica h\u00e1 30 anos, adorei os filmes, ainda mais que sempre durmo com a Ave Maria, que me ajuda sempre\u201d, disse Alzira Concei\u00e7\u00e3o da Oliveira, moradora da comunidade, com sua filha Beatriz Cristina, 10, e Cid\u00e1lio Vieira Santos, coordenador do Cine B<\/figcaption><\/figure>\n<p style=\"text-align: center;\">\n<figure id=\"attachment_1379\" aria-describedby=\"caption-attachment-1379\" style=\"width: 384px\" class=\"wp-caption aligncenter\"><a href=\"http:\/\/projetocineb.com.br\/wp-content\/uploads\/2010\/09\/tiamaria005.jpg\"><img loading=\"lazy\" decoding=\"async\" class=\"size-full wp-image-1379  \" title=\"\u201cJ\u00e1 vi o filme Dom\u00e9sticas, mas hoje vim ver de novo porque n\u00e3o lembro do final\u201d, disse Eldiva de Jesus Pena da Silva, moradora da comunidade de Mandaqui que veio acompanhada de sua vizinha Alzira Costa da Silva Rossi\" src=\"http:\/\/projetocineb.com.br\/wp-content\/uploads\/2010\/09\/tiamaria005.jpg\" alt=\"\u201cJ\u00e1 vi o filme Dom\u00e9sticas, mas hoje vim ver de novo porque n\u00e3o lembro do final\u201d, disse Eldiva de Jesus Pena da Silva, moradora da comunidade de Mandaqui que veio acompanhada de sua vizinha Alzira Costa da Silva Rossi\" width=\"384\" height=\"255\" \/><\/a><figcaption id=\"caption-attachment-1379\" class=\"wp-caption-text\">\u201cJ\u00e1 vi o filme Dom\u00e9sticas, mas hoje vim ver de novo porque n\u00e3o lembro do final\u201d, disse Eldiva de Jesus Pena da Silva, moradora da comunidade de Mandaqui que veio acompanhada de sua vizinha Alzira Costa da Silva Rossi<\/figcaption><\/figure>\n<figure id=\"attachment_1388\" aria-describedby=\"caption-attachment-1388\" style=\"width: 384px\" class=\"wp-caption aligncenter\"><a href=\"http:\/\/projetocineb.com.br\/wp-content\/uploads\/2010\/09\/tiamaria014.jpg\"><img loading=\"lazy\" decoding=\"async\" class=\"size-full wp-image-1388  \" title=\"Cristiano de Moura, que mora no Lar e neste Cine B nos ajudou bastante!\" src=\"http:\/\/projetocineb.com.br\/wp-content\/uploads\/2010\/09\/tiamaria014.jpg\" alt=\"Cristiano de Moura, que mora no Lar e neste Cine B nos ajudou bastante!\" width=\"384\" height=\"255\" \/><\/a><figcaption id=\"caption-attachment-1388\" class=\"wp-caption-text\">Cristiano de Moura, que mora no Lar e neste Cine B nos ajudou bastante!<\/figcaption><\/figure>\n<p style=\"text-align: center;\">\n<figure id=\"attachment_1378\" aria-describedby=\"caption-attachment-1378\" style=\"width: 384px\" class=\"wp-caption aligncenter\"><a href=\"http:\/\/projetocineb.com.br\/wp-content\/uploads\/2010\/09\/tiamaria004.jpg\"><img loading=\"lazy\" decoding=\"async\" class=\"size-full wp-image-1378  \" title=\"Rosimeire Monteiro dos Santos e Viviane Monteiro dos Santos\" src=\"http:\/\/projetocineb.com.br\/wp-content\/uploads\/2010\/09\/tiamaria004.jpg\" alt=\"Rosimeire Monteiro dos Santos e Viviane Monteiro dos Santos\" width=\"384\" height=\"255\" \/><\/a><figcaption id=\"caption-attachment-1378\" class=\"wp-caption-text\">As moradoras da comunidade, Rosimeire Monteiro dos Santos e Viviane Monteiro dos Santos<\/figcaption><\/figure>\n<p style=\"text-align: center;\">\n<figure id=\"attachment_1381\" aria-describedby=\"caption-attachment-1381\" style=\"width: 384px\" class=\"wp-caption aligncenter\"><a href=\"http:\/\/projetocineb.com.br\/wp-content\/uploads\/2010\/09\/tiamaria007.jpg\"><img loading=\"lazy\" decoding=\"async\" class=\"size-full wp-image-1381  \" title=\"Rita Luzia Alves da Silva, Ana Clara Alves da Silva de 3 anos, David Otavio de Moura Silva, 11 e Beatriz Cristina, 10\" src=\"http:\/\/projetocineb.com.br\/wp-content\/uploads\/2010\/09\/tiamaria007.jpg\" alt=\"Rita Luzia Alves da Silva, Ana Clara Alves da Silva de 3 anos, David Otavio de Moura Silva, 11 e Beatriz Cristina, 10\" width=\"384\" height=\"255\" \/><\/a><figcaption id=\"caption-attachment-1381\" class=\"wp-caption-text\">Rita Luzia Alves da Silva, Ana Clara Alves da Silva de 3 anos, David Otavio de Moura Silva, 11 e Beatriz Cristina, 10<\/figcaption><\/figure>\n<p style=\"text-align: center;\">\n<figure id=\"attachment_1384\" aria-describedby=\"caption-attachment-1384\" style=\"width: 384px\" class=\"wp-caption aligncenter\"><a href=\"http:\/\/projetocineb.com.br\/wp-content\/uploads\/2010\/09\/tiamaria010.jpg\"><img loading=\"lazy\" decoding=\"async\" class=\"size-full wp-image-1384  \" title=\"Moradores da comunidade, Antonio Joaquim de Almeida e Laudeonor Nunes Oliveira\" src=\"http:\/\/projetocineb.com.br\/wp-content\/uploads\/2010\/09\/tiamaria010.jpg\" alt=\"Moradores da comunidade, Antonio Joaquim de Almeida e Laudeonor Nunes Oliveira\" width=\"384\" height=\"255\" \/><\/a><figcaption id=\"caption-attachment-1384\" class=\"wp-caption-text\">Moradores da comunidade, Antonio Joaquim de Almeida e Laudeonor Nunes Oliveira<\/figcaption><\/figure>\n<p style=\"text-align: center;\">\n<figure id=\"attachment_1385\" aria-describedby=\"caption-attachment-1385\" style=\"width: 384px\" class=\"wp-caption aligncenter\"><a href=\"http:\/\/projetocineb.com.br\/wp-content\/uploads\/2010\/09\/tiamaria011.jpg\"><img loading=\"lazy\" decoding=\"async\" class=\"size-full wp-image-1385  \" title=\"Denis Rubber dos Santos S\u00e1 Bezerra, Gabriel dos Santos, Arlete Alves, Maysa Freitas, John Let Lucke, Kaue Roubian, Andressa Roubian, Diego Roubian e Amanda Naomi Mizobe\" src=\"http:\/\/projetocineb.com.br\/wp-content\/uploads\/2010\/09\/tiamaria011.jpg\" alt=\"Denis Rubber dos Santos S\u00e1 Bezerra, Gabriel dos Santos, Arlete Alves, Maysa Freitas, John Let Lucke, Kaue Roubian, Andressa Roubian, Diego Roubian e Amanda Naomi Mizobe\" width=\"384\" height=\"255\" \/><\/a><figcaption id=\"caption-attachment-1385\" class=\"wp-caption-text\">Denis Rubber dos Santos S\u00e1 Bezerra, Gabriel dos Santos, Arlete Alves, Maysa Freitas, John Let Lucke, Kaue Roubian, Andressa Roubian, Diego Roubian e Amanda Naomi Mizobe<\/figcaption><\/figure>\n<p style=\"text-align: center;\">\n<figure id=\"attachment_1375\" aria-describedby=\"caption-attachment-1375\" style=\"width: 384px\" class=\"wp-caption aligncenter\"><a href=\"http:\/\/projetocineb.com.br\/wp-content\/uploads\/2010\/09\/tiamaria001.jpg\"><img loading=\"lazy\" decoding=\"async\" class=\"size-full wp-image-1375  \" title=\"Quadro desenhado por um dos jovens que passaram pelo Lar da Tia Maria. O presente fica no escrit\u00f3rio da tia\" src=\"http:\/\/projetocineb.com.br\/wp-content\/uploads\/2010\/09\/tiamaria001.jpg\" alt=\"Quadro desenhado por um dos jovens que passaram pelo Lar da Tia Maria. O presente fica no escrit\u00f3rio da tia\" width=\"384\" height=\"255\" \/><\/a><figcaption id=\"caption-attachment-1375\" class=\"wp-caption-text\">Quadro desenhado por um dos jovens que passaram pelo Lar da Tia Maria. O presente fica no escrit\u00f3rio da tia<\/figcaption><\/figure>\n<p style=\"text-align: center;\">\n<p style=\"text-align: center;\">\n<figure id=\"attachment_1390\" aria-describedby=\"caption-attachment-1390\" style=\"width: 384px\" class=\"wp-caption aligncenter\"><a href=\"http:\/\/projetocineb.com.br\/wp-content\/uploads\/2010\/09\/tiamaria016.jpg\"><img loading=\"lazy\" decoding=\"async\" class=\"size-full wp-image-1390  \" title=\"Os sortudos da noite que dessa vez levaram at\u00e9 cesta b\u00e1sica pra casa!\" src=\"http:\/\/projetocineb.com.br\/wp-content\/uploads\/2010\/09\/tiamaria016.jpg\" alt=\"Os sortudos da noite que dessa vez levaram at\u00e9 cesta b\u00e1sica pra casa!\" width=\"384\" height=\"255\" \/><\/a><figcaption id=\"caption-attachment-1390\" class=\"wp-caption-text\">Os cine-sortudos da noite que dessa vez levaram at\u00e9 cesta b\u00e1sica pra casa!<\/figcaption><\/figure>\n","protected":false},"excerpt":{"rendered":"<p>Fotos de Vivian Szelpal Numa institui\u00e7\u00e3o sem fins lucrativos que h\u00e1 28 anos cuida de crian\u00e7as e adolescentes do Mandaqui,[&#8230;]<\/p>\n","protected":false},"author":2,"featured_media":0,"comment_status":"open","ping_status":"open","sticky":false,"template":"","format":"standard","meta":[],"categories":[2],"tags":[154,266,407,733,778,866,876,1132,1249],"_links":{"self":[{"href":"https:\/\/projetocineb.com.br\/index.php?rest_route=\/wp\/v2\/posts\/1374"}],"collection":[{"href":"https:\/\/projetocineb.com.br\/index.php?rest_route=\/wp\/v2\/posts"}],"about":[{"href":"https:\/\/projetocineb.com.br\/index.php?rest_route=\/wp\/v2\/types\/post"}],"author":[{"embeddable":true,"href":"https:\/\/projetocineb.com.br\/index.php?rest_route=\/wp\/v2\/users\/2"}],"replies":[{"embeddable":true,"href":"https:\/\/projetocineb.com.br\/index.php?rest_route=%2Fwp%2Fv2%2Fcomments&post=1374"}],"version-history":[{"count":0,"href":"https:\/\/projetocineb.com.br\/index.php?rest_route=\/wp\/v2\/posts\/1374\/revisions"}],"wp:attachment":[{"href":"https:\/\/projetocineb.com.br\/index.php?rest_route=%2Fwp%2Fv2%2Fmedia&parent=1374"}],"wp:term":[{"taxonomy":"category","embeddable":true,"href":"https:\/\/projetocineb.com.br\/index.php?rest_route=%2Fwp%2Fv2%2Fcategories&post=1374"},{"taxonomy":"post_tag","embeddable":true,"href":"https:\/\/projetocineb.com.br\/index.php?rest_route=%2Fwp%2Fv2%2Ftags&post=1374"}],"curies":[{"name":"wp","href":"https:\/\/api.w.org\/{rel}","templated":true}]}}