{"id":139,"date":"2010-02-06T01:49:05","date_gmt":"2010-02-06T01:49:05","guid":{"rendered":"http:\/\/projetocineb.com.br\/?p=139"},"modified":"2010-02-06T01:49:05","modified_gmt":"2010-02-06T01:49:05","slug":"embu-guacu-cipo","status":"publish","type":"post","link":"https:\/\/projetocineb.com.br\/?p=139","title":{"rendered":"EMBU-GUA\u00c7U . CIP\u00d3"},"content":{"rendered":"<h2><a href=\"http:\/\/projetocineb.com.br\/wp-content\/uploads\/2010\/02\/Tarja-CineB04.jpg\"><img decoding=\"async\" class=\"aligncenter size-full wp-image-161\" title=\"Tarja-CineB04\" src=\"http:\/\/projetocineb.com.br\/wp-content\/uploads\/2010\/02\/Tarja-CineB04.jpg\" alt=\"\" width=\"420\" height=\"114\" \/><\/a><\/h2>\n<h2><\/h2>\n<h2><\/h2>\n<h2><span style=\"color: #339966;\">A ORQUESTRA DOS MENINOS<\/span><\/h2>\n<p>O <span style=\"color: #0000ff;\">CineB de hoje<\/span> foi realizado na pacata regi\u00e3o da grande S\u00e3o Paulo,\u00a0<span style=\"color: #0000ff;\">Cip\u00f3, distrito de Umbu-Gua\u00e7u<\/span>. O <span style=\"color: #0000ff;\">Gin\u00e1sio Valter dos Reis<\/span> foi transformado em uma grande sala de cinema e a sess\u00e3o contou com mais de 100 pessoas da comunidade!<\/p>\n<p>Mais uma vez, o Cid\u00e1lio Vieira Santos, como um bom <em>show man<\/em>, mandou ver ao microfone entretendo o p\u00fablico. De pouco em pouco, curiosos iam passando, entrando, se acomodando, experimentando uma pipoquinha&#8230;<\/p>\n<p>Quando as luzes se apagaram as cadeiras j\u00e1 estavam ocupadas. At\u00e9 o prefeito de Embu-Gua\u00e7u, Clodoaldo Leite da Silva chegou para prestigiar a sess\u00e3o!<\/p>\n<p>A\u00ed sim, com a sala cheia, <em><span style=\"color: #0000ff;\">A<\/span><\/em><span style=\"color: #0000ff;\"> <\/span><em><span style=\"color: #0000ff;\">Orquestra dos Meninos<\/span><\/em><span style=\"color: #0000ff;\"> come\u00e7ou<\/span> emocionando a todos com sua hist\u00f3ria.<\/p>\n<p style=\"text-align: center;\"><a href=\"http:\/\/projetocineb.com.br\/wp-content\/uploads\/2010\/02\/DSC00310_01SITE.jpg\"><img fetchpriority=\"high\" decoding=\"async\" class=\"aligncenter size-full wp-image-143\" title=\"Luz apagada todo mundo de pipoca na m\u00e3o atento no tel\u00e3o ;)\" src=\"http:\/\/projetocineb.com.br\/wp-content\/uploads\/2010\/02\/DSC00310_01SITE.jpg\" alt=\"\" width=\"384\" height=\"193\" \/><\/a><\/p>\n<h2><span style=\"color: #339966;\">CIP\u00d3<\/span><\/h2>\n<p>O <span style=\"color: #0000ff;\">prefeito Clodoaldo agradeceu a vinda do CineB<\/span> em Embu. \u201cIsso \u00e9 bom, pois esta \u00e9 uma comunidade ainda carente de cultura, nosso governo come\u00e7ou do zero e j\u00e1 temos um projeto para constru\u00e7\u00e3o de um teatro em 2010\u201d, disse o prefeito. <span style=\"color: #0000ff;\">\u201cTemos muitos artistas em nossas escolas, precisamos dar bases para que eles se desenvolvam, por isso j\u00e1 come\u00e7amos cursos de dan\u00e7a e teatro\u201d<\/span>, acrescentou.<\/p>\n<p style=\"text-align: center;\"><a href=\"http:\/\/projetocineb.com.br\/wp-content\/uploads\/2010\/02\/DSC00302_01SITE.jpg\"><img decoding=\"async\" class=\"aligncenter size-full wp-image-159\" title=\"Prefeito Clodoaldo, de Embu-Gua\u00e7u\" src=\"http:\/\/projetocineb.com.br\/wp-content\/uploads\/2010\/02\/DSC00302_01SITE.jpg\" alt=\"\" width=\"384\" height=\"280\" \/><\/a><\/p>\n<p><span style=\"color: #0000ff;\">\u201cNa primeira vez que o CineB veio aqui, j\u00e1 soliticamos uma nova sess\u00e3o, que \u00e9 a de hoje<\/span>, porque toda popula\u00e7\u00e3o do bairro gosta muito de cultura e aqui fica longe de onde tem essas atividades\u201d, disse a <span style=\"color: #0000ff;\">diretora da secretaria de cultura de Embu-Gua\u00e7u, Zilda Martins Almeida<\/span>.<\/p>\n<p style=\"text-align: center;\"><a href=\"http:\/\/projetocineb.com.br\/wp-content\/uploads\/2010\/02\/DSC00292_01SITE.jpg\"><img loading=\"lazy\" decoding=\"async\" class=\"aligncenter size-full wp-image-144\" title=\"id\u00e1lio, Padre Gean Carlos (secret\u00e1rio de cultura) e Zilda Martins Ameida (diretora de cultura da   prefeitura)\" src=\"http:\/\/projetocineb.com.br\/wp-content\/uploads\/2010\/02\/DSC00292_01SITE.jpg\" alt=\"\" width=\"512\" height=\"307\" \/><\/a><\/p>\n<p>Cip\u00f3 \u00e9 muito distante de S\u00e3o Paulo, o que encarece muito um cineminha de fim de semana. As autoridades locais enxergaram que precisariam trazer, portanto, essas op\u00e7\u00f5es de divers\u00e3o, cultura e arte para dentro da comunidade.<\/p>\n<p>Se Maom\u00e9 n\u00e3o vai a montanha, a montanha vai a Maom\u00e9. <span style=\"color: #0000ff;\">\u201cTemos 15 projetos em andamento, num deles, em parceria com os governos estaduais e federais, pretendemos construir um cinema em Embu, o que \u00e9 muito animador\u201d, disse o padre Gean Carlos<\/span>.<\/p>\n<p>Enquanto isso, a <span style=\"color: #0000ff;\">prefeitura<\/span> conseguiu ser <span style=\"color: #0000ff;\">criativa<\/span>. <span style=\"color: #0000ff;\">Disponibilizou um \u00f4nibus para que a popula\u00e7\u00e3o, principalmente as crian\u00e7as, sejam levadas ao cinema mais pr\u00f3ximo<\/span>.<\/p>\n<p>Vamos torcer para que d\u00ea certo a constru\u00e7\u00e3o do cinema local!<\/p>\n<p><a href=\"http:\/\/projetocineb.com.br\/wp-content\/uploads\/2010\/02\/DSC00306_01SITE.jpg\"><img loading=\"lazy\" decoding=\"async\" class=\"aligncenter size-full wp-image-145\" title=\"Padre Gean Carlos (secret\u00e1rio de cultura), prefeito Clodoaldo Leite da Silva, Cid\u00e1lio Vieira   Santos, Zilda Martins Ameida (diretora de cultura da prefeitura)\" src=\"http:\/\/projetocineb.com.br\/wp-content\/uploads\/2010\/02\/DSC00306_01SITE.jpg\" alt=\"\" width=\"640\" height=\"360\" \/><\/a><\/p>\n<h2><span style=\"color: #339966;\">PEQUENO FOT\u00d3GRAFO<\/span><\/h2>\n<p><span style=\"color: #0000ff;\">Talles de 9 anos e seu irm\u00e3o Hector de 7 gostam muito de assistir filmes<\/span>, assim como a m\u00e3e Elaine. Mas <span style=\"color: #0000ff;\">foi a primeira vez que assistiram a um filme na grande tela<\/span>. O amiginho deles, Welder foi assistir <em>Homem Aranha<\/em> uns tempos atr\u00e1s no cinema. Eles disseram que os filmes preferidos s\u00e3o os tr\u00eas <em>Tranformers<\/em>, os quais j\u00e1 assistiram.<\/p>\n<p style=\"text-align: center;\"><a href=\"http:\/\/projetocineb.com.br\/wp-content\/uploads\/2010\/02\/DSC00281_01SITE.jpg\"><img loading=\"lazy\" decoding=\"async\" class=\"aligncenter size-full wp-image-147\" title=\"Roberta e Elaine, com seu filho Talles, seu irm\u00e3o Hector e o amigo Welder\" src=\"http:\/\/projetocineb.com.br\/wp-content\/uploads\/2010\/02\/DSC00281_01SITE.jpg\" alt=\"\" width=\"448\" height=\"320\" \/><\/a><\/p>\n<p>\u201cPera\u00ed, n\u00e3o tem tr\u00eas filmes dos <em>Transformers<\/em>!\u201d, eu digo. Eles param e se entreolham. O Welder diz que s\u00f3 t\u00eam dois filmes. Os tr\u00eas concordam. Talles, um garotinho pra l\u00e1 de simp\u00e1tico pede ent\u00e3o para bater uma foto minha. Coloco a al\u00e7a da c\u00e2mera com cuidado no seu bra\u00e7o e ele vai l\u00e1 bater a foto. Sa\u00ed com cara de loco. A\u00ed, seu irm\u00e3o Hector quis tamb\u00e9m. A foto do Hector ficou boazinha, s\u00f3 cortou um tiquinho o Welder&#8230; rss! Ta\u00ed galera! <span style=\"color: #0000ff;\">Gostaram do trabalho deste pequeno fot\u00f3grafo?<\/span><\/p>\n<p style=\"text-align: center;\"><a href=\"http:\/\/projetocineb.com.br\/wp-content\/uploads\/2010\/02\/DSC00283_01SITE.jpg\"><img loading=\"lazy\" decoding=\"async\" class=\"aligncenter size-full wp-image-146\" title=\"Hector quis tirar uma foto de Welder, Talles, Roberta e Elaine junto com o Thiago\" src=\"http:\/\/projetocineb.com.br\/wp-content\/uploads\/2010\/02\/DSC00283_01SITE.jpg\" alt=\"\" width=\"384\" height=\"215\" \/><\/a><\/p>\n<h2><span style=\"color: #339966;\">CINEMA \u00c9 DO COISA RUIM?<\/span><\/h2>\n<p><span style=\"color: #0000ff;\">Outra estr\u00e9ia no cinema foi de Hilario Alves de Oliveira, poeta<\/span>. Foi criado na ro\u00e7a e por isso demorou um bom tempo at\u00e9 conseguir ver um filme na grande tela. Ele trabalhou como funcion\u00e1rio de um cinema uma vez, mas disse que o lugar n\u00e3o funcionou muito tempo, acabou fechando. <span style=\"color: #0000ff;\">Era o bilheteiro e por isso, nunca foi ver os filmes que estavam em cartaz<\/span>. Apesar de ser um criador liter\u00e1rio, disse que prefere os filmes a leitura. \u201cN\u00e3o gosto de ler, gosto de escrever e assistir filmes, geralmente os vejo na televis\u00e3o\u201d, diz Hilario.<\/p>\n<p style=\"text-align: center;\"><a href=\"http:\/\/projetocineb.com.br\/wp-content\/uploads\/2010\/02\/DSC00322_01SITE.jpg\"><img loading=\"lazy\" decoding=\"async\" class=\"aligncenter size-full wp-image-148\" title=\"O poeta Hilario Alves de Oliveira que assistiu a um filme na grande tela pela primeira vez\" src=\"http:\/\/projetocineb.com.br\/wp-content\/uploads\/2010\/02\/DSC00322_01SITE.jpg\" alt=\"\" width=\"384\" height=\"259\" \/><\/a><\/p>\n<p>No meio de muitos membros de uma fam\u00edlia, Esmeralda Augusta da Silva tamb\u00e9m foi criada na ro\u00e7a, assim como Hilario. Ela disse que quando era pequena, h\u00e1 50 anos atr\u00e1s, seus pais viam o cinema como algo ruim. <span style=\"color: #0000ff;\">\u201cNunca meus pais me levaram ao cinema, eu nunca fui, mas sempre deixei minhas filhas irem\u201d<\/span>, diz Esmeralda. Ela n\u00e3o concorda que cinema seja algo ruim para as pessoas e assiste filmes em casa, com a fam\u00edlia. Seu preferido \u00e9 <em>Dois filhos de Francisco<\/em>. \u201cMas eu chorei tanto que n\u00e3o quero assistir aquele filme de novo\u201d, disse Esmeralda, depois de fazer uma careta.<\/p>\n<p>N\u00edtida rela\u00e7\u00e3o de amor e \u00f3dio&#8230; Voc\u00ea por acaso tem algum filme assim? Que voc\u00ea ame e odeie ao mesmo tempo?<\/p>\n<p style=\"text-align: center;\"><a href=\"http:\/\/projetocineb.com.br\/wp-content\/uploads\/2010\/02\/DSC00284_01SITE.jpg\"><img loading=\"lazy\" decoding=\"async\" class=\"aligncenter size-full wp-image-150\" title=\"A grande fam\u00edlia da noite: Esmeralda Augusta da Silva m\u00e3e da Lenucia dos Santos que   convidou a galera toda pra sess\u00e3o do CineB, Edna Souza Guaraldo, Edneia de Souza Guaraldo, \u00c9der Aparecido   Guaraldo, Lenice Batista Xavier, Lenita Saltirio dos Santos e Gilberto Aparecido e as crian\u00e7as Geovana, Breno,   Philipe e Victor\" src=\"http:\/\/projetocineb.com.br\/wp-content\/uploads\/2010\/02\/DSC00284_01SITE.jpg\" alt=\"\" width=\"512\" height=\"291\" \/><\/a><\/p>\n<h2><span style=\"color: #339966;\">TERROR, TERROR, TERROR!<\/span><\/h2>\n<p>Alzira Barboza de Jesus gosta de com\u00e9dia. Gosta de rir com os filmes. Sua filha Elizete Barboza de Jesus curte terror pra sentir um friozinho na barriga de vez em quando. Mesmo assim veio e trouxe as duas filhas para assistir ao <em>A<\/em> <em>orquestra dos Meninos<\/em>, de Paulo Thiago, com os atores Murilo Rosa, Priscila Fantin e Othon Bastos, no papel de um canalha de marca maior!<\/p>\n<h2><span style=\"color: #339966;\">PR\u00d3XIMA SESS\u00c3O: PR\u00c9-ESTR\u00c9IA ESPECIAL DO FILME OURO NEGRO<\/span><\/h2>\n<p>Sabe aquele \u00f4nibus que a prefeitura disponibiliza para a popula\u00e7\u00e3o de Embu-Gua\u00e7u ir ao cinema? Pois bem, no CineB de amanh\u00e3, <span style=\"color: #0000ff;\">26 de novembro<\/span>, ter\u00e1 a <span style=\"color: #0000ff;\">pr\u00e9-estr\u00e9ia do filme <\/span><em><span style=\"color: #0000ff;\">Ouro Negro<\/span><\/em><span style=\"color: #0000ff;\">, de Isa Albuquerque<\/span><em>. <\/em>O pessoal do Cip\u00f3 poder\u00e1 tomar este \u00f4nibus para chegar l\u00e1 na <span style=\"color: #0000ff;\">sede do Sindicato dos Banc\u00e1rios de S\u00e3o Paulo, Oscasco e Regi\u00e3o, no centro de S\u00e3o Paulo, mais precisamente na rua S\u00e3o Bento, 413<\/span>.<\/p>\n<p>Se voc\u00ea tamb\u00e9m quer assistir a este filme, mande um e-mail para <a href=\"mailto:cidalio@brazucah.com.br\">cidalio@brazucah.com.br<\/a> e reserve seu ingresso! A sess\u00e3o come\u00e7a <span style=\"color: #0000ff;\">19:30<\/span> e ter\u00e1 a <span style=\"color: #0000ff;\">presen\u00e7a da diretora do filme, a cineasta Isa Albuquerque<\/span>.<\/p>\n<p><em>Ouro Negro<\/em> conta a hist\u00f3ria de um m\u00e9dico e ge\u00f3logo alem\u00e3o (Odilon Wagner) que sonha em montar uma companhia de petr\u00f3leo. Numa Alagoas no in\u00edcio do s\u00e9culo XX, diversas tramas permeiam esta hist\u00f3ria em torno do ouro negro. O elenco tamb\u00e9m \u00e9 composto por Danton Mello, Thiago Fragoso e Chico Diaz.<\/p>\n<p style=\"text-align: center;\"><a href=\"http:\/\/projetocineb.com.br\/wp-content\/uploads\/2010\/02\/DSC00286_01SITE.jpg\"><img loading=\"lazy\" decoding=\"async\" class=\"aligncenter size-full wp-image-154\" title=\"\u00c9der Aparecido Guaraldo, Lenice Batista Xavier, Lenita Saltirio dos Santos, Edna Souza   Guaraldo, Edneia de Souza Guaraldo e Gilberto Aparecido\" src=\"http:\/\/projetocineb.com.br\/wp-content\/uploads\/2010\/02\/DSC00286_01SITE.jpg\" alt=\"\" width=\"512\" height=\"327\" \/><\/a><\/p>\n<p style=\"text-align: center;\">\n<p style=\"text-align: center;\">\n<p style=\"text-align: center;\"><a href=\"http:\/\/projetocineb.com.br\/wp-content\/uploads\/2010\/02\/DSC00326_01SITE1.jpg\"><img loading=\"lazy\" decoding=\"async\" class=\"aligncenter size-full wp-image-155\" title=\"At\u00e9 o coral da Cidade esteve presente!\" src=\"http:\/\/projetocineb.com.br\/wp-content\/uploads\/2010\/02\/DSC00326_01SITE1.jpg\" alt=\"\" width=\"640\" height=\"363\" \/><\/a><\/p>\n<p style=\"text-align: center;\">\n<p style=\"text-align: center;\">\n<p style=\"text-align: center;\">\n<p style=\"text-align: center;\"><a href=\"http:\/\/projetocineb.com.br\/wp-content\/uploads\/2010\/02\/DSC00324_01SITE.jpg\"><img loading=\"lazy\" decoding=\"async\" class=\"aligncenter size-full wp-image-156\" title=\"Os sortudos da noite que ganharam uma camiseta do CineB\" src=\"http:\/\/projetocineb.com.br\/wp-content\/uploads\/2010\/02\/DSC00324_01SITE.jpg\" alt=\"\" width=\"512\" height=\"372\" \/><\/a><\/p>\n<p style=\"text-align: center;\">\n<p style=\"text-align: left;\">0~0<\/p>\n","protected":false},"excerpt":{"rendered":"<p>A ORQUESTRA DOS MENINOS O CineB de hoje foi realizado na pacata regi\u00e3o da grande S\u00e3o Paulo,\u00a0Cip\u00f3, distrito de Umbu-Gua\u00e7u.[&#8230;]<\/p>\n","protected":false},"author":2,"featured_media":0,"comment_status":"open","ping_status":"open","sticky":false,"template":"","format":"standard","meta":[],"categories":[2],"tags":[34,126,453,903,1251],"_links":{"self":[{"href":"https:\/\/projetocineb.com.br\/index.php?rest_route=\/wp\/v2\/posts\/139"}],"collection":[{"href":"https:\/\/projetocineb.com.br\/index.php?rest_route=\/wp\/v2\/posts"}],"about":[{"href":"https:\/\/projetocineb.com.br\/index.php?rest_route=\/wp\/v2\/types\/post"}],"author":[{"embeddable":true,"href":"https:\/\/projetocineb.com.br\/index.php?rest_route=\/wp\/v2\/users\/2"}],"replies":[{"embeddable":true,"href":"https:\/\/projetocineb.com.br\/index.php?rest_route=%2Fwp%2Fv2%2Fcomments&post=139"}],"version-history":[{"count":0,"href":"https:\/\/projetocineb.com.br\/index.php?rest_route=\/wp\/v2\/posts\/139\/revisions"}],"wp:attachment":[{"href":"https:\/\/projetocineb.com.br\/index.php?rest_route=%2Fwp%2Fv2%2Fmedia&parent=139"}],"wp:term":[{"taxonomy":"category","embeddable":true,"href":"https:\/\/projetocineb.com.br\/index.php?rest_route=%2Fwp%2Fv2%2Fcategories&post=139"},{"taxonomy":"post_tag","embeddable":true,"href":"https:\/\/projetocineb.com.br\/index.php?rest_route=%2Fwp%2Fv2%2Ftags&post=139"}],"curies":[{"name":"wp","href":"https:\/\/api.w.org\/{rel}","templated":true}]}}