{"id":1395,"date":"2010-09-14T18:20:50","date_gmt":"2010-09-14T21:20:50","guid":{"rendered":"http:\/\/projetocineb.com.br\/?p=1395"},"modified":"2010-09-14T18:20:50","modified_gmt":"2010-09-14T21:20:50","slug":"heliopolis-com-lena-roque","status":"publish","type":"post","link":"https:\/\/projetocineb.com.br\/?p=1395","title":{"rendered":"HELI\u00d3POLIS COM LENA ROQUE"},"content":{"rendered":"<p><em>Fotos de Vivian Szelpal<\/em><\/p>\n<p><span style=\"color: #ff6600;\">\u201cTenho muito orgulho de ser negra, minha m\u00e3e era dom\u00e9stica h\u00e1 poucos anos. Ser dom\u00e9stica n\u00e3o desmerece ningu\u00e9m, isso \u00e9 um trabalho como outro. As pessoas tem que se valorizar, porque o que dignifica o ser humano \u00e9 quem ele \u00e9, n\u00e3o o que ele faz, disse a atriz Lena Roque, respondendo a pergunta do espectador Francisco Assis no Cine B deste s\u00e1bado, realizado em Heli\u00f3polis, zona sul de S\u00e3o Paulo.<\/span><\/p>\n<p style=\"text-align: center;\">\n<figure id=\"attachment_1404\" aria-describedby=\"caption-attachment-1404\" style=\"width: 384px\" class=\"wp-caption aligncenter\"><a href=\"http:\/\/projetocineb.com.br\/wp-content\/uploads\/2010\/09\/heliopolis011.jpg\"><img fetchpriority=\"high\" decoding=\"async\" class=\"size-full wp-image-1404  \" title=\"Cine B em Heli\u00f3polis e com participa\u00e7\u00e3o especial da atriz Lena Roque, que est\u00e1 em Dom\u00e9sticas, o filme\" src=\"http:\/\/projetocineb.com.br\/wp-content\/uploads\/2010\/09\/heliopolis011.jpg\" alt=\"Cine B em Heli\u00f3polis e com participa\u00e7\u00e3o especial da atriz Lena Roque, que est\u00e1 em Dom\u00e9sticas, o filme\" width=\"384\" height=\"255\" \/><\/a><figcaption id=\"caption-attachment-1404\" class=\"wp-caption-text\">Cine B em Heli\u00f3polis e com participa\u00e7\u00e3o especial da atriz Lena Roque, que est\u00e1 em Dom\u00e9sticas, o filme, dirigido por Fernando Meirelles e Nando Olival<\/figcaption><\/figure>\n<p>Meus amigos, e que sess\u00e3o! Al\u00e9m da participa\u00e7\u00e3o especial desta excelente atriz brasileira, a comunidade participou da exibi\u00e7\u00e3o, lotando completamente o espa\u00e7o do <span style=\"color: #ff6600;\">Centro de Conviv\u00eancia do Paquist\u00e3o Social<\/span>. A comunidade orgulhosamente exibiu atrav\u00e9s da tela do Cine B, o <span style=\"color: #ff6600;\">novo clip do Planta e Raiz, gravado na Heli\u00f3polis<\/span> em tr\u00eas dias do m\u00eas de agosto de 2010.<\/p>\n<p style=\"text-align: center;\">\n<p>\u201cO primeiro Cine B aqui em Heli\u00f3polis foi muito bom, valeu a pena assim como esta segunda vez! \u00c9 muito bom ver toda comunidade participando desta festa.\u201d, disse Cid\u00e1lio Vieira Santos, coordenador do Cine B, na abertura do evento.<\/p>\n<p style=\"text-align: center;\">\n<figure id=\"attachment_1421\" aria-describedby=\"caption-attachment-1421\" style=\"width: 384px\" class=\"wp-caption aligncenter\"><a href=\"http:\/\/projetocineb.com.br\/wp-content\/uploads\/2010\/09\/heliopolis028.jpg\"><img decoding=\"async\" class=\"size-full wp-image-1421  \" title=\"Lena Roque com Marcelo e Cid\u00e1lio\" src=\"http:\/\/projetocineb.com.br\/wp-content\/uploads\/2010\/09\/heliopolis028.jpg\" alt=\"Lena Roque com Marcelo e Cid\u00e1lio\" width=\"384\" height=\"255\" \/><\/a><figcaption id=\"caption-attachment-1421\" class=\"wp-caption-text\">A atriz Lena Roque com Jos\u00e9 Marcelo da Silva, da A\u00e7\u00e3o Comunit\u00e1ria da Heli\u00f3polis e Cid\u00e1lio Vieira Santos, da Brazucah Produ\u00e7\u00f5es<\/figcaption><\/figure>\n<p>Em seguida <span style=\"color: #ff6600;\">Jos\u00e9 Marcelo da Silva, presidente do A\u00e7\u00e3o Comunit\u00e1ria da Heli\u00f3polis, agradeceu a participa\u00e7\u00e3o super especial de Maria Helena Muniz da comunidade Savoyzinho, do pessoal do grupo de teatro F\u00faria, do grupo de jovens da Igreja Universal do Reino de Deus e da faculdade S\u00e3o Marcos<\/span>.<\/p>\n<p><a href=\"http:\/\/projetocineb.com.br\/?p=790\" target=\"_blank\">Clique aqui para ler o texto da primeiro exibi\u00e7\u00e3o do Cine B em Heli\u00f3polis.<\/a><\/p>\n<p style=\"text-align: center;\">\n<p style=\"text-align: center;\">\n<h2><span style=\"color: #008000;\">DO LAR<\/span><\/h2>\n<p><em>Dom\u00e9sticas \u2013 o filme<\/em>, teve sua hist\u00f3ria constru\u00edda \u00e0 partir da pe\u00e7a de Renata Mello, de mesmo nome, que estreou em 1998. Em 2001, Fernando Meireles lan\u00e7ou este filme que j\u00e1 foi exibido no Cine B, em 2008 e que neste m\u00eas volta para nossa programa\u00e7\u00e3o. <span style=\"color: #ff6600;\">O filme agrada a diversos p\u00fablico, al\u00e9m de continuar extremamente atual.<\/span><\/p>\n<p style=\"text-align: center;\">\n<figure id=\"attachment_1422\" aria-describedby=\"caption-attachment-1422\" style=\"width: 384px\" class=\"wp-caption aligncenter\"><a href=\"http:\/\/projetocineb.com.br\/wp-content\/uploads\/2010\/09\/heliopolis029.jpg\"><img decoding=\"async\" class=\"size-full wp-image-1422  \" title=\"As dom\u00e9sticas, Severina do Socorro Ferreira de Lima e M\u00e1rcia Aparecida de \u00c1vila, com seu filho Kaue de \u00c1vila Assis\" src=\"http:\/\/projetocineb.com.br\/wp-content\/uploads\/2010\/09\/heliopolis029.jpg\" alt=\"As dom\u00e9sticas, Severina do Socorro Ferreira de Lima e M\u00e1rcia Aparecida de \u00c1vila, com seu filho Kaue de \u00c1vila Assis\" width=\"384\" height=\"255\" \/><\/a><figcaption id=\"caption-attachment-1422\" class=\"wp-caption-text\">As dom\u00e9sticas na vida real, Severina do Socorro Ferreira de Lima e M\u00e1rcia Aparecida de \u00c1vila, com seu filho Kaue de \u00c1vila Assis. Severina j\u00e1 chegou a ficar presa no apartamento pela patroa, j\u00e1 M\u00e1rcia disse que at\u00e9 hoje nenhum patr\u00e3o a desrespeitou, mas j\u00e1 viu preconceito acontecer com outras colegas<\/figcaption><\/figure>\n<p><span style=\"color: #ff6600;\">\u201cSe voc\u00ea faz um filme sobre uma comunidade, \u00e0s vezes, pelo espectador nunca ter ao menos visitado uma comunidade, n\u00e3o se identifica com a hist\u00f3ria. J\u00e1 com o filme <em>Dom\u00e9sticas<\/em> isso n\u00e3o acontece, porque ou a pessoa \u00e9, j\u00e1 foi, j\u00e1 teve uma ou mesmo j\u00e1 conheceu alguma dom\u00e9stica na vida\u201d, disse a disse a atriz<\/span> Lena Roque, que no filme faz a personagem Cr\u00e9o, a qual vive o drama da procura pela filha que fugiu.<\/p>\n<p>Dom\u00e9sticas, segundo Lena, faz sucesso em festivais internacionais e j\u00e1 foi exibido na pris\u00e3o feminina do Carandiru.<\/p>\n<p><span style=\"color: #ff6600;\">\u201cAgrade\u00e7o ao Sindicato pelo convite! \u00c9 um filme que as pessoas sempre gostam. Normalmente nas hist\u00f3rias, as personagens dom\u00e9sticas s\u00e3o sempre secund\u00e1rias. J\u00e1 neste filme elas est\u00e3o em primeiro plano, mostrando suas vidas. Pode ver que os patr\u00f5es n\u00e3o aparecem em momento algum do filme\u201d, disse Lena Roque, que nas pr\u00f3ximas semanas volta a aparecer com freq\u00fc\u00eancia na TV com a reprise da novela global <em>Os 7 pecados.<\/em><\/span><\/p>\n<p><em> <\/em><\/p>\n<p>No final da exibi\u00e7\u00e3o a atriz participou de um <span style=\"color: #ff6600;\">bate-papo com o p\u00fablico<\/span>. Confira abaixo!<\/p>\n<p style=\"text-align: center;\">\n<figure id=\"attachment_1413\" aria-describedby=\"caption-attachment-1413\" style=\"width: 384px\" class=\"wp-caption aligncenter\"><a href=\"http:\/\/projetocineb.com.br\/wp-content\/uploads\/2010\/09\/heliopolis020.jpg\"><img loading=\"lazy\" decoding=\"async\" class=\"size-full wp-image-1413  \" title=\"Cid\u00e1lio Vieira Santos, da Brazucah Produ\u00e7\u00f5es anuncia o debate com a atriz Lena Roque. Na foto, ao lado da artista, Marcelo de Heli\u00f3polis\" src=\"http:\/\/projetocineb.com.br\/wp-content\/uploads\/2010\/09\/heliopolis020.jpg\" alt=\"Cid\u00e1lio Vieira Santos, da Brazucah Produ\u00e7\u00f5es anuncia o debate com a atriz Lena Roque. Na foto, ao lado da artista, Marcelo de Heli\u00f3polis\" width=\"384\" height=\"255\" \/><\/a><figcaption id=\"caption-attachment-1413\" class=\"wp-caption-text\">Cid\u00e1lio Vieira Santos e Jos\u00e9 Marcelo da Silva anunciam o debate com a atriz Lena Roque<\/figcaption><\/figure>\n<p style=\"text-align: center;\">\n<figure id=\"attachment_1415\" aria-describedby=\"caption-attachment-1415\" style=\"width: 384px\" class=\"wp-caption aligncenter\"><a href=\"http:\/\/projetocineb.com.br\/wp-content\/uploads\/2010\/09\/heliopolis022.jpg\"><img loading=\"lazy\" decoding=\"async\" class=\"size-full wp-image-1415  \" title=\"Ivanilson Vieira dos Santos, morador de Heli\u00f3polis\" src=\"http:\/\/projetocineb.com.br\/wp-content\/uploads\/2010\/09\/heliopolis022.jpg\" alt=\"Ivanilson Vieira dos Santos, morador de Heli\u00f3polis\" width=\"384\" height=\"255\" \/><\/a><figcaption id=\"caption-attachment-1415\" class=\"wp-caption-text\">Ivanilson Vieira dos Santos, morador de Heli\u00f3polis, perguntou: a opini\u00e3o da atriz sobre como \u00e9 mostrada a marginalidade e a viol\u00eancia <\/figcaption><\/figure>\n<p><strong>Lena Roque:<\/strong> <span style=\"color: #ff6600;\">Eu n\u00e3o gosto da viol\u00eancia, mas \u00e9 uma realidade que a gente mesmo provoca.<\/span> Todo mundo quer ser feliz, todo mundo quer ficar bem. A viol\u00eancia acredito que nasce da revolta, quer algo mas n\u00e3o consegue. O jovem sobre muito disso, muitas vezes por falta de princ\u00edpios.<\/p>\n<p style=\"text-align: center;\">\n<figure id=\"attachment_1418\" aria-describedby=\"caption-attachment-1418\" style=\"width: 319px\" class=\"wp-caption aligncenter\"><a href=\"http:\/\/projetocineb.com.br\/wp-content\/uploads\/2010\/09\/heliopolis025.jpg\"><img loading=\"lazy\" decoding=\"async\" class=\"size-full wp-image-1418 \" title=\"William Andrade da Faculdade S\u00e3o Marcos: Qual sua vis\u00e3o sobre o cinema de Hollywood e o brasileiro?\" src=\"http:\/\/projetocineb.com.br\/wp-content\/uploads\/2010\/09\/heliopolis025.jpg\" alt=\"William Andrade da Faculdade S\u00e3o Marcos: Qual sua vis\u00e3o sobre o cinema de Hollywood e o brasileiro?\" width=\"319\" height=\"480\" \/><\/a><figcaption id=\"caption-attachment-1418\" class=\"wp-caption-text\">William Andrade da Faculdade S\u00e3o Marcos: Qual sua vis\u00e3o sobre o cinema de Hollywood e o brasileiro?<\/figcaption><\/figure>\n<p><strong>Lena Roque:<\/strong> A gente consome muito filme de Hollywood por uma quest\u00e3o de poder de mercado. E a dificuldade do cinema brasileiro \u00e9 as pessoas gostarem dele, criar cada vez mais identifica\u00e7\u00e3o com o p\u00fablico.<\/p>\n<p style=\"text-align: center;\">\n<figure id=\"attachment_1414\" aria-describedby=\"caption-attachment-1414\" style=\"width: 319px\" class=\"wp-caption aligncenter\"><a href=\"http:\/\/projetocineb.com.br\/wp-content\/uploads\/2010\/09\/heliopolis021.jpg\"><img loading=\"lazy\" decoding=\"async\" class=\"size-full wp-image-1414 \" title=\"Lena Roque estr\u00e9ia dia 9 de outubro em S\u00e3o Paulo, com a pe\u00e7a c\u00f4mica Louca de Amor, no Teatro Imprensa\" src=\"http:\/\/projetocineb.com.br\/wp-content\/uploads\/2010\/09\/heliopolis021.jpg\" alt=\"Lena Roque estr\u00e9ia dia 9 de outubro em S\u00e3o Paulo, com a pe\u00e7a c\u00f4mica Louca de Amor, no Teatro Imprensa\" width=\"319\" height=\"480\" \/><\/a><figcaption id=\"caption-attachment-1414\" class=\"wp-caption-text\">Lena Roque estr\u00e9ia dia 9 de outubro em S\u00e3o Paulo, com a pe\u00e7a c\u00f4mica Louca de Amor, no Teatro Imprensa<\/figcaption><\/figure>\n<p>Douglas Galdino da faculdade S\u00e3o Marcos: quais dicas voc\u00ea d\u00e1 para os jovens que desejam trabalhar com arte no Brasil?<\/p>\n<p>Lena Roque: Primeiro a pessoa precisa de oportunidade, al\u00e9m de lutar pelo seu sonho, ou seja, estudar, valorizar a si pr\u00f3prio. <span style=\"color: #ff6600;\">A pessoa tem que fazer por onde, realmente batalhar pelo que quer com dignidade, se esfor\u00e7ar muito mesmo para vencer as dificuldades.<\/span><\/p>\n<p style=\"text-align: center;\">\n<figure id=\"attachment_1419\" aria-describedby=\"caption-attachment-1419\" style=\"width: 319px\" class=\"wp-caption aligncenter\"><a href=\"http:\/\/projetocineb.com.br\/wp-content\/uploads\/2010\/09\/heliopolis026.jpg\"><img loading=\"lazy\" decoding=\"async\" class=\"size-full wp-image-1419 \" title=\"Vinicius Lima de 10 anos: Qual parte do filme voc\u00ea mais gosta?\" src=\"http:\/\/projetocineb.com.br\/wp-content\/uploads\/2010\/09\/heliopolis026.jpg\" alt=\"Vinicius Lima de 10 anos: Qual parte do filme voc\u00ea mais gosta?\" width=\"319\" height=\"480\" \/><\/a><figcaption id=\"caption-attachment-1419\" class=\"wp-caption-text\">Vinicius Lima de 10 anos: Qual parte do filme voc\u00ea mais gosta?<\/figcaption><\/figure>\n<p><strong>Lena Roque:<\/strong> Eu gosto muito das cenas de trapalhadas, na hora que a Quit\u00e9ria quebra o vaso sempre acho uma cena engra\u00e7ada.<\/p>\n<p style=\"text-align: center;\">\n<figure id=\"attachment_1420\" aria-describedby=\"caption-attachment-1420\" style=\"width: 319px\" class=\"wp-caption aligncenter\"><a href=\"http:\/\/projetocineb.com.br\/wp-content\/uploads\/2010\/09\/heliopolis027.jpg\"><img loading=\"lazy\" decoding=\"async\" class=\"size-full wp-image-1420 \" title=\"V\u00e2nia Luiza Souza Campos Costa de 13 anos: O que voc\u00ea mais gosta de fazer: cinema, teatro ou televis\u00e3o?\" src=\"http:\/\/projetocineb.com.br\/wp-content\/uploads\/2010\/09\/heliopolis027.jpg\" alt=\"V\u00e2nia Luiza Souza Campos Costa de 13 anos: O que voc\u00ea mais gosta de fazer: cinema, teatro ou televis\u00e3o?\" width=\"319\" height=\"480\" \/><\/a><figcaption id=\"caption-attachment-1420\" class=\"wp-caption-text\">V\u00e2nia Luiza Souza Campos Costa de 13 anos: O que voc\u00ea mais gosta de fazer: cinema, teatro ou televis\u00e3o?<\/figcaption><\/figure>\n<p><strong>Lena Roque: <\/strong>Gosto de atuar onde for. Sempre acho muito gostoso fazer cinema e teatro, mas gosto de tudo!<\/p>\n<h2><span style=\"color: #008000;\">CLICKS<\/span><\/h2>\n<figure id=\"attachment_1430\" aria-describedby=\"caption-attachment-1430\" style=\"width: 384px\" class=\"wp-caption aligncenter\"><a href=\"http:\/\/projetocineb.com.br\/wp-content\/uploads\/2010\/09\/heliopolis002.jpg\"><img loading=\"lazy\" decoding=\"async\" class=\"size-full wp-image-1430 \" title=\"Carol Michele Nunes Vieira com seu filho Ryan Vinicius Vieira, de 5 anos, Maria Helena Muniz, Antonia Barboza de Oliveira da comunidade Savoyzinho, zona sul de S\u00e3o Paulo\" src=\"http:\/\/projetocineb.com.br\/wp-content\/uploads\/2010\/09\/heliopolis002.jpg\" alt=\"\" width=\"384\" height=\"255\" \/><\/a><figcaption id=\"caption-attachment-1430\" class=\"wp-caption-text\">Carol Michele Nunes Vieira com seu filho Ryan Vinicius Vieira, de 5 anos, Maria Helena Muniz, Antonia Barboza de Oliveira da comunidade Savoyzinho, zona leste de S\u00e3o Paulo<\/figcaption><\/figure>\n<p style=\"text-align: center;\">\n<p style=\"text-align: center;\">\n<figure id=\"attachment_1397\" aria-describedby=\"caption-attachment-1397\" style=\"width: 384px\" class=\"wp-caption aligncenter\"><a href=\"http:\/\/projetocineb.com.br\/wp-content\/uploads\/2010\/09\/heliopolis003.jpg\"><img loading=\"lazy\" decoding=\"async\" class=\"size-full wp-image-1397  \" title=\"Paulo Henrique Luiz, Arnaldo Neri e Jackson da Silva Blaco\" src=\"http:\/\/projetocineb.com.br\/wp-content\/uploads\/2010\/09\/heliopolis003.jpg\" alt=\"Paulo Henrique Luiz, Arnaldo Neri e Jackson da Silva Blaco\" width=\"384\" height=\"255\" \/><\/a><figcaption id=\"caption-attachment-1397\" class=\"wp-caption-text\">Paulo Henrique Luiz (Pato), Arnaldo Neri e Jackson da Silva Claro que est\u00e3o organizando uma associa\u00e7\u00e3o na comunidade Savoyzinho<\/figcaption><\/figure>\n<figure id=\"attachment_1429\" aria-describedby=\"caption-attachment-1429\" style=\"width: 384px\" class=\"wp-caption aligncenter\"><a href=\"http:\/\/projetocineb.com.br\/wp-content\/uploads\/2010\/09\/heliopolis036.jpg\"><img loading=\"lazy\" decoding=\"async\" class=\"size-full wp-image-1429  \" title=\"O pipoqueiro do Cine B, se Antonio Nascimento ao lado da atriz Lena Roque\" src=\"http:\/\/projetocineb.com.br\/wp-content\/uploads\/2010\/09\/heliopolis036.jpg\" alt=\"O pipoqueiro do Cine B, se Antonio Nascimento ao lado da atriz Lena Roque\" width=\"384\" height=\"255\" \/><\/a><figcaption id=\"caption-attachment-1429\" class=\"wp-caption-text\">O pipoqueiro do Cine B, se Antonio Nascimento ao lado da atriz Lena Roque<\/figcaption><\/figure>\n<figure id=\"attachment_1411\" aria-describedby=\"caption-attachment-1411\" style=\"width: 384px\" class=\"wp-caption aligncenter\"><a href=\"http:\/\/projetocineb.com.br\/wp-content\/uploads\/2010\/09\/heliopolis018.jpg\"><img loading=\"lazy\" decoding=\"async\" class=\"size-full wp-image-1411  \" title=\"Os animados universit\u00e1rios da S\u00e3o Marcos\" src=\"http:\/\/projetocineb.com.br\/wp-content\/uploads\/2010\/09\/heliopolis018.jpg\" alt=\"Os animados universit\u00e1rios da S\u00e3o Marcos\" width=\"384\" height=\"255\" \/><\/a><figcaption id=\"caption-attachment-1411\" class=\"wp-caption-text\">Os animados universit\u00e1rios da S\u00e3o Marcos<\/figcaption><\/figure>\n<figure id=\"attachment_1403\" aria-describedby=\"caption-attachment-1403\" style=\"width: 384px\" class=\"wp-caption aligncenter\"><a href=\"http:\/\/projetocineb.com.br\/wp-content\/uploads\/2010\/09\/heliopolis009.jpg\"><img loading=\"lazy\" decoding=\"async\" class=\"size-full wp-image-1403  \" title=\"Cine B cheio em Heli\u00f3polis, zona sul de S\u00e3o Paulo\" src=\"http:\/\/projetocineb.com.br\/wp-content\/uploads\/2010\/09\/heliopolis009.jpg\" alt=\"Cine B cheio em Heli\u00f3polis, zona sul de S\u00e3o Paulo\" width=\"384\" height=\"255\" \/><\/a><figcaption id=\"caption-attachment-1403\" class=\"wp-caption-text\">Cine B cheio em Heli\u00f3polis, zona sul de S\u00e3o Paulo<\/figcaption><\/figure>\n<p style=\"text-align: center;\">\n<figure id=\"attachment_1398\" aria-describedby=\"caption-attachment-1398\" style=\"width: 384px\" class=\"wp-caption aligncenter\"><a href=\"http:\/\/projetocineb.com.br\/wp-content\/uploads\/2010\/09\/heliopolis004.jpg\"><img loading=\"lazy\" decoding=\"async\" class=\"size-full wp-image-1398  \" title=\"Vera Lucia Pereira Vieira com seu marido Melchior Pereira e Jos\u00e9 Carlos Monteiro, com sua esposa Niva Maria de Sousa\" src=\"http:\/\/projetocineb.com.br\/wp-content\/uploads\/2010\/09\/heliopolis004.jpg\" alt=\"Vera Lucia Pereira Vieira com seu marido Melchior Pereira e Jos\u00e9 Carlos Monteiro, com sua esposa Niva Maria de Sousa\" width=\"384\" height=\"255\" \/><\/a><figcaption id=\"caption-attachment-1398\" class=\"wp-caption-text\">Casai moradores de Heli\u00f3polis, Vera Lucia Pereira Vieira com seu marido Melchior Pereira e Jos\u00e9 Carlos Monteiro, com sua esposa Niva Maria de Sousa<\/figcaption><\/figure>\n<figure id=\"attachment_1409\" aria-describedby=\"caption-attachment-1409\" style=\"width: 384px\" class=\"wp-caption aligncenter\"><a href=\"http:\/\/projetocineb.com.br\/wp-content\/uploads\/2010\/09\/heliopolis016.jpg\"><img loading=\"lazy\" decoding=\"async\" class=\"size-full wp-image-1409  \" title=\"Alguns moradores ficaram em frente de suas casas assistindo um cineminha \" src=\"http:\/\/projetocineb.com.br\/wp-content\/uploads\/2010\/09\/heliopolis016.jpg\" alt=\"Alguns moradores ficaram em frente de suas casas assistindo um cineminha\" width=\"384\" height=\"255\" \/><\/a><figcaption id=\"caption-attachment-1409\" class=\"wp-caption-text\">Alguns moradores ficaram em frente de suas casas assistindo um cineminha<\/figcaption><\/figure>\n<figure id=\"attachment_1406\" aria-describedby=\"caption-attachment-1406\" style=\"width: 384px\" class=\"wp-caption aligncenter\"><a href=\"http:\/\/projetocineb.com.br\/wp-content\/uploads\/2010\/09\/heliopolis013.jpg\"><img loading=\"lazy\" decoding=\"async\" class=\"size-full wp-image-1406  \" title=\"Denis e Israel resposn\u00e1veis pelo \u00e1udio e v\u00eddeo neste Cine B, pela Projesom\" src=\"http:\/\/projetocineb.com.br\/wp-content\/uploads\/2010\/09\/heliopolis013.jpg\" alt=\"Denis e Israel resposn\u00e1veis pelo \u00e1udio e v\u00eddeo neste Cine B, pela Projesom\" width=\"384\" height=\"255\" \/><\/a><figcaption id=\"caption-attachment-1406\" class=\"wp-caption-text\">Denis e Israel  de Freitas, t\u00e9cnicos de \u00e1udio e v\u00eddeo neste Cine B, pela Projesom<\/figcaption><\/figure>\n<p style=\"text-align: center;\">\n<figure id=\"attachment_1399\" aria-describedby=\"caption-attachment-1399\" style=\"width: 384px\" class=\"wp-caption aligncenter\"><a href=\"http:\/\/projetocineb.com.br\/wp-content\/uploads\/2010\/09\/heliopolis005.jpg\"><img loading=\"lazy\" decoding=\"async\" class=\"size-full wp-image-1399   \" title=\"Maria Aparecida Souza Alves e Maria de Jesus Galv\u00e3o Bueno\" src=\"http:\/\/projetocineb.com.br\/wp-content\/uploads\/2010\/09\/heliopolis005.jpg\" alt=\"Maria Aparecida Souza Alves e Maria de Jesus Galv\u00e3o Bueno\" width=\"384\" height=\"255\" \/><\/a><figcaption id=\"caption-attachment-1399\" class=\"wp-caption-text\">Maria Aparecida Souza Alves e Maria de Jesus Galv\u00e3o Bueno<\/figcaption><\/figure>\n<figure id=\"attachment_1426\" aria-describedby=\"caption-attachment-1426\" style=\"width: 384px\" class=\"wp-caption aligncenter\"><a href=\"http:\/\/projetocineb.com.br\/wp-content\/uploads\/2010\/09\/heliopolis033.jpg\"><img loading=\"lazy\" decoding=\"async\" class=\"size-full wp-image-1426 \" title=\"Lena Roque com comunidades\" src=\"http:\/\/projetocineb.com.br\/wp-content\/uploads\/2010\/09\/heliopolis033.jpg\" alt=\"\" width=\"384\" height=\"255\" \/><\/a><figcaption id=\"caption-attachment-1426\" class=\"wp-caption-text\">Roberto Vitor da A\u00e7\u00e3o Comunit\u00e1ria Nova Heli\u00f3polis, Cid\u00e1lio V. Santos, coordenador do Cine B, Emerson Oliveira Antunes, Lena Roque, Marcelo Silva da A\u00e7\u00e3o Comunit\u00e1ria heli\u00f3polis, Noelia Maria de Jesus, presidente da Associa\u00e7\u00e3o Paquist\u00e3o Social, Maria Helena Muniz, Antonia Barboza de Oliveira da comunidade  Savoyzinho, zona leste de S\u00e3o Paulo, Miguel Rocha da Cia de Teatro Heli\u00f3polis e Maria Rita Oliveira, vice-presidente da Paquist\u00e3o Social<\/figcaption><\/figure>\n<p style=\"text-align: center;\">\n<figure id=\"attachment_1396\" aria-describedby=\"caption-attachment-1396\" style=\"width: 384px\" class=\"wp-caption aligncenter\"><a href=\"http:\/\/projetocineb.com.br\/wp-content\/uploads\/2010\/09\/heliopolis001.jpg\"><img loading=\"lazy\" decoding=\"async\" class=\"size-full wp-image-1396  \" title=\"Tudo pronto, mas ainda sem o p\u00fablico\" src=\"http:\/\/projetocineb.com.br\/wp-content\/uploads\/2010\/09\/heliopolis001.jpg\" alt=\"Tudo pronto, mas ainda sem o p\u00fablico\" width=\"384\" height=\"255\" \/><\/a><figcaption id=\"caption-attachment-1396\" class=\"wp-caption-text\">Tudo pronto, mas ainda sem o p\u00fablico<\/figcaption><\/figure>\n<p style=\"text-align: center;\">\n<figure id=\"attachment_1410\" aria-describedby=\"caption-attachment-1410\" style=\"width: 384px\" class=\"wp-caption aligncenter\"><a href=\"http:\/\/projetocineb.com.br\/wp-content\/uploads\/2010\/09\/heliopolis017.jpg\"><img loading=\"lazy\" decoding=\"async\" class=\"size-full wp-image-1410  \" title=\"O pessoal da Igreja Universal veio curtir um Cine B\" src=\"http:\/\/projetocineb.com.br\/wp-content\/uploads\/2010\/09\/heliopolis017.jpg\" alt=\"O pessoal da Igreja Universal veio curtir um Cine B\" width=\"384\" height=\"255\" \/><\/a><figcaption id=\"caption-attachment-1410\" class=\"wp-caption-text\">O pessoal da Igreja Universal veio curtir um Cine B<\/figcaption><\/figure>\n<figure id=\"attachment_1401\" aria-describedby=\"caption-attachment-1401\" style=\"width: 384px\" class=\"wp-caption aligncenter\"><a href=\"http:\/\/projetocineb.com.br\/wp-content\/uploads\/2010\/09\/heliopolis007.jpg\"><img loading=\"lazy\" decoding=\"async\" class=\"size-full wp-image-1401  \" title=\"Al\u00e9m dos filmes a pipoca sempre \u00e9 um sucesso!\" src=\"http:\/\/projetocineb.com.br\/wp-content\/uploads\/2010\/09\/heliopolis007.jpg\" alt=\"Al\u00e9m dos filmes a pipoca sempre \u00e9 um sucesso!\" width=\"384\" height=\"255\" \/><\/a><figcaption id=\"caption-attachment-1401\" class=\"wp-caption-text\">Al\u00e9m dos filmes a pipoca sempre \u00e9 um sucesso!<\/figcaption><\/figure>\n<p style=\"text-align: center;\">\n<figure id=\"attachment_1417\" aria-describedby=\"caption-attachment-1417\" style=\"width: 384px\" class=\"wp-caption aligncenter\"><a href=\"http:\/\/projetocineb.com.br\/wp-content\/uploads\/2010\/09\/heliopolis024.jpg\"><img loading=\"lazy\" decoding=\"async\" class=\"size-full wp-image-1417  \" title=\"Cine B com Lena Roque em Heli\u00f3polis\" src=\"http:\/\/projetocineb.com.br\/wp-content\/uploads\/2010\/09\/heliopolis024.jpg\" alt=\"Cine B com Lena Roque em Heli\u00f3polis\" width=\"384\" height=\"255\" \/><\/a><figcaption id=\"caption-attachment-1417\" class=\"wp-caption-text\">Cine B com Lena Roque em Heli\u00f3polis<\/figcaption><\/figure>\n<p style=\"text-align: center;\">\n<figure id=\"attachment_1428\" aria-describedby=\"caption-attachment-1428\" style=\"width: 384px\" class=\"wp-caption aligncenter\"><a href=\"http:\/\/projetocineb.com.br\/wp-content\/uploads\/2010\/09\/heliopolis035.jpg\"><img loading=\"lazy\" decoding=\"async\" class=\"size-full wp-image-1428  \" title=\"Lena Roque com Marcelo Silva da A\u00e7\u00e3o Comunit\u00e1ria\" src=\"http:\/\/projetocineb.com.br\/wp-content\/uploads\/2010\/09\/heliopolis035.jpg\" alt=\"Lena Roque com Marcelo Silva da A\u00e7\u00e3o Comunit\u00e1ria\" width=\"384\" height=\"255\" \/><\/a><figcaption id=\"caption-attachment-1428\" class=\"wp-caption-text\">Lena Roque com Marcelo Silva da A\u00e7\u00e3o Comunit\u00e1ria<\/figcaption><\/figure>\n<figure id=\"attachment_1424\" aria-describedby=\"caption-attachment-1424\" style=\"width: 384px\" class=\"wp-caption aligncenter\"><a href=\"http:\/\/projetocineb.com.br\/wp-content\/uploads\/2010\/09\/heliopolis031.jpg\"><img loading=\"lazy\" decoding=\"async\" class=\"size-full wp-image-1424  \" title=\"Lena Roque com Cid\u00e1lio Vieira Santos\" src=\"http:\/\/projetocineb.com.br\/wp-content\/uploads\/2010\/09\/heliopolis031.jpg\" alt=\"Lena Roque com Cid\u00e1lio Vieira Santos\" width=\"384\" height=\"255\" \/><\/a><figcaption id=\"caption-attachment-1424\" class=\"wp-caption-text\">Lena Roque com Cid\u00e1lio Vieira Santos<\/figcaption><\/figure>\n<p style=\"text-align: center;\">\n<figure id=\"attachment_1423\" aria-describedby=\"caption-attachment-1423\" style=\"width: 384px\" class=\"wp-caption aligncenter\"><a href=\"http:\/\/projetocineb.com.br\/wp-content\/uploads\/2010\/09\/heliopolis030.jpg\"><img loading=\"lazy\" decoding=\"async\" class=\"size-full wp-image-1423  \" title=\"Todos os sorteados desta exibi\u00e7\u00e3o, numa foto com a atriz convidada\" src=\"http:\/\/projetocineb.com.br\/wp-content\/uploads\/2010\/09\/heliopolis030.jpg\" alt=\"Todos os sorteados desta exibi\u00e7\u00e3o, numa foto com a atriz convidada\" width=\"384\" height=\"255\" \/><\/a><figcaption id=\"caption-attachment-1423\" class=\"wp-caption-text\">Todos os sorteados desta exibi\u00e7\u00e3o, numa foto com a atriz convidada<\/figcaption><\/figure>\n","protected":false},"excerpt":{"rendered":"<p>Fotos de Vivian Szelpal \u201cTenho muito orgulho de ser negra, minha m\u00e3e era dom\u00e9stica h\u00e1 poucos anos. Ser dom\u00e9stica n\u00e3o[&#8230;]<\/p>\n","protected":false},"author":2,"featured_media":0,"comment_status":"open","ping_status":"open","sticky":false,"template":"","format":"standard","meta":[],"categories":[2],"tags":[154,242,263,266,407,470,597,739,1099,1132,1251],"_links":{"self":[{"href":"https:\/\/projetocineb.com.br\/index.php?rest_route=\/wp\/v2\/posts\/1395"}],"collection":[{"href":"https:\/\/projetocineb.com.br\/index.php?rest_route=\/wp\/v2\/posts"}],"about":[{"href":"https:\/\/projetocineb.com.br\/index.php?rest_route=\/wp\/v2\/types\/post"}],"author":[{"embeddable":true,"href":"https:\/\/projetocineb.com.br\/index.php?rest_route=\/wp\/v2\/users\/2"}],"replies":[{"embeddable":true,"href":"https:\/\/projetocineb.com.br\/index.php?rest_route=%2Fwp%2Fv2%2Fcomments&post=1395"}],"version-history":[{"count":0,"href":"https:\/\/projetocineb.com.br\/index.php?rest_route=\/wp\/v2\/posts\/1395\/revisions"}],"wp:attachment":[{"href":"https:\/\/projetocineb.com.br\/index.php?rest_route=%2Fwp%2Fv2%2Fmedia&parent=1395"}],"wp:term":[{"taxonomy":"category","embeddable":true,"href":"https:\/\/projetocineb.com.br\/index.php?rest_route=%2Fwp%2Fv2%2Fcategories&post=1395"},{"taxonomy":"post_tag","embeddable":true,"href":"https:\/\/projetocineb.com.br\/index.php?rest_route=%2Fwp%2Fv2%2Ftags&post=1395"}],"curies":[{"name":"wp","href":"https:\/\/api.w.org\/{rel}","templated":true}]}}