{"id":1436,"date":"2010-09-17T17:08:55","date_gmt":"2010-09-17T20:08:55","guid":{"rendered":"http:\/\/projetocineb.com.br\/?p=1436"},"modified":"2010-09-17T17:08:55","modified_gmt":"2010-09-17T20:08:55","slug":"exibicao-de-domesticas-com-participacao-da-atriz-renata-melo","status":"publish","type":"post","link":"https:\/\/projetocineb.com.br\/?p=1436","title":{"rendered":"EXIBI\u00c7\u00c3O DE DOM\u00c9STICAS COM PARTICIPA\u00c7\u00c3O DA ATRIZ RENATA MELO"},"content":{"rendered":"<p><strong> <\/strong><\/p>\n<p>O projeto de cinema itinerante Cine B, ter\u00e1\u00a0 <span style=\"color: #ff6600;\">participa\u00e7\u00e3o da atriz Renata Melo escritora da pe\u00e7a teatral que inspirouo filme Dom\u00e9sticas, no dia 18 de setembro de 2010, na Vila Leopoldina<\/span>. A exibi\u00e7\u00e3o gratuita ser\u00e1 feita dentro de uma quadra poli-esportiva, no projeto educacional Ilha de Vera Cruz. Haver\u00e1 distribui\u00e7\u00e3o de pipoca e sorteio de brindes!<\/p>\n<p>Tamb\u00e9m ser\u00e1 exibido o curta-metragem <em>O xadrez das cores<\/em>, que aborda de forma inteligente e direta o preconceito racial.<\/p>\n<p><span style=\"color: #ff6600;\">H\u00e1<\/span> <span style=\"color: #ff6600;\">3 anos, com p\u00fablico acumulado de 17 mil espectadores, o Cine B \u00e9 realizado pelo Sindicato dos Banc\u00e1rios de S\u00e3o Paulo, Osasco e Regi\u00e3o e a Brazucah Produ\u00e7\u00f5es, levando mensalmente a diversas comunidades de S\u00e3o Paulo e regi\u00e3o, um curta e um longa-metragem brasileiro.<\/span> Escolas, igrejas e centros culturais abrem suas portas ao projeto que ampliou suas fronteiras, com exibi\u00e7\u00f5es tamb\u00e9m em Guarulhos, Embu das Artes, Francisco Morato, Tabo\u00e3o da Serra, Itapevi, Carapicu\u00edba, Jandira, Embu-Gua\u00e7\u00fa, Itapecerica da Serra, Santo Andr\u00e9\u00a0 , Itaquaquecetuba, Ferraz\u00a0 de Vasconcelos e Piracicaba.<\/p>\n<p>\u201cPara n\u00f3s este \u00e9 um projeto fundamental porque forma o p\u00fablico do cinema nacional, aproximando as pessoas do h\u00e1bito de ir ao cinema. Ao final da exibi\u00e7\u00e3o \u00e9 distribu\u00edda uma ficha de pesquisa que a pessoa d\u00e1 sua opini\u00e3o sobre os filmes\u201d, diz Cynhia Alario da <a href=\"http:\/\/www.brazucah.com.br\/\">Brazucah Produ\u00e7\u00f5es<\/a>.<\/p>\n<p>Por outro lado, o Sindicato dos Banc\u00e1rios amplia seu campo de atua\u00e7\u00e3o s\u00f3cio-cultural atrav\u00e9s deste projeto. \u201cO Cine B faz parte do que chamamos de sindicato cidad\u00e3o, que tenta melhorar o estilo de vida tanto da classe profissional que defende, quanto das comunidades\u201d, diz Juvandia Moreira, presidente do <a href=\"http:\/\/www.spbancarios.com.br\/\">Sindicato dos Banc\u00e1rios<\/a>.<\/p>\n<p>Jussara Paim, coordenadora do Ilha de Vera Cruz, explica que essa \u00e9 uma das a\u00e7\u00f5es que o projeto social organiza anualmente para promover a cultura e a educa\u00e7\u00e3o junto \u00e0 comunidade. \u201cTemos um forte engajamento com as principais associa\u00e7\u00f5es e entidades de S\u00e3o Paulo. Isso nos permite, junto a cada um, realizar programas que democratizam o conhecimento e forma\u00e7\u00e3o de toda a comunidade\u201d, ressalta<\/p>\n<p>O projeto disponibiliza toda estrutura necess\u00e1ria, como ingressos, cartazes, carro de som, cadeira, tel\u00e3o, projetor, caixas de som e carrinho de pipoca.<\/p>\n<p>\u201c\u00c9 muito especial quando temos participa\u00e7\u00f5es de atores ou diretores dos filmes pois o p\u00fablico fica animado e interage fazendo perguntas e coment\u00e1rios\u201d, diz Cid\u00e1lio Vieira Santos, coordenador do Cine B.<\/p>\n<p>\u201cToda exibi\u00e7\u00e3o tem\u00a0 hist\u00f3rias interessantes, algu\u00e9m que nunca foi ao cinema, j\u00e1 vi at\u00e9 senhora chorar de emo\u00e7\u00e3o depois de ter assistido o filme\u201d, diz o pipoqueiro Antonio Nascimento.<\/p>\n<p><strong>RENATA MELO<\/strong>: bailarina, core\u00f3grafa, atriz e diretora, desenvolve suas atividades em S\u00e3o Paulo, fez cursos e workshops na Fran\u00e7a, Holanda e Estados Unidos com nomes expressivos da dan\u00e7a cl\u00e1ssica, moderna e contempor\u00e2nea. Na pe\u00e7a <em>Dom\u00e9sticas<\/em>, escreveu, dirigiu e coreografou. No longa-metragem de Nando Olival e Fernando Meirelles, atuou como co-roteirista e atriz.<\/p>\n<p><strong>Anota<em>\u00ed<\/em>:<\/strong><\/p>\n<p>CINEMA\u00a0 BRASILEIRO NA VILA LEOPOLDINA<\/p>\n<p>DIA: 18 SETEMBRO, S\u00c1BADO,\u00a0 19h<\/p>\n<p>LOCAL: PROJETO SOCIAL DE EDUCA\u00c7\u00c3O ILHA DE VERA CRUZ<\/p>\n<p>ENDERE\u00c7O: Rua Baumann, 73, Vila Leopoldina, Zona Oeste, SP<\/p>\n<p>PONTO DE REFER\u00caNCIA:\u00a0 Ao lado do Correio, pr\u00e9dio da Escola Vera Cruz<\/p>\n<p>RETIRADA DE INGRESSOS: na secretaria\u00a0 falar\u00a0 com Sheila, \u00c1gata ou Jussara das 14h as 22h, convites\u00a0 retirados com anteced\u00eancias,<\/p>\n<p>Informa\u00e7\u00f5es gerais : 11 3838-5993\u00a0 (14h \u2013 22h)<\/p>\n<p>Espa\u00e7o com capacidade para 300 pessoas<\/p>\n","protected":false},"excerpt":{"rendered":"<p>O projeto de cinema itinerante Cine B, ter\u00e1\u00a0 participa\u00e7\u00e3o da atriz Renata Melo escritora da pe\u00e7a teatral que inspirouo filme[&#8230;]<\/p>\n","protected":false},"author":2,"featured_media":0,"comment_status":"open","ping_status":"open","sticky":false,"template":"","format":"standard","meta":[],"categories":[2],"tags":[154,242,266,407,629,866,956,1051,1223,1250],"_links":{"self":[{"href":"https:\/\/projetocineb.com.br\/index.php?rest_route=\/wp\/v2\/posts\/1436"}],"collection":[{"href":"https:\/\/projetocineb.com.br\/index.php?rest_route=\/wp\/v2\/posts"}],"about":[{"href":"https:\/\/projetocineb.com.br\/index.php?rest_route=\/wp\/v2\/types\/post"}],"author":[{"embeddable":true,"href":"https:\/\/projetocineb.com.br\/index.php?rest_route=\/wp\/v2\/users\/2"}],"replies":[{"embeddable":true,"href":"https:\/\/projetocineb.com.br\/index.php?rest_route=%2Fwp%2Fv2%2Fcomments&post=1436"}],"version-history":[{"count":0,"href":"https:\/\/projetocineb.com.br\/index.php?rest_route=\/wp\/v2\/posts\/1436\/revisions"}],"wp:attachment":[{"href":"https:\/\/projetocineb.com.br\/index.php?rest_route=%2Fwp%2Fv2%2Fmedia&parent=1436"}],"wp:term":[{"taxonomy":"category","embeddable":true,"href":"https:\/\/projetocineb.com.br\/index.php?rest_route=%2Fwp%2Fv2%2Fcategories&post=1436"},{"taxonomy":"post_tag","embeddable":true,"href":"https:\/\/projetocineb.com.br\/index.php?rest_route=%2Fwp%2Fv2%2Ftags&post=1436"}],"curies":[{"name":"wp","href":"https:\/\/api.w.org\/{rel}","templated":true}]}}