{"id":14370,"date":"2022-03-22T15:52:41","date_gmt":"2022-03-22T18:52:41","guid":{"rendered":"https:\/\/projetocineb.com.br\/?p=14370"},"modified":"2024-07-20T22:07:33","modified_gmt":"2024-07-21T01:07:33","slug":"cineb-solar-promove-estreia-da-temporada-de-exibicoes-do-filme-pixinguinha-um-homem-carinhoso-na-vila-rica","status":"publish","type":"post","link":"https:\/\/projetocineb.com.br\/?p=14370","title":{"rendered":"CineB Solar promove estreia da temporada de exibi\u00e7\u00f5es do filme Pixinguinha \u2013 Um Homem Carinhoso em Vila Rica"},"content":{"rendered":"\n<p>Texto por Andr\u00e9 Santos e fotos por Alan Saymon<\/p>\n\n\n\n<p>No \u00faltimo s\u00e1bado (19\/2), a Sociedade Amigos de Vila Rica, na zona leste de S\u00e3o Paulo, recebeu a visita da van do CineB para a exibi\u00e7\u00e3o do filme Pixinguinha \u2013 Um Homem Carinhoso, que conta com dire\u00e7\u00e3o de Denise Saraceni e Allan Fiterman, e narra a vida e obra do \u00edcone da MPB. O evento marcou a estreia do novo circuito de apresenta\u00e7\u00f5es promovido pelo CineB Solar, que se estender\u00e1 pelos pr\u00f3ximos dias.<\/p>\n\n\n\n<figure class=\"wp-block-image size-full\"><img fetchpriority=\"high\" decoding=\"async\" width=\"1024\" height=\"768\" src=\"https:\/\/projetocineb.com.br\/wp-content\/uploads\/2022\/03\/sessao-cineb.jpg\" alt=\"\" class=\"wp-image-14376\" srcset=\"https:\/\/projetocineb.com.br\/wp-content\/uploads\/2022\/03\/sessao-cineb.jpg 1024w, https:\/\/projetocineb.com.br\/wp-content\/uploads\/2022\/03\/sessao-cineb-300x225.jpg 300w, https:\/\/projetocineb.com.br\/wp-content\/uploads\/2022\/03\/sessao-cineb-768x576.jpg 768w\" sizes=\"(max-width: 1024px) 100vw, 1024px\" \/><figcaption>Marcelo Gon\u00e7alves, Luiz Cl\u00e1udio Marcolino, Cid\u00e1lio Vieira, Alice e Bia Moreno realizaram a cerim\u00f4nia de abertura. Foto: Alan Saymon<\/figcaption><\/figure>\n\n\n\n<p><strong>Vila Rica \u2013 de cultura<\/strong><\/p>\n\n\n\n<p>O Bairro de Vila Rica e o Projeto CineB Solar cultivam uma rela\u00e7\u00e3o desde 2008, sendo que j\u00e1 foram promovidas 14 sess\u00f5es do projeto social na comunidade, fomentando o acesso \u00e0 cultura a 1690 pessoas por conta da parceria. Bia Moreno, presidente da associa\u00e7\u00e3o de moradores da regi\u00e3o h\u00e1 18 anos e funcion\u00e1ria do Sindicato dos Banc\u00e1rios, conta que geralmente acontecem 2 sess\u00f5es por ano local e que j\u00e1 chegaram a receber 200 pessoas em uma \u00fanica exibi\u00e7\u00e3o.<\/p>\n\n\n\n<blockquote class=\"wp-block-quote is-style-default\"><p>\u201cAqui n\u00f3s temos tr\u00eas comunidades que s\u00e3o carentes. Pessoas que n\u00e3o tem tanto acesso \u00e0 cultura e ao lazer, e eu costumo sempre usar a associa\u00e7\u00e3o pra trazer um pouco de cinema, teatro, m\u00fasica&#8230; e o cinema deu super certo! O pessoal gosta muito. \u00c9 enriquecedor, um projeto maravilhoso pra comunidade\u201d<\/p><cite>Bia Moreno, presidente da Associa\u00e7\u00e3o de moradores de Vila Rica<\/cite><\/blockquote>\n\n\n\n<figure class=\"wp-block-image size-large\"><img decoding=\"async\" width=\"1024\" height=\"768\" src=\"https:\/\/projetocineb.com.br\/wp-content\/uploads\/2022\/03\/WhatsApp-Image-2022-03-22-at-14.48.36-1024x768.jpeg\" alt=\"\" class=\"wp-image-14378\" srcset=\"https:\/\/projetocineb.com.br\/wp-content\/uploads\/2022\/03\/WhatsApp-Image-2022-03-22-at-14.48.36-1024x768.jpeg 1024w, https:\/\/projetocineb.com.br\/wp-content\/uploads\/2022\/03\/WhatsApp-Image-2022-03-22-at-14.48.36-300x225.jpeg 300w, https:\/\/projetocineb.com.br\/wp-content\/uploads\/2022\/03\/WhatsApp-Image-2022-03-22-at-14.48.36-768x576.jpeg 768w, https:\/\/projetocineb.com.br\/wp-content\/uploads\/2022\/03\/WhatsApp-Image-2022-03-22-at-14.48.36-1536x1152.jpeg 1536w, https:\/\/projetocineb.com.br\/wp-content\/uploads\/2022\/03\/WhatsApp-Image-2022-03-22-at-14.48.36.jpeg 1600w\" sizes=\"(max-width: 1024px) 100vw, 1024px\" \/><figcaption>P\u00fablico assiste a Pixinguinha. Foto: Alan Saymon<\/figcaption><\/figure>\n\n\n\n<p>A exibi\u00e7\u00e3o contou com p\u00fablico de 70 pessoas, que assistiram a apresenta\u00e7\u00f5es musicais de m\u00fasicos da regi\u00e3o, que embalaram a plateia com composi\u00e7\u00f5es de Pixinguinha. A abertura ficou a cargo de Wagner, que ao tocar \u201cCarinhoso\u201d, foi acompanhado pelo p\u00fablico e protagonizou um dos momentos mais emocionantes da noite.<\/p>\n\n\n\n<figure class=\"wp-block-video\"><video controls src=\"https:\/\/projetocineb.com.br\/wp-content\/uploads\/2022\/03\/VID_20220319_195016.mp4\"><\/video><\/figure>\n\n\n\n<p> J\u00e1 Bianca e Tony foram os respons\u00e1veis pelo encerramento, em mais um belo momento. <\/p>\n\n\n\n<figure class=\"wp-block-video\"><video controls src=\"https:\/\/projetocineb.com.br\/wp-content\/uploads\/2022\/03\/VID_20220319_213752.mp4\"><\/video><\/figure>\n\n\n\n<p>Ap\u00f3s a exibi\u00e7\u00e3o, Cid\u00e1lio Vieira, coordenador do CineB Solar, realizou um jogo de perguntas sobre o filme, premiando  o p\u00fablico presente, al\u00e9m de sortear brindes como camisetas do projeto, produtos de beleza e higiene.<\/p>\n\n\n\n<p>Dona Cec\u00edlia, moradora da regi\u00e3o, foi uma das pessoas sorteadas. \u201c\u00c9 a primeira vez que eu venho, e gostei muito. Fazia tanto tempo que eu n\u00e3o ia ao cinema. Tudo muito legal\u201d, conta.<\/p>\n\n\n\n<p>Dona Marisa, residente da Vila Nova York e participante ativa da associa\u00e7\u00e3o de moradores, tamb\u00e9m faturou premia\u00e7\u00f5es e conta que o p\u00fablico era para ter sido ainda maior, mas que o tempo ruim impediu que algumas pessoas fossem. \u201cQuem perde \u00e9 quem n\u00e3o vem, porque eu n\u00e3o perco mais! E da pr\u00f3xima vez ainda venho com mais gente. Fazia anos que eu n\u00e3o assistia a uma sess\u00e3o. Foi tudo de bom\u201d, conclui.<\/p>\n\n\n\n<figure class=\"wp-block-image size-large\"><img decoding=\"async\" width=\"1024\" height=\"576\" src=\"https:\/\/projetocineb.com.br\/wp-content\/uploads\/2022\/03\/IMG_20220319_220044-2-1024x576.jpg\" alt=\"\" class=\"wp-image-14386\" srcset=\"https:\/\/projetocineb.com.br\/wp-content\/uploads\/2022\/03\/IMG_20220319_220044-2-1024x576.jpg 1024w, https:\/\/projetocineb.com.br\/wp-content\/uploads\/2022\/03\/IMG_20220319_220044-2-300x169.jpg 300w, https:\/\/projetocineb.com.br\/wp-content\/uploads\/2022\/03\/IMG_20220319_220044-2-768x432.jpg 768w, https:\/\/projetocineb.com.br\/wp-content\/uploads\/2022\/03\/IMG_20220319_220044-2-1536x864.jpg 1536w, https:\/\/projetocineb.com.br\/wp-content\/uploads\/2022\/03\/IMG_20220319_220044-2-2048x1152.jpg 2048w\" sizes=\"(max-width: 1024px) 100vw, 1024px\" \/><figcaption>Parte do p\u00fablico presente na sess\u00e3o se reuniu para fotografia. Foto: Andr\u00e9 Santos<\/figcaption><\/figure>\n\n\n\n<p>O evento contou com a presen\u00e7a da equipe de reportagem da Planeta Pan, uma r\u00e1dio do Cap\u00e3o Redondo, na zona sul da capital paulista, que acompanhou e registrou todos os momentos.<\/p>\n\n\n\n<figure class=\"wp-block-image size-large\"><img loading=\"lazy\" decoding=\"async\" width=\"1024\" height=\"898\" src=\"https:\/\/projetocineb.com.br\/wp-content\/uploads\/2022\/03\/CineB-10-1024x898.jpg\" alt=\"\" class=\"wp-image-14377\" srcset=\"https:\/\/projetocineb.com.br\/wp-content\/uploads\/2022\/03\/CineB-10-1024x898.jpg 1024w, https:\/\/projetocineb.com.br\/wp-content\/uploads\/2022\/03\/CineB-10-300x263.jpg 300w, https:\/\/projetocineb.com.br\/wp-content\/uploads\/2022\/03\/CineB-10-768x674.jpg 768w, https:\/\/projetocineb.com.br\/wp-content\/uploads\/2022\/03\/CineB-10-1536x1348.jpg 1536w, https:\/\/projetocineb.com.br\/wp-content\/uploads\/2022\/03\/CineB-10-2048x1797.jpg 2048w\" sizes=\"(max-width: 1024px) 100vw, 1024px\" \/><figcaption>Equipe de reportagem da R\u00e1dio Planeta Pan acompanhou o evento. Foto: Alan Saymon<\/figcaption><\/figure>\n\n\n\n<p><strong>For\u00e7as transformadoras<\/strong><\/p>\n\n\n\n<p>Marcelo Gon\u00e7alves, diretor executivo do sindicato dos banc\u00e1rios de S\u00e3o Paulo, Osasco e regi\u00e3o e secret\u00e1rio de cultura, conta que um dos principais objetivos do projeto \u00e9 levar a cultura, hist\u00f3ria e tradi\u00e7\u00f5es do povo brasileiro atrav\u00e9s do audiovisual, visto que ainda \u00e9 muito comum encontrar pessoas, sobretudo em um contexto perif\u00e9rico, que nunca vivenciaram uma sala de cinema. Para contornar isso, \u00e9 montada uma estrutura completa, para proporcionar uma experi\u00eancia coletiva e marcante. <\/p>\n\n\n\n<blockquote class=\"wp-block-quote\"><p>\u201cNo Brasil a popula\u00e7\u00e3o tem muitos deveres, ent\u00e3o est\u00e1 na hora do povo acessar aos seus direitos tamb\u00e9m. Educa\u00e7\u00e3o e cultura s\u00e3o fundamentais para formar o ser humano. Por isso muitas vezes s\u00e3o sucateadas, precarizadas. S\u00e3o for\u00e7as transformadoras e a gente tenta trazer isso\u201d<\/p><cite>Marcelo Gon\u00e7alves, diretor executivo e secret\u00e1rio de cultura<\/cite><\/blockquote>\n\n\n\n<figure class=\"wp-block-image size-large\"><img loading=\"lazy\" decoding=\"async\" width=\"1024\" height=\"683\" src=\"http:\/\/projetocineb.com.br\/wp-content\/uploads\/2021\/12\/@eduardovboldt_cineb_itapecerica20211218zap-21-1024x683.jpg\" alt=\"\" class=\"wp-image-13995\" srcset=\"https:\/\/projetocineb.com.br\/wp-content\/uploads\/2021\/12\/@eduardovboldt_cineb_itapecerica20211218zap-21-1024x683.jpg 1024w, https:\/\/projetocineb.com.br\/wp-content\/uploads\/2021\/12\/@eduardovboldt_cineb_itapecerica20211218zap-21-300x200.jpg 300w, https:\/\/projetocineb.com.br\/wp-content\/uploads\/2021\/12\/@eduardovboldt_cineb_itapecerica20211218zap-21-768x512.jpg 768w, https:\/\/projetocineb.com.br\/wp-content\/uploads\/2021\/12\/@eduardovboldt_cineb_itapecerica20211218zap-21-1536x1024.jpg 1536w, https:\/\/projetocineb.com.br\/wp-content\/uploads\/2021\/12\/@eduardovboldt_cineb_itapecerica20211218zap-21-840x560.jpg 840w, https:\/\/projetocineb.com.br\/wp-content\/uploads\/2021\/12\/@eduardovboldt_cineb_itapecerica20211218zap-21-120x80.jpg 120w, https:\/\/projetocineb.com.br\/wp-content\/uploads\/2021\/12\/@eduardovboldt_cineb_itapecerica20211218zap-21-360x240.jpg 360w, https:\/\/projetocineb.com.br\/wp-content\/uploads\/2021\/12\/@eduardovboldt_cineb_itapecerica20211218zap-21-600x400.jpg 600w, https:\/\/projetocineb.com.br\/wp-content\/uploads\/2021\/12\/@eduardovboldt_cineb_itapecerica20211218zap-21.jpg 2048w\" sizes=\"(max-width: 1024px) 100vw, 1024px\" \/><figcaption>Luiz Cl\u00e1udio Marcolino em sess\u00e3o do CineB em Dezembro de 2021. Foto: Eduardo Vin\u00e9 Boldt<\/figcaption><\/figure>\n\n\n\n<p>Orgulhoso, Luiz Cl\u00e1udio Marcolino, idealizador do projeto, vice-presidente da CUT-SP e deputado estadual entre 2011 e 2015, conta que o projeto CineB nasceu em 2008, e foram realizadas 3 sess\u00f5es de testes para analisar se era poss\u00edvel promover uma continuidade. As mostras foram um enorme sucesso e iniciaram uma jornada que hoje, j\u00e1 soma 14 anos de exist\u00eancia, tendo atingido mais de 80.000 pessoas desde o in\u00edcio das atividades. <\/p>\n\n\n\n<p>De acordo com Marcolino, a valoriza\u00e7\u00e3o do cinema nacional e o resgate de personagens hist\u00f3ricos s\u00e3o um dos pontos de destaque do projeto, sendo requisitos extremamente importantes para a sele\u00e7\u00e3o dos filmes a serem exibidos, e isso acontece justamente pela proposta de conectar a vida das pessoas ao que elas enxergam nas telas.<\/p>\n\n\n\n<blockquote class=\"wp-block-quote\"><p>\u201cSempre tentamos trazer algum filme com contexto, que tenha a hist\u00f3ria de algum personagem que foi importante, ou que conte a realidade de determinada regi\u00e3o do pa\u00eds. Uma hist\u00f3ria do Brasil. Se voc\u00ea reconhece a sua hist\u00f3ria, consegue entender o presente, para ent\u00e3o mudar o seu futuro\u201d<\/p><cite>Luiz Cl\u00e1udio Marcolino, vice-presidente da CUT-SP e idealizador do projeto CineB Solar<\/cite><\/blockquote>\n\n\n\n<p>Ainda segundo Marcolino, a falta de fomento a pol\u00edticas p\u00fablicas \u00e9 a raz\u00e3o para o abismo que existe entre o acesso \u00e0 arte e cultura nas regi\u00f5es mais carentes da cidade. Ele questiona sobre como o poder popular consegue promover a\u00e7\u00f5es atrav\u00e9s de projetos como o CineB, e o poder p\u00fablico n\u00e3o, mesmo com uma enorme diferen\u00e7a or\u00e7ament\u00e1ria.<\/p>\n\n\n\n<blockquote class=\"wp-block-quote\"><p>\u201cQuando eu falo n\u00e3o \u00e9 sobre levar a cultura, n\u00e9? Porque a cultura \u00e9 viva nas periferias. \u00c9 potencializar essa cultura que est\u00e1 hoje nos bairros, mas a partir do m\u00ednimo de investimento. Pega mesmo essa experi\u00eancia que n\u00f3s estamos fazendo. A gente vem at\u00e9 aqui. Tem o investimento que o sindicato faz, que \u00e9 um investimento importante, mas a prefeitura tem a capacidade financeira muito maior do que um sindicato. Eu acho que essa vinda \u00e9 uma a\u00e7\u00e3o de resili\u00eancia e promover isso, \u00e9 uma prova de resist\u00eancia, para mostrar que \u00e9 poss\u00edvel\u201d.<\/p><cite>Luiz Cl\u00e1udio Marcolino, vice-presidente da CUT-SP e idealizador do projeto CineB Solar<\/cite><\/blockquote>\n\n\n\n<p><strong>Sinopse de Pixinguinha &#8211; Um Homem Carinhoso<\/strong><\/p>\n\n\n\n<p>Pixinguinha &#8211; Um Homem Carinhoso \u00e9 um filme biogr\u00e1fico da vida e obra de Alfredo da Rocha Vianna FIlho, vulgo Pixinguinha. O longa vai retratar o in\u00edcio de sua carreira aos 14 anos, a temporada em que passou em Paris com o seu grupo e sua rela\u00e7\u00e3o com a esposa.<\/p>\n\n\n\n<p><strong>Confira a agenda de exibi\u00e7\u00e3o<\/strong><\/p>\n\n\n\n<p>CINEMA BRASILEIRO NA BR\u00c1S<\/p>\n\n\n\n<p>DIA: 30 de mar\u00e7o, quarta-feira, \u00e0s 19h, no Centro de Acolhida Morada S\u00e3o Martinho de Lima.<\/p>\n\n\n\n<p>LOCAL: Pra\u00e7a Senador Morais de Barros, 160 \u2013 Br\u00e1s, zona central.<\/p>\n\n\n\n<p>RETIRADA DE CONVITES: com Vanessa.<\/p>\n\n\n\n<p><\/p>\n\n\n\n<p>CINEMA BRASILEIRO EM EMBU DAS ARTES<\/p>\n\n\n\n<p>DIA :31 DE MAR\u00c7O \u2013 QUINTA-FEIRA&nbsp; 19HS<\/p>\n\n\n\n<p>LOCAL :&nbsp; Col\u00e9gio estadual Tadakio Sakai<\/p>\n\n\n\n<p>ENDERE\u00c7O: Rua Hamburgo, 57 &#8211; Vila Olinda<\/p>\n\n\n\n<p>Retirada de Convites: Na Secretaria da escola<\/p>\n\n\n\n<p><strong>Sobre o CineB Solar<\/strong><\/p>\n\n\n\n<p>Criado em 2007 pelo Sindicato dos Banc\u00e1rios de S\u00e3o Paulo, Osasco e Regi\u00e3o, o CineB passou a se chamar CineB Solar em 2018, quando passou a circular com uma van que gera, atrav\u00e9s de placas solares, a pr\u00f3pria energia consumida no evento. J\u00e1 atingiu um p\u00fablico superior a 80 mil espectadores, 160 bairros percorridos, em mais de 580 sess\u00f5es gratuitas realizadas em comunidades e universidades de S\u00e3o Paulo.<\/p>\n","protected":false},"excerpt":{"rendered":"<p>Local recebeu pela 14\u00aa vez equipe do CineB Solar e agitou a vizinhan\u00e7a.<\/p>\n","protected":false},"author":4,"featured_media":14386,"comment_status":"open","ping_status":"open","sticky":false,"template":"","format":"standard","meta":[],"categories":[2,6,7],"tags":[109,137,154,237,255,760,781,1133],"_links":{"self":[{"href":"https:\/\/projetocineb.com.br\/index.php?rest_route=\/wp\/v2\/posts\/14370"}],"collection":[{"href":"https:\/\/projetocineb.com.br\/index.php?rest_route=\/wp\/v2\/posts"}],"about":[{"href":"https:\/\/projetocineb.com.br\/index.php?rest_route=\/wp\/v2\/types\/post"}],"author":[{"embeddable":true,"href":"https:\/\/projetocineb.com.br\/index.php?rest_route=\/wp\/v2\/users\/4"}],"replies":[{"embeddable":true,"href":"https:\/\/projetocineb.com.br\/index.php?rest_route=%2Fwp%2Fv2%2Fcomments&post=14370"}],"version-history":[{"count":8,"href":"https:\/\/projetocineb.com.br\/index.php?rest_route=\/wp\/v2\/posts\/14370\/revisions"}],"predecessor-version":[{"id":14390,"href":"https:\/\/projetocineb.com.br\/index.php?rest_route=\/wp\/v2\/posts\/14370\/revisions\/14390"}],"wp:featuredmedia":[{"embeddable":true,"href":"https:\/\/projetocineb.com.br\/index.php?rest_route=\/wp\/v2\/media\/14386"}],"wp:attachment":[{"href":"https:\/\/projetocineb.com.br\/index.php?rest_route=%2Fwp%2Fv2%2Fmedia&parent=14370"}],"wp:term":[{"taxonomy":"category","embeddable":true,"href":"https:\/\/projetocineb.com.br\/index.php?rest_route=%2Fwp%2Fv2%2Fcategories&post=14370"},{"taxonomy":"post_tag","embeddable":true,"href":"https:\/\/projetocineb.com.br\/index.php?rest_route=%2Fwp%2Fv2%2Ftags&post=14370"}],"curies":[{"name":"wp","href":"https:\/\/api.w.org\/{rel}","templated":true}]}}