{"id":1440,"date":"2010-09-19T22:29:03","date_gmt":"2010-09-20T01:29:03","guid":{"rendered":"http:\/\/projetocineb.com.br\/?p=1440"},"modified":"2010-09-19T22:29:03","modified_gmt":"2010-09-20T01:29:03","slug":"ilha-de-vera-cruz-com-renata-melo","status":"publish","type":"post","link":"https:\/\/projetocineb.com.br\/?p=1440","title":{"rendered":"ILHA DE VERA CRUZ COM RENATA MELO"},"content":{"rendered":"<p><em>Fotos de Vivian Szelpal<\/em><\/p>\n<p>Neste final de semana Cine B fez exibi\u00e7\u00e3o no <span style=\"color: #ff6600;\">Col\u00e9gio Vera Cruz, zona oeste de S\u00e3o Paulo, onde acontece o projeto de educa\u00e7\u00e3o gratuita Ilha de Vera Cruz para alfabetiza\u00e7\u00e3o e ensino fundamental de jovens e adultos<\/span> das comunidades do entorno. Com <span style=\"color: #ff6600;\">180 espectadores<\/span>, a sess\u00e3o teve <span style=\"color: #ff6600;\">participa\u00e7\u00e3o especial da atriz Renata Melo, que escreveu a pe\u00e7a Dom\u00e9sticas, a qual inspirou o filme de mesmo nome que a atriz tamb\u00e9m participa como a personagem Cida<\/span>.<\/p>\n<p style=\"text-align: center;\">\n<figure id=\"attachment_1455\" aria-describedby=\"caption-attachment-1455\" style=\"width: 384px\" class=\"wp-caption aligncenter\"><a href=\"http:\/\/projetocineb.com.br\/wp-content\/uploads\/2010\/09\/0AVERACRUZ15.jpg\"><img fetchpriority=\"high\" decoding=\"async\" class=\"size-full wp-image-1455  \" title=\"Exibi\u00e7\u00e3o do curta O xadrez das cores e o longa Dom\u00e9sticas\" src=\"http:\/\/projetocineb.com.br\/wp-content\/uploads\/2010\/09\/0AVERACRUZ15.jpg\" alt=\"Exibi\u00e7\u00e3o do curta O xadrez das cores e o longa Dom\u00e9sticas\" width=\"384\" height=\"255\" \/><\/a><figcaption id=\"caption-attachment-1455\" class=\"wp-caption-text\">Exibi\u00e7\u00e3o do curta O xadrez das cores e o longa Dom\u00e9sticas<\/figcaption><\/figure>\n<p><span style=\"color: #ff6600;\">\u201cPara n\u00f3s esta parceria com o Cine B \u00e9 muito importante pois trabalhamos a educa\u00e7\u00e3o com os nossos alunos, inclusive fora do ambiente formal da sala de aula\u201d, disse a coordenadora do Ilha de Vera Cruz, Jussara Ferreira Paim<\/span>.<\/p>\n<p><span style=\"color: #ff6600;\">&#8220;O projeto Ilha de Vera Cruz existe h\u00e1 9 anos, idealizado por alunos da pr\u00f3pria escola quando analisaram as necessidades da regi\u00e3o onde se localiza o Vera Cruz, que \u00e9 um col\u00e9gio particular&#8221;, disse mara Parisi, orientadora pedag\u00f3gica do Vera Cruz. <\/span>Em 2001 o projeto foi reconhecido pelo MEC e desde ent\u00e3o h\u00e1 entrega certificado de conclus\u00e3o at\u00e9 oitava s\u00e9rie para esses estudantes do per\u00edodo noturno. Atualmente, segundo a coordena\u00e7\u00e3o do projeto, 7 funcion\u00e1rios remunerados coordenam uma equipe de 100 volunt\u00e1rios que d\u00e3o aula para 140 alunos. Esses volunt\u00e1rios passam por uma sele\u00e7\u00e3o para que sejam pessoas realmente capacitadas para dar aula.<\/p>\n<p>\u201cPodemos atender at\u00e9 350 alunos, mas ainda os poucos que se matriculam, muitos desistem no meio do caminho por falta de tempo ou mesmo oportunidade. J\u00e1 tivemos at\u00e9 moradores de rua que eram nossos alunos\u201d, disse Sheila Aguiar, rela\u00e7\u00f5es institucionais do Vera Cruz. Ali\u00e1s, aqueles <span style=\"color: #ff6600;\">interessados<\/span> em concluir os estudos, as inscri\u00e7\u00f5es ficam abertas o ano todo! Maiores informa\u00e7\u00f5es voc\u00ea consegue pela telefone <span style=\"color: #ff6600;\">11 38385993, de 14 a 22h. Ou ent\u00e3o apare\u00e7a por l\u00e1 na rua Baumann, 73, Vila Leopoldina (acesso pela esta\u00e7\u00e3o Imperatiz Leopoldina, linha B da CPTM)<\/span>.<\/p>\n<p style=\"text-align: center;\">\n<figure id=\"attachment_1459\" aria-describedby=\"caption-attachment-1459\" style=\"width: 384px\" class=\"wp-caption aligncenter\"><a href=\"http:\/\/projetocineb.com.br\/wp-content\/uploads\/2010\/09\/0AVERACRUZ19.jpg\"><img decoding=\"async\" class=\"size-full wp-image-1459  \" title=\"Renata Melo, com Jussara, Cid\u00e1lio e Sheila\" src=\"http:\/\/projetocineb.com.br\/wp-content\/uploads\/2010\/09\/0AVERACRUZ19.jpg\" alt=\"Renata Melo, com Jussara, Cid\u00e1lio e Sheila\" width=\"384\" height=\"255\" \/><\/a><figcaption id=\"caption-attachment-1459\" class=\"wp-caption-text\">Renata Melo, com Jussara Ferreira Paim, Cid\u00e1lio Vieira Santos e Sheila Aguiar<\/figcaption><\/figure>\n<p>\u201cNossa escola fica numa regi\u00e3o cercada por bairros carentes. Ano passado realizamos uma sess\u00e3o do Cine B aqui e foi um sucesso, 300 pessoas assistiram aos filmes. Gente do Cingapura que fica aqui do lado, do Jardim Humait\u00e1, da comunidade da Linha e do Nove. Todos gostaram do evento, por isso resolvemos repetir\u201d, disse Sheila Aguiar.<\/p>\n<p>\u201cO bairro est\u00e1 mudando muito r\u00e1pido com a constru\u00e7\u00e3o de novos pr\u00e9dios, o que est\u00e1 melhorando a regi\u00e3o. Mas ainda em \u00e9poca de chuvas fortes, h\u00e1 enchentes. O CEASA, que fica aqui perto, b\u00f3ia literalmente\u201d, disse Sheila.<\/p>\n<p>Por conta deste e outros problemas, para as educadoras do projeto Ilha de Vera Cruz, \u00e9 fundamental oferecer perspectivas para os jovens e adultos que por algum motivo deixaram de estudar e t\u00eam dificuldades para subir no emprego, ou mesmo viver numa cidade como S\u00e3o Paulo.<\/p>\n<p><span style=\"color: #ff6600;\">\u201cTemos algumas mulheres que s\u00e3o dom\u00e9sticas, mas j\u00e1 tivemos alunos que eram donos do pr\u00f3prio neg\u00f3cio, mas n\u00e3o sabiam ler direito. H\u00e1 cinco anos trabalhando nesse projeto, acompanho a dificuldade daqueles que n\u00e3o foram bem alfabetizados. Numa cidade como S\u00e3o Paulo essas pessoas t\u00eam muita dificuldade, por isso alguns se matriculam nem se preocupando em conseguir melhorar de emprego, mas simplesmente para viver melhor\u201d, disse Sheila<\/span>.<\/p>\n<p>\u201c<span style=\"color: #ff6600;\">Vim do Piau\u00ed para trabalhar em S\u00e3o Paulo e melhorar de vida. Como tinha que ajudar minha fam\u00edlia, arrumei trabalho em tempo integral e n\u00e3o pude continuar os estudos. Quando conheci o projeto tive a oportunidade de voltar a estudar\u201d, disse Mirism\u00e1r Lima<\/span>, de 18 anos. Ali\u00e1s, o aluno mais jovem do projeto ainda indeciso se ir\u00e1 cursar a faculdade de biologia ou matem\u00e1tica.<\/p>\n<p>Para sua colega de sala, <span style=\"color: #ff6600;\">a dom\u00e9stica Cida Bizarrian, todo tempo livre que disp\u00f5e usa para estudar<\/span>. E realmente ela precisa, j\u00e1 que depois de concluir os anos escolares que faltam, <span style=\"color: #ff6600;\">pretende se tornar universit\u00e1ria em medicina, ou veterin\u00e1ria<\/span>.<\/p>\n<p>\u201cTalvez para muitos meu sonho seja um absurdo, mas \u00e9 o que desejo. Eu h\u00e1 20 anos trabalho na mesma casa, comecei como bab\u00e1 das crian\u00e7as, hoje sou mil e uma utilidades. E conforme as crian\u00e7as iam crescendo, fui percebendo como era valioso estudar. A\u00ed quando essas crian\u00e7as cresceram, n\u00e3o tive d\u00favidas em continuar meus estudos\u201d, disse Cida.<\/p>\n<p style=\"text-align: center;\">\n<figure id=\"attachment_1449\" aria-describedby=\"caption-attachment-1449\" style=\"width: 384px\" class=\"wp-caption aligncenter\"><a href=\"http:\/\/projetocineb.com.br\/wp-content\/uploads\/2010\/09\/0AVERACRUZ09.jpg\"><img decoding=\"async\" class=\"size-full wp-image-1449  \" title=\"Estudantes do Ilha de Vera Cruz\" src=\"http:\/\/projetocineb.com.br\/wp-content\/uploads\/2010\/09\/0AVERACRUZ09.jpg\" alt=\"Estudantes do Ilha de Vera Cruz\" width=\"384\" height=\"255\" \/><\/a><figcaption id=\"caption-attachment-1449\" class=\"wp-caption-text\">Mirism\u00e1r Lima e Cida Bizarrian, estudantes do Ilha de Vera Cruz<\/figcaption><\/figure>\n<h2><span style=\"color: #008000;\">DOM\u00c9STICAS<\/span><\/h2>\n<p style=\"text-align: center;\"><span style=\"color: #008000;\"> <\/span><\/p>\n<figure id=\"attachment_1470\" aria-describedby=\"caption-attachment-1470\" style=\"width: 384px\" class=\"wp-caption aligncenter\"><a href=\"http:\/\/projetocineb.com.br\/wp-content\/uploads\/2010\/09\/0AILHADOMESTICAS.jpg\"><img loading=\"lazy\" decoding=\"async\" class=\"size-full wp-image-1470  \" title=\"14 dom\u00e9sticas marcarm presen\u00e3 no evento e foram homenageadas com brindes e uma foto com a atriz Renata Melo\" src=\"http:\/\/projetocineb.com.br\/wp-content\/uploads\/2010\/09\/0AILHADOMESTICAS.jpg\" alt=\"14 dom\u00e9sticas marcarm presen\u00e3 no evento e foram homenageadas com brindes e uma foto com a atriz Renata Melo\" width=\"384\" height=\"255\" \/><\/a><figcaption id=\"caption-attachment-1470\" class=\"wp-caption-text\">14 dom\u00e9sticas marcarm presen\u00e3 no evento e foram homenageadas com brindes e uma foto com a atriz Renata Melo<\/figcaption><\/figure>\n<p>\u201c<span style=\"color: #ff6600;\">Sou colecionadora de hist\u00f3rias e na minha inf\u00e2ncia as dom\u00e9sticas estiveram muito presentes, pois cuidavam de mim enquanto meus pais trabalhavam. Lembro das empregadas como \u00f3timas contadoras de hist\u00f3rias, ent\u00e3o resolvi escrever uma pe\u00e7a que envolvesse este universo profissional\u201d, disse a atriz Renata Melo<\/span>, em entrevista para a TV Daqui, a qual este presente neste Cine B gravando diversas mat\u00e9rias.<\/p>\n<p style=\"text-align: center;\">\n<figure id=\"attachment_1465\" aria-describedby=\"caption-attachment-1465\" style=\"width: 384px\" class=\"wp-caption aligncenter\"><a href=\"http:\/\/projetocineb.com.br\/wp-content\/uploads\/2010\/09\/0AVERACRUZ25.jpg\"><img loading=\"lazy\" decoding=\"async\" class=\"size-full wp-image-1465   \" title=\"Renata Melo recebeu flores de Jussara\" src=\"http:\/\/projetocineb.com.br\/wp-content\/uploads\/2010\/09\/0AVERACRUZ25.jpg\" alt=\"Renata Melo recebeu flores de Jussara\" width=\"384\" height=\"255\" \/><\/a><figcaption id=\"caption-attachment-1465\" class=\"wp-caption-text\">Renata Melo recebeu flores e a revista Vozes do Ilha, de Jussara Ferreira Paim, orientadora do Ilha de Vera Cruz<\/figcaption><\/figure>\n<p>Ap\u00f3s a exibi\u00e7\u00e3o do filme Dom\u00e9sticas, de Nando Olival e Fernando Meirelles, <span style=\"color: #ff6600;\">Renata participou de um bate-papo com o p\u00fablico presente<\/span>. Confira abaixo algumas perguntas respondidas pela atriz.<\/p>\n<p><strong>Vilma Maci, estudante, perguntou:<\/strong> <span style=\"color: #ff6600;\">Quanto tempo demorou para o filme ficar pronto?<\/span><\/p>\n<p><strong>Renata Melo:<\/strong> Foram <span style=\"color: #ff6600;\">dois anos<\/span> de trabalho.<\/p>\n<p style=\"text-align: center;\">\n<figure id=\"attachment_1462\" aria-describedby=\"caption-attachment-1462\" style=\"width: 384px\" class=\"wp-caption aligncenter\"><a href=\"http:\/\/projetocineb.com.br\/wp-content\/uploads\/2010\/09\/0AVERACRUZ22.jpg\"><img loading=\"lazy\" decoding=\"async\" class=\"size-full wp-image-1462  \" title=\"Maria Antonieta Cucuto de Biazzi, professora de Artes Pl\u00e1sticas no Projeto Ilha de Vera Cruz, perguntou: Como foi o processo de pesquisa para fazer a pe\u00e7a? Voc\u00ea conversou com dom\u00e9sticas de verdade?\" src=\"http:\/\/projetocineb.com.br\/wp-content\/uploads\/2010\/09\/0AVERACRUZ22.jpg\" alt=\"Maria Antonieta Cucuto de Biazzi, professora de Artes Pl\u00e1sticas no Projeto Ilha de Vera Cruz, perguntou: Como foi o processo de pesquisa para fazer a pe\u00e7a? Voc\u00ea conversou com dom\u00e9sticas de verdade?\" width=\"384\" height=\"255\" \/><\/a><figcaption id=\"caption-attachment-1462\" class=\"wp-caption-text\">Maria Antonieta Cucuto de Biazzi, professora de Artes Pl\u00e1sticas no Projeto Ilha de Vera Cruz, perguntou: Como foi o processo de pesquisa para fazer a pe\u00e7a? Voc\u00ea conversou com dom\u00e9sticas de verdade?<\/figcaption><\/figure>\n<p><strong>Renata Melo:<\/strong> Nos filmes e novelas, a dom\u00e9stica \u00e9 sempre um personagem secund\u00e1rio. Ent\u00e3o tanto na pe\u00e7a quanto no filme, a id\u00e9ia foi de fazer as empregadas virarem os personagens principais, verdadeiras rainhas, o que \u00e9 in\u00e9dito. <span style=\"color: #ff6600;\">Eu entrevistei mais ou menos 100 dom\u00e9sticas para montar a hist\u00f3ria.<\/span> Algumas acompanhei no cotidiano durante muito tempo. Tinha at\u00e9 uma fonte que usei que era um grupo de advogados trabalhistas. Ent\u00e3o na base me minha pesquisa havia quem odiasse e quem amasse este universo.<\/p>\n<p><strong>C\u00e9lia Takihara, professora volunt\u00e1ria do Ilha de Vera Cruz, comentou:<\/strong> At\u00e9 ler a sinopse do filme Dom\u00e9sticas, n\u00e3o tinha vontade alguma de  assistir filmes brasileiros. Gostaria de parabenizar por este filme t\u00e3o  legal.<\/p>\n<p><strong>Renata melo:<\/strong> <span style=\"color: #ff6600;\">O cinema brasileiro est\u00e1 mudando. O  Cine B mostra exatamente isso, que est\u00e3o aparecendo diversos tipos de  filmes feitos aqui no Brail, com qualidade.<\/span><\/p>\n<p style=\"text-align: center;\">\n<figure id=\"attachment_1464\" aria-describedby=\"caption-attachment-1464\" style=\"width: 384px\" class=\"wp-caption aligncenter\"><a href=\"http:\/\/projetocineb.com.br\/wp-content\/uploads\/2010\/09\/0AVERACRUZ24.jpg\"><img loading=\"lazy\" decoding=\"async\" class=\"size-full wp-image-1464  \" title=\"Alvanira Alves Santana, perguntou: As hist\u00f3rias mostradas no filme s\u00e3o reais ou somente inspiradas nas entrevistas que voc\u00ea fez?\" src=\"http:\/\/projetocineb.com.br\/wp-content\/uploads\/2010\/09\/0AVERACRUZ24.jpg\" alt=\"Alvanira Alves Santana, perguntou: As hist\u00f3rias mostradas no filme s\u00e3o reais ou somente inspiradas nas entrevistas que voc\u00ea fez?\" width=\"384\" height=\"255\" \/><\/a><figcaption id=\"caption-attachment-1464\" class=\"wp-caption-text\">Alvanira Alves Santana, perguntou: As hist\u00f3rias mostradas no filme s\u00e3o reais ou somente inspiradas nas entrevistas que voc\u00ea fez?<\/figcaption><\/figure>\n<p><strong>Renata Melo:<\/strong> A maior parte das hist\u00f3rias s\u00e3o baseadas nos depoimentos que ouvi na fase de pesquisa ou que j\u00e1 tinha ouvido na minha inf\u00e2ncia.<\/p>\n<p style=\"text-align: center;\">\n<figure id=\"attachment_1463\" aria-describedby=\"caption-attachment-1463\" style=\"width: 384px\" class=\"wp-caption aligncenter\"><a href=\"http:\/\/projetocineb.com.br\/wp-content\/uploads\/2010\/09\/0AVERACRUZ23.jpg\"><img loading=\"lazy\" decoding=\"async\" class=\"size-full wp-image-1463  \" title=\"Jos\u00e9 Junior, perguntou: O filme \u00e9 muito bom! Vai ter Dom\u00e9stica 2?\" src=\"http:\/\/projetocineb.com.br\/wp-content\/uploads\/2010\/09\/0AVERACRUZ23.jpg\" alt=\"Jos\u00e9 Junior, perguntou: O filme \u00e9 muito bom! Vai ter Dom\u00e9stica 2?\" width=\"384\" height=\"255\" \/><\/a><figcaption id=\"caption-attachment-1463\" class=\"wp-caption-text\">Jos\u00e9 Junior, perguntou: O filme \u00e9 muito bom! Vai ter Dom\u00e9stica 2?<\/figcaption><\/figure>\n<p><strong>Renata Melo: <\/strong>Pode ser. Este ano fui chamada aqui na O2 (produtora do longa Dom\u00e9sticas) para uma reuni\u00e3o. N\u00e3o decidimos nada, mas h\u00e1 inten\u00e7\u00e3o de filmar novas hist\u00f3rias, quem sabe?<\/p>\n<p>Como n\u00e3o houve mais perguntas, resolvi <strong>eu mesmo<\/strong> arriscar uma: Houve muitas mudan\u00e7as da hist\u00f3ria que foi escrita para a pe\u00e7a e esta que vemos no filme <em>Dom\u00e9sticas<\/em>?<\/p>\n<p><strong>Renata Melo:<\/strong> Na pe\u00e7a as empregadas apareciam como se estivessem num purgat\u00f3rio, como se a vida delas fosse isso. No filme a dificuldade que tivemos foi quanto ao final. <span style=\"color: #ff6600;\">O Fernando Meirelles chegou at\u00e9 rodar um fim que as dom\u00e9sticas morriam todas num acidente de \u00f4nibus, mas o resultado n\u00e3o ficou legal. O filme ficou meses parado, enquanto o Fernando procurava amigos e colegas da profiss\u00e3o que pudessem opinar sobre o que fazer. At\u00e9 que decidiu-se por esse final que o filme tem. At\u00e9 novas cenas tivemos que filmar e outras que j\u00e1 estavam prontas foram refilmadas.<\/span><\/p>\n<h2><span style=\"color: #008000;\">AGRADECIMENTOS<\/span><\/h2>\n<p>Na abertura, Sheila fez alguns agradecimentos especiais que reproduzimos aqui!<\/p>\n<p>Ao pessoal do <span style=\"color: #ff6600;\">Projeto Girassol, Bola Dentro, Acaia, PSR Lapa, NPPE, Projeto Aquarela da Editora Globo, CCA da Vila Leopoldina, Albergue Marly Curi, Disnel, Nossa Turma, UBS Alto da Lapa, UBS Alto de Pinheiros, CCA Cora\u00e7\u00e3o de Maria, Pelez\u00e3o, Escola Estadual Boa Nova, Dilermando Dias e Di Cavalcanti, SESI Vila Leopoldina, Albergue Zancon, Escola Basilides, Auro dos Correios, Col\u00e9gio Santa Cruz, Gracinha, e Beth da Cooperativa de Catadores de Lixo<\/span>.<\/p>\n<h2><span style=\"color: #008000;\">CLICKS<\/span><\/h2>\n<p style=\"text-align: center;\">\n<figure id=\"attachment_1456\" aria-describedby=\"caption-attachment-1456\" style=\"width: 384px\" class=\"wp-caption aligncenter\"><a href=\"http:\/\/projetocineb.com.br\/wp-content\/uploads\/2010\/09\/0AVERACRUZ16.jpg\"><img loading=\"lazy\" decoding=\"async\" class=\"size-full wp-image-1456  \" title=\"Exibi\u00e7\u00e3o do Cine B no col\u00e9gio Vera Cruz\" src=\"http:\/\/projetocineb.com.br\/wp-content\/uploads\/2010\/09\/0AVERACRUZ16.jpg\" alt=\"Exibi\u00e7\u00e3o do Cine B no col\u00e9gio Vera Cruz\" width=\"384\" height=\"255\" \/><\/a><figcaption id=\"caption-attachment-1456\" class=\"wp-caption-text\">Exibi\u00e7\u00e3o do Cine B no col\u00e9gio Vera Cruz<\/figcaption><\/figure>\n<p style=\"text-align: center;\">\n<figure id=\"attachment_1453\" aria-describedby=\"caption-attachment-1453\" style=\"width: 384px\" class=\"wp-caption aligncenter\"><a href=\"http:\/\/projetocineb.com.br\/wp-content\/uploads\/2010\/09\/0AVERACRUZ13.jpg\"><img loading=\"lazy\" decoding=\"async\" class=\"size-full wp-image-1453  \" title=\"Na abertura da exibi\u00e7\u00e3o Cid\u00e1lio Vieira Santos da Brazucah Produ\u00e7\u00f5es\" src=\"http:\/\/projetocineb.com.br\/wp-content\/uploads\/2010\/09\/0AVERACRUZ13.jpg\" alt=\"Na abertura da exibi\u00e7\u00e3o Cid\u00e1lio Vieira Santos da Brazucah Produ\u00e7\u00f5es\" width=\"384\" height=\"255\" \/><\/a><figcaption id=\"caption-attachment-1453\" class=\"wp-caption-text\">Na abertura da exibi\u00e7\u00e3o Cid\u00e1lio Vieira Santos da Brazucah Produ\u00e7\u00f5es<\/figcaption><\/figure>\n<p style=\"text-align: center;\">\n<figure id=\"attachment_1442\" aria-describedby=\"caption-attachment-1442\" style=\"width: 384px\" class=\"wp-caption aligncenter\"><a href=\"http:\/\/projetocineb.com.br\/wp-content\/uploads\/2010\/09\/0AVERACRUZ02.jpg\"><img loading=\"lazy\" decoding=\"async\" class=\"size-full wp-image-1442  \" title=\"&quot;S\u00f3 pelo e-mail j\u00e1 amei o projeto a\u00ed quando cheguei aqui fiquei impressionada, n\u00e3o imaginava que fosse tudo isso&quot;, disse Marcia Eugenio Garcia, do Centro de Referencia Assist\u00eancia Social da Subprefeitura de Pinheiros, acompanhada de seu marido, Davi Garcia\" src=\"http:\/\/projetocineb.com.br\/wp-content\/uploads\/2010\/09\/0AVERACRUZ02.jpg\" alt=\"&quot;S\u00f3 pelo e-mail j\u00e1 amei o projeto a\u00ed quando cheguei aqui fiquei impressionada, n\u00e3o imaginava que fosse tudo isso&quot;, disse Marcia Eugenio Garcia, do Centro de Referencia Assist\u00eancia Social da Subprefeitura de Pinheiros, acompanhada de seu marido, Davi Garcia\" width=\"384\" height=\"255\" \/><\/a><figcaption id=\"caption-attachment-1442\" class=\"wp-caption-text\">&quot;S\u00f3 pelo e-mail j\u00e1 amei o projeto a\u00ed quando cheguei aqui fiquei impressionada, n\u00e3o imaginava que fosse tudo isso&quot;, disse Marcia Eugenio Garcia, do Centro de Referencia Assist\u00eancia Social da Subprefeitura de Pinheiros, acompanhada de seu marido, Davi Garcia<\/figcaption><\/figure>\n<figure id=\"attachment_1457\" aria-describedby=\"caption-attachment-1457\" style=\"width: 384px\" class=\"wp-caption aligncenter\"><a href=\"http:\/\/projetocineb.com.br\/wp-content\/uploads\/2010\/09\/0AVERACRUZ17.jpg\"><img loading=\"lazy\" decoding=\"async\" class=\"size-full wp-image-1457  \" title=\"O editor da revista Nosso Bairro esteve presente neste Cine B fazendo uma reportagem\" src=\"http:\/\/projetocineb.com.br\/wp-content\/uploads\/2010\/09\/0AVERACRUZ17.jpg\" alt=\"O editor da revista Nosso Bairro esteve presente neste Cine B fazendo uma reportagem\" width=\"384\" height=\"255\" \/><\/a><figcaption id=\"caption-attachment-1457\" class=\"wp-caption-text\">O editor da revista Nosso Bairro, Claudinei Nascimento, esteve presente neste Cine B fazendo uma reportagem<\/figcaption><\/figure>\n<figure id=\"attachment_1441\" aria-describedby=\"caption-attachment-1441\" style=\"width: 384px\" class=\"wp-caption aligncenter\"><a href=\"http:\/\/projetocineb.com.br\/wp-content\/uploads\/2010\/09\/0AVERACRUZ01.jpg\"><img loading=\"lazy\" decoding=\"async\" class=\"size-full wp-image-1441  \" title=\"O rep\u00f3rter David entrevistou dom\u00e9sticas presentes na exibi\u00e7\u00e3o\" src=\"http:\/\/projetocineb.com.br\/wp-content\/uploads\/2010\/09\/0AVERACRUZ01.jpg\" alt=\"O rep\u00f3rter David entrevistou dom\u00e9sticas presentes na exibi\u00e7\u00e3o\" width=\"384\" height=\"255\" \/><\/a><figcaption id=\"caption-attachment-1441\" class=\"wp-caption-text\">O rep\u00f3rter David Denis Lob\u00e3o entrevistou dom\u00e9sticas presentes na exibi\u00e7\u00e3o<\/figcaption><\/figure>\n<figure id=\"attachment_1445\" aria-describedby=\"caption-attachment-1445\" style=\"width: 384px\" class=\"wp-caption aligncenter\"><a href=\"http:\/\/projetocineb.com.br\/wp-content\/uploads\/2010\/09\/0AVERACRUZ05.jpg\"><img loading=\"lazy\" decoding=\"async\" class=\"size-full wp-image-1445  \" title=\"O p\u00fablico aproveita que os filmes n\u00e3o come\u00e7am para pegar uma pipoquinha do seo Antonio Nascimento\" src=\"http:\/\/projetocineb.com.br\/wp-content\/uploads\/2010\/09\/0AVERACRUZ05.jpg\" alt=\"O p\u00fablico aproveita que os filmes n\u00e3o come\u00e7am para pegar uma pipoquinha do seo Antonio Nascimento\" width=\"384\" height=\"255\" \/><\/a><figcaption id=\"caption-attachment-1445\" class=\"wp-caption-text\">O p\u00fablico aproveita que os filmes n\u00e3o come\u00e7am para pegar uma pipoquinha do seo Antonio Nascimento<\/figcaption><\/figure>\n<figure id=\"attachment_1448\" aria-describedby=\"caption-attachment-1448\" style=\"width: 384px\" class=\"wp-caption aligncenter\"><a href=\"http:\/\/projetocineb.com.br\/wp-content\/uploads\/2010\/09\/0AVERACRUZ08.jpg\"><img loading=\"lazy\" decoding=\"async\" class=\"size-full wp-image-1448  \" title=\"Depois de servir a pipoca, seo Ant\u00f4nio foi dar uma entrevista para a TV Daqui\" src=\"http:\/\/projetocineb.com.br\/wp-content\/uploads\/2010\/09\/0AVERACRUZ08.jpg\" alt=\"Depois de servir a pipoca, seo Ant\u00f4nio foi dar uma entrevista para a TV Daqui\" width=\"384\" height=\"255\" \/><\/a><figcaption id=\"caption-attachment-1448\" class=\"wp-caption-text\">Depois de servir a pipoca, seo Ant\u00f4nio foi dar uma entrevista para a TV Daqui<\/figcaption><\/figure>\n<figure id=\"attachment_1451\" aria-describedby=\"caption-attachment-1451\" style=\"width: 384px\" class=\"wp-caption aligncenter\"><a href=\"http:\/\/projetocineb.com.br\/wp-content\/uploads\/2010\/09\/0AVERACRUZ11.jpg\"><img loading=\"lazy\" decoding=\"async\" class=\"size-full wp-image-1451  \" title=\"Fl\u00e1vio da Silva, que trabalha nos Correios, veio prestigiar a exibi\u00e7\u00e3o com sua esposa Denise Fernandes\" src=\"http:\/\/projetocineb.com.br\/wp-content\/uploads\/2010\/09\/0AVERACRUZ11.jpg\" alt=\"Fl\u00e1vio da Silva, que trabalha nos Correios, veio prestigiar a exibi\u00e7\u00e3o com sua esposa Denise Fernandes\" width=\"384\" height=\"255\" \/><\/a><figcaption id=\"caption-attachment-1451\" class=\"wp-caption-text\">Fl\u00e1vio da Silva, que trabalha nos Correios, veio prestigiar a exibi\u00e7\u00e3o com sua esposa Denise Fernandes<\/figcaption><\/figure>\n<figure id=\"attachment_1452\" aria-describedby=\"caption-attachment-1452\" style=\"width: 384px\" class=\"wp-caption aligncenter\"><a href=\"http:\/\/projetocineb.com.br\/wp-content\/uploads\/2010\/09\/0AVERACRUZ12.jpg\"><img loading=\"lazy\" decoding=\"async\" class=\"size-full wp-image-1452  \" title=\"Estudantes do Ilha e moradores da regi\u00e3o, Wagner de Souza Rosa com sua esposa vanessa Silva Damasceno e o amigo Luis Xavier\" src=\"http:\/\/projetocineb.com.br\/wp-content\/uploads\/2010\/09\/0AVERACRUZ12.jpg\" alt=\"Estudantes do Ilha e moradores da regi\u00e3o, Wagner de Souza Rosa com sua esposa vanessa Silva Damasceno e o amigo Luis Xavier\" width=\"384\" height=\"255\" \/><\/a><figcaption id=\"caption-attachment-1452\" class=\"wp-caption-text\">Estudantes do Ilha e moradores da regi\u00e3o, Wagner de Souza Rosa com sua esposa vanessa Silva Damasceno e o amigo Luis Xavier<\/figcaption><\/figure>\n<figure id=\"attachment_1458\" aria-describedby=\"caption-attachment-1458\" style=\"width: 384px\" class=\"wp-caption aligncenter\"><a href=\"http:\/\/projetocineb.com.br\/wp-content\/uploads\/2010\/09\/0AVERACRUZ18.jpg\"><img loading=\"lazy\" decoding=\"async\" class=\"size-full wp-image-1458  \" title=\"A atriz e core\u00f3grafa Renata Melo deu entrevista para a TV Daqui\" src=\"http:\/\/projetocineb.com.br\/wp-content\/uploads\/2010\/09\/0AVERACRUZ18.jpg\" alt=\"A atriz e core\u00f3grafa Renata Melo deu entrevista para a TV Daqui\" width=\"384\" height=\"255\" \/><\/a><figcaption id=\"caption-attachment-1458\" class=\"wp-caption-text\">A atriz e core\u00f3grafa Renata Melo deu entrevista para a TV Daqui<\/figcaption><\/figure>\n<figure id=\"attachment_1450\" aria-describedby=\"caption-attachment-1450\" style=\"width: 384px\" class=\"wp-caption aligncenter\"><a href=\"http:\/\/projetocineb.com.br\/wp-content\/uploads\/2010\/09\/0AVERACRUZ10.jpg\"><img loading=\"lazy\" decoding=\"async\" class=\"size-full wp-image-1450  \" title=\"Mais uma foto do p\u00fablico que prestigiou esta exibi\u00e7\u00e3o do Cine B\" src=\"http:\/\/projetocineb.com.br\/wp-content\/uploads\/2010\/09\/0AVERACRUZ10.jpg\" alt=\"Mais uma foto do p\u00fablico que prestigiou esta exibi\u00e7\u00e3o do Cine B\" width=\"384\" height=\"255\" \/><\/a><figcaption id=\"caption-attachment-1450\" class=\"wp-caption-text\">Mais uma foto do p\u00fablico que prestigiou esta exibi\u00e7\u00e3o do Cine B<\/figcaption><\/figure>\n<figure id=\"attachment_1466\" aria-describedby=\"caption-attachment-1466\" style=\"width: 384px\" class=\"wp-caption aligncenter\"><a href=\"http:\/\/projetocineb.com.br\/wp-content\/uploads\/2010\/09\/0AVERACRUZ26.jpg\"><img loading=\"lazy\" decoding=\"async\" class=\"size-full wp-image-1466  \" title=\"Os sortudos desta exibi\u00e7\u00e3o! Al\u00e9m de camisetas do Cine B e canecas e livros da exposi\u00e7\u00e3o Corpo Humano, o Ilha de Vera Cruz sorteou diversos brindes\" src=\"http:\/\/projetocineb.com.br\/wp-content\/uploads\/2010\/09\/0AVERACRUZ26.jpg\" alt=\"Os sortudos desta exibi\u00e7\u00e3o! Al\u00e9m de camisetas do Cine B e canecas e livros da exposi\u00e7\u00e3o Corpo Humano, o Ilha de Vera Cruz sorteou diversos brindes\" width=\"384\" height=\"255\" \/><\/a><figcaption id=\"caption-attachment-1466\" class=\"wp-caption-text\">Os sortudos desta exibi\u00e7\u00e3o! Al\u00e9m de camisetas do Cine B e canecas e livros da exposi\u00e7\u00e3o Corpo Humano, o Ilha de Vera Cruz sorteou diversos brindes<\/figcaption><\/figure>\n<p style=\"text-align: center;\">\n<p style=\"text-align: center;\">\n<p style=\"text-align: center;\">\n<p style=\"text-align: center;\">\n<p style=\"text-align: center;\">\n<p style=\"text-align: center;\">\n<p style=\"text-align: center;\">\n<p style=\"text-align: center;\">\n<p style=\"text-align: center;\">\n<p style=\"text-align: center;\">\n<p style=\"text-align: center;\">\n<p style=\"text-align: center;\">\n<p style=\"text-align: center;\">\n<p style=\"text-align: center;\">\n<p style=\"text-align: center;\">\n<p style=\"text-align: center;\">\n<p style=\"text-align: center;\">\n<p style=\"text-align: center;\">\n<p style=\"text-align: center;\">\n<p style=\"text-align: center;\">\n<p style=\"text-align: center;\">\n<p style=\"text-align: center;\">\n<p style=\"text-align: center;\">\n","protected":false},"excerpt":{"rendered":"<p>Fotos de Vivian Szelpal Neste final de semana Cine B fez exibi\u00e7\u00e3o no Col\u00e9gio Vera Cruz, zona oeste de S\u00e3o[&#8230;]<\/p>\n","protected":false},"author":2,"featured_media":0,"comment_status":"open","ping_status":"open","sticky":false,"template":"","format":"standard","meta":[],"categories":[2],"tags":[154,263,266,303,407,470,629,876,1132,1223,1250],"_links":{"self":[{"href":"https:\/\/projetocineb.com.br\/index.php?rest_route=\/wp\/v2\/posts\/1440"}],"collection":[{"href":"https:\/\/projetocineb.com.br\/index.php?rest_route=\/wp\/v2\/posts"}],"about":[{"href":"https:\/\/projetocineb.com.br\/index.php?rest_route=\/wp\/v2\/types\/post"}],"author":[{"embeddable":true,"href":"https:\/\/projetocineb.com.br\/index.php?rest_route=\/wp\/v2\/users\/2"}],"replies":[{"embeddable":true,"href":"https:\/\/projetocineb.com.br\/index.php?rest_route=%2Fwp%2Fv2%2Fcomments&post=1440"}],"version-history":[{"count":0,"href":"https:\/\/projetocineb.com.br\/index.php?rest_route=\/wp\/v2\/posts\/1440\/revisions"}],"wp:attachment":[{"href":"https:\/\/projetocineb.com.br\/index.php?rest_route=%2Fwp%2Fv2%2Fmedia&parent=1440"}],"wp:term":[{"taxonomy":"category","embeddable":true,"href":"https:\/\/projetocineb.com.br\/index.php?rest_route=%2Fwp%2Fv2%2Fcategories&post=1440"},{"taxonomy":"post_tag","embeddable":true,"href":"https:\/\/projetocineb.com.br\/index.php?rest_route=%2Fwp%2Fv2%2Ftags&post=1440"}],"curies":[{"name":"wp","href":"https:\/\/api.w.org\/{rel}","templated":true}]}}