{"id":1473,"date":"2010-09-25T23:53:41","date_gmt":"2010-09-26T02:53:41","guid":{"rendered":"http:\/\/projetocineb.com.br\/?p=1473"},"modified":"2010-09-25T23:53:41","modified_gmt":"2010-09-26T02:53:41","slug":"jardim-eliana","status":"publish","type":"post","link":"https:\/\/projetocineb.com.br\/?p=1473","title":{"rendered":"JARDIM ELIANA"},"content":{"rendered":"<p><em>Fotos de Vivian Szelpal<\/em><\/p>\n<p><em> <\/em><\/p>\n<p><em> <\/em><\/p>\n<p><em> <\/em><\/p>\n<p><em> <\/em><\/p>\n<p><em> <\/em><\/p>\n<p><em> <\/em><\/p>\n<p><em> <\/em><\/p>\n<p><em> <\/em><\/p>\n<p><em> <\/em><\/p>\n<p><em> <\/em><\/p>\n<figure id=\"attachment_1483\" aria-describedby=\"caption-attachment-1483\" style=\"width: 384px\" class=\"wp-caption aligncenter\"><a href=\"http:\/\/projetocineb.com.br\/wp-content\/uploads\/2010\/09\/JARDIMELIANA091.jpg\"><img fetchpriority=\"high\" decoding=\"async\" class=\"size-full wp-image-1483  \" title=\"Cine B no Jardim Eliana\" src=\"http:\/\/projetocineb.com.br\/wp-content\/uploads\/2010\/09\/JARDIMELIANA091.jpg\" alt=\"Cine B no Jardim Eliana\" width=\"384\" height=\"255\" \/><\/a><figcaption id=\"caption-attachment-1483\" class=\"wp-caption-text\">Cine B no Jardim Eliana, zona sul de S\u00e3o Paulo: 160 espectadores!<\/figcaption><\/figure>\n<p>O <span style=\"color: #ff6600;\">Jardim Eliana fica pr\u00f3ximo ao terminal Graja\u00fa<\/span>, uma regi\u00e3o que moram aproximadamente <span style=\"color: #ff6600;\">82 mil pessoal<\/span>, segundo Cristina Maciel Santos, secret\u00e1ria da Associa\u00e7\u00e3o Comunit\u00e1ria do Jardim Eliana, onde foi realizada esta exibi\u00e7\u00e3o do Cine B com o curta-metragem <em>O xadrez das cores<\/em>, de Marco Schiavon e o longa <em>Dom\u00e9sticas<\/em> de Fernando Meirelles.<\/p>\n<p><span style=\"color: #ff6600;\">\u201cPara n\u00f3s o Cine B \u00e9 um diferencial, esta \u00e9 uma regi\u00e3o carente principalmente em atividades culturais. Aqui temos pessoas que j\u00e1 s\u00e3o idosas e nunca foram ao cinema, porque nunca tiveram condi\u00e7\u00f5es de pagar a entrada\u201d, disse Cristina Maciel, da Associa\u00e7\u00e3o Comunit\u00e1ria.<\/span><\/p>\n<p style=\"text-align: center;\">\n<figure id=\"attachment_1475\" aria-describedby=\"caption-attachment-1475\" style=\"width: 384px\" class=\"wp-caption aligncenter\"><a href=\"http:\/\/projetocineb.com.br\/wp-content\/uploads\/2010\/09\/JARDIMELIANA011.jpg\"><img decoding=\"async\" class=\"size-full wp-image-1475   \" title=\"Paulo Bispo, \" src=\"http:\/\/projetocineb.com.br\/wp-content\/uploads\/2010\/09\/JARDIMELIANA011.jpg\" alt=\"Paulo Bispo, \" width=\"384\" height=\"255\" \/><\/a><figcaption id=\"caption-attachment-1475\" class=\"wp-caption-text\">Paulo Bispo, Cristina Maciel e Mariana Paz Araujo da Associa\u00e7\u00e3o Comunit\u00e1ria do Jardim Eliana<\/figcaption><\/figure>\n<p>\u201cQuando cheguei neste bairro as ruas eram de terra, escuras de noite. Hoje temos estrutura de cidade, ruas asfaltadas, escolas, mas ainda faltam eventos ou espa\u00e7os de cultura\u201d, disse Paulo Bispo, vice-presidente da Associa\u00e7\u00e3o. Segundo ele h\u00e1 dificuldade na pr\u00f3pria Associa\u00e7\u00e3o fornecer mais eventos por falta de incentivos p\u00fablicos e coopera\u00e7\u00e3o das pessoas. \u201cFalta mais uni\u00e3o\u201d, disse.<\/p>\n<p>\u201cMuitos conseguem trabalhar de forma volunt\u00e1ria, mas outros precisam de dinheiro. Mesmo assim, sempre que poss\u00edvel utilizamos volunt\u00e1rios para dar cursos, como os que dou de pintura em panos de prato\u201d, disse Mariana Paz Araujo, diretora da Associa\u00e7\u00e3o Comunit\u00e1ria do Jardim Eliana.<\/p>\n<p><span style=\"color: #ff6600;\">\u201cAs escolas daqui da regi\u00e3o oferecem aulas de reciclagem, tric\u00f4, desenho. Eu mesmo sou volunt\u00e1rio nesses eventos fazendo pinturas nos rostos das crian\u00e7as\u201d, disse Paulo Bispo.<\/span><\/p>\n<p>Na abertura do evento Cid\u00e1lio Vieira Santos, coordenador do Cine B, ressaltou que \u00e9 a quarta vez do projeto na regi\u00e3o. <span style=\"color: #ff6600;\">\u201cJ\u00e1 estivemos no Jardim gaivotas, Jardim ideal, agora no Jardim Eliana e semana que vem estaremos em Cocaia\u201d, disse Cid\u00e1lio<\/span>.<\/p>\n<figure id=\"attachment_1485\" aria-describedby=\"caption-attachment-1485\" style=\"width: 384px\" class=\"wp-caption aligncenter\"><a href=\"http:\/\/projetocineb.com.br\/wp-content\/uploads\/2010\/09\/JARDIMELIANA111.jpg\"><img decoding=\"async\" class=\"size-full wp-image-1485\" title=\"Na abertura do evento\" src=\"http:\/\/projetocineb.com.br\/wp-content\/uploads\/2010\/09\/JARDIMELIANA111.jpg\" alt=\"\" width=\"384\" height=\"255\" \/><\/a><figcaption id=\"caption-attachment-1485\" class=\"wp-caption-text\">Na abertura do evento, Paulo Bispo ao microfone, ao lado de Chiquinho, Cristina da Associa\u00e7\u00e3o, Cid\u00e1lio Vieira Santos da Brazucah e<\/figcaption><\/figure>\n<p style=\"text-align: center;\">\n<h2><span style=\"color: #008000;\">DOM\u00c9STICAS DA VEZ<\/span><\/h2>\n<figure id=\"attachment_1487\" aria-describedby=\"caption-attachment-1487\" style=\"width: 384px\" class=\"wp-caption aligncenter\"><a href=\"http:\/\/projetocineb.com.br\/wp-content\/uploads\/2010\/09\/JARDIMELIANA131.jpg\"><img loading=\"lazy\" decoding=\"async\" class=\"size-full wp-image-1487  \" title=\"As dom\u00e9sticas presentes nesta exibi\u00e7\u00e3o que foram homenageadas pelo Cine B com camisetas, livros do Corpo Humano e a exibi\u00e7\u00e3o de Dom\u00e9sticas, de Fernando Meirelles\" src=\"http:\/\/projetocineb.com.br\/wp-content\/uploads\/2010\/09\/JARDIMELIANA131.jpg\" alt=\"As dom\u00e9sticas presentes nesta exibi\u00e7\u00e3o que foram homenageadas pelo Cine B com camisetas, livros do Corpo Humano e a exibi\u00e7\u00e3o de Dom\u00e9sticas, de Fernando Meirelles\" width=\"384\" height=\"255\" \/><\/a><figcaption id=\"caption-attachment-1487\" class=\"wp-caption-text\">As 8 dom\u00e9sticas presentes nesta exibi\u00e7\u00e3o que foram homenageadas pelo Cine B com camisetas, livros do Corpo Humano e a exibi\u00e7\u00e3o do filme Dom\u00e9sticas, de Fernando Meirelles. Na foto: Roseana dos Santos Amorim e sua filha Ana Lucia Amorim, 3, Carlucia Ferreira Santana, Maria das Dores, Lucin\u00e9ia da Silva Souza com seu filho Luiz Fernando, 2<\/figcaption><\/figure>\n<p><span style=\"color: #ff6600;\">\u201cIsso que mostram no filme \u00e9 o que realmente acontece. \u00c0s vezes nos damos mal e quebramos as coisas fazendo a limpeza. Eu mesmo uma vez deixei cair o aparelho de fax no ch\u00e3o! Sorte que ele conseguiu arrumar\u201d, disse Lucin\u00e9ia.<\/span><\/p>\n<p>Segundo ela antes havia mais preconceito, as pessoas muitas vezes nem a olhavam na cara. Mas hoje a rela\u00e7\u00e3o entre patr\u00f5es e empregados, diminuiu.<\/p>\n<p><span style=\"color: #ff6600;\">\u201cJ\u00e1 trabalhei numa casa em que o morador nunca sequer olhou na minha cara, nem me via\u201d, disse Lucin\u00e9ia.<\/span><\/p>\n<p><span style=\"color: #ff6600;\">Carlucia Ferreira Santana trabalha h\u00e1 20 anos na mesma casa. Hoje s\u00f3 trabalha dois dias na semana. No seu tempo livre, ela, advinha: limpa a casa de quem n\u00e3o pode.<\/span><\/p>\n<p><span style=\"color: #ff6600;\">\u201cPor exemplo, uma senhora que n\u00e3o pode se locomover direito e o marido teve um derrame, a\u00ed eu vou l\u00e1 e ajudo a limpar tudo. N\u00e3o gosto de sujeira, quero ajeitar a casa das pessoas, \u00e9 melhor viver no limpo!\u201d, disse Carlucia.<\/span><\/p>\n<p>Maria das Dores Silva tamb\u00e9m \u00e9 outra dom\u00e9stica que deu sorte com os patr\u00f5es.<\/p>\n<p>\u201cTrabalho h\u00e1 30 anos na mesma casa, vi as crian\u00e7as crescerem. Hoje sou aposentada, mas sempre gostei de trabalhar por l\u00e1. Todos me tratavam muito bem\u201d, disse a dom\u00e9stica Maria das Dores.<\/p>\n<h2><span style=\"color: #008000;\">SEXO<\/span><\/h2>\n<p>Sempre algu\u00e9m na exibi\u00e7\u00e3o reclama das cenas de sexo. Mas e das cenas em que algu\u00e9m leva um tiro, ou mesmo leva um soco? Isso nem sempre reclamam. No final da exibi\u00e7\u00e3o, ouvi de um espectador um coment\u00e1rio que resolvi registrar.<\/p>\n<p><span style=\"color: #ff6600;\">\u201cVi algumas pessoas no p\u00fablico reclamarem as cenas de sexo, mas acho muito pior que isso a viol\u00eancia sofrida na escola ou mesmo nas ruas. A viol\u00eancia \u00e9 pior que sexo\u201d, disse Andre Graciano.<\/span><\/p>\n<h2><span style=\"color: #008000;\">CLICKS<\/span><\/h2>\n<figure id=\"attachment_1486\" aria-describedby=\"caption-attachment-1486\" style=\"width: 384px\" class=\"wp-caption aligncenter\"><a href=\"http:\/\/projetocineb.com.br\/wp-content\/uploads\/2010\/09\/JARDIMELIANA121.jpg\"><img loading=\"lazy\" decoding=\"async\" class=\"size-full wp-image-1486  \" title=\"Esta foi a primeira exibi\u00e7\u00e3o do Cine B no Jardim Eliana, zona sul de S\u00e3o Paulo\" src=\"http:\/\/projetocineb.com.br\/wp-content\/uploads\/2010\/09\/JARDIMELIANA121.jpg\" alt=\"Esta foi a primeira exibi\u00e7\u00e3o do Cine B no Jardim Eliana, zona sul de S\u00e3o Paulo\" width=\"384\" height=\"255\" \/><\/a><figcaption id=\"caption-attachment-1486\" class=\"wp-caption-text\">Esta foi a primeira exibi\u00e7\u00e3o do Cine B no Jardim Eliana, zona sul de S\u00e3o Paulo<\/figcaption><\/figure>\n<figure id=\"attachment_1476\" aria-describedby=\"caption-attachment-1476\" style=\"width: 384px\" class=\"wp-caption aligncenter\"><a href=\"http:\/\/projetocineb.com.br\/wp-content\/uploads\/2010\/09\/JARDIMELIANA021.jpg\"><img loading=\"lazy\" decoding=\"async\" class=\"size-full wp-image-1476  \" title=\"\u201cNunca fui ao cinema porque \u00e9 caro\u201d, disse Adriana Maria, Ana Vit\u00f3ria dos Santos de 9 anos e Elen Mariana, 8\" src=\"http:\/\/projetocineb.com.br\/wp-content\/uploads\/2010\/09\/JARDIMELIANA021.jpg\" alt=\"\u201cNunca fui ao cinema porque \u00e9 caro\u201d, disse Adriana Maria, Ana Vit\u00f3ria dos Santos de 9 anos e Elen Mariana, 8\" width=\"384\" height=\"255\" \/><\/a><figcaption id=\"caption-attachment-1476\" class=\"wp-caption-text\">\u201cNunca fui ao cinema porque \u00e9 caro\u201d, disse Adriana Maria, Ana Vit\u00f3ria dos Santos de 9 anos e Elen Mariana, 8<\/figcaption><\/figure>\n<figure id=\"attachment_1478\" aria-describedby=\"caption-attachment-1478\" style=\"width: 384px\" class=\"wp-caption aligncenter\"><a href=\"http:\/\/projetocineb.com.br\/wp-content\/uploads\/2010\/09\/JARDIMELIANA041.jpg\"><img loading=\"lazy\" decoding=\"async\" class=\"size-full wp-image-1478  \" title=\"Tiago da Silva Pereira, Keila Crislayni Denise Araujo e Lincoln Luan.\" src=\"http:\/\/projetocineb.com.br\/wp-content\/uploads\/2010\/09\/JARDIMELIANA041.jpg\" alt=\"Tiago da Silva Pereira, Keila Crislayni Denise Araujo e Lincoln Luan.\" width=\"384\" height=\"255\" \/><\/a><figcaption id=\"caption-attachment-1478\" class=\"wp-caption-text\">Tiago da Silva Pereira, Keila Crislayni Denise Araujo e Lincoln Luan.<\/figcaption><\/figure>\n<figure id=\"attachment_1480\" aria-describedby=\"caption-attachment-1480\" style=\"width: 384px\" class=\"wp-caption aligncenter\"><a href=\"http:\/\/projetocineb.com.br\/wp-content\/uploads\/2010\/09\/JARDIMELIANA061.jpg\"><img loading=\"lazy\" decoding=\"async\" class=\"size-full wp-image-1480  \" title=\"Maria das Dores Silva com a neta Gabriela Roberta Rosa, 11\" src=\"http:\/\/projetocineb.com.br\/wp-content\/uploads\/2010\/09\/JARDIMELIANA061.jpg\" alt=\"Maria das Dores Silva com a neta Gabriela Roberta Rosa, 11\" width=\"384\" height=\"255\" \/><\/a><figcaption id=\"caption-attachment-1480\" class=\"wp-caption-text\">Maria das Dores Silva com a neta Gabriela Roberta Rosa, 11<\/figcaption><\/figure>\n<figure id=\"attachment_1479\" aria-describedby=\"caption-attachment-1479\" style=\"width: 384px\" class=\"wp-caption aligncenter\"><a href=\"http:\/\/projetocineb.com.br\/wp-content\/uploads\/2010\/09\/JARDIMELIANA051.jpg\"><img loading=\"lazy\" decoding=\"async\" class=\"size-full wp-image-1479  \" title=\"\u201cSempre gostei dos filmes nacionais, pena que \u00e9 dif\u00edcil encontrar cinemas a pre\u00e7os acess\u00edveis que os deixem em cartaz. Pra ver um filme brasileiro tem que procurar os cinemas alternativos de S\u00e3o Paulo e mesmo assim os filmes ficam em cartaz por muito pouco tempo\u201d, disse Dheison Renan Silva e Andre Graciano\" src=\"http:\/\/projetocineb.com.br\/wp-content\/uploads\/2010\/09\/JARDIMELIANA051.jpg\" alt=\"\u201cSempre gostei dos filmes nacionais, pena que \u00e9 dif\u00edcil encontrar cinemas a pre\u00e7os acess\u00edveis que os deixem em cartaz. Pra ver um filme brasileiro tem que procurar os cinemas alternativos de S\u00e3o Paulo e mesmo assim os filmes ficam em cartaz por muito pouco tempo\u201d, disse Dheison Renan Silva e Andre Graciano\" width=\"384\" height=\"255\" \/><\/a><figcaption id=\"caption-attachment-1479\" class=\"wp-caption-text\">\u201cSempre gostei dos filmes nacionais, pena que \u00e9 dif\u00edcil encontrar cinemas a pre\u00e7os acess\u00edveis que os deixem em cartaz. Pra ver um filme brasileiro tem que procurar os cinemas alternativos de S\u00e3o Paulo e mesmo assim os filmes ficam em cartaz por muito pouco tempo\u201d, disse Dheison Renan Silva e Andre Graciano<\/figcaption><\/figure>\n<figure id=\"attachment_1481\" aria-describedby=\"caption-attachment-1481\" style=\"width: 384px\" class=\"wp-caption aligncenter\"><a href=\"http:\/\/projetocineb.com.br\/wp-content\/uploads\/2010\/09\/JARDIMELIANA071.jpg\"><img loading=\"lazy\" decoding=\"async\" class=\"size-full wp-image-1481  \" title=\"Zilda Maria Bispo, Rosemare Pacheco dos Santos Silva que veio pela primeira vez no cinema\" src=\"http:\/\/projetocineb.com.br\/wp-content\/uploads\/2010\/09\/JARDIMELIANA071.jpg\" alt=\"Zilda Maria Bispo, Rosemare Pacheco dos Santos Silva que veio pela primeira vez no cinema\" width=\"384\" height=\"255\" \/><\/a><figcaption id=\"caption-attachment-1481\" class=\"wp-caption-text\">Zilda Maria Bispo, Rosemare Pacheco dos Santos Silva que veio pela primeira vez no cinema<\/figcaption><\/figure>\n<figure id=\"attachment_1484\" aria-describedby=\"caption-attachment-1484\" style=\"width: 384px\" class=\"wp-caption aligncenter\"><a href=\"http:\/\/projetocineb.com.br\/wp-content\/uploads\/2010\/09\/JARDIMELIANA101.jpg\"><img loading=\"lazy\" decoding=\"async\" class=\"size-full wp-image-1484  \" title=\"Cena do filme O xadrez das cores, curta-metragem deste m\u00eas no Cine B\" src=\"http:\/\/projetocineb.com.br\/wp-content\/uploads\/2010\/09\/JARDIMELIANA101.jpg\" alt=\"Cena do filme O xadrez das cores, curta-metragem deste m\u00eas no Cine B\" width=\"384\" height=\"255\" \/><\/a><figcaption id=\"caption-attachment-1484\" class=\"wp-caption-text\">Cena do filme O xadrez das cores, curta-metragem deste m\u00eas no Cine B<\/figcaption><\/figure>\n<figure id=\"attachment_1474\" aria-describedby=\"caption-attachment-1474\" style=\"width: 384px\" class=\"wp-caption aligncenter\"><a href=\"http:\/\/projetocineb.com.br\/wp-content\/uploads\/2010\/09\/JARDIMELIANA151.jpg\"><img loading=\"lazy\" decoding=\"async\" class=\"size-full wp-image-1474  \" title=\"Os sortudos desta exibi\u00e7\u00e3o no Jardim Eliana, que faturaram diversos brindes no sorteio do Cine B\" src=\"http:\/\/projetocineb.com.br\/wp-content\/uploads\/2010\/09\/JARDIMELIANA151.jpg\" alt=\"Os sortudos desta exibi\u00e7\u00e3o no Jardim Eliana, que faturaram diversos brindes no sorteio do Cine B\" width=\"384\" height=\"255\" \/><\/a><figcaption id=\"caption-attachment-1474\" class=\"wp-caption-text\">Os sortudos desta exibi\u00e7\u00e3o no Jardim Eliana, que faturaram diversos brindes no sorteio do Cine B<\/figcaption><\/figure>\n","protected":false},"excerpt":{"rendered":"<p>Fotos de Vivian Szelpal O Jardim Eliana fica pr\u00f3ximo ao terminal Graja\u00fa, uma regi\u00e3o que moram aproximadamente 82 mil pessoal,[&#8230;]<\/p>\n","protected":false},"author":2,"featured_media":0,"comment_status":"open","ping_status":"open","sticky":false,"template":"","format":"standard","meta":[],"categories":[2],"tags":[154,242,263,266,407,678,876,1116,1132,1251],"_links":{"self":[{"href":"https:\/\/projetocineb.com.br\/index.php?rest_route=\/wp\/v2\/posts\/1473"}],"collection":[{"href":"https:\/\/projetocineb.com.br\/index.php?rest_route=\/wp\/v2\/posts"}],"about":[{"href":"https:\/\/projetocineb.com.br\/index.php?rest_route=\/wp\/v2\/types\/post"}],"author":[{"embeddable":true,"href":"https:\/\/projetocineb.com.br\/index.php?rest_route=\/wp\/v2\/users\/2"}],"replies":[{"embeddable":true,"href":"https:\/\/projetocineb.com.br\/index.php?rest_route=%2Fwp%2Fv2%2Fcomments&post=1473"}],"version-history":[{"count":0,"href":"https:\/\/projetocineb.com.br\/index.php?rest_route=\/wp\/v2\/posts\/1473\/revisions"}],"wp:attachment":[{"href":"https:\/\/projetocineb.com.br\/index.php?rest_route=%2Fwp%2Fv2%2Fmedia&parent=1473"}],"wp:term":[{"taxonomy":"category","embeddable":true,"href":"https:\/\/projetocineb.com.br\/index.php?rest_route=%2Fwp%2Fv2%2Fcategories&post=1473"},{"taxonomy":"post_tag","embeddable":true,"href":"https:\/\/projetocineb.com.br\/index.php?rest_route=%2Fwp%2Fv2%2Ftags&post=1473"}],"curies":[{"name":"wp","href":"https:\/\/api.w.org\/{rel}","templated":true}]}}