{"id":14771,"date":"2022-04-29T22:27:57","date_gmt":"2022-04-30T01:27:57","guid":{"rendered":"https:\/\/projetocineb.com.br\/?p=14771"},"modified":"2024-07-20T22:05:11","modified_gmt":"2024-07-21T01:05:11","slug":"vida-de-pixinguinha-emociona-movimento-de-moradia-da-regiao-sudeste","status":"publish","type":"post","link":"https:\/\/projetocineb.com.br\/?p=14771","title":{"rendered":"Vida de Pixinguinha emociona Movimento de Moradia da Regi\u00e3o Sudeste"},"content":{"rendered":"\n<p class=\"has-text-align-center\"><em>Exibi\u00e7\u00e3o do longa metragem sobre a vida de um dos maiores m\u00fasicos brasileiros contou tamb\u00e9m com apresenta\u00e7\u00f5es de dan\u00e7a do grupo Mulheres da Casa<\/em><\/p>\n\n\n\n<p>Texto e fotos: Vinicius Souza e Maria Eug\u00eania S\u00e1 (<a href=\"http:\/\/www.mediaquatro.com\">www.mediaquatro.com<\/a>)<\/p>\n\n\n\n<p>\u00c9 duro viver sem ter a certeza de um teto sobre a cabe\u00e7a, de um lar que voc\u00ea sabe que \u00e9 seu e que ningu\u00e9m vai tirar de voc\u00ea. Pixinguinha &#8211; Um homem carinhoso, de Allan Fiterman e Denise Saraceni, que conta a hist\u00f3ria do genial compositor e arranjador, um dos inventores do chorinho, traz na trama tamb\u00e9m esse drama. Na hist\u00f3ria, a esposa do m\u00fasico, vivida na tela por Ta\u00eds Ara\u00fajo, se desespera ao ver o primeiro tal\u00e3o de promiss\u00f3rias da casa, e festeja, muitos anos depois, a quita\u00e7\u00e3o do financiamento. No papel t\u00edtulo, o ator Seu Jorge mostra bem a ang\u00fastia de conseguir dinheiro para as presta\u00e7\u00f5es durante crises econ\u00f4micas e empregos inst\u00e1veis.<\/p>\n\n\n\n<figure class=\"wp-block-image size-large\"><img fetchpriority=\"high\" decoding=\"async\" width=\"1024\" height=\"681\" src=\"https:\/\/projetocineb.com.br\/wp-content\/uploads\/2022\/04\/DSC_0157-copy-1024x681.jpg\" alt=\"\" class=\"wp-image-14773\" srcset=\"https:\/\/projetocineb.com.br\/wp-content\/uploads\/2022\/04\/DSC_0157-copy-1024x681.jpg 1024w, https:\/\/projetocineb.com.br\/wp-content\/uploads\/2022\/04\/DSC_0157-copy-300x200.jpg 300w, https:\/\/projetocineb.com.br\/wp-content\/uploads\/2022\/04\/DSC_0157-copy-768x511.jpg 768w, https:\/\/projetocineb.com.br\/wp-content\/uploads\/2022\/04\/DSC_0157-copy-840x560.jpg 840w, https:\/\/projetocineb.com.br\/wp-content\/uploads\/2022\/04\/DSC_0157-copy-120x80.jpg 120w, https:\/\/projetocineb.com.br\/wp-content\/uploads\/2022\/04\/DSC_0157-copy-360x240.jpg 360w, https:\/\/projetocineb.com.br\/wp-content\/uploads\/2022\/04\/DSC_0157-copy-600x400.jpg 600w, https:\/\/projetocineb.com.br\/wp-content\/uploads\/2022\/04\/DSC_0157-copy.jpg 1240w\" sizes=\"(max-width: 1024px) 100vw, 1024px\" \/><figcaption>p\u00fablico lotou a sede da <meta charset=\"utf-8\">Associa\u00e7\u00e3o dos Movimentos de Moradia da Regi\u00e3o Sudeste<\/figcaption><\/figure>\n\n\n\n<p><\/p>\n\n\n\n<p>Na regi\u00e3o sudeste de S\u00e3o Paulo, no entanto, a luta n\u00e3o foi para pagar financiamentos com juros extorsivos, mas para se organizar e conquistar pol\u00edticas p\u00fablicas que viabilizassem a posse dos terrenos e a constru\u00e7\u00e3o, em regime mutir\u00e3o ou autogest\u00e3o, de milhares de casas desde a prefeitura petista de Luiza Erundina nos anos 1980. Foi assim que nasceu a Associa\u00e7\u00e3o dos Movimentos de Moradia da Regi\u00e3o Sudeste, que articula 10 entidades e cuja sede, no Jardim Sav\u00e9rio, recebeu no \u00faltimo dia 22 de abril o Projeto CineB Solar com o filme sobre a vida de Pixinguinha.<\/p>\n\n\n\n<p><\/p>\n\n\n\n<figure class=\"wp-block-image size-large\"><img decoding=\"async\" width=\"1024\" height=\"681\" src=\"https:\/\/projetocineb.com.br\/wp-content\/uploads\/2022\/04\/002-1024x681.jpg\" alt=\"\" class=\"wp-image-14774\" srcset=\"https:\/\/projetocineb.com.br\/wp-content\/uploads\/2022\/04\/002-1024x681.jpg 1024w, https:\/\/projetocineb.com.br\/wp-content\/uploads\/2022\/04\/002-300x200.jpg 300w, https:\/\/projetocineb.com.br\/wp-content\/uploads\/2022\/04\/002-768x511.jpg 768w, https:\/\/projetocineb.com.br\/wp-content\/uploads\/2022\/04\/002-840x560.jpg 840w, https:\/\/projetocineb.com.br\/wp-content\/uploads\/2022\/04\/002-120x80.jpg 120w, https:\/\/projetocineb.com.br\/wp-content\/uploads\/2022\/04\/002-360x240.jpg 360w, https:\/\/projetocineb.com.br\/wp-content\/uploads\/2022\/04\/002-600x400.jpg 600w, https:\/\/projetocineb.com.br\/wp-content\/uploads\/2022\/04\/002.jpg 1240w\" sizes=\"(max-width: 1024px) 100vw, 1024px\" \/><figcaption>O filme mostra a hist\u00f3ria de Pixinguinha desde a inf\u00e2ncia apresenta\u00e7\u00e3o de flauta<\/figcaption><\/figure>\n\n\n\n<p>Foi uma festa! Antes e depois da exibi\u00e7\u00e3o do filme, o grupo de dan\u00e7a Mulheres da Casa, que tem um trabalho social incr\u00edvel na Casa de Cultura Chico Science fez lindas apresenta\u00e7\u00f5es e lideran\u00e7as locais tiveram, claro, a oportunidade de falar. Quem tamb\u00e9m esteve presente foi o ex-presidente do Sindicato dos Banc\u00e1rios de S\u00e3o Paulo, Osasco e Regi\u00e3o, Luiz Cl\u00e1udio Marcolino, que foi o primeiro apoiador do Projeto CineB, quando come\u00e7ou h\u00e1 15 anos, e a vereadora pelo PT Juliana Cardoso, de longa trajet\u00f3ria de luta na  regi\u00e3o.<\/p>\n\n\n\n<p><\/p>\n\n\n\n<figure class=\"wp-block-image size-large\"><img decoding=\"async\" width=\"1024\" height=\"682\" src=\"https:\/\/projetocineb.com.br\/wp-content\/uploads\/2022\/04\/0d776c42-cc69-4986-af6d-f12911c73c8e-1024x682.jpg\" alt=\"\" class=\"wp-image-14775\" srcset=\"https:\/\/projetocineb.com.br\/wp-content\/uploads\/2022\/04\/0d776c42-cc69-4986-af6d-f12911c73c8e-1024x682.jpg 1024w, https:\/\/projetocineb.com.br\/wp-content\/uploads\/2022\/04\/0d776c42-cc69-4986-af6d-f12911c73c8e-300x200.jpg 300w, https:\/\/projetocineb.com.br\/wp-content\/uploads\/2022\/04\/0d776c42-cc69-4986-af6d-f12911c73c8e-768x512.jpg 768w, https:\/\/projetocineb.com.br\/wp-content\/uploads\/2022\/04\/0d776c42-cc69-4986-af6d-f12911c73c8e-840x560.jpg 840w, https:\/\/projetocineb.com.br\/wp-content\/uploads\/2022\/04\/0d776c42-cc69-4986-af6d-f12911c73c8e-120x80.jpg 120w, https:\/\/projetocineb.com.br\/wp-content\/uploads\/2022\/04\/0d776c42-cc69-4986-af6d-f12911c73c8e-360x240.jpg 360w, https:\/\/projetocineb.com.br\/wp-content\/uploads\/2022\/04\/0d776c42-cc69-4986-af6d-f12911c73c8e-600x400.jpg 600w, https:\/\/projetocineb.com.br\/wp-content\/uploads\/2022\/04\/0d776c42-cc69-4986-af6d-f12911c73c8e.jpg 1280w\" sizes=\"(max-width: 1024px) 100vw, 1024px\" \/><figcaption>Todos e todas ficaram animados com a dan\u00e7a das Mulheres da Casa<\/figcaption><\/figure>\n\n\n\n<p><\/p>\n\n\n\n<figure class=\"wp-block-image size-large\"><img loading=\"lazy\" decoding=\"async\" width=\"1024\" height=\"681\" src=\"https:\/\/projetocineb.com.br\/wp-content\/uploads\/2022\/04\/DSC_0074-1024x681.jpg\" alt=\"\" class=\"wp-image-14777\" srcset=\"https:\/\/projetocineb.com.br\/wp-content\/uploads\/2022\/04\/DSC_0074-1024x681.jpg 1024w, https:\/\/projetocineb.com.br\/wp-content\/uploads\/2022\/04\/DSC_0074-300x200.jpg 300w, https:\/\/projetocineb.com.br\/wp-content\/uploads\/2022\/04\/DSC_0074-768x511.jpg 768w, https:\/\/projetocineb.com.br\/wp-content\/uploads\/2022\/04\/DSC_0074-840x560.jpg 840w, https:\/\/projetocineb.com.br\/wp-content\/uploads\/2022\/04\/DSC_0074-120x80.jpg 120w, https:\/\/projetocineb.com.br\/wp-content\/uploads\/2022\/04\/DSC_0074-360x240.jpg 360w, https:\/\/projetocineb.com.br\/wp-content\/uploads\/2022\/04\/DSC_0074-600x400.jpg 600w, https:\/\/projetocineb.com.br\/wp-content\/uploads\/2022\/04\/DSC_0074.jpg 1240w\" sizes=\"(max-width: 1024px) 100vw, 1024px\" \/><figcaption>O coordenador do CineB Solar, Cid\u00e1lio Vieira, agradece a presen\u00e7a do p\u00fablico e abre o microfone pras lideran\u00e7as<\/figcaption><\/figure>\n\n\n\n<p><\/p>\n\n\n\n<figure class=\"wp-block-image size-large\"><img loading=\"lazy\" decoding=\"async\" width=\"1024\" height=\"682\" src=\"https:\/\/projetocineb.com.br\/wp-content\/uploads\/2022\/04\/e249cf28-c078-4b55-9648-ef3bd439032b-1024x682.jpg\" alt=\"\" class=\"wp-image-14778\" srcset=\"https:\/\/projetocineb.com.br\/wp-content\/uploads\/2022\/04\/e249cf28-c078-4b55-9648-ef3bd439032b-1024x682.jpg 1024w, https:\/\/projetocineb.com.br\/wp-content\/uploads\/2022\/04\/e249cf28-c078-4b55-9648-ef3bd439032b-300x200.jpg 300w, https:\/\/projetocineb.com.br\/wp-content\/uploads\/2022\/04\/e249cf28-c078-4b55-9648-ef3bd439032b-768x512.jpg 768w, https:\/\/projetocineb.com.br\/wp-content\/uploads\/2022\/04\/e249cf28-c078-4b55-9648-ef3bd439032b-840x560.jpg 840w, https:\/\/projetocineb.com.br\/wp-content\/uploads\/2022\/04\/e249cf28-c078-4b55-9648-ef3bd439032b-120x80.jpg 120w, https:\/\/projetocineb.com.br\/wp-content\/uploads\/2022\/04\/e249cf28-c078-4b55-9648-ef3bd439032b-360x240.jpg 360w, https:\/\/projetocineb.com.br\/wp-content\/uploads\/2022\/04\/e249cf28-c078-4b55-9648-ef3bd439032b-600x400.jpg 600w, https:\/\/projetocineb.com.br\/wp-content\/uploads\/2022\/04\/e249cf28-c078-4b55-9648-ef3bd439032b.jpg 1280w\" sizes=\"(max-width: 1024px) 100vw, 1024px\" \/><figcaption>Juliana Cardoso, terceira da esquerda pra direita, Luiz Cl\u00e1udio Marcolino, ao centro com a caixinha de pipoca, e ao fundo nosso pipoqueiro Seu Antonio, posam na sede da AMMRS com os ativistas e dan\u00e7arinas<\/figcaption><\/figure>\n\n\n\n<p>Um dos depoimentos mais emocionantes depois do filme foi o da Dona Olga Queiroga, uma chilena que est\u00e1 h\u00e1 62 anos no Brasil e \u00e9 querida por toda a comunidade. Al\u00e9m de fazer parte da Associa\u00e7\u00e3o, ela tamb\u00e9m \u00e9 coordenadora de um movimento de moradia para idosos no centro da cidade, no bairro do Pari. Sempre ajudando a organizar a popula\u00e7\u00e3o para conquistar pol\u00edticas p\u00fablicas. <\/p>\n\n\n\n<p><\/p>\n\n\n\n<figure class=\"wp-block-image size-large\"><img loading=\"lazy\" decoding=\"async\" width=\"1024\" height=\"683\" src=\"https:\/\/projetocineb.com.br\/wp-content\/uploads\/2022\/04\/Dona-Olga-1024x683.jpg\" alt=\"\" class=\"wp-image-14779\" srcset=\"https:\/\/projetocineb.com.br\/wp-content\/uploads\/2022\/04\/Dona-Olga-1024x683.jpg 1024w, https:\/\/projetocineb.com.br\/wp-content\/uploads\/2022\/04\/Dona-Olga-300x200.jpg 300w, https:\/\/projetocineb.com.br\/wp-content\/uploads\/2022\/04\/Dona-Olga-768x512.jpg 768w, https:\/\/projetocineb.com.br\/wp-content\/uploads\/2022\/04\/Dona-Olga-840x560.jpg 840w, https:\/\/projetocineb.com.br\/wp-content\/uploads\/2022\/04\/Dona-Olga-120x80.jpg 120w, https:\/\/projetocineb.com.br\/wp-content\/uploads\/2022\/04\/Dona-Olga-360x240.jpg 360w, https:\/\/projetocineb.com.br\/wp-content\/uploads\/2022\/04\/Dona-Olga-600x400.jpg 600w, https:\/\/projetocineb.com.br\/wp-content\/uploads\/2022\/04\/Dona-Olga.jpg 1240w\" sizes=\"(max-width: 1024px) 100vw, 1024px\" \/><figcaption>Dona Olga \u00e9 uma refer\u00eancia no movimento de moradia da regi\u00e3o Sudeste, onde mora, e de toda a cidade<\/figcaption><\/figure>\n\n\n\n<blockquote class=\"wp-block-quote\"><p>&#8220;Aqui o povo \u00e9 muito carente de tudo, de tudo, especialmente cultura. \u00c9 muita falta de informa\u00e7\u00e3o. \u00c9 muita falta de recrea\u00e7\u00e3o pra crian\u00e7a, pra juventude, para os casais. Ent\u00e3o essa iniciativa do Sindicato, que eu conhe\u00e7o o trabalho h\u00e1 mais de 20 anos, especialmente com idosos, da Dona Gl\u00f3ria, \u00e9 maravilhoso, tem ajudado muito e o CineB Solar faz parte disso&#8221;, diz dona Olga. &#8220;O Brasil \u00e9 o melhor pa\u00eds do mundo pra se viver, mas muitas vezes os brasileiros n\u00e3o veem. Por isso os movimentos sociais s\u00e3o importantes. O movimento de moradia, por exemplo, \u00e9 uma escola c\u00edvica. Voc\u00ea aprende sobre tudo. Eu aprendi sobre a Constitui\u00e7\u00e3o, as leis, os direitos. S\u00f3 assim a gente conquista pol\u00edticas p\u00fablicas, mas se n\u00e3o cuidar, perde. Hoje t\u00e1 muito dif\u00edcil, a prefeitura n\u00e3o faz nada, tem muito vereador que n\u00e3o sabe como as coisas funcionam. Por isso eu, a F\u00e1tima, a Maria, estamos na batalha, aqui e tamb\u00e9m em outras regi\u00f5es, como a Nove de Julho, Rua Riachuelo, Rua S\u00e3o Francisco, Rua Maria Paula&#8221;.<\/p><\/blockquote>\n\n\n\n<p><\/p>\n\n\n\n<div class=\"wp-block-image\"><figure class=\"aligncenter size-large\"><img loading=\"lazy\" decoding=\"async\" width=\"681\" height=\"1024\" src=\"https:\/\/projetocineb.com.br\/wp-content\/uploads\/2022\/04\/netos-olga-681x1024.jpg\" alt=\"\" class=\"wp-image-14785\" srcset=\"https:\/\/projetocineb.com.br\/wp-content\/uploads\/2022\/04\/netos-olga-681x1024.jpg 681w, https:\/\/projetocineb.com.br\/wp-content\/uploads\/2022\/04\/netos-olga-200x300.jpg 200w, https:\/\/projetocineb.com.br\/wp-content\/uploads\/2022\/04\/netos-olga-768x1154.jpg 768w, https:\/\/projetocineb.com.br\/wp-content\/uploads\/2022\/04\/netos-olga.jpg 825w\" sizes=\"(max-width: 681px) 100vw, 681px\" \/><figcaption>Os netos da Dona Olga tamb\u00e9m aproveitaram o filme e a pipoca<\/figcaption><\/figure><\/div>\n\n\n\n<p><\/p>\n\n\n\n<p>Outro depoimento importante foi do casal Benedito Barbosa, o Dito, e Dona Marluce Pereira de Ara\u00fajo Barbosa, que est\u00e3o h\u00e1 mais de 30 anos no Movimento de Moradia da Regi\u00e3o Sudeste e mesmo antes disso j\u00e1 atuava organizando o povo pra conquistar a casa pr\u00f3pria. <\/p>\n\n\n\n<figure class=\"wp-block-image size-large\"><img loading=\"lazy\" decoding=\"async\" width=\"1024\" height=\"657\" src=\"https:\/\/projetocineb.com.br\/wp-content\/uploads\/2022\/04\/dito-e-marluce-1024x657.jpg\" alt=\"\" class=\"wp-image-14781\" srcset=\"https:\/\/projetocineb.com.br\/wp-content\/uploads\/2022\/04\/dito-e-marluce-1024x657.jpg 1024w, https:\/\/projetocineb.com.br\/wp-content\/uploads\/2022\/04\/dito-e-marluce-300x193.jpg 300w, https:\/\/projetocineb.com.br\/wp-content\/uploads\/2022\/04\/dito-e-marluce-768x493.jpg 768w, https:\/\/projetocineb.com.br\/wp-content\/uploads\/2022\/04\/dito-e-marluce.jpg 1136w\" sizes=\"(max-width: 1024px) 100vw, 1024px\" \/><figcaption>Dito e Marluce: mais de 40 anos de ativismo pela moradia e pela educa\u00e7\u00e3o<\/figcaption><\/figure>\n\n\n\n<blockquote class=\"wp-block-quote\"><p>&#8220;Conseguimos construir mais de 1200 unidades somente no Jardim Celeste, no regime de mutir\u00e3o e autogest\u00e3o, e temos outros projetos na regi\u00e3o. Tudo come\u00e7ou durante o governo da nossa prefeita Luiza Erundina e teve continuidade em outras gest\u00f5es do PT. Hoje temos projetos com mulheres, com crian\u00e7as, com jovens e hoje foi lindo trazer esse projeto do CineB Solar, pra fortalecer nossa sede como espa\u00e7o de cultura e de resist\u00eancia popular. Ent\u00e3o queria agradecer o Sindicato dos Banc\u00e1rios e essa parceria de tantos anos para proporcionar acesso ao cinema, \u00e0 cultura&#8221;, contou Dito. &#8220;J\u00e1 eu, trabalho com educa\u00e7\u00e3o p\u00fablica. Escolhi h\u00e1 muitos anos lutar pela educa\u00e7\u00e3o de qualidade, como professora aposentada do Estado e atualmente ainda trabalhando como professora municipal em Diadema na forma\u00e7\u00e3o de jovens e adultos. Esse projeto \u00e9 important\u00edssimo. Porque assim como a gente luta pelo acesso \u00e0 moradia, a gente luta pelo acesso \u00e0 educa\u00e7\u00e3o e \u00e0 cultura. Esse \u00e9 um direito de toda a popula\u00e7\u00e3o, \u00e9 um direito de todas as comunidades, \u00e9 at\u00e9 uma quest\u00e3o de autoestima das pessoas, de saber, pelo projeto, que t\u00eam acesso \u00e0 cultura, \u00e0 dan\u00e7a, de saber que pode falar sobre isso. Como professora de EJA, muitas vezes a gente j\u00e1 levou adultos e mesmo idosos pela primeira vez no cinema. Ent\u00e3o, o cinema vindo para a comunidade, trazendo a cultura brasileira, trazendo hist\u00f3rias da nossa gente, da nossa m\u00fasica, dos nossos artistas, \u00e9 garantir esses direitos.&#8221;<\/p><\/blockquote>\n\n\n\n<p><\/p>\n\n\n\n<p>Dona Maria Barbosa, que al\u00e9m do movimento social trabalha tamb\u00e9m como assistente social e na Pastoral do Ipiranga, explica que a Associa\u00e7\u00e3o dos Movimentos de Moradia da Regi\u00e3o Sudeste articula 10 micro-regi\u00f5es, fazendo reuni\u00f5es peri\u00f3dicas para articular a luta. <\/p>\n\n\n\n<div class=\"wp-block-image\"><figure class=\"aligncenter size-large\"><img loading=\"lazy\" decoding=\"async\" width=\"681\" height=\"1024\" src=\"https:\/\/projetocineb.com.br\/wp-content\/uploads\/2022\/04\/DSC_0031-copy-681x1024.jpg\" alt=\"\" class=\"wp-image-14790\" srcset=\"https:\/\/projetocineb.com.br\/wp-content\/uploads\/2022\/04\/DSC_0031-copy-681x1024.jpg 681w, https:\/\/projetocineb.com.br\/wp-content\/uploads\/2022\/04\/DSC_0031-copy-200x300.jpg 200w, https:\/\/projetocineb.com.br\/wp-content\/uploads\/2022\/04\/DSC_0031-copy-768x1154.jpg 768w, https:\/\/projetocineb.com.br\/wp-content\/uploads\/2022\/04\/DSC_0031-copy.jpg 825w\" sizes=\"(max-width: 681px) 100vw, 681px\" \/><figcaption>Dona Maria at\u00e9 pulou de alegria quando soube que o CineB Solar estaria na sua comunidade<\/figcaption><\/figure><\/div>\n\n\n\n<p><\/p>\n\n\n\n<blockquote class=\"wp-block-quote\"><p>&#8220;Entre o Ipiranga e o Jabaquara, incluindo Vila Mariana, Xavier de Almeida, Arapu\u00e1, etc, cada movimento tem sua coordena\u00e7\u00e3o e suas reuni\u00f5es espec\u00edficas&#8221;, diz Dona Maria. &#8220;Eu sou coordenadora aqui no Sav\u00e9rio e n\u00f3s estamos muito felizes de conseguir trazer pra c\u00e1 o Projeto CineB Solar porque \u00e9 muito dif\u00edcil ter atra\u00e7\u00f5es culturais assim. Antigamente, em outras administra\u00e7\u00f5es do munic\u00edpio, a gente at\u00e9 conseguia. Mas agora a gente v\u00ea os idosos, os adolescentes, sem op\u00e7\u00e3o de cultura, de arte. Quando o Dito disse que tinha agendado o cinema, a gente at\u00e9 pulou de alegria!&#8221;.<\/p><\/blockquote>\n\n\n\n<p><\/p>\n\n\n\n<p>A coordenadora do Movimento Sem Teto da Vila Mariana, Zulmira da Silva Santos, tamb\u00e9m moradora que construiu sua casa no sistema de mutir\u00e3o autogestionado do Jardim Sav\u00e9rio nos tempos da ex-prefeita Luiza Erundina, \u00e9 mais uma que segue no trabalho de organizar a popula\u00e7\u00e3o por seus direitos. <\/p>\n\n\n\n<p><\/p>\n\n\n\n<figure class=\"wp-block-image size-large\"><img loading=\"lazy\" decoding=\"async\" width=\"1024\" height=\"730\" src=\"https:\/\/projetocineb.com.br\/wp-content\/uploads\/2022\/04\/Zulmira-copy-1024x730.jpg\" alt=\"\" class=\"wp-image-14789\" srcset=\"https:\/\/projetocineb.com.br\/wp-content\/uploads\/2022\/04\/Zulmira-copy-1024x730.jpg 1024w, https:\/\/projetocineb.com.br\/wp-content\/uploads\/2022\/04\/Zulmira-copy-300x214.jpg 300w, https:\/\/projetocineb.com.br\/wp-content\/uploads\/2022\/04\/Zulmira-copy-768x547.jpg 768w, https:\/\/projetocineb.com.br\/wp-content\/uploads\/2022\/04\/Zulmira-copy.jpg 1044w\" sizes=\"(max-width: 1024px) 100vw, 1024px\" \/><figcaption>Dona Zulmira, com a caixinha de pipoca na m\u00e3o ao lado de Maria de F\u00e1tima Santos, curtiu o filme e as dan\u00e7as na primeira fileira<\/figcaption><\/figure>\n\n\n\n<p>&#8220;Hoje eu tenho a minha casa, meu filho tem o apartamento dele, mas seguimos brigando com a prefeitura, com o estado, e nunca sa\u00edmos do movimento, porque enquanto tiver uma pessoa sem teto e minhas for\u00e7as permitirem, eu vou estar junto construindo&#8221;, afirma dona Zulmira. &#8220;Aqui ningu\u00e9m ganhou nada de gra\u00e7a. Meu filho ainda est\u00e1 pagando o apartamento. Mas j\u00e1 conseguimos muita coisa. J\u00e1 constru\u00edmos o Jardim Santo Andr\u00e9, constru\u00edmos na Fazenda do Carmo, e vamos fazer muito mais porque tem terra, tem dinheiro p\u00fablico e tem pr\u00e9dio fechado no Centro e a gente vai brigar. Se tiver que ocupar, a gente vai ocupar, porque t\u00e1 fechado, \u00e0s vezes fazendo coisa que n\u00e3o deve, e tem crian\u00e7a na rua, m\u00e3e na rua e vamos lutar pra dar direito a teto pra essas fam\u00edlias. Deus n\u00e3o criou as pessoas pra ficarem soltas ao relento. Todo mundo tem que ter uma casa. Todo mundo tem que ter o direito de ser cidad\u00e3o, de ter um endere\u00e7o e n\u00e3o tem como voc\u00ea trabalhar o dia inteiro e n\u00e3o ter uma cama pra voc\u00ea dormir, um chuveiro pra se banhar, uma cozinha pra comer&#8230; E a gente n\u00e3o faz casa ruim. A gente faz casa boa! \u00c9 de mutir\u00e3o mas \u00e9 do jeito que a gente quer. N\u00e3o \u00e9 do jeito que qualquer um quer fazer s\u00f3 pra ganhar voto. A gente tem direito \u00e0 cultura, ao cinema, \u00e0 dan\u00e7a, n\u00e3o desse jeito que o Bolsonaro quer que vai destruir tudo. N\u00f3s vamos pra rua pra lutar por isso!&#8221;. <\/p>\n\n\n\n<p><\/p>\n\n\n\n<p>A professora de dan\u00e7a cigana e dan\u00e7a do ventre, Ana L\u00facia de Carvalho, junto com a professora N\u00e1zira, Angel e Ma\u00edsa, fazem parte do grupo que d\u00e1 aulas na Casa de Cultura Chico Science, no Ipiranga, h\u00e1 seis anos, mas se conhecem e dan\u00e7am juntas h\u00e1 mais de 15 anos. <\/p>\n\n\n\n<p><\/p>\n\n\n\n<figure class=\"wp-block-image size-large\"><img loading=\"lazy\" decoding=\"async\" width=\"1024\" height=\"683\" src=\"https:\/\/projetocineb.com.br\/wp-content\/uploads\/2022\/04\/mulhres-da-casa-1024x683.jpg\" alt=\"\" class=\"wp-image-14786\" srcset=\"https:\/\/projetocineb.com.br\/wp-content\/uploads\/2022\/04\/mulhres-da-casa-1024x683.jpg 1024w, https:\/\/projetocineb.com.br\/wp-content\/uploads\/2022\/04\/mulhres-da-casa-300x200.jpg 300w, https:\/\/projetocineb.com.br\/wp-content\/uploads\/2022\/04\/mulhres-da-casa-768x512.jpg 768w, https:\/\/projetocineb.com.br\/wp-content\/uploads\/2022\/04\/mulhres-da-casa-840x560.jpg 840w, https:\/\/projetocineb.com.br\/wp-content\/uploads\/2022\/04\/mulhres-da-casa-120x80.jpg 120w, https:\/\/projetocineb.com.br\/wp-content\/uploads\/2022\/04\/mulhres-da-casa-360x240.jpg 360w, https:\/\/projetocineb.com.br\/wp-content\/uploads\/2022\/04\/mulhres-da-casa-600x400.jpg 600w, https:\/\/projetocineb.com.br\/wp-content\/uploads\/2022\/04\/mulhres-da-casa.jpg 1240w\" sizes=\"(max-width: 1024px) 100vw, 1024px\" \/><figcaption>Cid\u00e1lio Vieira com o Grupo Mulheres da Casa<\/figcaption><\/figure>\n\n\n\n<blockquote class=\"wp-block-quote\"><p>&#8220;A gente acompanha o CineB antes dele ser Solar&#8221;, brinca. &#8220;\u00c9 um projeto que a gente admira muito. J\u00e1 fizemos apresenta\u00e7\u00f5es outras vezes, tanto de dan\u00e7a como de performances, porque achamos que \u00e9 um dos melhores projetos que temos de cinema nacional. Como a Casa de Cultura fica aqui perto, a gente n\u00e3o podia deixar de prestigiar e apresentar o Grupo Mulheres da Casa, que mais do que dan\u00e7a \u00e9 um projeto de empoderamento da mulher e aqui temos um coletivo que tamb\u00e9m luta pela moradia, pela cultura e pelo territ\u00f3rio&#8221;.<\/p><\/blockquote>\n\n\n\n<p><\/p>\n\n\n\n<p>Veja abaixo outras fotos do evento no Jardim Sav\u00e9rio:<\/p>\n\n\n\n<p><\/p>\n\n\n\n<figure class=\"is-layout-flex wp-block-gallery-1 wp-block-gallery columns-2 is-cropped\"><ul class=\"blocks-gallery-grid\"><li class=\"blocks-gallery-item\"><figure><img loading=\"lazy\" decoding=\"async\" width=\"681\" height=\"1024\" src=\"https:\/\/projetocineb.com.br\/wp-content\/uploads\/2022\/04\/DSC_0026-681x1024.jpg\" alt=\"\" data-id=\"14792\" data-full-url=\"https:\/\/projetocineb.com.br\/wp-content\/uploads\/2022\/04\/DSC_0026.jpg\" data-link=\"https:\/\/projetocineb.com.br\/?attachment_id=14792\" class=\"wp-image-14792\" srcset=\"https:\/\/projetocineb.com.br\/wp-content\/uploads\/2022\/04\/DSC_0026-681x1024.jpg 681w, https:\/\/projetocineb.com.br\/wp-content\/uploads\/2022\/04\/DSC_0026-200x300.jpg 200w, https:\/\/projetocineb.com.br\/wp-content\/uploads\/2022\/04\/DSC_0026-768x1154.jpg 768w, https:\/\/projetocineb.com.br\/wp-content\/uploads\/2022\/04\/DSC_0026.jpg 825w\" sizes=\"(max-width: 681px) 100vw, 681px\" \/><\/figure><\/li><li class=\"blocks-gallery-item\"><figure><img loading=\"lazy\" decoding=\"async\" width=\"681\" height=\"1024\" src=\"https:\/\/projetocineb.com.br\/wp-content\/uploads\/2022\/04\/DSC_0034-681x1024.jpg\" alt=\"\" data-id=\"14793\" data-full-url=\"https:\/\/projetocineb.com.br\/wp-content\/uploads\/2022\/04\/DSC_0034.jpg\" data-link=\"https:\/\/projetocineb.com.br\/?attachment_id=14793\" class=\"wp-image-14793\" srcset=\"https:\/\/projetocineb.com.br\/wp-content\/uploads\/2022\/04\/DSC_0034-681x1024.jpg 681w, https:\/\/projetocineb.com.br\/wp-content\/uploads\/2022\/04\/DSC_0034-200x300.jpg 200w, https:\/\/projetocineb.com.br\/wp-content\/uploads\/2022\/04\/DSC_0034-768x1154.jpg 768w, https:\/\/projetocineb.com.br\/wp-content\/uploads\/2022\/04\/DSC_0034.jpg 825w\" sizes=\"(max-width: 681px) 100vw, 681px\" \/><\/figure><\/li><\/ul><figcaption class=\"blocks-gallery-caption\">Maria de F\u00e1tima e Cosme Alexandrino Silva, ambos da coordena\u00e7\u00e3o da AMMRS tamb\u00e9m fizeram quest\u00e3o de estar presentes<\/figcaption><\/figure>\n\n\n\n<p><\/p>\n\n\n\n<figure class=\"is-layout-flex wp-block-gallery-3 wp-block-gallery columns-3 is-cropped\"><ul class=\"blocks-gallery-grid\"><li class=\"blocks-gallery-item\"><figure><img loading=\"lazy\" decoding=\"async\" width=\"681\" height=\"1024\" src=\"https:\/\/projetocineb.com.br\/wp-content\/uploads\/2022\/04\/DSC_0052-copy-681x1024.jpg\" alt=\"\" data-id=\"14794\" data-full-url=\"https:\/\/projetocineb.com.br\/wp-content\/uploads\/2022\/04\/DSC_0052-copy.jpg\" data-link=\"https:\/\/projetocineb.com.br\/?attachment_id=14794\" class=\"wp-image-14794\" srcset=\"https:\/\/projetocineb.com.br\/wp-content\/uploads\/2022\/04\/DSC_0052-copy-681x1024.jpg 681w, https:\/\/projetocineb.com.br\/wp-content\/uploads\/2022\/04\/DSC_0052-copy-200x300.jpg 200w, https:\/\/projetocineb.com.br\/wp-content\/uploads\/2022\/04\/DSC_0052-copy-768x1154.jpg 768w, https:\/\/projetocineb.com.br\/wp-content\/uploads\/2022\/04\/DSC_0052-copy.jpg 825w\" sizes=\"(max-width: 681px) 100vw, 681px\" \/><\/figure><\/li><li class=\"blocks-gallery-item\"><figure><img loading=\"lazy\" decoding=\"async\" width=\"1024\" height=\"681\" src=\"https:\/\/projetocineb.com.br\/wp-content\/uploads\/2022\/04\/DSC_0093-1024x681.jpg\" alt=\"\" data-id=\"14795\" data-full-url=\"https:\/\/projetocineb.com.br\/wp-content\/uploads\/2022\/04\/DSC_0093.jpg\" data-link=\"https:\/\/projetocineb.com.br\/?attachment_id=14795\" class=\"wp-image-14795\" srcset=\"https:\/\/projetocineb.com.br\/wp-content\/uploads\/2022\/04\/DSC_0093-1024x681.jpg 1024w, https:\/\/projetocineb.com.br\/wp-content\/uploads\/2022\/04\/DSC_0093-300x200.jpg 300w, https:\/\/projetocineb.com.br\/wp-content\/uploads\/2022\/04\/DSC_0093-768x511.jpg 768w, https:\/\/projetocineb.com.br\/wp-content\/uploads\/2022\/04\/DSC_0093-840x560.jpg 840w, https:\/\/projetocineb.com.br\/wp-content\/uploads\/2022\/04\/DSC_0093-120x80.jpg 120w, https:\/\/projetocineb.com.br\/wp-content\/uploads\/2022\/04\/DSC_0093-360x240.jpg 360w, https:\/\/projetocineb.com.br\/wp-content\/uploads\/2022\/04\/DSC_0093-600x400.jpg 600w, https:\/\/projetocineb.com.br\/wp-content\/uploads\/2022\/04\/DSC_0093.jpg 1240w\" sizes=\"(max-width: 1024px) 100vw, 1024px\" \/><\/figure><\/li><li class=\"blocks-gallery-item\"><figure><img loading=\"lazy\" decoding=\"async\" width=\"1024\" height=\"681\" src=\"https:\/\/projetocineb.com.br\/wp-content\/uploads\/2022\/04\/DSC_0121-copy-1024x681.jpg\" alt=\"\" data-id=\"14796\" data-full-url=\"https:\/\/projetocineb.com.br\/wp-content\/uploads\/2022\/04\/DSC_0121-copy.jpg\" data-link=\"https:\/\/projetocineb.com.br\/?attachment_id=14796\" class=\"wp-image-14796\" srcset=\"https:\/\/projetocineb.com.br\/wp-content\/uploads\/2022\/04\/DSC_0121-copy-1024x681.jpg 1024w, https:\/\/projetocineb.com.br\/wp-content\/uploads\/2022\/04\/DSC_0121-copy-300x200.jpg 300w, https:\/\/projetocineb.com.br\/wp-content\/uploads\/2022\/04\/DSC_0121-copy-768x511.jpg 768w, https:\/\/projetocineb.com.br\/wp-content\/uploads\/2022\/04\/DSC_0121-copy-840x560.jpg 840w, https:\/\/projetocineb.com.br\/wp-content\/uploads\/2022\/04\/DSC_0121-copy-120x80.jpg 120w, https:\/\/projetocineb.com.br\/wp-content\/uploads\/2022\/04\/DSC_0121-copy-360x240.jpg 360w, https:\/\/projetocineb.com.br\/wp-content\/uploads\/2022\/04\/DSC_0121-copy-600x400.jpg 600w, https:\/\/projetocineb.com.br\/wp-content\/uploads\/2022\/04\/DSC_0121-copy.jpg 1240w\" sizes=\"(max-width: 1024px) 100vw, 1024px\" \/><\/figure><\/li><\/ul><\/figure>\n\n\n\n<p><\/p>\n\n\n\n<p><\/p>\n\n\n\n<figure class=\"is-layout-flex wp-block-gallery-5 wp-block-gallery columns-3 is-cropped\"><ul class=\"blocks-gallery-grid\"><li class=\"blocks-gallery-item\"><figure><img loading=\"lazy\" decoding=\"async\" width=\"1024\" height=\"681\" src=\"https:\/\/projetocineb.com.br\/wp-content\/uploads\/2022\/04\/DSC_0127-copy-1024x681.jpg\" alt=\"\" data-id=\"14797\" data-full-url=\"https:\/\/projetocineb.com.br\/wp-content\/uploads\/2022\/04\/DSC_0127-copy.jpg\" data-link=\"https:\/\/projetocineb.com.br\/?attachment_id=14797\" class=\"wp-image-14797\" srcset=\"https:\/\/projetocineb.com.br\/wp-content\/uploads\/2022\/04\/DSC_0127-copy-1024x681.jpg 1024w, https:\/\/projetocineb.com.br\/wp-content\/uploads\/2022\/04\/DSC_0127-copy-300x200.jpg 300w, https:\/\/projetocineb.com.br\/wp-content\/uploads\/2022\/04\/DSC_0127-copy-768x511.jpg 768w, https:\/\/projetocineb.com.br\/wp-content\/uploads\/2022\/04\/DSC_0127-copy-840x560.jpg 840w, https:\/\/projetocineb.com.br\/wp-content\/uploads\/2022\/04\/DSC_0127-copy-120x80.jpg 120w, https:\/\/projetocineb.com.br\/wp-content\/uploads\/2022\/04\/DSC_0127-copy-360x240.jpg 360w, https:\/\/projetocineb.com.br\/wp-content\/uploads\/2022\/04\/DSC_0127-copy-600x400.jpg 600w, https:\/\/projetocineb.com.br\/wp-content\/uploads\/2022\/04\/DSC_0127-copy.jpg 1240w\" sizes=\"(max-width: 1024px) 100vw, 1024px\" \/><\/figure><\/li><li class=\"blocks-gallery-item\"><figure><img loading=\"lazy\" decoding=\"async\" width=\"1024\" height=\"681\" src=\"https:\/\/projetocineb.com.br\/wp-content\/uploads\/2022\/04\/DSC_0146-copy-1-1024x681.jpg\" alt=\"\" data-id=\"14798\" data-full-url=\"https:\/\/projetocineb.com.br\/wp-content\/uploads\/2022\/04\/DSC_0146-copy-1.jpg\" data-link=\"https:\/\/projetocineb.com.br\/?attachment_id=14798\" class=\"wp-image-14798\" srcset=\"https:\/\/projetocineb.com.br\/wp-content\/uploads\/2022\/04\/DSC_0146-copy-1-1024x681.jpg 1024w, https:\/\/projetocineb.com.br\/wp-content\/uploads\/2022\/04\/DSC_0146-copy-1-300x200.jpg 300w, https:\/\/projetocineb.com.br\/wp-content\/uploads\/2022\/04\/DSC_0146-copy-1-768x511.jpg 768w, https:\/\/projetocineb.com.br\/wp-content\/uploads\/2022\/04\/DSC_0146-copy-1-840x560.jpg 840w, https:\/\/projetocineb.com.br\/wp-content\/uploads\/2022\/04\/DSC_0146-copy-1-120x80.jpg 120w, https:\/\/projetocineb.com.br\/wp-content\/uploads\/2022\/04\/DSC_0146-copy-1-360x240.jpg 360w, https:\/\/projetocineb.com.br\/wp-content\/uploads\/2022\/04\/DSC_0146-copy-1-600x400.jpg 600w, https:\/\/projetocineb.com.br\/wp-content\/uploads\/2022\/04\/DSC_0146-copy-1.jpg 1240w\" sizes=\"(max-width: 1024px) 100vw, 1024px\" \/><\/figure><\/li><li class=\"blocks-gallery-item\"><figure><img loading=\"lazy\" decoding=\"async\" width=\"1024\" height=\"681\" src=\"https:\/\/projetocineb.com.br\/wp-content\/uploads\/2022\/04\/DSC_0148-copy-1024x681.jpg\" alt=\"\" data-id=\"14799\" data-full-url=\"https:\/\/projetocineb.com.br\/wp-content\/uploads\/2022\/04\/DSC_0148-copy.jpg\" data-link=\"https:\/\/projetocineb.com.br\/?attachment_id=14799\" class=\"wp-image-14799\" srcset=\"https:\/\/projetocineb.com.br\/wp-content\/uploads\/2022\/04\/DSC_0148-copy-1024x681.jpg 1024w, https:\/\/projetocineb.com.br\/wp-content\/uploads\/2022\/04\/DSC_0148-copy-300x200.jpg 300w, https:\/\/projetocineb.com.br\/wp-content\/uploads\/2022\/04\/DSC_0148-copy-768x511.jpg 768w, https:\/\/projetocineb.com.br\/wp-content\/uploads\/2022\/04\/DSC_0148-copy-840x560.jpg 840w, https:\/\/projetocineb.com.br\/wp-content\/uploads\/2022\/04\/DSC_0148-copy-120x80.jpg 120w, https:\/\/projetocineb.com.br\/wp-content\/uploads\/2022\/04\/DSC_0148-copy-360x240.jpg 360w, https:\/\/projetocineb.com.br\/wp-content\/uploads\/2022\/04\/DSC_0148-copy-600x400.jpg 600w, https:\/\/projetocineb.com.br\/wp-content\/uploads\/2022\/04\/DSC_0148-copy.jpg 1240w\" sizes=\"(max-width: 1024px) 100vw, 1024px\" \/><\/figure><\/li><\/ul><\/figure>\n\n\n\n<p><\/p>\n\n\n\n<p><\/p>\n\n\n\n<figure class=\"is-layout-flex wp-block-gallery-7 wp-block-gallery columns-3 is-cropped\"><ul class=\"blocks-gallery-grid\"><li class=\"blocks-gallery-item\"><figure><img loading=\"lazy\" decoding=\"async\" width=\"1024\" height=\"681\" src=\"https:\/\/projetocineb.com.br\/wp-content\/uploads\/2022\/04\/DSC_0154-1024x681.jpg\" alt=\"\" data-id=\"14800\" data-full-url=\"https:\/\/projetocineb.com.br\/wp-content\/uploads\/2022\/04\/DSC_0154.jpg\" data-link=\"https:\/\/projetocineb.com.br\/?attachment_id=14800\" class=\"wp-image-14800\" srcset=\"https:\/\/projetocineb.com.br\/wp-content\/uploads\/2022\/04\/DSC_0154-1024x681.jpg 1024w, https:\/\/projetocineb.com.br\/wp-content\/uploads\/2022\/04\/DSC_0154-300x200.jpg 300w, https:\/\/projetocineb.com.br\/wp-content\/uploads\/2022\/04\/DSC_0154-768x511.jpg 768w, https:\/\/projetocineb.com.br\/wp-content\/uploads\/2022\/04\/DSC_0154-840x560.jpg 840w, https:\/\/projetocineb.com.br\/wp-content\/uploads\/2022\/04\/DSC_0154-120x80.jpg 120w, https:\/\/projetocineb.com.br\/wp-content\/uploads\/2022\/04\/DSC_0154-360x240.jpg 360w, https:\/\/projetocineb.com.br\/wp-content\/uploads\/2022\/04\/DSC_0154-600x400.jpg 600w, https:\/\/projetocineb.com.br\/wp-content\/uploads\/2022\/04\/DSC_0154.jpg 1240w\" sizes=\"(max-width: 1024px) 100vw, 1024px\" \/><\/figure><\/li><li class=\"blocks-gallery-item\"><figure><img loading=\"lazy\" decoding=\"async\" width=\"1024\" height=\"681\" src=\"https:\/\/projetocineb.com.br\/wp-content\/uploads\/2022\/04\/DSC_0162-1024x681.jpg\" alt=\"\" data-id=\"14801\" data-full-url=\"https:\/\/projetocineb.com.br\/wp-content\/uploads\/2022\/04\/DSC_0162.jpg\" data-link=\"https:\/\/projetocineb.com.br\/?attachment_id=14801\" class=\"wp-image-14801\" srcset=\"https:\/\/projetocineb.com.br\/wp-content\/uploads\/2022\/04\/DSC_0162-1024x681.jpg 1024w, https:\/\/projetocineb.com.br\/wp-content\/uploads\/2022\/04\/DSC_0162-300x200.jpg 300w, https:\/\/projetocineb.com.br\/wp-content\/uploads\/2022\/04\/DSC_0162-768x511.jpg 768w, https:\/\/projetocineb.com.br\/wp-content\/uploads\/2022\/04\/DSC_0162-840x560.jpg 840w, https:\/\/projetocineb.com.br\/wp-content\/uploads\/2022\/04\/DSC_0162-120x80.jpg 120w, https:\/\/projetocineb.com.br\/wp-content\/uploads\/2022\/04\/DSC_0162-360x240.jpg 360w, https:\/\/projetocineb.com.br\/wp-content\/uploads\/2022\/04\/DSC_0162-600x400.jpg 600w, https:\/\/projetocineb.com.br\/wp-content\/uploads\/2022\/04\/DSC_0162.jpg 1240w\" sizes=\"(max-width: 1024px) 100vw, 1024px\" \/><\/figure><\/li><li class=\"blocks-gallery-item\"><figure><img loading=\"lazy\" decoding=\"async\" width=\"1024\" height=\"681\" src=\"https:\/\/projetocineb.com.br\/wp-content\/uploads\/2022\/04\/DSC_0168-copy-1024x681.jpg\" alt=\"\" data-id=\"14802\" data-full-url=\"https:\/\/projetocineb.com.br\/wp-content\/uploads\/2022\/04\/DSC_0168-copy.jpg\" data-link=\"https:\/\/projetocineb.com.br\/?attachment_id=14802\" class=\"wp-image-14802\" srcset=\"https:\/\/projetocineb.com.br\/wp-content\/uploads\/2022\/04\/DSC_0168-copy-1024x681.jpg 1024w, https:\/\/projetocineb.com.br\/wp-content\/uploads\/2022\/04\/DSC_0168-copy-300x200.jpg 300w, https:\/\/projetocineb.com.br\/wp-content\/uploads\/2022\/04\/DSC_0168-copy-768x511.jpg 768w, https:\/\/projetocineb.com.br\/wp-content\/uploads\/2022\/04\/DSC_0168-copy-840x560.jpg 840w, https:\/\/projetocineb.com.br\/wp-content\/uploads\/2022\/04\/DSC_0168-copy-120x80.jpg 120w, https:\/\/projetocineb.com.br\/wp-content\/uploads\/2022\/04\/DSC_0168-copy-360x240.jpg 360w, https:\/\/projetocineb.com.br\/wp-content\/uploads\/2022\/04\/DSC_0168-copy-600x400.jpg 600w, https:\/\/projetocineb.com.br\/wp-content\/uploads\/2022\/04\/DSC_0168-copy.jpg 1240w\" sizes=\"(max-width: 1024px) 100vw, 1024px\" \/><\/figure><\/li><\/ul><\/figure>\n\n\n\n<p><\/p>\n\n\n\n<figure class=\"is-layout-flex wp-block-gallery-9 wp-block-gallery columns-2 is-cropped\"><ul class=\"blocks-gallery-grid\"><li class=\"blocks-gallery-item\"><figure><img loading=\"lazy\" decoding=\"async\" width=\"683\" height=\"1024\" src=\"https:\/\/projetocineb.com.br\/wp-content\/uploads\/2022\/04\/DSC_1859-683x1024.jpg\" alt=\"\" data-id=\"14804\" data-full-url=\"https:\/\/projetocineb.com.br\/wp-content\/uploads\/2022\/04\/DSC_1859.jpg\" data-link=\"https:\/\/projetocineb.com.br\/?attachment_id=14804\" class=\"wp-image-14804\" srcset=\"https:\/\/projetocineb.com.br\/wp-content\/uploads\/2022\/04\/DSC_1859-683x1024.jpg 683w, https:\/\/projetocineb.com.br\/wp-content\/uploads\/2022\/04\/DSC_1859-200x300.jpg 200w, https:\/\/projetocineb.com.br\/wp-content\/uploads\/2022\/04\/DSC_1859-768x1152.jpg 768w, https:\/\/projetocineb.com.br\/wp-content\/uploads\/2022\/04\/DSC_1859.jpg 827w\" sizes=\"(max-width: 683px) 100vw, 683px\" \/><\/figure><\/li><li class=\"blocks-gallery-item\"><figure><img loading=\"lazy\" decoding=\"async\" width=\"1024\" height=\"683\" src=\"https:\/\/projetocineb.com.br\/wp-content\/uploads\/2022\/04\/DSC_1865-1024x683.jpg\" alt=\"\" data-id=\"14805\" data-full-url=\"https:\/\/projetocineb.com.br\/wp-content\/uploads\/2022\/04\/DSC_1865.jpg\" data-link=\"https:\/\/projetocineb.com.br\/?attachment_id=14805\" class=\"wp-image-14805\" srcset=\"https:\/\/projetocineb.com.br\/wp-content\/uploads\/2022\/04\/DSC_1865-1024x683.jpg 1024w, https:\/\/projetocineb.com.br\/wp-content\/uploads\/2022\/04\/DSC_1865-300x200.jpg 300w, https:\/\/projetocineb.com.br\/wp-content\/uploads\/2022\/04\/DSC_1865-768x512.jpg 768w, https:\/\/projetocineb.com.br\/wp-content\/uploads\/2022\/04\/DSC_1865-840x560.jpg 840w, https:\/\/projetocineb.com.br\/wp-content\/uploads\/2022\/04\/DSC_1865-120x80.jpg 120w, https:\/\/projetocineb.com.br\/wp-content\/uploads\/2022\/04\/DSC_1865-360x240.jpg 360w, https:\/\/projetocineb.com.br\/wp-content\/uploads\/2022\/04\/DSC_1865-600x400.jpg 600w, https:\/\/projetocineb.com.br\/wp-content\/uploads\/2022\/04\/DSC_1865.jpg 1240w\" sizes=\"(max-width: 1024px) 100vw, 1024px\" \/><\/figure><\/li><\/ul><\/figure>\n\n\n\n<p><\/p>\n\n\n\n<figure class=\"is-layout-flex wp-block-gallery-11 wp-block-gallery columns-3 is-cropped\"><ul class=\"blocks-gallery-grid\"><li class=\"blocks-gallery-item\"><figure><img loading=\"lazy\" decoding=\"async\" width=\"1024\" height=\"768\" src=\"https:\/\/projetocineb.com.br\/wp-content\/uploads\/2022\/04\/1e0dbe8a-d228-43c4-b22c-5056157bc94a-1024x768.jpg\" alt=\"\" data-id=\"14806\" data-full-url=\"https:\/\/projetocineb.com.br\/wp-content\/uploads\/2022\/04\/1e0dbe8a-d228-43c4-b22c-5056157bc94a.jpg\" data-link=\"https:\/\/projetocineb.com.br\/?attachment_id=14806\" class=\"wp-image-14806\" srcset=\"https:\/\/projetocineb.com.br\/wp-content\/uploads\/2022\/04\/1e0dbe8a-d228-43c4-b22c-5056157bc94a-1024x768.jpg 1024w, https:\/\/projetocineb.com.br\/wp-content\/uploads\/2022\/04\/1e0dbe8a-d228-43c4-b22c-5056157bc94a-300x225.jpg 300w, https:\/\/projetocineb.com.br\/wp-content\/uploads\/2022\/04\/1e0dbe8a-d228-43c4-b22c-5056157bc94a-768x576.jpg 768w, https:\/\/projetocineb.com.br\/wp-content\/uploads\/2022\/04\/1e0dbe8a-d228-43c4-b22c-5056157bc94a-1536x1152.jpg 1536w, https:\/\/projetocineb.com.br\/wp-content\/uploads\/2022\/04\/1e0dbe8a-d228-43c4-b22c-5056157bc94a.jpg 1600w\" sizes=\"(max-width: 1024px) 100vw, 1024px\" \/><\/figure><\/li><li class=\"blocks-gallery-item\"><figure><img loading=\"lazy\" decoding=\"async\" width=\"1024\" height=\"768\" src=\"https:\/\/projetocineb.com.br\/wp-content\/uploads\/2022\/04\/71b58a86-5470-4d04-9171-79eee8536795-1024x768.jpg\" alt=\"\" data-id=\"14807\" data-full-url=\"https:\/\/projetocineb.com.br\/wp-content\/uploads\/2022\/04\/71b58a86-5470-4d04-9171-79eee8536795.jpg\" data-link=\"https:\/\/projetocineb.com.br\/?attachment_id=14807\" class=\"wp-image-14807\" srcset=\"https:\/\/projetocineb.com.br\/wp-content\/uploads\/2022\/04\/71b58a86-5470-4d04-9171-79eee8536795-1024x768.jpg 1024w, https:\/\/projetocineb.com.br\/wp-content\/uploads\/2022\/04\/71b58a86-5470-4d04-9171-79eee8536795-300x225.jpg 300w, https:\/\/projetocineb.com.br\/wp-content\/uploads\/2022\/04\/71b58a86-5470-4d04-9171-79eee8536795-768x576.jpg 768w, https:\/\/projetocineb.com.br\/wp-content\/uploads\/2022\/04\/71b58a86-5470-4d04-9171-79eee8536795-1536x1152.jpg 1536w, https:\/\/projetocineb.com.br\/wp-content\/uploads\/2022\/04\/71b58a86-5470-4d04-9171-79eee8536795.jpg 1600w\" sizes=\"(max-width: 1024px) 100vw, 1024px\" \/><\/figure><\/li><li class=\"blocks-gallery-item\"><figure><img loading=\"lazy\" decoding=\"async\" width=\"1024\" height=\"768\" src=\"https:\/\/projetocineb.com.br\/wp-content\/uploads\/2022\/04\/4291d2e8-206d-4033-936a-df3ddf7b701b-1024x768.jpg\" alt=\"\" data-id=\"14808\" data-full-url=\"https:\/\/projetocineb.com.br\/wp-content\/uploads\/2022\/04\/4291d2e8-206d-4033-936a-df3ddf7b701b.jpg\" data-link=\"https:\/\/projetocineb.com.br\/?attachment_id=14808\" class=\"wp-image-14808\" srcset=\"https:\/\/projetocineb.com.br\/wp-content\/uploads\/2022\/04\/4291d2e8-206d-4033-936a-df3ddf7b701b-1024x768.jpg 1024w, https:\/\/projetocineb.com.br\/wp-content\/uploads\/2022\/04\/4291d2e8-206d-4033-936a-df3ddf7b701b-300x225.jpg 300w, https:\/\/projetocineb.com.br\/wp-content\/uploads\/2022\/04\/4291d2e8-206d-4033-936a-df3ddf7b701b-768x576.jpg 768w, https:\/\/projetocineb.com.br\/wp-content\/uploads\/2022\/04\/4291d2e8-206d-4033-936a-df3ddf7b701b-1536x1152.jpg 1536w, https:\/\/projetocineb.com.br\/wp-content\/uploads\/2022\/04\/4291d2e8-206d-4033-936a-df3ddf7b701b.jpg 1600w\" sizes=\"(max-width: 1024px) 100vw, 1024px\" \/><\/figure><\/li><li class=\"blocks-gallery-item\"><figure><img loading=\"lazy\" decoding=\"async\" width=\"1024\" height=\"576\" src=\"https:\/\/projetocineb.com.br\/wp-content\/uploads\/2022\/04\/d928a50a-add9-4a07-964d-1c63acbeeb59-1024x576.jpg\" alt=\"\" data-id=\"14809\" data-full-url=\"https:\/\/projetocineb.com.br\/wp-content\/uploads\/2022\/04\/d928a50a-add9-4a07-964d-1c63acbeeb59.jpg\" data-link=\"https:\/\/projetocineb.com.br\/?attachment_id=14809\" class=\"wp-image-14809\" srcset=\"https:\/\/projetocineb.com.br\/wp-content\/uploads\/2022\/04\/d928a50a-add9-4a07-964d-1c63acbeeb59-1024x576.jpg 1024w, https:\/\/projetocineb.com.br\/wp-content\/uploads\/2022\/04\/d928a50a-add9-4a07-964d-1c63acbeeb59-300x169.jpg 300w, https:\/\/projetocineb.com.br\/wp-content\/uploads\/2022\/04\/d928a50a-add9-4a07-964d-1c63acbeeb59-768x432.jpg 768w, https:\/\/projetocineb.com.br\/wp-content\/uploads\/2022\/04\/d928a50a-add9-4a07-964d-1c63acbeeb59-1536x864.jpg 1536w, https:\/\/projetocineb.com.br\/wp-content\/uploads\/2022\/04\/d928a50a-add9-4a07-964d-1c63acbeeb59.jpg 1600w\" sizes=\"(max-width: 1024px) 100vw, 1024px\" \/><\/figure><\/li><li class=\"blocks-gallery-item\"><figure><img decoding=\"async\" src=\"blob:https:\/\/projetocineb.com.br\/57b0cf3e-fd93-4973-8ff3-afaeefd9b00b\" data-id=\"\"\/><\/figure><\/li><li class=\"blocks-gallery-item\"><figure><img decoding=\"async\" src=\"blob:https:\/\/projetocineb.com.br\/1f5f70c9-7b3d-4b26-a51f-21d182ad8f0e\" data-id=\"\"\/><\/figure><\/li><\/ul><\/figure>\n\n\n\n<p><\/p>\n\n\n\n<p><\/p>\n","protected":false},"excerpt":{"rendered":"<p>Exibi\u00e7\u00e3o do longa metragem sobre a vida de um dos maiores m\u00fasicos brasileiros contou tamb\u00e9m com apresenta\u00e7\u00f5es de dan\u00e7a do grupo Mulheres da Casa<\/p>\n","protected":false},"author":4,"featured_media":14772,"comment_status":"open","ping_status":"open","sticky":false,"template":"","format":"standard","meta":[],"categories":[2,6,7],"tags":[1285,343,1283,1284,1258,1282],"_links":{"self":[{"href":"https:\/\/projetocineb.com.br\/index.php?rest_route=\/wp\/v2\/posts\/14771"}],"collection":[{"href":"https:\/\/projetocineb.com.br\/index.php?rest_route=\/wp\/v2\/posts"}],"about":[{"href":"https:\/\/projetocineb.com.br\/index.php?rest_route=\/wp\/v2\/types\/post"}],"author":[{"embeddable":true,"href":"https:\/\/projetocineb.com.br\/index.php?rest_route=\/wp\/v2\/users\/4"}],"replies":[{"embeddable":true,"href":"https:\/\/projetocineb.com.br\/index.php?rest_route=%2Fwp%2Fv2%2Fcomments&post=14771"}],"version-history":[{"count":9,"href":"https:\/\/projetocineb.com.br\/index.php?rest_route=\/wp\/v2\/posts\/14771\/revisions"}],"predecessor-version":[{"id":14783,"href":"https:\/\/projetocineb.com.br\/index.php?rest_route=\/wp\/v2\/posts\/14771\/revisions\/14783"}],"wp:featuredmedia":[{"embeddable":true,"href":"https:\/\/projetocineb.com.br\/index.php?rest_route=\/wp\/v2\/media\/14772"}],"wp:attachment":[{"href":"https:\/\/projetocineb.com.br\/index.php?rest_route=%2Fwp%2Fv2%2Fmedia&parent=14771"}],"wp:term":[{"taxonomy":"category","embeddable":true,"href":"https:\/\/projetocineb.com.br\/index.php?rest_route=%2Fwp%2Fv2%2Fcategories&post=14771"},{"taxonomy":"post_tag","embeddable":true,"href":"https:\/\/projetocineb.com.br\/index.php?rest_route=%2Fwp%2Fv2%2Ftags&post=14771"}],"curies":[{"name":"wp","href":"https:\/\/api.w.org\/{rel}","templated":true}]}}