{"id":1491,"date":"2010-09-26T01:32:46","date_gmt":"2010-09-26T04:32:46","guid":{"rendered":"http:\/\/projetocineb.com.br\/?p=1491"},"modified":"2010-09-26T01:32:46","modified_gmt":"2010-09-26T04:32:46","slug":"jaguare","status":"publish","type":"post","link":"https:\/\/projetocineb.com.br\/?p=1491","title":{"rendered":"JAGUAR\u00c9"},"content":{"rendered":"<div class=\"mceTemp mceIEcenter\" style=\"text-align: left;\"><em>Fotos de Vivian Szelpal<\/em><\/div>\n<figure id=\"attachment_1500\" aria-describedby=\"caption-attachment-1500\" style=\"width: 384px\" class=\"wp-caption aligncenter\"><a href=\"http:\/\/projetocineb.com.br\/wp-content\/uploads\/2010\/09\/JAGUARE08.jpg\"><img fetchpriority=\"high\" decoding=\"async\" class=\"size-full wp-image-1500  \" title=\"Exibi\u00e7\u00e3o com 180 pessoas no Sal\u00e3o de Festas da Igreja S\u00e3o Jos\u00e9 do Jaguar\u00e9, zona oeste de S\u00e3o Paulo\" src=\"http:\/\/projetocineb.com.br\/wp-content\/uploads\/2010\/09\/JAGUARE08.jpg\" alt=\"Exibi\u00e7\u00e3o com 180 pessoas no Sal\u00e3o de Festas da Igreja S\u00e3o Jos\u00e9 do Jaguar\u00e9, zona oeste de S\u00e3o Paulo\" width=\"384\" height=\"255\" \/><\/a><figcaption id=\"caption-attachment-1500\" class=\"wp-caption-text\">Exibi\u00e7\u00e3o com 270 pessoas no Sal\u00e3o de Festas da Igreja S\u00e3o Jos\u00e9 do Jaguar\u00e9, zona oeste de S\u00e3o Paulo<\/figcaption><\/figure>\n<p><span style=\"color: #ff6600;\">Pela quinta vez<\/span> o Cine B arma sua tela no <span style=\"color: #ff6600;\">Sal\u00e3o de Festas da Igreja S\u00e3o Jos\u00e9 do Jaguar\u00e9, em S\u00e3o Paulo<\/span>. Dessa vez foi exibido o longa-metragem <em>Besouro<\/em>, de Jo\u00e3o Daniel Tikhomiroff e o curta <em>O xadrez da cores<\/em>, de Marco Schiavon.<\/p>\n<p><span style=\"color: #ff6600;\">V\u00e1rias ecolas da regi\u00e3o estiveram presentes <\/span>com alunos dos cursos regulares e tamb\u00e9m dos noturnos, para alfabetiza\u00e7\u00e3o de adultos, participantes do programa EJA (Educa\u00e7\u00e3o de Jovens e Adultos). P<span style=\"color: #ff6600;\">rofessores e alunos da Escola Espiridi\u00e3o, Escola Maria Eugenia e Archiclino Santos.<\/span><\/p>\n<p><span style=\"color: #ff6600;\">\u201cQueria saudar as escolas presentes, \u00e9 importante um evento como esse para quem estuda\u201d, disse Padre Roberto na abertura do Cine B.<\/span><\/p>\n<figure id=\"attachment_1498\" aria-describedby=\"caption-attachment-1498\" style=\"width: 384px\" class=\"wp-caption aligncenter\"><a href=\"http:\/\/projetocineb.com.br\/wp-content\/uploads\/2010\/09\/JAGUARE06.jpg\"><img decoding=\"async\" class=\"size-full wp-image-1498  \" title=\"Padre Roberto faz abertura do Cine B no Jaguar\u00e9, ao lado de Cid\u00e1lio Vieira Santos, coordenador do Cine B\" src=\"http:\/\/projetocineb.com.br\/wp-content\/uploads\/2010\/09\/JAGUARE06.jpg\" alt=\"Padre Roberto faz abertura do Cine B no Jaguar\u00e9, ao lado de Cid\u00e1lio Vieira Santos, coordenador do Cine B\" width=\"384\" height=\"255\" \/><\/a><figcaption id=\"caption-attachment-1498\" class=\"wp-caption-text\">Padre Roberto faz abertura do Cine B no Jaguar\u00e9, ao lado de Cid\u00e1lio Vieira Santos, coordenador do Cine B<\/figcaption><\/figure>\n<p>&#8220;Eventos como o Cine B ajudam o estudante a entender melhor at\u00e9 a gram\u00e1tica, ali\u00e1s, eles n\u00e3o viam a hora de vir aqui&#8221;, disse a professora da Escola Maria Eugenia, a professora de portugu\u00eas Eugenia Maria.<\/p>\n<p><a href=\"http:\/\/projetocineb.com.br\/?p=180\" target=\"_blank\">Clique aqui para ler como foi a \u00faltima exibi\u00e7\u00e3o do Cine B na comunidade do Jaguar\u00e9!<\/a><\/p>\n<h2><span style=\"color: #008000;\">THE CATS<\/span><\/h2>\n<p><span style=\"color: #008000;\"><br \/>\n<\/span><br \/>\n<object classid=\"clsid:d27cdb6e-ae6d-11cf-96b8-444553540000\" width=\"425\" height=\"344\" codebase=\"http:\/\/download.macromedia.com\/pub\/shockwave\/cabs\/flash\/swflash.cab#version=6,0,40,0\"><param name=\"allowFullScreen\" value=\"true\" \/><param name=\"allowscriptaccess\" value=\"always\" \/><param name=\"src\" value=\"http:\/\/www.youtube.com\/v\/C4LR_m1ThPU?fs=1&amp;hl=pt_BR\" \/><param name=\"allowfullscreen\" value=\"true\" \/><embed type=\"application\/x-shockwave-flash\" width=\"425\" height=\"344\" src=\"http:\/\/www.youtube.com\/v\/C4LR_m1ThPU?fs=1&amp;hl=pt_BR\" allowscriptaccess=\"always\" allowfullscreen=\"true\"><\/embed><\/object><br \/>\nEles j\u00e1 se apresentaram em um Cine B que rolou no Jaguar\u00e9. Tamb\u00e9m j\u00e1 passaram em diversos programas de audit\u00f3rio, inclusive no de Raul Gil.\u00a0Mas dessa vez, est\u00e3o ensaiando um novo espet\u00e1culo, por isso Tiago Cavalcanti Ferreira e Alexandrte Oliveira da Silva vieram apenas conferir um cineminha, sem se apresentar. O The Cats Street Style, o qual Tiago e Alexandre fazem parte, tem mais de 10 anos e nasceu na comunidade de Jaguar\u00e9. &#8220;Continuamos nosso trabalho, eu dou aula na Sociedade Benfeitora do Jaguar\u00e9, para crian\u00e7as que gostam da dan\u00e7a e nosso grupo est\u00e1 ensaiando novos espet\u00e1culos, al\u00e9m de formalizar alguns projetos para leis de incentivo&#8221;, disse Tiago.<\/p>\n<p><a href=\"http:\/\/www.orkut.com.br\/Main#Profile?uid=9915764045972743618\" target=\"_blank\">Clique aqui para conferir a comunidade do grupo no Orkut e quem sabe voc\u00ea n\u00e3o os ajuda nesses projetos?<\/a><\/p>\n<figure id=\"attachment_1502\" aria-describedby=\"caption-attachment-1502\" style=\"width: 384px\" class=\"wp-caption aligncenter\"><a href=\"http:\/\/projetocineb.com.br\/wp-content\/uploads\/2010\/09\/JAGUARE10.jpg\"><img decoding=\"async\" class=\"size-full wp-image-1502  \" title=\"Alexandre e Tiago, integrantes do The Cats Street Style, grupo de dan\u00e7a que surgir no Jaguar\u00e9\" src=\"http:\/\/projetocineb.com.br\/wp-content\/uploads\/2010\/09\/JAGUARE10.jpg\" alt=\"Alexandre e Tiago, integrantes do The Cats Street Style, grupo de dan\u00e7a que surgir no Jaguar\u00e9\" width=\"384\" height=\"255\" \/><\/a><figcaption id=\"caption-attachment-1502\" class=\"wp-caption-text\">Alexandre e Tiago, integrantes do The Cats Street Style, grupo de dan\u00e7a que surgir no Jaguar\u00e9<\/figcaption><\/figure>\n<h2><span style=\"color: #008000;\">CLICKS<\/span><\/h2>\n<p><span style=\"color: #008000;\"> <\/span><\/p>\n<figure id=\"attachment_1504\" aria-describedby=\"caption-attachment-1504\" style=\"width: 384px\" class=\"wp-caption aligncenter\"><a href=\"http:\/\/projetocineb.com.br\/wp-content\/uploads\/2010\/09\/JAGUARE12.jpg\"><img loading=\"lazy\" decoding=\"async\" class=\"size-full wp-image-1504  \" title=\"Professores do Espiridi\u00e3o Rosa, Roseli Rizzeto Pereira, Manica Pils Aranha, Cristina Dias Armandes, Jamir Calaresi Junior, Bernardo Sano e Roseli da Silva\" src=\"http:\/\/projetocineb.com.br\/wp-content\/uploads\/2010\/09\/JAGUARE12.jpg\" alt=\"Professores do Espiridi\u00e3o Rosa, Roseli Rizzeto Pereira, Manica Pils Aranha, Cristina Dias Armandes, Jamir Calaresi Junior, Bernardo Sano e Roseli da Silva\" width=\"384\" height=\"255\" \/><\/a><figcaption id=\"caption-attachment-1504\" class=\"wp-caption-text\">Os professores das Escolas Espiridi\u00e3o Rosa Maria Eugenia e Archiclino Santos: Roseli Rizzeto Pereira, Manica Pils Aranha, Cristina Dias Armandes, Jamir Calaresi Junior, Bernardo Sano e Roseli da Silva, Eduardo Junior, Sonia Brandi, Camila Ramos, Ednyr Reiner e Jacqueline Emiry de Souza<\/figcaption><\/figure>\n<figure id=\"attachment_1494\" aria-describedby=\"caption-attachment-1494\" style=\"width: 384px\" class=\"wp-caption aligncenter\"><a href=\"http:\/\/projetocineb.com.br\/wp-content\/uploads\/2010\/09\/JAGUARE02.jpg\"><img loading=\"lazy\" decoding=\"async\" class=\"size-full wp-image-1494  \" title=\"&quot;Vim ano passado e gostei, por isso vim de novo&quot;, disse Maria Rosilene Queiroz de Souza com seu filho Gustavo Henrique Queiroz, de 8 anos\" src=\"http:\/\/projetocineb.com.br\/wp-content\/uploads\/2010\/09\/JAGUARE02.jpg\" alt=\"&quot;Vim ano passado e gostei, por isso vim de novo&quot;, disse Maria Rosilene Queiroz de Souza com seu filho Gustavo Henrique Queiroz, de 8 anos\" width=\"384\" height=\"255\" \/><\/a><figcaption id=\"caption-attachment-1494\" class=\"wp-caption-text\">&quot;Vim ano passado e gostei, por isso vim de novo&quot;, disse Maria Rosilene Queiroz de Souza com seu filho Gustavo Henrique Queiroz, de 8 anos<\/figcaption><\/figure>\n<figure id=\"attachment_1493\" aria-describedby=\"caption-attachment-1493\" style=\"width: 384px\" class=\"wp-caption aligncenter\"><a href=\"http:\/\/projetocineb.com.br\/wp-content\/uploads\/2010\/09\/JAGUARE01.jpg\"><img loading=\"lazy\" decoding=\"async\" class=\"size-full wp-image-1493  \" title=\"&quot;O Cine B n\u00e3o conhecia, mas achei o projeto muito interessante e j\u00e1 aproveito para conhecer o filme&quot;, disse a estudante do EJA Roseli da Silva, com sua filha Majorie Silva, de 16 anos\" src=\"http:\/\/projetocineb.com.br\/wp-content\/uploads\/2010\/09\/JAGUARE01.jpg\" alt=\"&quot;O Cine B n\u00e3o conhecia, mas achei o projeto muito interessante e j\u00e1 aproveito para conhecer o filme&quot;, disse a estudante do EJA Roseli da Silva, com sua filha Majorie Silva, de 16 anos\" width=\"384\" height=\"255\" \/><\/a><figcaption id=\"caption-attachment-1493\" class=\"wp-caption-text\">&quot;O Cine B n\u00e3o conhecia, mas achei o projeto muito interessante e j\u00e1 aproveito para conhecer o filme&quot;, disse a professora pelo EJA Roseli da Silva, com sua filha Majorie Silva, de 16 anos<\/figcaption><\/figure>\n<figure id=\"attachment_1499\" aria-describedby=\"caption-attachment-1499\" style=\"width: 384px\" class=\"wp-caption aligncenter\"><a href=\"http:\/\/projetocineb.com.br\/wp-content\/uploads\/2010\/09\/JAGUARE07.jpg\"><img loading=\"lazy\" decoding=\"async\" class=\"size-full wp-image-1499  \" title=\"Cine B no Jaguar\u00e9 \u00e9 sempre um sucesso de p\u00fablico!\" src=\"http:\/\/projetocineb.com.br\/wp-content\/uploads\/2010\/09\/JAGUARE07.jpg\" alt=\"Cine B no Jaguar\u00e9 \u00e9 sempre um sucesso de p\u00fablico!\" width=\"384\" height=\"255\" \/><\/a><figcaption id=\"caption-attachment-1499\" class=\"wp-caption-text\">Cine B no Jaguar\u00e9 \u00e9 sempre um sucesso de p\u00fablico!<\/figcaption><\/figure>\n<figure id=\"attachment_1495\" aria-describedby=\"caption-attachment-1495\" style=\"width: 384px\" class=\"wp-caption aligncenter\"><a href=\"http:\/\/projetocineb.com.br\/wp-content\/uploads\/2010\/09\/JAGUARE03.jpg\"><img loading=\"lazy\" decoding=\"async\" class=\"size-full wp-image-1495  \" title=\"Robin Ilton Garcia dos Santos, estudante do Espiridi\u00e3o Rosa e Guilherme Garcia Santos, de 8 anos\" src=\"http:\/\/projetocineb.com.br\/wp-content\/uploads\/2010\/09\/JAGUARE03.jpg\" alt=\"Robin Ilton Garcia dos Santos, estudante do Espiridi\u00e3o Rosa e Guilherme Garcia Santos, de 8 anos\" width=\"384\" height=\"255\" \/><\/a><figcaption id=\"caption-attachment-1495\" class=\"wp-caption-text\">Robin Ilton Garcia dos Santos, estudante do Espiridi\u00e3o Rosa e Guilherme Garcia Santos, de 8 anos<\/figcaption><\/figure>\n<figure id=\"attachment_1503\" aria-describedby=\"caption-attachment-1503\" style=\"width: 384px\" class=\"wp-caption aligncenter\"><a href=\"http:\/\/projetocineb.com.br\/wp-content\/uploads\/2010\/09\/JAGUARE11.jpg\"><img loading=\"lazy\" decoding=\"async\" class=\"size-full wp-image-1503  \" title=\"Os alunos da Escola Archiclino Santos, Kaio Mendes da Silva, Kelvin Preira da Silva, Gilmar Manoel Matias, C\u00e9sar Junior Rodrigues, Dilan Gomes Louren\u00e7o Souza e William Velozo da Silva\" src=\"http:\/\/projetocineb.com.br\/wp-content\/uploads\/2010\/09\/JAGUARE11.jpg\" alt=\"Os alunos da Escola Archiclino Santos, Kaio Mendes da Silva, Kelvin Preira da Silva, Gilmar Manoel Matias, C\u00e9sar Junior Rodrigues, Dilan Gomes Louren\u00e7o Souza e William Velozo da Silva\" width=\"384\" height=\"255\" \/><\/a><figcaption id=\"caption-attachment-1503\" class=\"wp-caption-text\">Os alunos da Escola Archiclino Santos, Kaio Mendes da Silva, Kelvin Preira da Silva, Gilmar Manoel Matias, C\u00e9sar Junior Rodrigues, Dilan Gomes Louren\u00e7o Souza e William Velozo da Silva<\/figcaption><\/figure>\n<figure id=\"attachment_1505\" aria-describedby=\"caption-attachment-1505\" style=\"width: 384px\" class=\"wp-caption aligncenter\"><a href=\"http:\/\/projetocineb.com.br\/wp-content\/uploads\/2010\/09\/JAGUARE13.jpg\"><img loading=\"lazy\" decoding=\"async\" class=\"size-full wp-image-1505  \" title=\"Os pequeninos do Jaguar\u00e9 que levaram para casa uma camiseta do Cine B\" src=\"http:\/\/projetocineb.com.br\/wp-content\/uploads\/2010\/09\/JAGUARE13.jpg\" alt=\"Os pequeninos do Jaguar\u00e9 que levaram para casa uma camiseta do Cine B\" width=\"384\" height=\"255\" \/><\/a><figcaption id=\"caption-attachment-1505\" class=\"wp-caption-text\">Os pequeninos do Jaguar\u00e9 que levaram para casa uma camiseta do Cine B<\/figcaption><\/figure>\n<figure id=\"attachment_1492\" aria-describedby=\"caption-attachment-1492\" style=\"width: 384px\" class=\"wp-caption aligncenter\"><a href=\"http:\/\/projetocineb.com.br\/wp-content\/uploads\/2010\/09\/JAGUARE14.jpg\"><img loading=\"lazy\" decoding=\"async\" class=\"size-full wp-image-1492  \" title=\"Todos os sortudos da noite!\" src=\"http:\/\/projetocineb.com.br\/wp-content\/uploads\/2010\/09\/JAGUARE14.jpg\" alt=\"Todos os sortudos da noite!\" width=\"384\" height=\"255\" \/><\/a><figcaption id=\"caption-attachment-1492\" class=\"wp-caption-text\">Todos os sortudos da noite!<\/figcaption><\/figure>\n","protected":false},"excerpt":{"rendered":"<p>Fotos de Vivian Szelpal Pela quinta vez o Cine B arma sua tela no Sal\u00e3o de Festas da Igreja S\u00e3o[&#8230;]<\/p>\n","protected":false},"author":2,"featured_media":0,"comment_status":"open","ping_status":"open","sticky":false,"template":"","format":"standard","meta":[],"categories":[2],"tags":[134,154,242,263,266,876,1132,1250],"_links":{"self":[{"href":"https:\/\/projetocineb.com.br\/index.php?rest_route=\/wp\/v2\/posts\/1491"}],"collection":[{"href":"https:\/\/projetocineb.com.br\/index.php?rest_route=\/wp\/v2\/posts"}],"about":[{"href":"https:\/\/projetocineb.com.br\/index.php?rest_route=\/wp\/v2\/types\/post"}],"author":[{"embeddable":true,"href":"https:\/\/projetocineb.com.br\/index.php?rest_route=\/wp\/v2\/users\/2"}],"replies":[{"embeddable":true,"href":"https:\/\/projetocineb.com.br\/index.php?rest_route=%2Fwp%2Fv2%2Fcomments&post=1491"}],"version-history":[{"count":0,"href":"https:\/\/projetocineb.com.br\/index.php?rest_route=\/wp\/v2\/posts\/1491\/revisions"}],"wp:attachment":[{"href":"https:\/\/projetocineb.com.br\/index.php?rest_route=%2Fwp%2Fv2%2Fmedia&parent=1491"}],"wp:term":[{"taxonomy":"category","embeddable":true,"href":"https:\/\/projetocineb.com.br\/index.php?rest_route=%2Fwp%2Fv2%2Fcategories&post=1491"},{"taxonomy":"post_tag","embeddable":true,"href":"https:\/\/projetocineb.com.br\/index.php?rest_route=%2Fwp%2Fv2%2Ftags&post=1491"}],"curies":[{"name":"wp","href":"https:\/\/api.w.org\/{rel}","templated":true}]}}