{"id":15,"date":"2010-02-04T23:12:17","date_gmt":"2010-02-04T23:12:17","guid":{"rendered":"http:\/\/projetocineb.com.br\/?p=15"},"modified":"2010-02-04T23:12:17","modified_gmt":"2010-02-04T23:12:17","slug":"no-ceu-uirapuru","status":"publish","type":"post","link":"https:\/\/projetocineb.com.br\/?p=15","title":{"rendered":"NO CEU UIRAPURU"},"content":{"rendered":"<p><strong>\u00a0<\/strong>\u00a0<\/p>\n<p style=\"text-align: center;\">\n<p style=\"text-align: center;\">\n<p style=\"text-align: center;\"><a href=\"http:\/\/projetocineb.com.br\/wp-content\/uploads\/2010\/02\/Tarja-CineB01.jpg\"><img decoding=\"async\" class=\"aligncenter size-full wp-image-41\" title=\"Tarja-CineB01\" src=\"http:\/\/projetocineb.com.br\/wp-content\/uploads\/2010\/02\/Tarja-CineB01.jpg\" alt=\"\" width=\"336\" height=\"91\" \/><\/a>\u00a0<\/p>\n<h1><span style=\"color: #339966;\"><br \/>\n<\/span><\/h1>\n<h2><strong><span style=\"color: #339966;\">VIAGEM DA MENTE<\/span><\/strong><\/h2>\n<p>A arte inspira.\u00a0Mostra pra gente um mundo de magia no escurinho do cinema.\u00a0<\/p>\n<p>Pode ser um filme em ingl\u00eas ou portugu\u00eas,\u00a0ou mesmo mandarim.\u00a0<\/p>\n<p><span style=\"color: #0000ff;\">As imagens falam todas as l\u00ednguas.\u00a0 Voc\u00ea n\u00e3o acha?<\/span><\/p>\n<p>Ent\u00e3o, \u00e9 nesse clima gostoso temperado com uma pipoquinha especial do seu Ant\u00f4nio, que rola a <span style=\"color: #0000ff;\">primeira sess\u00e3o do CineB no CEU Uirapuru<\/span>. Com poucos meses funcionando no Jardim Jo\u00e3o XXIII, este empreendimento arrojado est\u00e1 trazendo felicidade para a comunidade local. O CineB, realizado pelo Sindicato dos Banc\u00e1rios de S\u00e3o Paulo, Osasco e Regi\u00e3o, e pela Brazucah Produ\u00e7\u00f5es montou uma\u00a0 programa\u00e7\u00e3o especial de curta metragens animados, para celebrar o m\u00eas das crian\u00e7as.\u00a0<\/p>\n<p>E nesta sess\u00e3o, <span style=\"color: #0000ff;\">469 pessoas lotaram a sala de exibi\u00e7\u00e3o<\/span> com muita anima\u00e7\u00e3o! Veio mais gente do que se esperava. <span style=\"color: #0000ff;\">Parab\u00e9ns a toda galera do Jo\u00e3o XXIII pela presen\u00e7a.<\/span>\u00a0<\/p>\n<p style=\"text-align: center;\"><a href=\"http:\/\/projetocineb.com.br\/wp-content\/uploads\/2010\/02\/DSC00049_01WEB.jpg\"><img fetchpriority=\"high\" decoding=\"async\" class=\"aligncenter size-full wp-image-54\" title=\"469 pessoas no CEU Uirapuru\" src=\"http:\/\/projetocineb.com.br\/wp-content\/uploads\/2010\/02\/DSC00049_01WEB.jpg\" alt=\"MAIS DE 400 PESSOAS NESTE CINEB\" width=\"288\" height=\"216\" \/><\/a>\u00a0<\/p>\n<p><em>\u00a0<\/em>\u00a0<\/p>\n<h2><span style=\"color: #339966;\">TODA A FAM\u00cdLIA<\/span><\/h2>\n<p>Av\u00f3, irm\u00e3o, m\u00e3e, filho, pai, tia. Tava todo mundo reunido! Maria Herci quis assistir aos filmes. Veio com suas filhas e netos. Michelly Santos, Andr\u00e9ia Wirth e Ana Carolina Wirth que trouxeram tamb\u00e9m a Jana\u00edna Nascimento e seus filhos, Luiz Henrique e Jo\u00e3o Paulo. A fam\u00edlia toda! \u201cS\u00f3 est\u00e1 muito barulho, quando esse povo vai ficar quieto?\u201d, me perguntam todas. <span style=\"color: #0000ff;\">As crian\u00e7as v\u00e3o para l\u00e1 e para c\u00e1, saltitantes.<\/span>\u00a0<\/p>\n<p style=\"text-align: center;\"><a href=\"http:\/\/projetocineb.com.br\/wp-content\/uploads\/2010\/02\/DSC00077_01WEB.jpg\"><img decoding=\"async\" class=\"aligncenter size-full wp-image-55\" title=\"DSC00077_01WEB\" src=\"http:\/\/projetocineb.com.br\/wp-content\/uploads\/2010\/02\/DSC00077_01WEB.jpg\" alt=\"FAM\u00cdLIA TODA REUNIDA\" width=\"480\" height=\"292\" \/><\/a>\u00a0<\/p>\n<p><span style=\"color: #0000ff;\">\u201cHoje \u00e9 o dia delas, as crian\u00e7as podem ficar \u00e0 vontade\u201d, diz Cid\u00e1lio Vieira Santos, coordenador de produ\u00e7\u00e3o do projeto CineB<\/span>. E elas ficam mesmo, sem d\u00f3 nem piedade. Tem crian\u00e7a para todo lado, festejando, vivendo.\u00a0<\/p>\n<p>Mas do outro lado da festa, 9 crian\u00e7as mant\u00eam-se sentadas, comportadas. Meire Aparecida Souza e Adriana Alessandra Vicente cuidam para que todos se mantenham calmos. \u201cCom a gente tem crian\u00e7a de 1 a 12 anos, se n\u00e3o controlar j\u00e1 viu n\u00e9\u201d, diz Adriana.\u00a0<\/p>\n<p style=\"text-align: center;\"><a href=\"http:\/\/projetocineb.com.br\/wp-content\/uploads\/2010\/02\/DSC00062_01WEB.jpg\"><img loading=\"lazy\" decoding=\"async\" class=\"aligncenter size-full wp-image-56\" title=\"DSC00062_01WEB\" src=\"http:\/\/projetocineb.com.br\/wp-content\/uploads\/2010\/02\/DSC00062_01WEB.jpg\" alt=\"TODOS COMPORTADOS\" width=\"480\" height=\"442\" \/><\/a>\u00a0<\/p>\n<h2><span style=\"color: #339966;\">PIPOCA NA BOCA!<\/span><\/h2>\n<p>Enquanto isso, <span style=\"color: #0000ff;\">a fila da pipoca dobra o sal\u00e3o<\/span>. Quatro pessoas n\u00e3o davam conta de tanta gente querendo sentir o gostinho do aperitivo mais tradicional do cinema. Tamb\u00e9m, com um p\u00fablico de mais de\u00a0400 pessoas n\u00e3o \u00e9 f\u00e1cil de lidar&#8230;\u00a0<\/p>\n<p><a href=\"http:\/\/mundoestranho.abril.com.br\/cinematv\/pergunta_287978.shtml\">Ah, clica nesse link para voc\u00ea saber como a pipoca surgiu no cinema.<\/a>\u00a0<\/p>\n<h6><span style=\"color: #999999;\">http:\/\/mundoestranho.abril.com.br\/cinematv\/pergunta_287978.shtml\u00a0<\/span><\/h6>\n<h2><span style=\"color: #339966;\">DIRE\u00c7\u00c3O FIRME<\/span><\/h2>\n<p>Luiz Ant\u00f4nio Farias, gestor do CEU; Elza Yuri Kobayahi, coordenadora do n\u00facleo de a\u00e7\u00e3o cultural do CEU e William Pereira da Costa, assistente t\u00e9cnico de gest\u00e3o podem se sentir parabenizados. O CineB d\u00e1 novo f\u00f4lego para a comunidade do Jo\u00e3o XXIII e foi muito bem divulgada na regi\u00e3o, haja visto o p\u00fablico da sess\u00e3o. <span style=\"color: #0000ff;\">\u201c\u00c9 a primeira vez que tem uma exibi\u00e7\u00e3o de filmes por aqui, os ingressos se esgotaram, \u00e9 incr\u00edvel\u201d, diz William<\/span>.\u00a0<\/p>\n<p>\u201cNossos planos s\u00e3o de fazer ainda muitas sess\u00f5es de cinema e teatro aqui no CEU\u201d, diz o gestor Luiz Ant\u00f4nio. Segundo ele, depois que o teatro do CEU estiver pronto vai ser\u00e1 poss\u00edvel fazer muita coisa.\u00a0<\/p>\n<p>Pois \u00e9, <span style=\"color: #0000ff;\">novas perspectivas pra galera do Jo\u00e3o 23!<\/span>\u00a0<\/p>\n<p style=\"text-align: center;\"><a href=\"http:\/\/projetocineb.com.br\/wp-content\/uploads\/2010\/02\/DSC00017_01WEB.jpg\"><img loading=\"lazy\" decoding=\"async\" class=\"aligncenter size-full wp-image-58\" title=\"DSC00017_01WEB\" src=\"http:\/\/projetocineb.com.br\/wp-content\/uploads\/2010\/02\/DSC00017_01WEB.jpg\" alt=\"TRABALHO S\u00c9RIO\" width=\"392\" height=\"480\" \/><\/a>\u00a0<\/p>\n<h2><span style=\"color: #339966;\">CUIDAR DO QUE \u00c9 NOSSO<\/span><\/h2>\n<p style=\"text-align: center;\"><a href=\"http:\/\/projetocineb.com.br\/wp-content\/uploads\/2010\/02\/DSC00016_01WEB.jpg\"><img loading=\"lazy\" decoding=\"async\" class=\"aligncenter size-full wp-image-60\" title=\"DSC00016_01WEB\" src=\"http:\/\/projetocineb.com.br\/wp-content\/uploads\/2010\/02\/DSC00016_01WEB.jpg\" alt=\"ATIVOS NA COMUNIDADE\" width=\"480\" height=\"331\" \/><\/a>\u00a0<\/p>\n<p><span style=\"color: #0000ff;\">N\u00e3o podemos esquecer de duas almas sensacionais que se voluntariaram para transformar o sal\u00e3o do CEU Uirapuru, em cinema: Altamiro Elias do Nascimento Filho e Anderson Alves.<\/span> \u201cQueremos cuidar disso aqui, manter este lugar para que todos em nossa comunidade possam us\u00e1-lo\u201d, diz Anderson. Ele, assim como o amigo, est\u00e1 satisfeito. \u201cO CEU mudou a nossa comunidade, porque antes aqui tinham dois campos de futebol largados, e agora aqui tem curso de dan\u00e7a, teatro, esporte, \u00e9 o verdadeiro c\u00e9u\u201d, brinca Altamiro.\u00a0<\/p>\n<p><span style=\"color: #0000ff;\">N\u00e3o cansam de dizer que tudo ali mudou com a constru\u00e7\u00e3o deste lugar.<\/span> Altamiro tem um filho de 8 anos. Anderson tem 4 filhos pequenos. Para eles, o CEU Uirapuru \u00e9 perspectiva de um futuro melhor \u00e0s crian\u00e7as.\u00a0<\/p>\n<p style=\"text-align: center;\"><a href=\"http:\/\/projetocineb.com.br\/wp-content\/uploads\/2010\/02\/DSC00098_01WEB.jpg\"><img loading=\"lazy\" decoding=\"async\" class=\"aligncenter size-full wp-image-59\" title=\"DSC00098_01WEB\" src=\"http:\/\/projetocineb.com.br\/wp-content\/uploads\/2010\/02\/DSC00098_01WEB.jpg\" alt=\"FUTURO\" width=\"480\" height=\"457\" \/><\/a>\u00a0<\/p>\n<h2><span style=\"color: #339966;\">MELHORA VIVA<\/span><\/h2>\n<p><span style=\"color: #0000ff;\">Valdenice Silva de Lima e sua filha Camila pela primeira vez assistiram a um filme na grande tela.<\/span> Valdenice gostou do curta <em>Isabel e o cachorro flautista. <\/em>H\u00e1 12 anos em S\u00e3o Paulo, ela diz que gosta de assistir DVDs em casa, mas n\u00e3o tem muita vontade de ir ao cinema. Talvez, de vez em quando, vai precisar ir. Camila pareceu conquistada pela telona: <span style=\"color: #0000ff;\">\u201cGostei do escurinho\u201d, confessa a pequena.\u00a0<\/span><\/p>\n<p style=\"text-align: center;\">\n<p style=\"text-align: center;\"><a href=\"http:\/\/projetocineb.com.br\/wp-content\/uploads\/2010\/02\/DSC00108_01WEB.jpg\"><img loading=\"lazy\" decoding=\"async\" class=\"aligncenter size-full wp-image-61\" title=\"DSC00108_01WEB\" src=\"http:\/\/projetocineb.com.br\/wp-content\/uploads\/2010\/02\/DSC00108_01WEB.jpg\" alt=\"ESCURINHO DO CINEMA\" width=\"480\" height=\"460\" \/><\/a><span style=\"color: #339966;\"> <\/span>\u00a0<\/p>\n<h2><span style=\"color: #339966;\">COM A PALAVRA, O BLOGUEIRO!<\/span><\/h2>\n<p><span style=\"color: #0000ff;\">\u00c9 importante para garantir a soberania de nossa cultura nacional, eventos como o CineB, concretizado gra\u00e7as ao respons\u00e1vel investimento do Sindicato dos Banc\u00e1rio de S\u00e3o Paulo e do esp\u00edrito engajado da Brazucah Produ\u00e7\u00f5es.<\/span>\u00a0<\/p>\n<p>Eu, como sou novo nessa trupe, ainda n\u00e3o conhe\u00e7o a todos. Mas\u00a0 neste primeiro post quero deixar aqui alguns <span style=\"color: #0000ff;\">nomes em destaque<\/span> para que voc\u00eas, queridos leitores, saibam quem \u00e9 <span style=\"color: #0000ff;\">que faz o CineB h\u00e1 tr\u00eas anos<\/span>, lan\u00e7ar sua magia art\u00edstica a todos os cantos de Sampa: <span style=\"color: #0000ff;\">Luiz Claudio Marcolino, presidente do Sindicato dos Banc\u00e1rios de S\u00e3o Paulo, Osasco e Regi\u00e3o, e idealizador do CineB; Cid\u00e1lio Vieira Santos, coordenador do projeto CineB; Camila Nunes Freitas e Cynthia Alario da Brazucah Produ\u00e7\u00f5es; o t\u00e9cnico de exibi\u00e7\u00e3o Bruno de Souza Barros e o motorista Mauro, da M&amp;C \u00c1udio e V\u00eddeo, e seu Ant\u00f4nio, pipoqueiro oficial do projeto.<\/span>\u00a0<\/p>\n<p>De resto, soy yo: <span style=\"color: #0000ff;\">Thiago Tognozzi na comunica\u00e7\u00e3o de voc\u00eas, p\u00fablico, com eles e deles com voc\u00eas<\/span>. <span style=\"color: #0000ff;\">Amanh\u00e3 tem mais<\/span> uma sess\u00e3o da programa\u00e7\u00e3o de outubro, especial para as crian\u00e7as, com o pessoal da <span style=\"color: #0000ff;\">Cohab 1 Esfuco, na Zona Leste de Sampa<\/span>. Nos vemos por a\u00ed amigos, <em>comenteeemmmmm<\/em>!\u00a0<\/p>\n<p>0~0\u00a0<\/p>\n<p style=\"text-align: center;\"><a href=\"http:\/\/projetocineb.com.br\/wp-content\/uploads\/2010\/02\/DSC00128_01WEB.jpg\"><img loading=\"lazy\" decoding=\"async\" class=\"aligncenter size-full wp-image-64\" title=\"FOTO DO SORTEIO\" src=\"http:\/\/projetocineb.com.br\/wp-content\/uploads\/2010\/02\/DSC00128_01WEB.jpg\" alt=\"\" width=\"480\" height=\"352\" \/><\/a><\/p>\n","protected":false},"excerpt":{"rendered":"<p>cEU uIRAPURU<\/p>\n","protected":false},"author":2,"featured_media":0,"comment_status":"open","ping_status":"open","sticky":false,"template":"","format":"standard","meta":[],"categories":[2],"tags":[216,470,687,812,897,994,1132,1250],"_links":{"self":[{"href":"https:\/\/projetocineb.com.br\/index.php?rest_route=\/wp\/v2\/posts\/15"}],"collection":[{"href":"https:\/\/projetocineb.com.br\/index.php?rest_route=\/wp\/v2\/posts"}],"about":[{"href":"https:\/\/projetocineb.com.br\/index.php?rest_route=\/wp\/v2\/types\/post"}],"author":[{"embeddable":true,"href":"https:\/\/projetocineb.com.br\/index.php?rest_route=\/wp\/v2\/users\/2"}],"replies":[{"embeddable":true,"href":"https:\/\/projetocineb.com.br\/index.php?rest_route=%2Fwp%2Fv2%2Fcomments&post=15"}],"version-history":[{"count":0,"href":"https:\/\/projetocineb.com.br\/index.php?rest_route=\/wp\/v2\/posts\/15\/revisions"}],"wp:attachment":[{"href":"https:\/\/projetocineb.com.br\/index.php?rest_route=%2Fwp%2Fv2%2Fmedia&parent=15"}],"wp:term":[{"taxonomy":"category","embeddable":true,"href":"https:\/\/projetocineb.com.br\/index.php?rest_route=%2Fwp%2Fv2%2Fcategories&post=15"},{"taxonomy":"post_tag","embeddable":true,"href":"https:\/\/projetocineb.com.br\/index.php?rest_route=%2Fwp%2Fv2%2Ftags&post=15"}],"curies":[{"name":"wp","href":"https:\/\/api.w.org\/{rel}","templated":true}]}}