{"id":15115,"date":"2022-05-25T16:23:13","date_gmt":"2022-05-25T19:23:13","guid":{"rendered":"https:\/\/projetocineb.com.br\/?p=15115"},"modified":"2024-07-20T22:03:56","modified_gmt":"2024-07-21T01:03:56","slug":"cineb-solar-completa-15-anos-atingindo-publico-de-90-000-pessoas","status":"publish","type":"post","link":"https:\/\/projetocineb.com.br\/?p=15115","title":{"rendered":"CineB Solar completa 15 anos atingindo p\u00fablico de 90.000 pessoas"},"content":{"rendered":"\n<div class=\"wp-block-image\"><figure class=\"aligncenter size-full\"><img fetchpriority=\"high\" decoding=\"async\" width=\"618\" height=\"743\" src=\"https:\/\/projetocineb.com.br\/wp-content\/uploads\/2022\/05\/CineB-Solar-completa-15-anos-atingindo-publico-de-90.000-pessoas.png\" alt=\"\" class=\"wp-image-15117\" srcset=\"https:\/\/projetocineb.com.br\/wp-content\/uploads\/2022\/05\/CineB-Solar-completa-15-anos-atingindo-publico-de-90.000-pessoas.png 618w, https:\/\/projetocineb.com.br\/wp-content\/uploads\/2022\/05\/CineB-Solar-completa-15-anos-atingindo-publico-de-90.000-pessoas-250x300.png 250w\" sizes=\"(max-width: 618px) 100vw, 618px\" \/><figcaption>CineB solar completa 15 anos<\/figcaption><\/figure><\/div>\n\n\n\n<p>Maio \u00e9 o m\u00eas de anivers\u00e1rio do CineB Solar. Foi no dia 21 de maio de 2007 que lan\u00e7amos o projeto CineB no Caf\u00e9 dos Banc\u00e1rios , com exibi\u00e7\u00e3o &nbsp;de curtas metragens; e em seguida fizemos o lan\u00e7amento nas regionais do sindicato : Osasco, oeste e sul .<\/p>\n\n\n\n<figure class=\"wp-block-image size-full\"><img decoding=\"async\" width=\"960\" height=\"945\" src=\"https:\/\/projetocineb.com.br\/wp-content\/uploads\/2022\/05\/531467_604092586271403_163122644_n.jpg\" alt=\"\" class=\"wp-image-15119\" srcset=\"https:\/\/projetocineb.com.br\/wp-content\/uploads\/2022\/05\/531467_604092586271403_163122644_n.jpg 960w, https:\/\/projetocineb.com.br\/wp-content\/uploads\/2022\/05\/531467_604092586271403_163122644_n-300x295.jpg 300w, https:\/\/projetocineb.com.br\/wp-content\/uploads\/2022\/05\/531467_604092586271403_163122644_n-768x756.jpg 768w\" sizes=\"(max-width: 960px) 100vw, 960px\" \/><figcaption>Selo CineB <\/figcaption><\/figure>\n\n\n\n<p>Atualmente o CineB &nbsp;j\u00e1 percorreu 160 bairros da cidade de S\u00e3o Paulo &nbsp;e 22 cidades fora de S\u00e3o Paulo, democratizando o cinema brasileiro. Durante estes &nbsp;anos &nbsp;exibimos 151 longas-metragens e 100 curtas-metragens; al\u00e9m da realiza\u00e7\u00e3o de pr\u00e9-estreias exclusivas.<\/p>\n\n\n\n<p>Atrav\u00e9s do CineB Solar, muitas pessoas pela primeira vez tiveram a experi\u00eancia de assistir a um filme no cinema.<\/p>\n\n\n\n<p>O Projeto teve in\u00edcio \u00a0com Luiz Cl\u00e1udio Marcolino, na sua gest\u00e3o como \u00a0presidente do Sindicato dos Banc\u00e1rios de SP; \u00a0continuado e ampliado nas gest\u00f5es de Juvandia Moreira e Ivone Silva.<\/p>\n\n\n\n<figure class=\"wp-block-image size-large\"><img decoding=\"async\" width=\"1024\" height=\"682\" src=\"https:\/\/projetocineb.com.br\/wp-content\/uploads\/2022\/05\/WhatsApp-Image-2022-05-25-at-18.51.31-1024x682.jpeg\" alt=\"\" class=\"wp-image-15177\" srcset=\"https:\/\/projetocineb.com.br\/wp-content\/uploads\/2022\/05\/WhatsApp-Image-2022-05-25-at-18.51.31-1024x682.jpeg 1024w, https:\/\/projetocineb.com.br\/wp-content\/uploads\/2022\/05\/WhatsApp-Image-2022-05-25-at-18.51.31-300x200.jpeg 300w, https:\/\/projetocineb.com.br\/wp-content\/uploads\/2022\/05\/WhatsApp-Image-2022-05-25-at-18.51.31-768x512.jpeg 768w, https:\/\/projetocineb.com.br\/wp-content\/uploads\/2022\/05\/WhatsApp-Image-2022-05-25-at-18.51.31-840x560.jpeg 840w, https:\/\/projetocineb.com.br\/wp-content\/uploads\/2022\/05\/WhatsApp-Image-2022-05-25-at-18.51.31-120x80.jpeg 120w, https:\/\/projetocineb.com.br\/wp-content\/uploads\/2022\/05\/WhatsApp-Image-2022-05-25-at-18.51.31-360x240.jpeg 360w, https:\/\/projetocineb.com.br\/wp-content\/uploads\/2022\/05\/WhatsApp-Image-2022-05-25-at-18.51.31-600x400.jpeg 600w, https:\/\/projetocineb.com.br\/wp-content\/uploads\/2022\/05\/WhatsApp-Image-2022-05-25-at-18.51.31.jpeg 1280w\" sizes=\"(max-width: 1024px) 100vw, 1024px\" \/><figcaption>Luiz Cl\u00e1udio Marcolino<\/figcaption><\/figure>\n\n\n\n<div class=\"wp-block-image\"><figure class=\"aligncenter size-full\"><img loading=\"lazy\" decoding=\"async\" width=\"720\" height=\"479\" src=\"https:\/\/projetocineb.com.br\/wp-content\/uploads\/2022\/05\/WhatsApp-Image-2022-05-25-at-18.51.31-1.jpeg\" alt=\"\" class=\"wp-image-15178\" srcset=\"https:\/\/projetocineb.com.br\/wp-content\/uploads\/2022\/05\/WhatsApp-Image-2022-05-25-at-18.51.31-1.jpeg 720w, https:\/\/projetocineb.com.br\/wp-content\/uploads\/2022\/05\/WhatsApp-Image-2022-05-25-at-18.51.31-1-300x200.jpeg 300w, https:\/\/projetocineb.com.br\/wp-content\/uploads\/2022\/05\/WhatsApp-Image-2022-05-25-at-18.51.31-1-120x80.jpeg 120w, https:\/\/projetocineb.com.br\/wp-content\/uploads\/2022\/05\/WhatsApp-Image-2022-05-25-at-18.51.31-1-360x240.jpeg 360w, https:\/\/projetocineb.com.br\/wp-content\/uploads\/2022\/05\/WhatsApp-Image-2022-05-25-at-18.51.31-1-600x400.jpeg 600w\" sizes=\"(max-width: 720px) 100vw, 720px\" \/><figcaption>Juvandia Moreira Leite<\/figcaption><\/figure><\/div>\n\n\n\n<div class=\"wp-block-image\"><figure class=\"aligncenter size-full\"><img loading=\"lazy\" decoding=\"async\" width=\"719\" height=\"483\" src=\"https:\/\/projetocineb.com.br\/wp-content\/uploads\/2022\/05\/WhatsApp-Image-2022-05-25-at-18.51.31-2.jpeg\" alt=\"\" class=\"wp-image-15179\" srcset=\"https:\/\/projetocineb.com.br\/wp-content\/uploads\/2022\/05\/WhatsApp-Image-2022-05-25-at-18.51.31-2.jpeg 719w, https:\/\/projetocineb.com.br\/wp-content\/uploads\/2022\/05\/WhatsApp-Image-2022-05-25-at-18.51.31-2-300x202.jpeg 300w, https:\/\/projetocineb.com.br\/wp-content\/uploads\/2022\/05\/WhatsApp-Image-2022-05-25-at-18.51.31-2-120x80.jpeg 120w\" sizes=\"(max-width: 719px) 100vw, 719px\" \/><figcaption>\u00a0Ivone Silva<\/figcaption><\/figure><\/div>\n\n\n\n<p><strong>Criamos durante estes 15 anos v\u00e1rias a\u00e7\u00f5es dentro do projeto:<\/strong><\/p>\n\n\n\n<p><strong>Selo CineB do cinema brasileiro<\/strong><\/p>\n\n\n\n<p>Cria\u00e7\u00e3o de 4 Selos de curtas metragens &nbsp;CineB do cinema brasileiro ; pois a &nbsp;exibi\u00e7\u00e3o de curtas metragens no CineB fez tanto sucesso entre as pessoas, que demonstraram interesse em ter uma c\u00f3pia desses filmes. Cada Selo CineB custa apenas 5 (cinco) reais e a renda \u00e9 revertida para os diretores dos filmes e para as comunidades. A ideia inovadora teve seu reconhecimento pelo Minist\u00e9rio da Cultura, sendo premiado pela Secretaria da Economia Criativa e \u00e9 muito apoiada por diretores e produtores.<\/p>\n\n\n\n<div class=\"wp-block-image\"><figure class=\"aligncenter size-full\"><img loading=\"lazy\" decoding=\"async\" width=\"480\" height=\"960\" src=\"https:\/\/projetocineb.com.br\/wp-content\/uploads\/2022\/05\/dvds-1.jpg\" alt=\"\" class=\"wp-image-15120\" srcset=\"https:\/\/projetocineb.com.br\/wp-content\/uploads\/2022\/05\/dvds-1.jpg 480w, https:\/\/projetocineb.com.br\/wp-content\/uploads\/2022\/05\/dvds-1-150x300.jpg 150w\" sizes=\"(max-width: 480px) 100vw, 480px\" \/><figcaption>Selos CineB <\/figcaption><\/figure><\/div>\n\n\n\n<p><strong>Pr\u00eamio CineB do Cinema Brasileiro<\/strong><\/p>\n\n\n\n<p>Foram 8 (oito) pr\u00eamios; &nbsp;conseguimos reunir no Caf\u00e9 dos Banc\u00e1rios os principais cineastas do Brasil , &nbsp;premiando com trof\u00e9u os representantes das comunidades e diretores dos filmes.<\/p>\n\n\n\n<p>Passaram como mestres de cerim\u00f4nias : Em 2019 a cerim\u00f4nia foi apresentada pela atriz Guta Strasser , em 2016 pelo ator Ailton Gra\u00e7a, nos anos anteriores contamos com a participa\u00e7\u00e3o em 2015 do ator Caio Blat, em 2014 foi feita pelo cantor e humorista Falc\u00e3o, em 2013 pela cantora e atriz Negra Li, em 2012 pelas atrizes Luc\u00e9lia Santos e<br>Gorete Milagres, em 2011 pelo ator Caco Ciocler e pelo rapper Tha\u00edde em 2010; que nos deram muita repercuss\u00e3o na imprensa.<\/p>\n\n\n\n<figure class=\"wp-block-image size-large\"><img loading=\"lazy\" decoding=\"async\" width=\"1024\" height=\"1024\" src=\"https:\/\/projetocineb.com.br\/wp-content\/uploads\/2022\/05\/2-PREMIO-CINEB-SOLAR-1024x1024.png\" alt=\"\" class=\"wp-image-15121\" srcset=\"https:\/\/projetocineb.com.br\/wp-content\/uploads\/2022\/05\/2-PREMIO-CINEB-SOLAR-1024x1024.png 1024w, https:\/\/projetocineb.com.br\/wp-content\/uploads\/2022\/05\/2-PREMIO-CINEB-SOLAR-300x300.png 300w, https:\/\/projetocineb.com.br\/wp-content\/uploads\/2022\/05\/2-PREMIO-CINEB-SOLAR-150x150.png 150w, https:\/\/projetocineb.com.br\/wp-content\/uploads\/2022\/05\/2-PREMIO-CINEB-SOLAR-768x768.png 768w, https:\/\/projetocineb.com.br\/wp-content\/uploads\/2022\/05\/2-PREMIO-CINEB-SOLAR.png 1080w\" sizes=\"(max-width: 1024px) 100vw, 1024px\" \/><figcaption>Pr\u00eamio CineB<\/figcaption><\/figure>\n\n\n\n<figure class=\"is-layout-flex wp-block-gallery-1 wp-block-gallery columns-3 is-cropped\"><ul class=\"blocks-gallery-grid\"><li class=\"blocks-gallery-item\"><figure><img loading=\"lazy\" decoding=\"async\" width=\"1024\" height=\"728\" src=\"https:\/\/projetocineb.com.br\/wp-content\/uploads\/2022\/05\/AILTON-GRACA-1024x728.jpg\" alt=\"\" data-id=\"15122\" data-full-url=\"https:\/\/projetocineb.com.br\/wp-content\/uploads\/2022\/05\/AILTON-GRACA-scaled.jpg\" data-link=\"https:\/\/projetocineb.com.br\/?attachment_id=15122\" class=\"wp-image-15122\" srcset=\"https:\/\/projetocineb.com.br\/wp-content\/uploads\/2022\/05\/AILTON-GRACA-1024x728.jpg 1024w, https:\/\/projetocineb.com.br\/wp-content\/uploads\/2022\/05\/AILTON-GRACA-300x213.jpg 300w, https:\/\/projetocineb.com.br\/wp-content\/uploads\/2022\/05\/AILTON-GRACA-768x546.jpg 768w, https:\/\/projetocineb.com.br\/wp-content\/uploads\/2022\/05\/AILTON-GRACA-1536x1092.jpg 1536w, https:\/\/projetocineb.com.br\/wp-content\/uploads\/2022\/05\/AILTON-GRACA-2048x1456.jpg 2048w\" sizes=\"(max-width: 1024px) 100vw, 1024px\" \/><\/figure><\/li><li class=\"blocks-gallery-item\"><figure><img loading=\"lazy\" decoding=\"async\" width=\"1024\" height=\"697\" src=\"https:\/\/projetocineb.com.br\/wp-content\/uploads\/2022\/05\/CAIO-BLAT-1024x697.jpg\" alt=\"\" data-id=\"15123\" data-full-url=\"https:\/\/projetocineb.com.br\/wp-content\/uploads\/2022\/05\/CAIO-BLAT-scaled.jpg\" data-link=\"https:\/\/projetocineb.com.br\/?attachment_id=15123\" class=\"wp-image-15123\" srcset=\"https:\/\/projetocineb.com.br\/wp-content\/uploads\/2022\/05\/CAIO-BLAT-1024x697.jpg 1024w, https:\/\/projetocineb.com.br\/wp-content\/uploads\/2022\/05\/CAIO-BLAT-300x204.jpg 300w, https:\/\/projetocineb.com.br\/wp-content\/uploads\/2022\/05\/CAIO-BLAT-768x523.jpg 768w, https:\/\/projetocineb.com.br\/wp-content\/uploads\/2022\/05\/CAIO-BLAT-1536x1046.jpg 1536w, https:\/\/projetocineb.com.br\/wp-content\/uploads\/2022\/05\/CAIO-BLAT-2048x1394.jpg 2048w\" sizes=\"(max-width: 1024px) 100vw, 1024px\" \/><\/figure><\/li><li class=\"blocks-gallery-item\"><figure><img loading=\"lazy\" decoding=\"async\" width=\"1024\" height=\"683\" src=\"https:\/\/projetocineb.com.br\/wp-content\/uploads\/2022\/05\/FALCAO-1024x683.jpg\" alt=\"\" data-id=\"15124\" data-full-url=\"https:\/\/projetocineb.com.br\/wp-content\/uploads\/2022\/05\/FALCAO.jpg\" data-link=\"https:\/\/projetocineb.com.br\/?attachment_id=15124\" class=\"wp-image-15124\" srcset=\"https:\/\/projetocineb.com.br\/wp-content\/uploads\/2022\/05\/FALCAO-1024x683.jpg 1024w, https:\/\/projetocineb.com.br\/wp-content\/uploads\/2022\/05\/FALCAO-300x200.jpg 300w, https:\/\/projetocineb.com.br\/wp-content\/uploads\/2022\/05\/FALCAO-768x512.jpg 768w, https:\/\/projetocineb.com.br\/wp-content\/uploads\/2022\/05\/FALCAO-840x560.jpg 840w, https:\/\/projetocineb.com.br\/wp-content\/uploads\/2022\/05\/FALCAO-120x80.jpg 120w, https:\/\/projetocineb.com.br\/wp-content\/uploads\/2022\/05\/FALCAO-360x240.jpg 360w, https:\/\/projetocineb.com.br\/wp-content\/uploads\/2022\/05\/FALCAO-600x400.jpg 600w, https:\/\/projetocineb.com.br\/wp-content\/uploads\/2022\/05\/FALCAO.jpg 1200w\" sizes=\"(max-width: 1024px) 100vw, 1024px\" \/><\/figure><\/li><li class=\"blocks-gallery-item\"><figure><img loading=\"lazy\" decoding=\"async\" width=\"800\" height=\"533\" src=\"https:\/\/projetocineb.com.br\/wp-content\/uploads\/2022\/05\/NEGRA-LI.jpg\" alt=\"\" data-id=\"15125\" data-full-url=\"https:\/\/projetocineb.com.br\/wp-content\/uploads\/2022\/05\/NEGRA-LI.jpg\" data-link=\"https:\/\/projetocineb.com.br\/?attachment_id=15125\" class=\"wp-image-15125\" srcset=\"https:\/\/projetocineb.com.br\/wp-content\/uploads\/2022\/05\/NEGRA-LI.jpg 800w, https:\/\/projetocineb.com.br\/wp-content\/uploads\/2022\/05\/NEGRA-LI-300x200.jpg 300w, https:\/\/projetocineb.com.br\/wp-content\/uploads\/2022\/05\/NEGRA-LI-768x512.jpg 768w, https:\/\/projetocineb.com.br\/wp-content\/uploads\/2022\/05\/NEGRA-LI-120x80.jpg 120w, https:\/\/projetocineb.com.br\/wp-content\/uploads\/2022\/05\/NEGRA-LI-360x240.jpg 360w, https:\/\/projetocineb.com.br\/wp-content\/uploads\/2022\/05\/NEGRA-LI-600x400.jpg 600w\" sizes=\"(max-width: 800px) 100vw, 800px\" \/><\/figure><\/li><\/ul><figcaption class=\"blocks-gallery-caption\">Mestres de cerim\u00f4nia das edi\u00e7\u00f5es do Pr\u00eamio CineB<\/figcaption><\/figure>\n\n\n\n<p><strong>Carro com energia solar<\/strong><\/p>\n\n\n\n<p>CineB Solar \u00e9 o primeiro carro do Brasil que leva cinema com energia solar; as sess\u00f5es s\u00e3o exibidas utilizando-se de energia solar captada atrav\u00e9s de um ve\u00edculo equipado com placas solares, baterias e conversor. O equipamento transforma a energia do sol em energia el\u00e9trica para alimentar o sistema de proje\u00e7\u00e3o e o som dos filmes.<\/p>\n\n\n\n<figure class=\"wp-block-image size-large\"><img loading=\"lazy\" decoding=\"async\" width=\"1024\" height=\"1024\" src=\"https:\/\/projetocineb.com.br\/wp-content\/uploads\/2022\/05\/3-Carro-com-energia-solar-1024x1024.png\" alt=\"\" class=\"wp-image-15126\" srcset=\"https:\/\/projetocineb.com.br\/wp-content\/uploads\/2022\/05\/3-Carro-com-energia-solar-1024x1024.png 1024w, https:\/\/projetocineb.com.br\/wp-content\/uploads\/2022\/05\/3-Carro-com-energia-solar-300x300.png 300w, https:\/\/projetocineb.com.br\/wp-content\/uploads\/2022\/05\/3-Carro-com-energia-solar-150x150.png 150w, https:\/\/projetocineb.com.br\/wp-content\/uploads\/2022\/05\/3-Carro-com-energia-solar-768x768.png 768w, https:\/\/projetocineb.com.br\/wp-content\/uploads\/2022\/05\/3-Carro-com-energia-solar.png 1080w\" sizes=\"(max-width: 1024px) 100vw, 1024px\" \/><figcaption>Carro com energia solar<\/figcaption><\/figure>\n\n\n\n<p><strong>Pr\u00e9-estreia e sess\u00f5es especiais<\/strong><\/p>\n\n\n\n<p>O CineB saiu na frente exibindo filmes importantes &nbsp;no pa\u00eds &nbsp;e &nbsp;com exclusividade. Realizamos as pr\u00e9-estreia dos filmes:&nbsp; &#8220;Bacurau&#8221;, &#8220;Raul Seixas \u2013 o in\u00edcio , o fim e o meio&#8221;, &#8220;Sabotage&#8221;, &#8220;Marighella&#8221;, &#8221; Lula, o filho do Brasil &#8220;,&#8221; Que horas ela volta?&#8221; ; sempre com sess\u00f5es &nbsp;lotadas na regional &nbsp;Paulista e no audit\u00f3rio amarelo do Sindicato. Destacamos aqui&nbsp; duas pr\u00e9-estreias das mais importantes:&nbsp; &#8220;Bacurau&#8221;&nbsp; e &#8220;Marighella&#8221;.<\/p>\n\n\n\n<p>Sess\u00e3o exclusiva&nbsp; Bacurau no sindicato: ocupando tr\u00eas audit\u00f3rios, amarelo, azul&nbsp; e sala da Faculdade 28 de agosto,&nbsp; tudo no mesmo dia.Total de p\u00fablico presente 400 pessoas. Outra sess\u00e3o com o filme Bacurau foi&nbsp; no MTST ocupa\u00e7\u00e3o nova Palestina, teve a presen\u00e7a de Guilherme Boulos e depoimento da atriz Sonia Braga.<\/p>\n\n\n\n<p>Realizamos 2 sess\u00f5es especiais com filme &#8220;Marighella&#8221;:<\/p>\n\n\n\n<p>1-&nbsp; no MTST com 1.000 pessoas presentes. O evento contou com a presen\u00e7a do diretor do filme, Wagner Moura, e dos atores Henrique Vieira, Bella Camero, Humberto Carr\u00e3o e Felipe Braga, al\u00e9m de parte da equipe t\u00e9cnica do longa-metragem,e de Guilherme Boulos, coordenador nacional do MTST.<\/p>\n\n\n\n<p><br>2- Segunda sess\u00e3o&nbsp;produzimos na quadra dos banc\u00e1rios, 600 pessoas presentes, sendo que foi&nbsp; pela primeira vez uma sess\u00e3o do CineB na quadra.<\/p>\n\n\n\n<figure class=\"is-layout-flex wp-block-gallery-3 wp-block-gallery columns-3 is-cropped\"><ul class=\"blocks-gallery-grid\"><li class=\"blocks-gallery-item\"><figure><img loading=\"lazy\" decoding=\"async\" width=\"1024\" height=\"1024\" src=\"https:\/\/projetocineb.com.br\/wp-content\/uploads\/2022\/05\/4-Pre-estreia-e-sessoes-especiais-2-1024x1024.png\" alt=\"\" data-id=\"15127\" data-full-url=\"https:\/\/projetocineb.com.br\/wp-content\/uploads\/2022\/05\/4-Pre-estreia-e-sessoes-especiais-2.png\" data-link=\"https:\/\/projetocineb.com.br\/?attachment_id=15127\" class=\"wp-image-15127\" srcset=\"https:\/\/projetocineb.com.br\/wp-content\/uploads\/2022\/05\/4-Pre-estreia-e-sessoes-especiais-2-1024x1024.png 1024w, https:\/\/projetocineb.com.br\/wp-content\/uploads\/2022\/05\/4-Pre-estreia-e-sessoes-especiais-2-300x300.png 300w, https:\/\/projetocineb.com.br\/wp-content\/uploads\/2022\/05\/4-Pre-estreia-e-sessoes-especiais-2-150x150.png 150w, https:\/\/projetocineb.com.br\/wp-content\/uploads\/2022\/05\/4-Pre-estreia-e-sessoes-especiais-2-768x768.png 768w, https:\/\/projetocineb.com.br\/wp-content\/uploads\/2022\/05\/4-Pre-estreia-e-sessoes-especiais-2.png 1080w\" sizes=\"(max-width: 1024px) 100vw, 1024px\" \/><\/figure><\/li><li class=\"blocks-gallery-item\"><figure><img loading=\"lazy\" decoding=\"async\" width=\"1024\" height=\"1024\" src=\"https:\/\/projetocineb.com.br\/wp-content\/uploads\/2022\/05\/4-Pre-estreia-e-sessoes-especiais-1024x1024.png\" alt=\"\" data-id=\"15128\" data-full-url=\"https:\/\/projetocineb.com.br\/wp-content\/uploads\/2022\/05\/4-Pre-estreia-e-sessoes-especiais.png\" data-link=\"https:\/\/projetocineb.com.br\/?attachment_id=15128\" class=\"wp-image-15128\" srcset=\"https:\/\/projetocineb.com.br\/wp-content\/uploads\/2022\/05\/4-Pre-estreia-e-sessoes-especiais-1024x1024.png 1024w, https:\/\/projetocineb.com.br\/wp-content\/uploads\/2022\/05\/4-Pre-estreia-e-sessoes-especiais-300x300.png 300w, https:\/\/projetocineb.com.br\/wp-content\/uploads\/2022\/05\/4-Pre-estreia-e-sessoes-especiais-150x150.png 150w, https:\/\/projetocineb.com.br\/wp-content\/uploads\/2022\/05\/4-Pre-estreia-e-sessoes-especiais-768x768.png 768w, https:\/\/projetocineb.com.br\/wp-content\/uploads\/2022\/05\/4-Pre-estreia-e-sessoes-especiais.png 1080w\" sizes=\"(max-width: 1024px) 100vw, 1024px\" \/><\/figure><\/li><li class=\"blocks-gallery-item\"><figure><img loading=\"lazy\" decoding=\"async\" width=\"1024\" height=\"682\" src=\"https:\/\/projetocineb.com.br\/wp-content\/uploads\/2022\/05\/quadra-dos-bancarios-600-pessoas-presnetes-1024x682.png\" alt=\"\" data-id=\"15129\" data-full-url=\"https:\/\/projetocineb.com.br\/wp-content\/uploads\/2022\/05\/quadra-dos-bancarios-600-pessoas-presnetes.png\" data-link=\"https:\/\/projetocineb.com.br\/?attachment_id=15129\" class=\"wp-image-15129\" srcset=\"https:\/\/projetocineb.com.br\/wp-content\/uploads\/2022\/05\/quadra-dos-bancarios-600-pessoas-presnetes-1024x682.png 1024w, https:\/\/projetocineb.com.br\/wp-content\/uploads\/2022\/05\/quadra-dos-bancarios-600-pessoas-presnetes-300x200.png 300w, https:\/\/projetocineb.com.br\/wp-content\/uploads\/2022\/05\/quadra-dos-bancarios-600-pessoas-presnetes-768x512.png 768w, https:\/\/projetocineb.com.br\/wp-content\/uploads\/2022\/05\/quadra-dos-bancarios-600-pessoas-presnetes-840x560.png 840w, https:\/\/projetocineb.com.br\/wp-content\/uploads\/2022\/05\/quadra-dos-bancarios-600-pessoas-presnetes-120x80.png 120w, https:\/\/projetocineb.com.br\/wp-content\/uploads\/2022\/05\/quadra-dos-bancarios-600-pessoas-presnetes-360x240.png 360w, https:\/\/projetocineb.com.br\/wp-content\/uploads\/2022\/05\/quadra-dos-bancarios-600-pessoas-presnetes-600x400.png 600w, https:\/\/projetocineb.com.br\/wp-content\/uploads\/2022\/05\/quadra-dos-bancarios-600-pessoas-presnetes.png 1280w\" sizes=\"(max-width: 1024px) 100vw, 1024px\" \/><\/figure><\/li><li class=\"blocks-gallery-item\"><figure><img loading=\"lazy\" decoding=\"async\" width=\"400\" height=\"250\" src=\"https:\/\/projetocineb.com.br\/wp-content\/uploads\/2022\/05\/sessao-exclusiva-do-filme-Bacurau-no-sindicato-2.png\" alt=\"\" data-id=\"15130\" data-full-url=\"https:\/\/projetocineb.com.br\/wp-content\/uploads\/2022\/05\/sessao-exclusiva-do-filme-Bacurau-no-sindicato-2.png\" data-link=\"https:\/\/projetocineb.com.br\/?attachment_id=15130\" class=\"wp-image-15130\" srcset=\"https:\/\/projetocineb.com.br\/wp-content\/uploads\/2022\/05\/sessao-exclusiva-do-filme-Bacurau-no-sindicato-2.png 400w, https:\/\/projetocineb.com.br\/wp-content\/uploads\/2022\/05\/sessao-exclusiva-do-filme-Bacurau-no-sindicato-2-300x188.png 300w\" sizes=\"(max-width: 400px) 100vw, 400px\" \/><\/figure><\/li><li class=\"blocks-gallery-item\"><figure><img loading=\"lazy\" decoding=\"async\" width=\"1024\" height=\"680\" src=\"https:\/\/projetocineb.com.br\/wp-content\/uploads\/2022\/05\/sessao-exclusiva-do-filme-Bacurau-no-sindicato.png\" alt=\"\" data-id=\"15131\" data-full-url=\"https:\/\/projetocineb.com.br\/wp-content\/uploads\/2022\/05\/sessao-exclusiva-do-filme-Bacurau-no-sindicato.png\" data-link=\"https:\/\/projetocineb.com.br\/?attachment_id=15131\" class=\"wp-image-15131\" srcset=\"https:\/\/projetocineb.com.br\/wp-content\/uploads\/2022\/05\/sessao-exclusiva-do-filme-Bacurau-no-sindicato.png 1024w, https:\/\/projetocineb.com.br\/wp-content\/uploads\/2022\/05\/sessao-exclusiva-do-filme-Bacurau-no-sindicato-300x199.png 300w, https:\/\/projetocineb.com.br\/wp-content\/uploads\/2022\/05\/sessao-exclusiva-do-filme-Bacurau-no-sindicato-768x510.png 768w, https:\/\/projetocineb.com.br\/wp-content\/uploads\/2022\/05\/sessao-exclusiva-do-filme-Bacurau-no-sindicato-120x80.png 120w, https:\/\/projetocineb.com.br\/wp-content\/uploads\/2022\/05\/sessao-exclusiva-do-filme-Bacurau-no-sindicato-360x240.png 360w\" sizes=\"(max-width: 1024px) 100vw, 1024px\" \/><\/figure><\/li><li class=\"blocks-gallery-item\"><figure><img loading=\"lazy\" decoding=\"async\" width=\"1024\" height=\"682\" src=\"https:\/\/projetocineb.com.br\/wp-content\/uploads\/2022\/05\/sessao-filme-BACURAU-no-MTST-Ocupacao-Nova-Palestina-1024x682.png\" alt=\"\" data-id=\"15132\" data-full-url=\"https:\/\/projetocineb.com.br\/wp-content\/uploads\/2022\/05\/sessao-filme-BACURAU-no-MTST-Ocupacao-Nova-Palestina.png\" data-link=\"https:\/\/projetocineb.com.br\/?attachment_id=15132\" class=\"wp-image-15132\" srcset=\"https:\/\/projetocineb.com.br\/wp-content\/uploads\/2022\/05\/sessao-filme-BACURAU-no-MTST-Ocupacao-Nova-Palestina-1024x682.png 1024w, https:\/\/projetocineb.com.br\/wp-content\/uploads\/2022\/05\/sessao-filme-BACURAU-no-MTST-Ocupacao-Nova-Palestina-300x200.png 300w, https:\/\/projetocineb.com.br\/wp-content\/uploads\/2022\/05\/sessao-filme-BACURAU-no-MTST-Ocupacao-Nova-Palestina-768x512.png 768w, https:\/\/projetocineb.com.br\/wp-content\/uploads\/2022\/05\/sessao-filme-BACURAU-no-MTST-Ocupacao-Nova-Palestina-840x560.png 840w, https:\/\/projetocineb.com.br\/wp-content\/uploads\/2022\/05\/sessao-filme-BACURAU-no-MTST-Ocupacao-Nova-Palestina-120x80.png 120w, https:\/\/projetocineb.com.br\/wp-content\/uploads\/2022\/05\/sessao-filme-BACURAU-no-MTST-Ocupacao-Nova-Palestina-360x240.png 360w, https:\/\/projetocineb.com.br\/wp-content\/uploads\/2022\/05\/sessao-filme-BACURAU-no-MTST-Ocupacao-Nova-Palestina-600x400.png 600w, https:\/\/projetocineb.com.br\/wp-content\/uploads\/2022\/05\/sessao-filme-BACURAU-no-MTST-Ocupacao-Nova-Palestina.png 1280w\" sizes=\"(max-width: 1024px) 100vw, 1024px\" \/><\/figure><\/li><li class=\"blocks-gallery-item\"><figure><img loading=\"lazy\" decoding=\"async\" width=\"1024\" height=\"682\" src=\"https:\/\/projetocineb.com.br\/wp-content\/uploads\/2022\/05\/sessao-MTST-OCUPACAO-CAROLINA-DE-JESUS.png\" alt=\"\" data-id=\"15133\" data-full-url=\"https:\/\/projetocineb.com.br\/wp-content\/uploads\/2022\/05\/sessao-MTST-OCUPACAO-CAROLINA-DE-JESUS.png\" data-link=\"https:\/\/projetocineb.com.br\/?attachment_id=15133\" class=\"wp-image-15133\" srcset=\"https:\/\/projetocineb.com.br\/wp-content\/uploads\/2022\/05\/sessao-MTST-OCUPACAO-CAROLINA-DE-JESUS.png 1024w, https:\/\/projetocineb.com.br\/wp-content\/uploads\/2022\/05\/sessao-MTST-OCUPACAO-CAROLINA-DE-JESUS-300x200.png 300w, https:\/\/projetocineb.com.br\/wp-content\/uploads\/2022\/05\/sessao-MTST-OCUPACAO-CAROLINA-DE-JESUS-768x512.png 768w, https:\/\/projetocineb.com.br\/wp-content\/uploads\/2022\/05\/sessao-MTST-OCUPACAO-CAROLINA-DE-JESUS-840x560.png 840w, https:\/\/projetocineb.com.br\/wp-content\/uploads\/2022\/05\/sessao-MTST-OCUPACAO-CAROLINA-DE-JESUS-120x80.png 120w, https:\/\/projetocineb.com.br\/wp-content\/uploads\/2022\/05\/sessao-MTST-OCUPACAO-CAROLINA-DE-JESUS-360x240.png 360w, https:\/\/projetocineb.com.br\/wp-content\/uploads\/2022\/05\/sessao-MTST-OCUPACAO-CAROLINA-DE-JESUS-600x400.png 600w\" sizes=\"(max-width: 1024px) 100vw, 1024px\" \/><\/figure><\/li><\/ul><figcaption class=\"blocks-gallery-caption\">Pr\u00e9 estr\u00e9ias, sess\u00f5es especiais, sess\u00e3o no MTST ocupa\u00e7\u00e3o Carolina de jesus 1.000 pessoas, sess\u00e3o quadra com 600 pessoas, sess\u00e3o do filme Bacurau no MTST ocupa\u00e7\u00e3o Nova Palestina e foto da sess\u00e3o exclusiva filme Bacurau no Sindicato do Banc\u00e1rios<\/figcaption><\/figure>\n\n\n\n<p><strong>Durante a Pandemia<\/strong><\/p>\n\n\n\n<p>E em 2020 no momento de isolamento, para evitar aglomera\u00e7\u00f5es, nos reinventamos e preparamos novos projetos:<\/p>\n\n\n\n<p><strong>CineB on-line<\/strong>: Organizamos &nbsp;lives com representantes do cinema brasileiro, e fizemos tamb\u00e9m a exibi\u00e7\u00e3o de filmes para que pud\u00e9ssemos discutir juntos; <strong>CineB Solar na Janela<\/strong>: o projeto selecionou espa\u00e7os nas comunidades onde havia conjuntos de pr\u00e9dios, montou a tela na rua ou a proje\u00e7\u00e3o em parede, e as pessoas assistiram ao filme de suas  janelas; e <strong>CineB Autorama<\/strong>: retomamos o modelo de exibi\u00e7\u00e3o dos charmosos DRIVE- INS das d\u00e9cadas de 50 e 60 , ao ar livre, onde as pessoas assistiam aos filmes no conforto de seus carros. Estas a\u00e7\u00f5es foram para que todos pudessem ficar em casa e se divertir com uma sess\u00e3o de cinema.<\/p>\n\n\n\n<figure class=\"is-layout-flex wp-block-gallery-5 wp-block-gallery columns-3 is-cropped\"><ul class=\"blocks-gallery-grid\"><li class=\"blocks-gallery-item\"><figure><img loading=\"lazy\" decoding=\"async\" width=\"1024\" height=\"683\" src=\"https:\/\/projetocineb.com.br\/wp-content\/uploads\/2022\/05\/NA-PANDEMIA-CINEB-AUTORAMA-1024x683.jpg\" alt=\"\" data-id=\"15134\" data-link=\"https:\/\/projetocineb.com.br\/?attachment_id=15134\" class=\"wp-image-15134\" srcset=\"https:\/\/projetocineb.com.br\/wp-content\/uploads\/2022\/05\/NA-PANDEMIA-CINEB-AUTORAMA-1024x683.jpg 1024w, https:\/\/projetocineb.com.br\/wp-content\/uploads\/2022\/05\/NA-PANDEMIA-CINEB-AUTORAMA-300x200.jpg 300w, https:\/\/projetocineb.com.br\/wp-content\/uploads\/2022\/05\/NA-PANDEMIA-CINEB-AUTORAMA-768x512.jpg 768w, https:\/\/projetocineb.com.br\/wp-content\/uploads\/2022\/05\/NA-PANDEMIA-CINEB-AUTORAMA-1536x1024.jpg 1536w, https:\/\/projetocineb.com.br\/wp-content\/uploads\/2022\/05\/NA-PANDEMIA-CINEB-AUTORAMA-2048x1365.jpg 2048w, https:\/\/projetocineb.com.br\/wp-content\/uploads\/2022\/05\/NA-PANDEMIA-CINEB-AUTORAMA-840x560.jpg 840w, https:\/\/projetocineb.com.br\/wp-content\/uploads\/2022\/05\/NA-PANDEMIA-CINEB-AUTORAMA-120x80.jpg 120w, https:\/\/projetocineb.com.br\/wp-content\/uploads\/2022\/05\/NA-PANDEMIA-CINEB-AUTORAMA-360x240.jpg 360w, https:\/\/projetocineb.com.br\/wp-content\/uploads\/2022\/05\/NA-PANDEMIA-CINEB-AUTORAMA-600x400.jpg 600w\" sizes=\"(max-width: 1024px) 100vw, 1024px\" \/><\/figure><\/li><li class=\"blocks-gallery-item\"><figure><img loading=\"lazy\" decoding=\"async\" width=\"1024\" height=\"682\" src=\"https:\/\/projetocineb.com.br\/wp-content\/uploads\/2022\/05\/NA-PANDEMIA-CINEB-AUTORAMA2-1024x682.jpg\" alt=\"\" data-id=\"15135\" data-link=\"https:\/\/projetocineb.com.br\/?attachment_id=15135\" class=\"wp-image-15135\" srcset=\"https:\/\/projetocineb.com.br\/wp-content\/uploads\/2022\/05\/NA-PANDEMIA-CINEB-AUTORAMA2-1024x682.jpg 1024w, https:\/\/projetocineb.com.br\/wp-content\/uploads\/2022\/05\/NA-PANDEMIA-CINEB-AUTORAMA2-300x200.jpg 300w, https:\/\/projetocineb.com.br\/wp-content\/uploads\/2022\/05\/NA-PANDEMIA-CINEB-AUTORAMA2-768x512.jpg 768w, https:\/\/projetocineb.com.br\/wp-content\/uploads\/2022\/05\/NA-PANDEMIA-CINEB-AUTORAMA2-840x560.jpg 840w, https:\/\/projetocineb.com.br\/wp-content\/uploads\/2022\/05\/NA-PANDEMIA-CINEB-AUTORAMA2-120x80.jpg 120w, https:\/\/projetocineb.com.br\/wp-content\/uploads\/2022\/05\/NA-PANDEMIA-CINEB-AUTORAMA2-360x240.jpg 360w, https:\/\/projetocineb.com.br\/wp-content\/uploads\/2022\/05\/NA-PANDEMIA-CINEB-AUTORAMA2-600x400.jpg 600w, https:\/\/projetocineb.com.br\/wp-content\/uploads\/2022\/05\/NA-PANDEMIA-CINEB-AUTORAMA2.jpg 1280w\" sizes=\"(max-width: 1024px) 100vw, 1024px\" \/><\/figure><\/li><li class=\"blocks-gallery-item\"><figure><img loading=\"lazy\" decoding=\"async\" width=\"768\" height=\"432\" src=\"https:\/\/projetocineb.com.br\/wp-content\/uploads\/2022\/05\/NA-PANDEMIA-CINEB-SOLAR-NA-JANELA-3.jpg\" alt=\"\" data-id=\"15136\" data-link=\"https:\/\/projetocineb.com.br\/?attachment_id=15136\" class=\"wp-image-15136\" srcset=\"https:\/\/projetocineb.com.br\/wp-content\/uploads\/2022\/05\/NA-PANDEMIA-CINEB-SOLAR-NA-JANELA-3.jpg 768w, https:\/\/projetocineb.com.br\/wp-content\/uploads\/2022\/05\/NA-PANDEMIA-CINEB-SOLAR-NA-JANELA-3-300x169.jpg 300w\" sizes=\"(max-width: 768px) 100vw, 768px\" \/><\/figure><\/li><li class=\"blocks-gallery-item\"><figure><img loading=\"lazy\" decoding=\"async\" width=\"459\" height=\"305\" src=\"https:\/\/projetocineb.com.br\/wp-content\/uploads\/2022\/05\/NA-PANDEMIA-CINEB-SOLAR-NA-JANELA.jpeg\" alt=\"\" data-id=\"15137\" data-link=\"https:\/\/projetocineb.com.br\/?attachment_id=15137\" class=\"wp-image-15137\" srcset=\"https:\/\/projetocineb.com.br\/wp-content\/uploads\/2022\/05\/NA-PANDEMIA-CINEB-SOLAR-NA-JANELA.jpeg 459w, https:\/\/projetocineb.com.br\/wp-content\/uploads\/2022\/05\/NA-PANDEMIA-CINEB-SOLAR-NA-JANELA-300x199.jpeg 300w, https:\/\/projetocineb.com.br\/wp-content\/uploads\/2022\/05\/NA-PANDEMIA-CINEB-SOLAR-NA-JANELA-120x80.jpeg 120w, https:\/\/projetocineb.com.br\/wp-content\/uploads\/2022\/05\/NA-PANDEMIA-CINEB-SOLAR-NA-JANELA-360x240.jpeg 360w\" sizes=\"(max-width: 459px) 100vw, 459px\" \/><\/figure><\/li><li class=\"blocks-gallery-item\"><figure><img loading=\"lazy\" decoding=\"async\" width=\"768\" height=\"512\" src=\"https:\/\/projetocineb.com.br\/wp-content\/uploads\/2022\/05\/NA-PANDEMIA-CINEB-SOLAR-NA-JANELA.jpg\" alt=\"\" data-id=\"15138\" data-link=\"https:\/\/projetocineb.com.br\/?attachment_id=15138\" class=\"wp-image-15138\" srcset=\"https:\/\/projetocineb.com.br\/wp-content\/uploads\/2022\/05\/NA-PANDEMIA-CINEB-SOLAR-NA-JANELA.jpg 768w, https:\/\/projetocineb.com.br\/wp-content\/uploads\/2022\/05\/NA-PANDEMIA-CINEB-SOLAR-NA-JANELA-300x200.jpg 300w, https:\/\/projetocineb.com.br\/wp-content\/uploads\/2022\/05\/NA-PANDEMIA-CINEB-SOLAR-NA-JANELA-120x80.jpg 120w, https:\/\/projetocineb.com.br\/wp-content\/uploads\/2022\/05\/NA-PANDEMIA-CINEB-SOLAR-NA-JANELA-360x240.jpg 360w, https:\/\/projetocineb.com.br\/wp-content\/uploads\/2022\/05\/NA-PANDEMIA-CINEB-SOLAR-NA-JANELA-600x400.jpg 600w\" sizes=\"(max-width: 768px) 100vw, 768px\" \/><\/figure><\/li><li class=\"blocks-gallery-item\"><figure><img loading=\"lazy\" decoding=\"async\" width=\"984\" height=\"521\" src=\"https:\/\/projetocineb.com.br\/wp-content\/uploads\/2022\/05\/NA-PANDEMIA-CINEB-ON-LINE.jpg\" alt=\"\" data-id=\"15139\" data-full-url=\"https:\/\/projetocineb.com.br\/wp-content\/uploads\/2022\/05\/NA-PANDEMIA-CINEB-ON-LINE.jpg\" data-link=\"https:\/\/projetocineb.com.br\/?attachment_id=15139\" class=\"wp-image-15139\" srcset=\"https:\/\/projetocineb.com.br\/wp-content\/uploads\/2022\/05\/NA-PANDEMIA-CINEB-ON-LINE.jpg 984w, https:\/\/projetocineb.com.br\/wp-content\/uploads\/2022\/05\/NA-PANDEMIA-CINEB-ON-LINE-300x159.jpg 300w, https:\/\/projetocineb.com.br\/wp-content\/uploads\/2022\/05\/NA-PANDEMIA-CINEB-ON-LINE-768x407.jpg 768w\" sizes=\"(max-width: 984px) 100vw, 984px\" \/><\/figure><\/li><\/ul><figcaption class=\"blocks-gallery-caption\">Fotos durante a pandemia<\/figcaption><\/figure>\n\n\n\n<p><strong>CineB Solar na imprensa<\/strong><\/p>\n\n\n\n<p>Durante estes 15 anos o CineB Solar foi destaque em muitos jornais de bairros, foi destaque nos programas televis\u00e3o: TV Record, TV Cultura&nbsp;(programa vitrine), TV Alesp, TV C\u00e2mara Municipal de S\u00e3o Paulo, programa momento banc\u00e1rio do sindicato, Programa Zoom da Tv Cultura, Portal R7 e para o&nbsp; \u00fanico programa de Rap da TV aberta brasileira: o Manos e Minas, da TV Cultura de S\u00e3o Paulo, apresentado pelo rapper Max B.O.<\/p>\n\n\n\n<figure class=\"wp-block-embed is-type-video is-provider-youtube wp-block-embed-youtube wp-embed-aspect-16-9 wp-has-aspect-ratio\"><div class=\"wp-block-embed__wrapper\">\n<iframe title=\"Cid\u00e1lio- Coord. CINEB - Entrevistado para programa Manos e Minas , da TV Cultura\" width=\"840\" height=\"473\" src=\"https:\/\/www.youtube.com\/embed\/keL3R2AaoRY?feature=oembed\" frameborder=\"0\" allow=\"accelerometer; autoplay; clipboard-write; encrypted-media; gyroscope; picture-in-picture\" allowfullscreen><\/iframe>\n<\/div><\/figure>\n\n\n\n<figure class=\"wp-block-embed is-type-video is-provider-youtube wp-block-embed-youtube wp-embed-aspect-16-9 wp-has-aspect-ratio\"><div class=\"wp-block-embed__wrapper\">\n<iframe title=\"Iniciativa exibe filmes nacionais usando energia solar\" width=\"840\" height=\"473\" src=\"https:\/\/www.youtube.com\/embed\/iwx72l4E6Ds?feature=oembed\" frameborder=\"0\" allow=\"accelerometer; autoplay; clipboard-write; encrypted-media; gyroscope; picture-in-picture\" allowfullscreen><\/iframe>\n<\/div><\/figure>\n\n\n\n<figure class=\"wp-block-embed is-type-video is-provider-youtube wp-block-embed-youtube wp-embed-aspect-16-9 wp-has-aspect-ratio\"><div class=\"wp-block-embed__wrapper\">\n<iframe title=\"Programa Ressoar - n\u00ba178 - exibido 26\/06\/11 -- Parte 5 - Projeto Cine B\" width=\"840\" height=\"473\" src=\"https:\/\/www.youtube.com\/embed\/E0lcVDEftgw?feature=oembed\" frameborder=\"0\" allow=\"accelerometer; autoplay; clipboard-write; encrypted-media; gyroscope; picture-in-picture\" allowfullscreen><\/iframe>\n<\/div><\/figure>\n\n\n\n<figure class=\"wp-block-embed is-type-video is-provider-youtube wp-block-embed-youtube wp-embed-aspect-16-9 wp-has-aspect-ratio\"><div class=\"wp-block-embed__wrapper\">\n<iframe title=\"Cine B Solar, o cinema itinerante que leva filmes \u00e0 periferia | Cinema\" width=\"840\" height=\"473\" src=\"https:\/\/www.youtube.com\/embed\/YEl63fCKo5M?start=21&#038;feature=oembed\" frameborder=\"0\" allow=\"accelerometer; autoplay; clipboard-write; encrypted-media; gyroscope; picture-in-picture\" allowfullscreen><\/iframe>\n<\/div><\/figure>\n\n\n\n<figure class=\"wp-block-embed is-type-video is-provider-youtube wp-block-embed-youtube wp-embed-aspect-4-3 wp-has-aspect-ratio\"><div class=\"wp-block-embed__wrapper\">\n<iframe title=\"Momento Banc\u00e1rio em Debate - 23\/8\/2011\" width=\"840\" height=\"630\" src=\"https:\/\/www.youtube.com\/embed\/WiRUsQOcBwk?feature=oembed\" frameborder=\"0\" allow=\"accelerometer; autoplay; clipboard-write; encrypted-media; gyroscope; picture-in-picture\" allowfullscreen><\/iframe>\n<\/div><\/figure>\n\n\n\n<figure class=\"wp-block-embed is-type-video is-provider-youtube wp-block-embed-youtube wp-embed-aspect-16-9 wp-has-aspect-ratio\"><div class=\"wp-block-embed__wrapper\">\n<iframe title=\"CineB Solar na Janela no Bom Dia SP\" width=\"840\" height=\"473\" src=\"https:\/\/www.youtube.com\/embed\/0VGg6gMl7fA?feature=oembed\" frameborder=\"0\" allow=\"accelerometer; autoplay; clipboard-write; encrypted-media; gyroscope; picture-in-picture\" allowfullscreen><\/iframe>\n<\/div><\/figure>\n\n\n\n<p><br><strong>Participa\u00e7\u00e3o de diretores e elenco dos filmes em debates nas sess\u00f5es<\/strong><\/p>\n\n\n\n<p>Alguns dos diretores, atores e personalidades que estiveram presentes nas sess\u00f5es :<br><strong>Bruna Lombardi&nbsp;<\/strong>e<strong> Carlos&nbsp; Alberto&nbsp; Riccelli<\/strong>&nbsp; &#8211; filme&nbsp; Signo da cidade;<br><strong>Eduardo Suplicy&nbsp;<\/strong>&#8211;&nbsp; Secret\u00e1rio de Direitos Humanos \u2013Gest\u00e3o Hadadd;<br><strong>Denis Feij\u00e3o&nbsp; Produtor <\/strong>e<strong> Ivan 13P&nbsp; Direto<\/strong>r&nbsp; &#8211; do filme Sabotage;<br><strong>Ed\u00edsio dos Santos, Bruna Oliveira <\/strong>e<strong> Kaique de Jesus<\/strong> (do filme TUDO QUE APRENDEMOS JUNTOS);<br>diretora <strong>ANNA MUYLAERT<\/strong> e ator <strong>Daniel Botelho<\/strong> &#8211; do filme M\u00c3E S\u00d3 H\u00c1 UMA;<br>diretora <strong>Cecilia Engels<\/strong> e atriz <strong>Leticia Tomazella<\/strong>&nbsp;do filme APART HORTA;<br><strong>Tata Amaral<\/strong> diretora e atriz <strong>Paula Preta<\/strong> &#8211; do filme TRAGO COMIGO;<br><strong>David Schurmann<\/strong> &#8211; diretor filme Pequeno Segredo;<br><strong>Luiz Villa\u00e7a<\/strong> diretor \u2013 filme Contador de Hist\u00f3ria;<br><strong>Nan\u00e1 Prudencio<\/strong> &#8211; diretora&nbsp; de Pandemia do Sistema;<br><strong>Breno Silveira<\/strong> diretor &#8211; Dois Filhos de Francisco;<br><strong>Marcelo Galv\u00e3o<\/strong> diretor &#8211; filme Colegas;<br><strong>Caru Alves Souza<\/strong> \u2013 diretora e a atriz <strong>Rita Batat<\/strong>a \u2013 filme De Menor;<br><strong>Elis\u00e2ngela Cordeiro<\/strong> &#8211; diretora filme BIENVENIDOS A BOA VISTA<br><strong>S\u00e9rgio Gag<\/strong> diretor e <strong>Well Darwi<\/strong>n produtor filme FIOS DE ALTA TENS\u00c3O<\/p>\n\n\n\n<p><strong>WAGNER MOURA<\/strong> &#8211; diretor MARIGHELLA &#8211; atores Henrique Vieira, Bella Camero, Humberto Carr\u00e3o e Felipe Braga, al\u00e9m de parte da equipe t\u00e9cnica do longa-metragem.<\/p>\n\n\n\n<figure class=\"is-layout-flex wp-block-gallery-7 wp-block-gallery columns-3 is-cropped\"><ul class=\"blocks-gallery-grid\"><li class=\"blocks-gallery-item\"><figure><img loading=\"lazy\" decoding=\"async\" width=\"831\" height=\"552\" src=\"https:\/\/projetocineb.com.br\/wp-content\/uploads\/2022\/05\/DSC_0140-1.jpg\" alt=\"\" data-id=\"15164\" data-full-url=\"https:\/\/projetocineb.com.br\/wp-content\/uploads\/2022\/05\/DSC_0140-1.jpg\" data-link=\"https:\/\/projetocineb.com.br\/?attachment_id=15164\" class=\"wp-image-15164\" srcset=\"https:\/\/projetocineb.com.br\/wp-content\/uploads\/2022\/05\/DSC_0140-1.jpg 831w, https:\/\/projetocineb.com.br\/wp-content\/uploads\/2022\/05\/DSC_0140-1-300x199.jpg 300w, https:\/\/projetocineb.com.br\/wp-content\/uploads\/2022\/05\/DSC_0140-1-768x510.jpg 768w, https:\/\/projetocineb.com.br\/wp-content\/uploads\/2022\/05\/DSC_0140-1-120x80.jpg 120w, https:\/\/projetocineb.com.br\/wp-content\/uploads\/2022\/05\/DSC_0140-1-360x240.jpg 360w, https:\/\/projetocineb.com.br\/wp-content\/uploads\/2022\/05\/DSC_0140-1-600x400.jpg 600w\" sizes=\"(max-width: 831px) 100vw, 831px\" \/><\/figure><\/li><li class=\"blocks-gallery-item\"><figure><img loading=\"lazy\" decoding=\"async\" width=\"831\" height=\"552\" src=\"https:\/\/projetocineb.com.br\/wp-content\/uploads\/2022\/05\/DSC_0141-1.jpg\" alt=\"\" data-id=\"15165\" data-full-url=\"https:\/\/projetocineb.com.br\/wp-content\/uploads\/2022\/05\/DSC_0141-1.jpg\" data-link=\"https:\/\/projetocineb.com.br\/?attachment_id=15165\" class=\"wp-image-15165\" srcset=\"https:\/\/projetocineb.com.br\/wp-content\/uploads\/2022\/05\/DSC_0141-1.jpg 831w, https:\/\/projetocineb.com.br\/wp-content\/uploads\/2022\/05\/DSC_0141-1-300x199.jpg 300w, https:\/\/projetocineb.com.br\/wp-content\/uploads\/2022\/05\/DSC_0141-1-768x510.jpg 768w, https:\/\/projetocineb.com.br\/wp-content\/uploads\/2022\/05\/DSC_0141-1-120x80.jpg 120w, https:\/\/projetocineb.com.br\/wp-content\/uploads\/2022\/05\/DSC_0141-1-360x240.jpg 360w, https:\/\/projetocineb.com.br\/wp-content\/uploads\/2022\/05\/DSC_0141-1-600x400.jpg 600w\" sizes=\"(max-width: 831px) 100vw, 831px\" \/><\/figure><\/li><li class=\"blocks-gallery-item\"><figure><img loading=\"lazy\" decoding=\"async\" width=\"831\" height=\"552\" src=\"https:\/\/projetocineb.com.br\/wp-content\/uploads\/2022\/05\/DSC_0148-1.jpg\" alt=\"\" data-id=\"15166\" data-full-url=\"https:\/\/projetocineb.com.br\/wp-content\/uploads\/2022\/05\/DSC_0148-1.jpg\" data-link=\"https:\/\/projetocineb.com.br\/?attachment_id=15166\" class=\"wp-image-15166\" srcset=\"https:\/\/projetocineb.com.br\/wp-content\/uploads\/2022\/05\/DSC_0148-1.jpg 831w, https:\/\/projetocineb.com.br\/wp-content\/uploads\/2022\/05\/DSC_0148-1-300x199.jpg 300w, https:\/\/projetocineb.com.br\/wp-content\/uploads\/2022\/05\/DSC_0148-1-768x510.jpg 768w, https:\/\/projetocineb.com.br\/wp-content\/uploads\/2022\/05\/DSC_0148-1-120x80.jpg 120w, https:\/\/projetocineb.com.br\/wp-content\/uploads\/2022\/05\/DSC_0148-1-360x240.jpg 360w, https:\/\/projetocineb.com.br\/wp-content\/uploads\/2022\/05\/DSC_0148-1-600x400.jpg 600w\" sizes=\"(max-width: 831px) 100vw, 831px\" \/><\/figure><\/li><li class=\"blocks-gallery-item\"><figure><img loading=\"lazy\" decoding=\"async\" width=\"831\" height=\"552\" src=\"https:\/\/projetocineb.com.br\/wp-content\/uploads\/2022\/05\/DSC_0205-3.jpg\" alt=\"\" data-id=\"15167\" data-full-url=\"https:\/\/projetocineb.com.br\/wp-content\/uploads\/2022\/05\/DSC_0205-3.jpg\" data-link=\"https:\/\/projetocineb.com.br\/?attachment_id=15167\" class=\"wp-image-15167\" srcset=\"https:\/\/projetocineb.com.br\/wp-content\/uploads\/2022\/05\/DSC_0205-3.jpg 831w, https:\/\/projetocineb.com.br\/wp-content\/uploads\/2022\/05\/DSC_0205-3-300x199.jpg 300w, https:\/\/projetocineb.com.br\/wp-content\/uploads\/2022\/05\/DSC_0205-3-768x510.jpg 768w, https:\/\/projetocineb.com.br\/wp-content\/uploads\/2022\/05\/DSC_0205-3-120x80.jpg 120w, https:\/\/projetocineb.com.br\/wp-content\/uploads\/2022\/05\/DSC_0205-3-360x240.jpg 360w, https:\/\/projetocineb.com.br\/wp-content\/uploads\/2022\/05\/DSC_0205-3-600x400.jpg 600w\" sizes=\"(max-width: 831px) 100vw, 831px\" \/><\/figure><\/li><li class=\"blocks-gallery-item\"><figure><img loading=\"lazy\" decoding=\"async\" width=\"1024\" height=\"680\" src=\"https:\/\/projetocineb.com.br\/wp-content\/uploads\/2022\/05\/DSC_0215-3-1024x680.jpg\" alt=\"\" data-id=\"15168\" data-full-url=\"https:\/\/projetocineb.com.br\/wp-content\/uploads\/2022\/05\/DSC_0215-3-scaled.jpg\" data-link=\"https:\/\/projetocineb.com.br\/?attachment_id=15168\" class=\"wp-image-15168\" srcset=\"https:\/\/projetocineb.com.br\/wp-content\/uploads\/2022\/05\/DSC_0215-3-1024x680.jpg 1024w, https:\/\/projetocineb.com.br\/wp-content\/uploads\/2022\/05\/DSC_0215-3-300x199.jpg 300w, https:\/\/projetocineb.com.br\/wp-content\/uploads\/2022\/05\/DSC_0215-3-768x510.jpg 768w, https:\/\/projetocineb.com.br\/wp-content\/uploads\/2022\/05\/DSC_0215-3-1536x1020.jpg 1536w, https:\/\/projetocineb.com.br\/wp-content\/uploads\/2022\/05\/DSC_0215-3-2048x1360.jpg 2048w, https:\/\/projetocineb.com.br\/wp-content\/uploads\/2022\/05\/DSC_0215-3-120x80.jpg 120w, https:\/\/projetocineb.com.br\/wp-content\/uploads\/2022\/05\/DSC_0215-3-360x240.jpg 360w\" sizes=\"(max-width: 1024px) 100vw, 1024px\" \/><\/figure><\/li><li class=\"blocks-gallery-item\"><figure><img loading=\"lazy\" decoding=\"async\" width=\"831\" height=\"552\" src=\"https:\/\/projetocineb.com.br\/wp-content\/uploads\/2022\/05\/DSC_0218-3.jpg\" alt=\"\" data-id=\"15169\" data-full-url=\"https:\/\/projetocineb.com.br\/wp-content\/uploads\/2022\/05\/DSC_0218-3.jpg\" data-link=\"https:\/\/projetocineb.com.br\/?attachment_id=15169\" class=\"wp-image-15169\" srcset=\"https:\/\/projetocineb.com.br\/wp-content\/uploads\/2022\/05\/DSC_0218-3.jpg 831w, https:\/\/projetocineb.com.br\/wp-content\/uploads\/2022\/05\/DSC_0218-3-300x199.jpg 300w, https:\/\/projetocineb.com.br\/wp-content\/uploads\/2022\/05\/DSC_0218-3-768x510.jpg 768w, https:\/\/projetocineb.com.br\/wp-content\/uploads\/2022\/05\/DSC_0218-3-120x80.jpg 120w, https:\/\/projetocineb.com.br\/wp-content\/uploads\/2022\/05\/DSC_0218-3-360x240.jpg 360w, https:\/\/projetocineb.com.br\/wp-content\/uploads\/2022\/05\/DSC_0218-3-600x400.jpg 600w\" sizes=\"(max-width: 831px) 100vw, 831px\" \/><\/figure><\/li><li class=\"blocks-gallery-item\"><figure><img loading=\"lazy\" decoding=\"async\" width=\"831\" height=\"552\" src=\"https:\/\/projetocineb.com.br\/wp-content\/uploads\/2022\/05\/DSC_0295-3.jpg\" alt=\"\" data-id=\"15170\" data-full-url=\"https:\/\/projetocineb.com.br\/wp-content\/uploads\/2022\/05\/DSC_0295-3.jpg\" data-link=\"https:\/\/projetocineb.com.br\/?attachment_id=15170\" class=\"wp-image-15170\" srcset=\"https:\/\/projetocineb.com.br\/wp-content\/uploads\/2022\/05\/DSC_0295-3.jpg 831w, https:\/\/projetocineb.com.br\/wp-content\/uploads\/2022\/05\/DSC_0295-3-300x199.jpg 300w, https:\/\/projetocineb.com.br\/wp-content\/uploads\/2022\/05\/DSC_0295-3-768x510.jpg 768w, https:\/\/projetocineb.com.br\/wp-content\/uploads\/2022\/05\/DSC_0295-3-120x80.jpg 120w, https:\/\/projetocineb.com.br\/wp-content\/uploads\/2022\/05\/DSC_0295-3-360x240.jpg 360w, https:\/\/projetocineb.com.br\/wp-content\/uploads\/2022\/05\/DSC_0295-3-600x400.jpg 600w\" sizes=\"(max-width: 831px) 100vw, 831px\" \/><\/figure><\/li><li class=\"blocks-gallery-item\"><figure><img loading=\"lazy\" decoding=\"async\" width=\"831\" height=\"552\" src=\"https:\/\/projetocineb.com.br\/wp-content\/uploads\/2022\/05\/DSC_0367-3.jpg\" alt=\"\" data-id=\"15171\" data-full-url=\"https:\/\/projetocineb.com.br\/wp-content\/uploads\/2022\/05\/DSC_0367-3.jpg\" data-link=\"https:\/\/projetocineb.com.br\/?attachment_id=15171\" class=\"wp-image-15171\" srcset=\"https:\/\/projetocineb.com.br\/wp-content\/uploads\/2022\/05\/DSC_0367-3.jpg 831w, https:\/\/projetocineb.com.br\/wp-content\/uploads\/2022\/05\/DSC_0367-3-300x199.jpg 300w, https:\/\/projetocineb.com.br\/wp-content\/uploads\/2022\/05\/DSC_0367-3-768x510.jpg 768w, https:\/\/projetocineb.com.br\/wp-content\/uploads\/2022\/05\/DSC_0367-3-120x80.jpg 120w, https:\/\/projetocineb.com.br\/wp-content\/uploads\/2022\/05\/DSC_0367-3-360x240.jpg 360w, https:\/\/projetocineb.com.br\/wp-content\/uploads\/2022\/05\/DSC_0367-3-600x400.jpg 600w\" sizes=\"(max-width: 831px) 100vw, 831px\" \/><\/figure><\/li><li class=\"blocks-gallery-item\"><figure><img loading=\"lazy\" decoding=\"async\" width=\"1024\" height=\"683\" src=\"https:\/\/projetocineb.com.br\/wp-content\/uploads\/2022\/05\/IMG_8937-1-1024x683.jpg\" alt=\"\" data-id=\"15172\" data-full-url=\"https:\/\/projetocineb.com.br\/wp-content\/uploads\/2022\/05\/IMG_8937-1-scaled.jpg\" data-link=\"https:\/\/projetocineb.com.br\/?attachment_id=15172\" class=\"wp-image-15172\" srcset=\"https:\/\/projetocineb.com.br\/wp-content\/uploads\/2022\/05\/IMG_8937-1-1024x683.jpg 1024w, https:\/\/projetocineb.com.br\/wp-content\/uploads\/2022\/05\/IMG_8937-1-300x200.jpg 300w, https:\/\/projetocineb.com.br\/wp-content\/uploads\/2022\/05\/IMG_8937-1-768x512.jpg 768w, https:\/\/projetocineb.com.br\/wp-content\/uploads\/2022\/05\/IMG_8937-1-1536x1024.jpg 1536w, https:\/\/projetocineb.com.br\/wp-content\/uploads\/2022\/05\/IMG_8937-1-2048x1365.jpg 2048w, https:\/\/projetocineb.com.br\/wp-content\/uploads\/2022\/05\/IMG_8937-1-840x560.jpg 840w, https:\/\/projetocineb.com.br\/wp-content\/uploads\/2022\/05\/IMG_8937-1-120x80.jpg 120w, https:\/\/projetocineb.com.br\/wp-content\/uploads\/2022\/05\/IMG_8937-1-360x240.jpg 360w, https:\/\/projetocineb.com.br\/wp-content\/uploads\/2022\/05\/IMG_8937-1-600x400.jpg 600w\" sizes=\"(max-width: 1024px) 100vw, 1024px\" \/><\/figure><\/li><li class=\"blocks-gallery-item\"><figure><img loading=\"lazy\" decoding=\"async\" width=\"604\" height=\"604\" src=\"https:\/\/projetocineb.com.br\/wp-content\/uploads\/2022\/05\/sessao-MTST-OCUPACAO-CAROLINA-DE-JESUS-2-5.png\" alt=\"\" data-id=\"15173\" data-full-url=\"https:\/\/projetocineb.com.br\/wp-content\/uploads\/2022\/05\/sessao-MTST-OCUPACAO-CAROLINA-DE-JESUS-2-5.png\" data-link=\"https:\/\/projetocineb.com.br\/?attachment_id=15173\" class=\"wp-image-15173\" srcset=\"https:\/\/projetocineb.com.br\/wp-content\/uploads\/2022\/05\/sessao-MTST-OCUPACAO-CAROLINA-DE-JESUS-2-5.png 604w, https:\/\/projetocineb.com.br\/wp-content\/uploads\/2022\/05\/sessao-MTST-OCUPACAO-CAROLINA-DE-JESUS-2-5-300x300.png 300w, https:\/\/projetocineb.com.br\/wp-content\/uploads\/2022\/05\/sessao-MTST-OCUPACAO-CAROLINA-DE-JESUS-2-5-150x150.png 150w\" sizes=\"(max-width: 604px) 100vw, 604px\" \/><\/figure><\/li><\/ul><figcaption class=\"blocks-gallery-caption\">Debates ocorridos ap\u00f3s as sess\u00f5es do CineB<\/figcaption><\/figure>\n\n\n\n<p>Hoje CineB Solar &nbsp;e o Sindicato dos Banc\u00e1rios de S\u00e3o Paulo s\u00e3o de grande refer\u00eancia nas comunidades e entre os principais cineastas do Brasil que aprovam o projeto .<br>&nbsp;<br>CineB Solar \u00e9 um projeto cultural, pol\u00edtico e social<br>&nbsp;<br><strong>Viva o cinema brasileiro! Viva o CineB SOLAR !!<\/strong><\/p>\n","protected":false},"excerpt":{"rendered":"<p>Maio \u00e9 o m\u00eas de anivers\u00e1rio do CineB Solar. Foi no dia 21 de maio de 2007 que lan\u00e7amos o[&#8230;]<\/p>\n","protected":false},"author":4,"featured_media":15117,"comment_status":"open","ping_status":"open","sticky":false,"template":"","format":"standard","meta":[],"categories":[2,6,7],"tags":[154,237,242,252,255,263,266,1095,1132,1133],"_links":{"self":[{"href":"https:\/\/projetocineb.com.br\/index.php?rest_route=\/wp\/v2\/posts\/15115"}],"collection":[{"href":"https:\/\/projetocineb.com.br\/index.php?rest_route=\/wp\/v2\/posts"}],"about":[{"href":"https:\/\/projetocineb.com.br\/index.php?rest_route=\/wp\/v2\/types\/post"}],"author":[{"embeddable":true,"href":"https:\/\/projetocineb.com.br\/index.php?rest_route=\/wp\/v2\/users\/4"}],"replies":[{"embeddable":true,"href":"https:\/\/projetocineb.com.br\/index.php?rest_route=%2Fwp%2Fv2%2Fcomments&post=15115"}],"version-history":[{"count":3,"href":"https:\/\/projetocineb.com.br\/index.php?rest_route=\/wp\/v2\/posts\/15115\/revisions"}],"predecessor-version":[{"id":15181,"href":"https:\/\/projetocineb.com.br\/index.php?rest_route=\/wp\/v2\/posts\/15115\/revisions\/15181"}],"wp:featuredmedia":[{"embeddable":true,"href":"https:\/\/projetocineb.com.br\/index.php?rest_route=\/wp\/v2\/media\/15117"}],"wp:attachment":[{"href":"https:\/\/projetocineb.com.br\/index.php?rest_route=%2Fwp%2Fv2%2Fmedia&parent=15115"}],"wp:term":[{"taxonomy":"category","embeddable":true,"href":"https:\/\/projetocineb.com.br\/index.php?rest_route=%2Fwp%2Fv2%2Fcategories&post=15115"},{"taxonomy":"post_tag","embeddable":true,"href":"https:\/\/projetocineb.com.br\/index.php?rest_route=%2Fwp%2Fv2%2Ftags&post=15115"}],"curies":[{"name":"wp","href":"https:\/\/api.w.org\/{rel}","templated":true}]}}